{"id":34898,"date":"2024-12-01T01:45:45","date_gmt":"2024-11-30T23:45:45","guid":{"rendered":"https:\/\/chiarabevents.com\/"},"modified":"2026-03-08T10:39:31","modified_gmt":"2026-03-08T08:39:31","slug":"kvetinove-dekorace-na-jezere-como-elegantni-palety-a-sezonnost","status":"publish","type":"post","link":"https:\/\/chiarabevents.com\/cs\/kvetinove-dekorace-na-jezere-como-elegantni-palety-a-sezonnost\/","title":{"rendered":"Kv\u011btinov\u00e9 dekorace na jeze\u0159e Como: elegantn\u00ed palety a sez\u00f3nnost"},"content":{"rendered":"<h2>Kv\u011btinov\u00e9 aran\u017em\u00e1 u jezera Como: pro\u010d paleta a sez\u00f3nnost d\u011blaj\u00ed rozd\u00edl<\/h2>\n<p>Pokud jde o <strong>kv\u011btinov\u00e9 aran\u017em\u00e1 u jezera Como<\/strong>, vizu\u00e1ln\u00ed dopad nevznik\u00e1 jen z hojnosti kv\u011btin: vznik\u00e1 z <strong>Profesion\u00e1ln\u00ed p\u0159\u00edstup v\u00e1m pom\u016f\u017ee:<\/strong> mezi m\u00edstem, sv\u011btlem, architekturou a ro\u010dn\u00edm obdob\u00edm. Jezero Como m\u00e1 jasnou osobnost: historick\u00e9 vily, botanick\u00e9 zahrady, v\u00fdhledy na vodu, k\u00e1men a kovan\u00e9 \u017eelezo, panoramatick\u00e9 terasy a v\u00fdznamn\u00e9 interi\u00e9ry. V tomto kontextu umo\u017e\u0148uje promy\u0161len\u00fd v\u00fdb\u011br <strong>paleta barev<\/strong> a sez\u00f3nn\u00ed odr\u016fdy dos\u00e1hnout elegantn\u00edho, v\u011brohodn\u00e9ho a \u201ena m\u00edru\u201c v\u00fdsledku, vyh\u00fdbaj\u00edc\u00edho se um\u011bl\u00e9mu nebo nevhodn\u00e9mu dojmu.<\/p>\n<p>Mnoho p\u00e1r\u016f, kter\u00e9 zde organizuj\u00ed svatbu, hled\u00e1 estetiku <strong>luxusn\u00ed, ale ne p\u0159ehnanou<\/strong>, intimn\u00ed, ale efektn\u00ed, typickou pro destinace svateb. Tyto <strong>fiori wedding<\/strong> se tak st\u00e1vaj\u00ed jazykem: vypr\u00e1v\u011bj\u00ed po\u017eadovanou atmosf\u00e9ru (klasickou, sou\u010dasnou, romantickou, botanickou), \u0159\u00edd\u00ed vn\u00edm\u00e1n\u00ed prostor a prov\u00e1zej\u00ed hosty b\u011bhem dne.<\/p>\n<p>Pro ty, kdo cht\u011bj\u00ed l\u00e9pe poznat \u00fazem\u00ed a jeho charakteristiky, m\u016f\u017ee b\u00fdt u\u017eite\u010dn\u00fd tento odkaz: <a href=\"https:\/\/it.wikipedia.org\/wiki\/Lago_di_Como\" target=\"_blank\" rel=\"noopener noreferrer nofollow\">Prohlouben\u00ed: Jezero Como (Wikipedia)<\/a>.<\/p>\n<h3>C\u00edl a styl: luxusn\u00ed, intimn\u00ed, destination (bez ztr\u00e1ty p\u0159irozenosti)<\/h3>\n<p>Efektivn\u00ed kv\u011btinov\u00fd projekt u jezera Como vych\u00e1z\u00ed ze t\u0159\u00ed praktick\u00fdch ot\u00e1zek:<\/p>\n<ul>\n<li><strong>Jak\u00e1 je n\u00e1lada?<\/strong> (klasick\u00e1, zahradn\u00ed, minimalistick\u00e1, st\u0159edomo\u0159sk\u00e1, editori\u00e1ln\u00ed)<\/li>\n<li><strong>Kter\u00e9 prostory je t\u0159eba zv\u00fdraznit?<\/strong> (ob\u0159ad, aperitiv, ve\u010de\u0159e, p\u00e1rty, vstupy, schodi\u0161t\u011b, molo)<\/li>\n<li><strong>Jak\u00e1 je barevn\u00e1 paleta<\/strong> kter\u00e1 komunikuje s m\u00edstem a sv\u011btlem?<\/li>\n<\/ul>\n<p>Paleta nen\u00ed jen \u201ev\u00fdb\u011br barev\u201c: je to re\u017eie. U jezera Como se sv\u011btlo rychle m\u011bn\u00ed mezi r\u00e1nem, zlatou hodinou a ve\u010derem; nav\u00edc mnoho m\u00edst st\u0159\u00edd\u00e1 zelen\u00e9 exteri\u00e9ry a interi\u00e9ry s freskami, d\u0159ev\u011bn\u00fdmi obklady nebo lustry. Elegantn\u00ed paleta bere v \u00favahu tyto kontrasty a harmonizuje je.<\/p>\n<h3>Co o\u010dek\u00e1vat z hlediska \u010dasu a logistiky<\/h3>\n<p>Kv\u011btinov\u00e9 aran\u017em\u00e1 v oblasti jezera vy\u017eaduj\u00ed pe\u010dliv\u00e9 pl\u00e1nov\u00e1n\u00ed, proto\u017ee \u010dasto zahrnuj\u00ed:<\/p>\n<ul>\n<li><strong>Omezen\u00e9 p\u0159\u00edstupy<\/strong> (\u00fazk\u00e9 aleje, schodi\u0161t\u011b, mola, p\u011b\u0161\u00ed z\u00f3ny uvnit\u0159 vily)<\/li>\n<li><strong>Mont\u00e1\u017en\u00ed okna<\/strong> v\u00e1zan\u00e1 na otev\u00edrac\u00ed dobu m\u00edsta a pl\u00e1novan\u00e9 akce<\/li>\n<li><strong>Doprava<\/strong> mezi r\u016fzn\u00fdmi m\u00edsty (ob\u0159ad a recepce se nemus\u00ed shodovat)<\/li>\n<li><strong>Protiprobl\u00e9my proti horku\/v\u011btru<\/strong> pro udr\u017een\u00ed dokonal\u00fdch svatebn\u00edch kv\u011btin po cel\u00fd den<\/li>\n<\/ul>\n<p>Nejlep\u0161\u00ed v\u00fdsledek vznik\u00e1, kdy\u017e jsou palety, objemy a materi\u00e1ly (v\u00e1zy, sv\u00edcny, konstrukce, textilie) promy\u0161leny spole\u010dn\u011b s jasn\u00fdm opera\u010dn\u00edm pl\u00e1nem. Pokud pr\u00e1v\u011b definujete celkov\u00fd koncept sv\u00e9 akce, m\u016f\u017ee v\u00e1m b\u00fdt u\u017eite\u010dn\u00e9 p\u0159e\u010d\u00edst si <a href=\"https:\/\/chiarabevents.com\/cs\/chiarab-events-vas-pruvodce-svatbou-u-jezera-como\/\">Svatba na jeze\u0159e Como: pr\u016fvodce<\/a> pro orientaci mezi volbami stylu a organizace.<\/p>\n<h2>Elegantn\u00ed barevn\u00e9 palety na jeze\u0159e Como: jak vyb\u00edrat podle sv\u011btla a m\u00edsta kon\u00e1n\u00ed<\/h2>\n<p>La <strong>paleta barev<\/strong> ide\u00e1ln\u00ed pro jezero Como nen\u00ed pevn\u00e9 pravidlo: je to rovnov\u00e1ha mezi p\u0159\u00edrodou, architekturou a ro\u010dn\u00edm obdob\u00edm. Dobrou metodou je vych\u00e1zet z toho, co je \u201eu\u017e p\u0159\u00edtomn\u00e9\u201c (zelen\u00e1 zahrady, k\u00e1men, odst\u00edny interi\u00e9r\u016f, barva vody) a rozhodnout se, zda <strong>podporovat<\/strong> o <strong>kontrastovat<\/strong> s eleganc\u00ed.<\/p>\n<h3>Klasick\u00e9 a nad\u010dasov\u00e9 palety (ivory, kr\u00e9mov\u00e1, \u0161alv\u011bjov\u00e1 zelen\u00e1)<\/h3>\n<p>Je to nejobl\u00edben\u011bj\u0161\u00ed volba, kdy\u017e chcete dos\u00e1hnout rafinovan\u00e9ho a fotografick\u00e9ho v\u00fdsledku za jak\u00fdchkoli sv\u011bteln\u00fdch podm\u00ednek. Funguje skv\u011ble s historick\u00fdmi vilami, panoramatick\u00fdmi terasami a sv\u011btl\u00fdmi stolov\u00e1n\u00edmi. Kone\u010dn\u00fd efekt m\u016f\u017ee b\u00fdt:<\/p>\n<ul>\n<li><strong>romantick\u00fd<\/strong> (m\u011bkk\u00e9 tvary, vzdu\u0161n\u00e9 kompozice)<\/li>\n<li><strong>garden-chic<\/strong> (p\u0159\u00edrodn\u00ed zelen\u011b, botanick\u00e9 textury)<\/li>\n<li><strong>editorial<\/strong> (\u010dist\u00e9 linie, m\u00e1lo barev, ale velk\u00fd objem)<\/li>\n<\/ul>\n<p>V t\u00e9to palet\u011b je pozornost v\u011bnov\u00e1na textur\u00e1m: r\u016fzn\u00e9 listy, kv\u011btiny s vrstven\u00fdmi okv\u011btn\u00edmi l\u00edstky, jemn\u00e9 detaily. Pr\u00e1v\u011b zde se <strong>fiori wedding<\/strong> st\u00e1vaj\u00ed \u201ehmotou\u201c a ne jen jednoduchou dekorac\u00ed.<\/p>\n<h3>Sofistikovan\u00e9 palety s hlubok\u00fdmi akcenty (burgundsk\u00e1, \u0161vestkov\u00e1, bronzov\u00e1)<\/h3>\n<p>Ide\u00e1ln\u00ed pro pozdn\u00ed l\u00e9to a podzim nebo pro ve\u010dern\u00ed akce, kde chcete intenzivn\u011bj\u0161\u00ed atmosf\u00e9ru. Na jeze\u0159e Como tmav\u00e9 akcenty funguj\u00ed obzvl\u00e1\u0161\u0165 dob\u0159e, pokud jsou vyv\u00e1\u017eeny tepl\u00fdmi neutr\u00e1ly a p\u0159\u00edrodn\u00ed zelen\u00ed, aby se zabr\u00e1nilo p\u0159\u00edli\u0161 divadeln\u00edmu efektu. Praktick\u00e1 rada: zajistit sv\u011bteln\u00e9 body (sv\u00ed\u010dky, lucerny, akcentn\u00ed osv\u011btlen\u00ed) pro zv\u00fdrazn\u011bn\u00ed hlubok\u00fdch t\u00f3n\u016f.<\/p>\n<h3>Sou\u010dasn\u00e9 palety (optick\u00e1 b\u00edl\u00e1, tmav\u011b zelen\u00e1, \u010dern\u00e9 akcenty)<\/h3>\n<p>Perfektn\u00ed pro m\u00edsta s modern\u00edm vkusem nebo pro p\u00e1ry, kter\u00e9 maj\u00ed r\u00e1dy minimalistickou estetiku. V tomto p\u0159\u00edpad\u011b mohou <strong>kv\u011btinov\u00e9 aran\u017em\u00e1 u jezera Como<\/strong> s\u00e1zet na architektonick\u00e9 tvary, opakov\u00e1n\u00ed a line\u00e1rn\u00ed instalace. Riziko, kter\u00e9mu je t\u0159eba se vyhnout, je tuhost: elegantn\u011bj\u0161\u00ed v\u00fdsledek dos\u00e1hnete za\u0159azen\u00edm ur\u010dit\u00e9ho pohybu (v\u011btve, z\u00e1v\u011bsn\u00e9 prvky, kontrolovan\u00e1 asymetrie).<\/p>\n<h3>Palety \u201ez\u00e1pad slunce\u201c a st\u0159edomo\u0159sk\u00e9 (broskev, meru\u0148ka, terakota)<\/h3>\n<p>Velmi vhodn\u00e9 pro letn\u00ed svatby, zejm\u00e9na pokud se ob\u0159ad nebo aperitiv kon\u00e1 na terase s v\u00fdhledem. Tyto odst\u00edny komunikuj\u00ed se zlatou hodinou a tepl\u00fdm kamenem n\u011bkter\u00fdch architektur. Pro zachov\u00e1n\u00ed elegance je vhodn\u00e9 omezit po\u010det barev a pracovat s odst\u00edny ze stejn\u00e9 rodiny.<\/p>\n<h2>Sez\u00f3nnost svatebn\u00edch kv\u011btin na jeze\u0159e Como: co se opravdu m\u011bn\u00ed<\/h2>\n<p>Sez\u00f3nnost nen\u00ed jen ot\u00e1zkou \u201ebotanickou\u201c: ovliv\u0148uje <strong>estetick\u00fd v\u00fdsledek<\/strong>, dostupnost, \u010derstvost a soulad s prost\u0159ed\u00edm. Na jeze\u0159e Como, kde se \u010dasto st\u0159\u00eddaj\u00ed chv\u00edle venku a uvnit\u0159, pom\u00e1h\u00e1 v\u00fdb\u011br odr\u016fd vhodn\u00fdch pro ro\u010dn\u00ed obdob\u00ed udr\u017eet v\u00fdzdobu kr\u00e1snou a v\u011brohodnou od za\u010d\u00e1tku do konce.<\/p>\n<h3>Jaro: lehkost, v\u016fn\u011b, jemn\u00e9 barvy<\/h3>\n<p>Jaro je ide\u00e1ln\u00ed pro romantick\u00e9 a sv\u011btl\u00e9 palety. Nejlep\u0161\u00ed efekt se dosahuje vzdu\u0161n\u00fdmi kompozicemi, sv\u011b\u017e\u00ed zelen\u00ed a kv\u011btinami s \u201em\u011bkk\u00fdm\u201c vzhledem. Pokud chcete p\u0159irozen\u00fd vzhled, zva\u017ete tak\u00e9 prvky p\u0159ipom\u00ednaj\u00edc\u00ed zahradu m\u00edsta (v\u011btve, listy, drobn\u00e9 kv\u011bty jako v\u00fdpl\u0148) pro harmonick\u00fd v\u00fdsledek.<\/p>\n<h3>L\u00e9to: v\u00fdrazn\u00e9 objemy a pozornost k teplu a v\u011btru<\/h3>\n<p>V l\u00e9t\u011b jezero Como nab\u00edz\u00ed \u00fachvatn\u00e9 scen\u00e9rie, ale vy\u017eaduje ur\u010ditou opatrnost: vystaven\u00ed slunci, v\u00e1nek na molu, del\u0161\u00ed \u010das mezi ob\u0159adem a ve\u010de\u0159\u00ed. Letn\u00ed kv\u011btinov\u00fd projekt funguje, kdy\u017e zahrnuje:<\/p>\n<ul>\n<li><strong>odoln\u011bj\u0161\u00ed kv\u011btiny<\/strong> a dob\u0159e hydratovan\u00e9<\/li>\n<li><strong>stabiln\u00ed instalace<\/strong> (zejm\u00e9na na teras\u00e1ch a v\u011btrn\u00fdch m\u00edstech)<\/li>\n<li><strong>paleta barev<\/strong> kter\u00e9 \u201enevyblednou\u201c na p\u0159\u00edm\u00e9m sv\u011btle<\/li>\n<\/ul>\n<p>Pokud zva\u017eujete konkr\u00e9tn\u00ed odr\u016fdy, ov\u011b\u0159te si v produktov\u00e9m listu nebo u sv\u00e9ho kv\u011btinov\u00e9ho design\u00e9ra jejich odolnost v re\u00e1ln\u00fdch podm\u00ednk\u00e1ch m\u00edsta.<\/p>\n<h3>Podzim: textura, hloubka, atmosf\u00e9ra<\/h3>\n<p>Podzim je sez\u00f3na sofistikovan\u00fdch palet: tepl\u00e9 neutr\u00e1ly, intenzivn\u00ed zelen\u00e9, m\u011bd\u011bn\u00e9 nebo \u0161vestkov\u00e9 akcenty. Je to tak\u00e9 ide\u00e1ln\u00ed \u010das pracovat s materi\u00e1ly a texturami (bobule, v\u011btve, botanick\u00e9 prvky), kter\u00e9 d\u011blaj\u00ed kv\u011btinov\u00e9 aran\u017em\u00e1 na jeze\u0159e Como v\u00edce \u201ehmotn\u00e9\u201c a sc\u00e9nick\u00e9, zejm\u00e9na v historick\u00fdch s\u00e1lech a verand\u00e1ch.<\/p>\n<h3>Zima: elegantn\u00ed minimalismus a sc\u00e9nick\u00e9 detaily<\/h3>\n<p>V zim\u011b se \u010dasto preferuj\u00ed akce uvnit\u0159 nebo s kr\u00e1tk\u00fdmi venkovn\u00edmi momenty. Kv\u011btinov\u00fd projekt m\u016f\u017ee b\u00fdt jednodu\u0161\u0161\u00ed, ale velmi pe\u010dliv\u00fd: m\u00e1lo barev, v\u00fdrazn\u00e9 kontrasty, \u00fast\u0159edn\u00ed kompozice a inteligentn\u00ed vyu\u017eit\u00ed sv\u011btla. V tomto obdob\u00ed je t\u0159eba pe\u010dliv\u011b vyb\u00edrat svatebn\u00ed kv\u011btiny, aby nevznikl p\u0159\u00edli\u0161 \u201echladn\u00fd\u201c vzhled: celkov\u00fd dojem lze zah\u0159\u00e1t hlubokou zelen\u00ed, obklopuj\u00edc\u00edmi neutr\u00e1ly a dekorativn\u00edmi detaily v souladu s m\u00edstem.<\/p>\n<h2>Pl\u00e1nov\u00e1n\u00ed krok za krokem: od kv\u011btinov\u00e9ho konceptu po realizaci na jeze\u0159e Como<\/h2>\n<p>P\u016fsobivou kv\u011btinovou v\u00fdzdobu nelze improvizovat. Kreativn\u00ed f\u00e1ze (paleta, moodboard, objemy) mus\u00ed prob\u00edhat sou\u010dasn\u011b s technickou f\u00e1z\u00ed (\u010das mont\u00e1\u017ee, p\u0159\u00edstupy, z\u00e1lo\u017en\u00ed pl\u00e1n). N\u00ed\u017ee praktick\u00fd n\u00e1vod, ur\u010den\u00fd pro svatbu na jeze\u0159e Como s v\u00edce momenty a prostory.<\/p>\n<h3>Realistick\u00fd \u010dasov\u00fd pl\u00e1n: od 12 do 2 m\u011bs\u00edc\u016f p\u0159edem<\/h3>\n<ul>\n<li><strong>12\u201310 m\u011bs\u00edc\u016f<\/strong>1: definice stylu, v\u00fdb\u011br m\u00edsta, prvn\u00ed n\u00e1pady na barevnou paletu a celkovou atmosf\u00e9ru.<\/li>\n<li><strong>9\u20137 m\u011bs\u00edc\u016f<\/strong>2: obhl\u00eddka m\u00edsta (nebo podrobn\u00fd hovor) pro ur\u010den\u00ed hlavn\u00edch bod\u016f: olt\u00e1\u0159\/ob\u0159ad, st\u016fl novoman\u017eel\u016f, vchody, schody, terasy.<\/li>\n<li><strong>6\u20134 m\u011bs\u00edce<\/strong>3: p\u0159esn\u011bj\u0161\u00ed kv\u011btinov\u00fd projekt: objemy, v\u00fd\u0161ky, podp\u016frn\u00e9 materi\u00e1ly, soulad s mise en place.<\/li>\n<li><strong>3 m\u011bs\u00edce<\/strong>4: revize podle \u010das\u016f, kone\u010dn\u00fdch prostor a po\u010dtu host\u016f; slad\u011bn\u00ed s cateringem a osv\u011btlen\u00edm.<\/li>\n<li><strong>2 m\u011bs\u00edce<\/strong>5: potvrzen\u00ed logistiky (p\u0159\u00edstupy, \u010dasy nakl\u00e1dky\/vykl\u00e1dky, p\u0159\u00edpravn\u00e9 prostory), z\u00e1lo\u017en\u00ed pl\u00e1n po\u010das\u00ed, harmonogram mont\u00e1\u017ee.<\/li>\n<\/ul>\n<p>Pro udr\u017een\u00ed v\u0161eho pod kontrolou bez ztr\u00e1ty detail\u016f m\u016f\u017ee pomoci organizovan\u00fd seznam aktivit: <a href=\"https:\/\/chiarabevents.com\/cs\/organizovat-svatbu\/\">Organizace svatby: checklist<\/a>.<\/p>\n<h3>Kontroln\u00ed seznam z\u00e1kladn\u00edch dodavatel\u016f (pro slad\u011bn\u00ed kv\u011btin s ostatn\u00edmi prvky)<\/h3>\n<p>Na str\u00e1nk\u00e1ch <strong>kv\u011btinov\u00e9 aran\u017em\u00e1 u jezera Como<\/strong> funguj\u00ed nejl\u00e9pe, kdy\u017e jsou koordinov\u00e1ni s t\u011bmi, kdo \u0159\u00edd\u00ed ostatn\u00ed sc\u00e9nick\u00e9 prvky. Zejm\u00e9na:<\/p>\n<ul>\n<li><strong>catering a mise en place<\/strong> (barvy textili\u00ed, tal\u00ed\u0159e, podtal\u00ed\u0159e, sezen\u00ed)<\/li>\n<li><strong>osv\u011btlen\u00ed<\/strong> (teplota sv\u011btla, akcentn\u00ed body, sv\u00ed\u010dky)<\/li>\n<li><strong>foto a video<\/strong> (hlavn\u00ed \u00fahly, pozad\u00ed, \u010dasy expozice)<\/li>\n<li><strong>hudba a z\u00e1bava<\/strong> (um\u00edst\u011bn\u00ed, kter\u00e1 nebr\u00e1n\u00ed v\u00fdkon\u016fm a pr\u016fchod\u016fm)<\/li>\n<\/ul>\n<p>Kdy\u017e v\u0161ichni pracuj\u00ed na stejn\u00e9m konceptu, barevn\u00e1 paleta se st\u00e1v\u00e1 \u010dervenou nit\u00ed: host\u00e9 vn\u00edmaj\u00ed konzistentn\u00ed z\u00e1\u017eitek, ne sou\u010det prvk\u016f.<\/p>\n<h3>Spr\u00e1va host\u016f a p\u0159esuny: dopad na v\u00fdzdobu<\/h3>\n<p>Mnoho akc\u00ed u jezera Como zahrnuje p\u0159esuny (lo\u010f, kyvadlov\u00e1 doprava, auta). To ovliv\u0148uje i svatebn\u00ed kv\u011btiny: nap\u0159\u00edklad ob\u0159adn\u00ed oblouk m\u016f\u017ee b\u00fdt pot\u0159eba p\u0159em\u00edstit, nebo n\u011bkter\u00e9 kompozice mohou b\u00fdt navr\u017eeny tak, aby \u201emigrovaly\u201c z ob\u0159adu na aperitiv. Pl\u00e1nov\u00e1n\u00ed t\u011bchto p\u0159esun\u016f dop\u0159edu umo\u017e\u0148uje udr\u017eet vysokou vizu\u00e1ln\u00ed kvalitu po cel\u00fd den.<\/p>\n<h2>Priority a chytr\u00e1 rozhodnut\u00ed: kam investovat pro elegantn\u00ed sc\u00e9nick\u00fd efekt<\/h2>\n<p>Mluvit o priorit\u00e1ch neznamen\u00e1 \u201eomezovat\u201c: znamen\u00e1 <strong>soust\u0159edit dopad<\/strong> na m\u00edsta, kter\u00e1 opravdu z\u00e1le\u017e\u00ed. U jezera Como, kde je sc\u00e9n\u00e9rie u\u017e sama o sob\u011b siln\u00e1, \u010dasto v\u00edt\u011bz\u00ed strategie zalo\u017een\u00e1 na n\u011bkolika d\u016fle\u017eit\u00fdch gestech a pe\u010dliv\u00fdch detailech.<\/p>\n<h3>Oblasti, kter\u00e9 skute\u010dn\u011b m\u011bn\u00ed vn\u00edm\u00e1n\u00ed akce<\/h3>\n<ul>\n<li><strong>Ceremonie<\/strong>: je to nejfotografovan\u011bj\u0161\u00ed a symbolick\u00fd moment; zde mus\u00ed b\u00fdt barevn\u00e1 paleta velmi jasn\u00e1.<\/li>\n<li><strong>Vstup a uv\u00edt\u00e1n\u00ed<\/strong>Prvn\u00ed dojem; i jeden c\u00edlen\u00fd prvek m\u016f\u017ee \u201eprohl\u00e1sit\u201c styl.<\/li>\n<li><strong>St\u016fl novoman\u017eel\u016f nebo hlavn\u00ed bod<\/strong>: \u0159\u00edd\u00edc\u00ed bod, kter\u00fd vede celou m\u00edstnost.<\/li>\n<li><strong>Koherentn\u00ed st\u0159edov\u00e9 dekorace<\/strong>: nemus\u00ed b\u00fdt velk\u00e9, ale harmonick\u00e9 s v\u00fd\u0161kami a proporcemi.<\/li>\n<\/ul>\n<h3>Kde sez\u00f3nnost pom\u00e1h\u00e1 dos\u00e1hnout p\u0159irozen\u011bj\u0161\u00edho vzhledu<\/h3>\n<p>V\u00fdb\u011br svatebn\u00edch kv\u011btin v sez\u00f3n\u011b usnad\u0148uje autentickou estetiku: barvy jsou v\u011brohodn\u011bj\u0161\u00ed, tvary \u010derstv\u011bj\u0161\u00ed, celek v\u00edce \u201ezahradn\u00ed\u201c a m\u00e9n\u011b \u201eum\u011bl\u00fd\u201c. I zelen\u00e9 prvky d\u011blaj\u00ed rozd\u00edl: \u010dasto jsou to pr\u00e1v\u011b ony, kdo d\u011blaj\u00ed paletu elegantn\u00ed a ne plo\u0161nou.<\/p>\n<h3>B\u011b\u017en\u00e9 chyby, kter\u00e9 komplikuj\u00ed projekt (a jak se jim vyhnout)<\/h3>\n<ul>\n<li><strong>P\u0159\u00edli\u0161 \u0161irok\u00e1 paleta<\/strong>: p\u0159\u00edli\u0161 mnoho barev vytv\u00e1\u0159\u00ed zmatek, zejm\u00e9na v prostor\u00e1ch ji\u017e bohat\u00fdch na detaily.<\/li>\n<li><strong>Ignorovat sv\u011btlo<\/strong>: pudrov\u011b r\u016f\u017eov\u00e1 m\u016f\u017ee vypadat \u00fapln\u011b jinak na p\u0159\u00edm\u00e9m slunci a v m\u00edstnosti s tepl\u00fdm osv\u011btlen\u00edm.<\/li>\n<li><strong>Nevyv\u00e1\u017een\u00e9 v\u00fd\u0161ky<\/strong>: p\u0159\u00edli\u0161 vysok\u00e9 nebo p\u0159\u00edli\u0161 n\u00edzk\u00e9 st\u0159edov\u00e9 dekorace mohou ru\u0161it konverzaci nebo \u201emizet\u201c v m\u00edstnosti.<\/li>\n<li><strong>Nep\u0159edv\u00eddat v\u00edtr<\/strong>: na teras\u00e1ch a molech jsou pot\u0159eba stabiln\u00ed a dob\u0159e upevn\u011bn\u00e1 \u0159e\u0161en\u00ed.<\/li>\n<\/ul>\n<h2>Pl\u00e1n B po\u010das\u00ed na jeze\u0159e Como: jak chr\u00e1nit kv\u011btinov\u00e9 dekorace a atmosf\u00e9ru<\/h2>\n<p>Po\u010das\u00ed je sou\u010d\u00e1st\u00ed hry, zejm\u00e9na na ja\u0159e a na podzim. Dobr\u00fd pl\u00e1n B nen\u00ed \u201evzd\u00e1n\u00ed se\u201c: je to druh\u00fd sc\u00e9n\u00e1\u0159 navr\u017een\u00fd s stejnou p\u00e9\u010d\u00ed, aby barevn\u00e1 paleta a svatebn\u00ed kv\u011btiny z\u016fstaly konzistentn\u00ed i p\u0159i zm\u011bn\u011b prostoru.<\/p>\n<h3>Alternativn\u00ed \u0159e\u0161en\u00ed bez ztr\u00e1ty sc\u00e9nografie<\/h3>\n<ul>\n<li><strong>Ob\u0159ad uvnit\u0159<\/strong> s kv\u011btinov\u00fdm st\u0159edov\u00fdm bodem na st\u011bn\u011b, krbu nebo schodi\u0161ti<\/li>\n<li><strong>P\u0159\u00edst\u0159e\u0161ky a verandy<\/strong> zv\u00fdrazn\u011bn\u00e9 zelen\u00ed a sv\u011bteln\u00fdmi body<\/li>\n<li><strong>Modul\u00e1rn\u00ed kompozice<\/strong> kter\u00e9 se rychle p\u0159esouvaj\u00ed (z venku dovnit\u0159)<\/li>\n<\/ul>\n<p>Pokud m\u00edsto nab\u00edz\u00ed v\u00edce mo\u017enost\u00ed (s\u00e1ly, podloub\u00ed, sklen\u00edky), stoj\u00ed za to p\u0159edem ur\u010dit, kter\u00e9 oblasti se stanou hlavn\u00edmi v p\u0159\u00edpad\u011b de\u0161t\u011b.<\/p>\n<h3>Omezen\u00ed m\u00edsta a praktick\u00e9 detaily<\/h3>\n<p>Ka\u017ed\u00e1 vila nebo za\u0159\u00edzen\u00ed m\u00e1 odli\u0161n\u00e1 pravidla: p\u0159\u00edstupy, \u010dasy, povolen\u00e9 oblasti, ochrany podlah a n\u00e1bytku. Aby se p\u0159ede\u0161lo p\u0159ekvapen\u00edm, je u\u017eite\u010dn\u00e9 ov\u011b\u0159it s m\u00edstem, co je povoleno a co ne, a navrhnout kv\u011btinov\u00e9 dekorace na jeze\u0159e Como tak, aby byly kompatibiln\u00ed s re\u00e1ln\u00fdmi prostory.<\/p>\n<h3>Dohody a potvrzen\u00ed: jasnost p\u0159ed dnem ud\u00e1losti<\/h3>\n<p>P\u0159i koordinaci mezi dodavateli je jasnost z\u00e1sadn\u00ed: co se montuje, kde, kdy a co se stane, pokud se p\u0159ejde na pl\u00e1n B. Pro smluvn\u00ed a provozn\u00ed detaily se odkazuj na dokumenty sd\u00edlen\u00e9 dodavateli a v p\u0159\u00edpad\u011b pot\u0159eby po\u017e\u00e1dej o p\u00edsemn\u00e9 shrnut\u00ed pl\u00e1novan\u00fdch mo\u017enost\u00ed.<\/p>\n<h2>Z\u00e1\u017eitek host\u016f: jak kv\u011btiny vedou cestu (bez zat\u00ed\u017een\u00ed)<\/h2>\n<p>Svatba na jeze\u0159e Como je \u010dasto pohlcuj\u00edc\u00edm z\u00e1\u017eitkem: p\u0159\u00edjezd, v\u00fdhled na jezero, p\u0159iv\u00edt\u00e1n\u00ed, momenty objevov\u00e1n\u00ed. Kv\u011btinov\u00e9 dekorace se mohou st\u00e1t \u201eemocion\u00e1ln\u00ed mapou\u201c, kter\u00e1 prov\u00e1z\u00ed hosty, zna\u010d\u00ed p\u0159echody a vytv\u00e1\u0159\u00ed rytmus.<\/p>\n<h3>Moment p\u0159iv\u00edt\u00e1n\u00ed, aktivity a pohostinnost: mal\u00e9 gesta s velk\u00fdm dopadem<\/h3>\n<p>Nen\u00ed t\u0159eba zaplnit ka\u017ed\u00fd kout: sta\u010d\u00ed vybrat strategick\u00e1 m\u00edsta. N\u011bkolik n\u00e1pad\u016f v souladu s elegantn\u00edm p\u0159\u00edstupem:<\/p>\n<ul>\n<li><strong>uv\u00edtac\u00ed koutek<\/strong> s kompozic\u00ed slad\u011bnou s barevnou paletou<\/li>\n<li><strong>dopravn\u00ed zna\u010den\u00ed<\/strong> integrovan\u00fd s botanick\u00fdmi prvky (bez zakr\u00fdv\u00e1n\u00ed informac\u00ed)<\/li>\n<li><strong>tableau a oblast d\u00e1rk\u016f<\/strong> zv\u00fdrazn\u011bn\u00e9 zelen\u00ed a lehk\u00fdmi texturami<\/li>\n<\/ul>\n<p>Tajemstv\u00ed je udr\u017eet kontinuitu: host\u00e9 mus\u00ed v ka\u017ed\u00e9m okam\u017eiku rozpoznat stejn\u00fd kv\u011btinov\u00fd jazyk.<\/p>\n<h3>Doprava, kyvadlov\u00e9 autobusy, parkov\u00e1n\u00ed: d\u016fle\u017eitost jasn\u00fdch pokyn\u016f<\/h3>\n<p>Kdy\u017e doch\u00e1z\u00ed k p\u0159esun\u016fm, organiza\u010dn\u00ed jasnost zlep\u0161uje z\u00e1\u017eitek stejn\u011b jako estetika. Dob\u0159e zna\u010den\u00e1 cesta sni\u017euje stres a zpo\u017ed\u011bn\u00ed a umo\u017e\u0148uje dodr\u017eet \u010dasov\u00fd harmonogram ob\u0159adu a p\u0159\u00edprav. I zde m\u016f\u017ee kv\u011btinov\u00fd dotek pomoci rozpoznat sb\u011brn\u00e1 m\u00edsta (ani\u017e by se z nich staly nepohodln\u00e9 sc\u00e9ny).<\/p>\n<h3>Svatebn\u00ed web a komunikace: vizu\u00e1ln\u00ed konzistence od prvn\u00ed informace<\/h3>\n<p>Pokud pou\u017e\u00edv\u00e1te svatebn\u00ed web nebo digit\u00e1ln\u00ed pozv\u00e1nky, zopakov\u00e1n\u00ed <strong>paleta barev<\/strong> a n\u011bkter\u00fdch botanick\u00fdch prvk\u016f kv\u011btinov\u00e9ho projektu vytv\u00e1\u0159\u00ed okam\u017eitou spojitost. Je to detail, kter\u00fd \u010din\u00ed ud\u00e1lost \u201epe\u010dliv\u011bj\u0161\u00ed\u201c je\u0161t\u011b p\u0159ed p\u0159\u00edjezdem k jezeru Como.<\/p>\n<p><!--W4Y_BF_SUGGESTED_PRODUCTS--><\/p>\n<h2>Jak koordinovat kv\u011btinov\u00e9 dekorace a stolov\u00e1n\u00ed: proporce, v\u00fd\u0161ky, materi\u00e1ly<\/h2>\n<p>\u010castou chybou je myslet na kv\u011btiny odd\u011blen\u011b od zbytku. Ve skute\u010dnosti jsou <strong>kv\u011btinov\u00e9 aran\u017em\u00e1 u jezera Como<\/strong> sou\u010d\u00e1st\u00ed celkov\u00e9 sc\u00e9ny: stoly, sezen\u00ed, ubrusy, sv\u00ed\u010dky, sklo, pap\u00edrov\u00e9 detaily. Pro profesion\u00e1ln\u00ed v\u00fdsledek pracujte se t\u0159emi prvky:<\/p>\n<ul>\n<li><strong>Proporce<\/strong>St\u0159edov\u00e9 dekorace v m\u011b\u0159\u00edtku s stolem a s\u00e1lem; instalace, kter\u00e9 \u201enezat\u011b\u017euj\u00ed\u201c v\u00fdhled na jezero.<\/li>\n<li><strong>V\u00fd\u0161ky<\/strong>: promy\u0161len\u00e1 st\u0159\u00edd\u00e1n\u00ed n\u00edzk\u00fdch a st\u0159edn\u011b\/vysok\u00fdch, aby nebr\u00e1nily konverzaci.<\/li>\n<li><strong>Materi\u00e1ly<\/strong>: n\u00e1doby a konstrukce v souladu se stylem a architekturou (klasick\u00fd, modern\u00ed, zahradn\u00ed).<\/li>\n<\/ul>\n<p>Kdy\u017e je barevn\u00e1 paleta dob\u0159e definovan\u00e1, i materi\u00e1ly se vyb\u00edraj\u00ed snadn\u011bji: hned je jasn\u00e9, zda jsou pot\u0159eba tepl\u00e9 nebo studen\u00e9 t\u00f3ny, matn\u00e9 nebo leskl\u00e9 povrchy, m\u011bkk\u00e9 nebo geometrick\u00e9 linie.<\/p>\n<h2>CTA: p\u0159ive\u010fte svou paletu k jezeru Como s konzistentn\u00ed kv\u011btinovou re\u017eii<\/h2>\n<p>Pokud si p\u0159edstavujete <strong>fiori wedding<\/strong> elegantn\u00ed, sez\u00f3nn\u00ed a dokonale integrovan\u00e9 s va\u0161\u00ed lokalitou, Chiara B Events v\u00e1m m\u016f\u017ee pomoci prom\u011bnit inspirace a paletu v konkr\u00e9tn\u00ed, harmonick\u00fd a na m\u00edst\u011b zvl\u00e1dnuteln\u00fd projekt. V\u00edce se dozv\u00edte v sekci v\u011bnovan\u00e9 <a href=\"https:\/\/chiarabevents.com\/cs\/chiarab-events-vas-pruvodce-svatbou-u-jezera-como\/\">Svatba na jeze\u0159e Como: pr\u016fvodce<\/a> a kontaktujte n\u00e1s, abychom vytvo\u0159ili kv\u011btinovou v\u00fdzdobu, kter\u00e1 skute\u010dn\u011b zv\u00fdrazn\u00ed v\u00e1\u0161 den u jezera.<\/p>\n<section class=\"w4y-bf-related-posts\"><h2>Souvisej\u00edc\u00ed \u010dl\u00e1nky<\/h2><ul><li><a href=\"https:\/\/chiarabevents.com\/cs\/jak-zvladnout-svatebni-vikend-u-jezera-como-uvitaci-vecere-a-brunch\/\">Jak zvl\u00e1dnout svatebn\u00ed v\u00edkend u jezera Como: uv\u00edtac\u00ed ve\u010de\u0159e a brunch<\/a><\/li><li><a href=\"https:\/\/chiarabevents.com\/cs\/historicka-vila-vs-luxusni-hotel-u-jezera-como-ktera-volba-se-opravdu-vyplati\/\">Historick\u00e1 vila vs luxusn\u00ed hotel u jezera Como: kter\u00e1 volba se opravdu vyplat\u00ed?<\/a><\/li><li><a href=\"https:\/\/chiarabevents.com\/cs\/doprava-a-parkovani-na-jezere-como-kyvadlove-autobusy-taxi-lode-a-realisticke-casy\/\">Doprava a parkov\u00e1n\u00ed na jeze\u0159e Como: kyvadlov\u00e9 autobusy, taxi lod\u011b a realistick\u00e9 \u010dasy<\/a><\/li><li><a href=\"https:\/\/chiarabevents.com\/cs\/kolik-skutecne-stoji-svatba-u-jezera-como-polozky-rozpoctu-a-rozpeti\/\">Kolik skute\u010dn\u011b stoj\u00ed svatba u jezera Como: polo\u017eky rozpo\u010dtu a rozp\u011bt\u00ed<\/a><\/li><li><a href=\"https:\/\/chiarabevents.com\/cs\/jak-vybrat-spravnou-vilu-u-jezera-como-kontrolni-seznam-navstev-a-klicove-otazky\/\">Jak vybrat spr\u00e1vnou vilu u jezera Como: kontroln\u00ed seznam n\u00e1v\u0161t\u011bv a kl\u00ed\u010dov\u00e9 ot\u00e1zky<\/a><\/li><li><a href=\"https:\/\/chiarabevents.com\/cs\/obrad-na-zahrade-u-jezera-como-rozvrzeni-stiny-a-zvladani-horka\/\">Ob\u0159ad na zahrad\u011b u jezera Como: rozvr\u017een\u00ed, st\u00edny a zvl\u00e1d\u00e1n\u00ed horka<\/a><\/li><\/ul><\/section>\n<hr \/>\n<h2>\u010cASTO KLADEN\u00c9 DOTAZY<\/h2>\n<div class=\"w4y-faq\">\n<h3>Jak\u00e1 barevn\u00e1 paleta je nejvhodn\u011bj\u0161\u00ed pro svatbu u jezera Como?<\/h3>\n<p>Z\u00e1le\u017e\u00ed na m\u00edst\u011b, sv\u011btle a ro\u010dn\u00edm obdob\u00ed. Obvykle funguj\u00ed neutr\u00e1ln\u00ed palety (ivory\/kr\u00e9mov\u00e1\/zelen\u00e1) pro nad\u010dasov\u00fd vzhled, nebo hlubok\u00e9 akcenty (burgundsk\u00e1\/\u0161vestkov\u00e1) pro ve\u010dern\u00ed nebo podzimn\u00ed akce. Ide\u00e1ln\u00ed je vych\u00e1zet z barev ji\u017e p\u0159\u00edtomn\u00fdch ve vile a zahrad\u011b a vytvo\u0159it konzistentn\u00ed paletu.<\/p>\n<h3>Jak vybrat sez\u00f3nn\u00ed svatebn\u00ed kv\u011btiny, ani\u017e byste se vzdali po\u017eadovan\u00e9ho stylu?<\/h3>\n<p>Vych\u00e1z\u00ed se z n\u00e1lady (romantick\u00e1, zahradn\u00ed, modern\u00ed) a vyb\u00edraj\u00ed se odr\u016fdy a zelen\u00e9 rostliny dostupn\u00e9 v sez\u00f3n\u011b, kter\u00e9 reprodukuj\u00ed konzistentn\u00ed tvary a textury. Pokud m\u00e1te na mysli konkr\u00e9tn\u00ed kv\u011btinu, zkontrolujte dostupnost v produktov\u00e9m listu nebo u kv\u011btinov\u00e9ho design\u00e9ra v zvolen\u00e9m obdob\u00ed.<\/p>\n<h3>Jak moc ovliv\u0148uje po\u010das\u00ed kv\u011btinov\u00e9 aran\u017em\u00e1 u jezera Como?<\/h3>\n<p>M\u00e1 p\u0159edev\u0161\u00edm vliv na ob\u0159ady a aperitivy pod \u0161ir\u00fdm nebem: slunce, v\u00edtr a vlhkost mohou ovlivnit vzhled kv\u011btin. Efektivn\u00ed pl\u00e1n B zahrnuje druh\u00fd sc\u00e9n\u00e1\u0159 (vnit\u0159n\u00ed nebo kryt\u00fd prostor) navr\u017een\u00fd se stejnou barevnou paletou, s modul\u00e1rn\u00edmi kompozicemi a ji\u017e definovan\u00fdmi \u010dasy p\u0159esunu.<\/p>\n<h3>Na kter\u00e9 body se zam\u011b\u0159it, aby byl dosa\u017een elegantn\u00ed sc\u00e9nick\u00fd efekt?<\/h3>\n<p>Obvykle ob\u0159ad, vstup\/p\u0159iv\u00edt\u00e1n\u00ed a hlavn\u00ed bod v m\u00edstnosti (jako st\u016fl novoman\u017eel\u016f nebo pozad\u00ed) d\u011blaj\u00ed rozd\u00edl. Lep\u0161\u00ed je n\u011bkolik d\u016fle\u017eit\u00fdch a konzistentn\u00edch gest ne\u017e mnoho nesourod\u00fdch detail\u016f.<\/p>\n<h3>Jak sladit kv\u011btiny, stoln\u00ed dekorace a osv\u011btlen\u00ed pro konzistentn\u00ed v\u00fdsledek?<\/h3>\n<p>Definujte sv\u011btlou barevnou paletu a sd\u00edlejte ji s cateringem\/mise en place a osv\u011btlen\u00edm. Pot\u00e9 pracujte na proporc\u00edch a v\u00fd\u0161k\u00e1ch st\u0159edov\u00fdch dekorac\u00ed a napl\u00e1nujte sv\u011bteln\u00e9 body, kter\u00e9 zv\u00fdrazn\u00ed barvy a textury, zejm\u00e9na v historick\u00fdch prostor\u00e1ch nebo p\u0159i ve\u010dern\u00edch akc\u00edch.<\/p>\n<\/div>\n<p><script type=\"application\/ld+json\">{\n    \"@context\": \"https:\\\/\\\/schema.org\",\n    \"@type\": \"FAQPage\",\n    \"mainEntity\": [\n        {\n            \"@type\": \"Question\",\n            \"name\": \"Qual \\u00e8 la palette colori pi\\u00f9 adatta per un matrimonio sul Lago di Como?\",\n            \"acceptedAnswer\": {\n                \"@type\": \"Answer\",\n                \"text\": \"Dipende da location, luce e stagione. In genere funzionano palette neutre (avorio\\\/crema\\\/verde) per un look senza tempo, oppure accenti profondi (borgogna\\\/prugna) per eventi serali o autunnali. L\\u2019ideale \\u00e8 partire dai colori gi\\u00e0 presenti nella villa e nel giardino e costruire una palette coerente.\"\n            }\n        },\n        {\n            \"@type\": \"Question\",\n            \"name\": \"Come scegliere fiori wedding stagionali senza rinunciare allo stile desiderato?\",\n            \"acceptedAnswer\": {\n                \"@type\": \"Answer\",\n                \"text\": \"Si parte dal mood (romantico, garden, moderno) e si selezionano variet\\u00e0 e verdi disponibili in stagione che riproducano forme e texture coerenti. Se hai in mente un fiore specifico, verifica nella scheda prodotto o con il floral designer la disponibilit\\u00e0 nel periodo scelto.\"\n            }\n        },\n        {\n            \"@type\": \"Question\",\n            \"name\": \"Quanto incide il meteo sugli allestimenti floreali Lago di Como?\",\n            \"acceptedAnswer\": {\n                \"@type\": \"Answer\",\n                \"text\": \"Incide soprattutto su cerimonie e aperitivi all\\u2019aperto: sole, vento e umidit\\u00e0 possono modificare la resa dei fiori. Un piano B efficace prevede un secondo scenario (indoor o coperto) progettato con la stessa palette colori, con composizioni modulari e tempi di spostamento gi\\u00e0 definiti.\"\n            }\n        },\n        {\n            \"@type\": \"Question\",\n            \"name\": \"Quali sono i punti su cui puntare per ottenere un effetto scenico elegante?\",\n            \"acceptedAnswer\": {\n                \"@type\": \"Answer\",\n                \"text\": \"Di solito cerimonia, ingresso\\\/welcome e un focal point in sala (come tavolo sposi o backdrop) fanno la differenza. Meglio pochi gesti importanti e coerenti, piuttosto che molti dettagli disomogenei.\"\n            }\n        },\n        {\n            \"@type\": \"Question\",\n            \"name\": \"Come coordinare fiori, mise en place e illuminazione per un risultato coerente?\",\n            \"acceptedAnswer\": {\n                \"@type\": \"Answer\",\n                \"text\": \"Definisci una palette colori chiara e condividila con catering\\\/mise en place e lighting. Poi lavora su proporzioni e altezze dei centrotavola, e prevedi punti luce che valorizzino colori e texture, soprattutto in ambienti storici o in eventi serali.\"\n            }\n        }\n    ]\n}<\/script><\/p>","protected":false},"excerpt":{"rendered":"<p>Allestimenti floreali Lago di Como: perch\u00e9 palette e stagionalit\u00e0 fanno la differenza Quando si parla di allestimenti floreali Lago di Como, l\u2019impatto visivo non nasce solo dall\u2019abbondanza di fiori: nasce dalla coerenza tra luogo, luce, architetture e stagione. Il Lago di Como ha una personalit\u00e0 precisa: ville storiche, giardini botanici, scorci d\u2019acqua, pietra e ferro battuto, terrazze [&hellip;]<\/p>","protected":false},"author":4,"featured_media":35160,"comment_status":"closed","ping_status":"closed","sticky":false,"template":"","format":"standard","meta":{"footnotes":""},"categories":[369],"tags":[391,392,393],"class_list":["post-34898","post","type-post","status-publish","format-standard","has-post-thumbnail","hentry","category-lago-di-como","tag-allestimenti-floreali-lago-di-como","tag-fiori-wedding","tag-palette-colori"],"yoast_head":"<!-- This site is optimized with the Yoast SEO Premium plugin v21.8 (Yoast SEO v27.3) - https:\/\/yoast.com\/product\/yoast-seo-premium-wordpress\/ -->\n<title>Allestimenti floreali sul Lago di Como: palette e stagioni | Chia<\/title>\n<meta name=\"description\" content=\"Guida a allestimenti floreali sul Lago di Como: palette colori eleganti, fiori wedding stagionali, logistica e piano B per un risultato coerente.\" \/>\n<meta name=\"robots\" content=\"index, follow, max-snippet:-1, max-image-preview:large, max-video-preview:-1\" \/>\n<link rel=\"canonical\" href=\"https:\/\/chiarabevents.com\/cs\/kvetinove-dekorace-na-jezere-como-elegantni-palety-a-sezonnost\/\" \/>\n<meta property=\"og:locale\" content=\"cs_CZ\" \/>\n<meta property=\"og:type\" content=\"article\" \/>\n<meta property=\"og:title\" content=\"Allestimenti floreali sul Lago di Como: palette eleganti e stagionalit\u00e0\" \/>\n<meta property=\"og:description\" content=\"Guida a allestimenti floreali sul Lago di Como: palette colori eleganti, fiori wedding stagionali, logistica e piano B per un risultato coerente.\" \/>\n<meta property=\"og:url\" content=\"https:\/\/chiarabevents.com\/cs\/kvetinove-dekorace-na-jezere-como-elegantni-palety-a-sezonnost\/\" \/>\n<meta property=\"og:site_name\" content=\"ChiaraB Events Wedding Planner\" \/>\n<meta property=\"article:publisher\" content=\"https:\/\/www.facebook.com\/chiarabevent\" \/>\n<meta property=\"article:published_time\" content=\"2024-11-30T23:45:45+00:00\" \/>\n<meta property=\"article:modified_time\" content=\"2026-03-08T08:39:31+00:00\" \/>\n<meta property=\"og:image\" content=\"https:\/\/chiarabevents.com\/wp-content\/uploads\/2026\/03\/allestimenti-floreali-sul-lago-di-como-palette-eleganti-e-stagionalita-featured-20260308074921.png\" \/>\n\t<meta property=\"og:image:width\" content=\"1536\" \/>\n\t<meta property=\"og:image:height\" content=\"1024\" \/>\n\t<meta property=\"og:image:type\" content=\"image\/png\" \/>\n<meta name=\"author\" content=\"ChiaraB Blog\" \/>\n<meta name=\"twitter:card\" content=\"summary_large_image\" \/>\n<meta name=\"twitter:label1\" content=\"Written by\" \/>\n\t<meta name=\"twitter:data1\" content=\"ChiaraB Blog\" \/>\n\t<meta name=\"twitter:label2\" content=\"Est. reading time\" \/>\n\t<meta name=\"twitter:data2\" content=\"14 minutes\" \/>\n<script type=\"application\/ld+json\" class=\"yoast-schema-graph\">{\"@context\":\"https:\\\/\\\/schema.org\",\"@graph\":[{\"@type\":\"Article\",\"@id\":\"https:\\\/\\\/chiarabevents.com\\\/de\\\/florale-arrangements-am-comer-see-elegante-farbpaletten-und-saisonalitat\\\/#article\",\"isPartOf\":{\"@id\":\"https:\\\/\\\/chiarabevents.com\\\/de\\\/florale-arrangements-am-comer-see-elegante-farbpaletten-und-saisonalitat\\\/\"},\"author\":{\"name\":\"ChiaraB Blog\",\"@id\":\"https:\\\/\\\/chiarabevents.com\\\/#\\\/schema\\\/person\\\/bbb582cfce34a973ad4463736fd0b0f4\"},\"headline\":\"Allestimenti floreali sul Lago di Como: palette eleganti e stagionalit\u00e0\",\"datePublished\":\"2024-11-30T23:45:45+00:00\",\"dateModified\":\"2026-03-08T08:39:31+00:00\",\"mainEntityOfPage\":{\"@id\":\"https:\\\/\\\/chiarabevents.com\\\/de\\\/florale-arrangements-am-comer-see-elegante-farbpaletten-und-saisonalitat\\\/\"},\"wordCount\":2492,\"publisher\":{\"@id\":\"https:\\\/\\\/chiarabevents.com\\\/#organization\"},\"image\":{\"@id\":\"https:\\\/\\\/chiarabevents.com\\\/de\\\/florale-arrangements-am-comer-see-elegante-farbpaletten-und-saisonalitat\\\/#primaryimage\"},\"thumbnailUrl\":\"https:\\\/\\\/chiarabevents.com\\\/wp-content\\\/uploads\\\/2026\\\/03\\\/allestimenti-floreali-sul-lago-di-como-palette-eleganti-e-stagionalita-featured-20260308074921.png\",\"keywords\":[\"allestimenti floreali lago di como\",\"fiori wedding\",\"palette colori\"],\"articleSection\":[\"Lago di Como\"],\"inLanguage\":\"cs-CZ\"},{\"@type\":\"WebPage\",\"@id\":\"https:\\\/\\\/chiarabevents.com\\\/de\\\/florale-arrangements-am-comer-see-elegante-farbpaletten-und-saisonalitat\\\/\",\"url\":\"https:\\\/\\\/chiarabevents.com\\\/de\\\/florale-arrangements-am-comer-see-elegante-farbpaletten-und-saisonalitat\\\/\",\"name\":\"Allestimenti floreali sul Lago di Como: palette e stagioni | Chia\",\"isPartOf\":{\"@id\":\"https:\\\/\\\/chiarabevents.com\\\/#website\"},\"primaryImageOfPage\":{\"@id\":\"https:\\\/\\\/chiarabevents.com\\\/de\\\/florale-arrangements-am-comer-see-elegante-farbpaletten-und-saisonalitat\\\/#primaryimage\"},\"image\":{\"@id\":\"https:\\\/\\\/chiarabevents.com\\\/de\\\/florale-arrangements-am-comer-see-elegante-farbpaletten-und-saisonalitat\\\/#primaryimage\"},\"thumbnailUrl\":\"https:\\\/\\\/chiarabevents.com\\\/wp-content\\\/uploads\\\/2026\\\/03\\\/allestimenti-floreali-sul-lago-di-como-palette-eleganti-e-stagionalita-featured-20260308074921.png\",\"datePublished\":\"2024-11-30T23:45:45+00:00\",\"dateModified\":\"2026-03-08T08:39:31+00:00\",\"description\":\"Guida a allestimenti floreali sul Lago di Como: palette colori eleganti, fiori wedding stagionali, logistica e piano B per un risultato coerente.\",\"breadcrumb\":{\"@id\":\"https:\\\/\\\/chiarabevents.com\\\/de\\\/florale-arrangements-am-comer-see-elegante-farbpaletten-und-saisonalitat\\\/#breadcrumb\"},\"inLanguage\":\"cs-CZ\",\"potentialAction\":[{\"@type\":\"ReadAction\",\"target\":[\"https:\\\/\\\/chiarabevents.com\\\/de\\\/florale-arrangements-am-comer-see-elegante-farbpaletten-und-saisonalitat\\\/\"]}]},{\"@type\":\"ImageObject\",\"inLanguage\":\"cs-CZ\",\"@id\":\"https:\\\/\\\/chiarabevents.com\\\/de\\\/florale-arrangements-am-comer-see-elegante-farbpaletten-und-saisonalitat\\\/#primaryimage\",\"url\":\"https:\\\/\\\/chiarabevents.com\\\/wp-content\\\/uploads\\\/2026\\\/03\\\/allestimenti-floreali-sul-lago-di-como-palette-eleganti-e-stagionalita-featured-20260308074921.png\",\"contentUrl\":\"https:\\\/\\\/chiarabevents.com\\\/wp-content\\\/uploads\\\/2026\\\/03\\\/allestimenti-floreali-sul-lago-di-como-palette-eleganti-e-stagionalita-featured-20260308074921.png\",\"width\":1536,\"height\":1024,\"caption\":\"Allestimento floreale sul Lago di Como con rose e greenery, ideale per matrimoni eleganti e stagionali. Questo bouquet decorativo aggiunge un tocco di classe e armonia naturale, perfetto per eventi romantici.\"},{\"@type\":\"BreadcrumbList\",\"@id\":\"https:\\\/\\\/chiarabevents.com\\\/de\\\/florale-arrangements-am-comer-see-elegante-farbpaletten-und-saisonalitat\\\/#breadcrumb\",\"itemListElement\":[{\"@type\":\"ListItem\",\"position\":1,\"name\":\"Home\",\"item\":\"https:\\\/\\\/chiarabevents.com\\\/\"},{\"@type\":\"ListItem\",\"position\":2,\"name\":\"Allestimenti floreali sul Lago di Como: palette eleganti e stagionalit\u00e0\"}]},{\"@type\":\"WebSite\",\"@id\":\"https:\\\/\\\/chiarabevents.com\\\/#website\",\"url\":\"https:\\\/\\\/chiarabevents.com\\\/\",\"name\":\"ChiaraB Events Wedding Planner\",\"description\":\"Un meraviglioso percorso fatto insieme\",\"publisher\":{\"@id\":\"https:\\\/\\\/chiarabevents.com\\\/#organization\"},\"potentialAction\":[{\"@type\":\"SearchAction\",\"target\":{\"@type\":\"EntryPoint\",\"urlTemplate\":\"https:\\\/\\\/chiarabevents.com\\\/?s={search_term_string}\"},\"query-input\":{\"@type\":\"PropertyValueSpecification\",\"valueRequired\":true,\"valueName\":\"search_term_string\"}}],\"inLanguage\":\"cs-CZ\"},{\"@type\":\"Organization\",\"@id\":\"https:\\\/\\\/chiarabevents.com\\\/#organization\",\"name\":\"ChiaraB Events Wedding Planner\",\"url\":\"https:\\\/\\\/chiarabevents.com\\\/\",\"logo\":{\"@type\":\"ImageObject\",\"inLanguage\":\"cs-CZ\",\"@id\":\"https:\\\/\\\/chiarabevents.com\\\/#\\\/schema\\\/logo\\\/image\\\/\",\"url\":\"https:\\\/\\\/chiarabevents.com\\\/wp-content\\\/uploads\\\/2023\\\/12\\\/cropped-Monogramma_chiarab.png\",\"contentUrl\":\"https:\\\/\\\/chiarabevents.com\\\/wp-content\\\/uploads\\\/2023\\\/12\\\/cropped-Monogramma_chiarab.png\",\"width\":512,\"height\":512,\"caption\":\"ChiaraB Events Wedding Planner\"},\"image\":{\"@id\":\"https:\\\/\\\/chiarabevents.com\\\/#\\\/schema\\\/logo\\\/image\\\/\"},\"sameAs\":[\"https:\\\/\\\/www.facebook.com\\\/chiarabevent\",\"https:\\\/\\\/www.instagram.com\\\/chiarab_events\\\/\"]},{\"@type\":\"Person\",\"@id\":\"https:\\\/\\\/chiarabevents.com\\\/#\\\/schema\\\/person\\\/bbb582cfce34a973ad4463736fd0b0f4\",\"name\":\"ChiaraB Blog\",\"image\":{\"@type\":\"ImageObject\",\"inLanguage\":\"cs-CZ\",\"@id\":\"https:\\\/\\\/chiarabevents.com\\\/wp-content\\\/litespeed\\\/avatar\\\/1646323b4cbc3492de1328080709cacc.jpg?ver=1777061573\",\"url\":\"https:\\\/\\\/chiarabevents.com\\\/wp-content\\\/litespeed\\\/avatar\\\/1646323b4cbc3492de1328080709cacc.jpg?ver=1777061573\",\"contentUrl\":\"https:\\\/\\\/chiarabevents.com\\\/wp-content\\\/litespeed\\\/avatar\\\/1646323b4cbc3492de1328080709cacc.jpg?ver=1777061573\",\"caption\":\"ChiaraB Blog\"},\"url\":\"https:\\\/\\\/chiarabevents.com\\\/cs\\\/author\\\/chiarab-blog\\\/\"}]}<\/script>\n<!-- \/ Yoast SEO Premium plugin. -->","yoast_head_json":{"title":"Kv\u011btinov\u00e9 aran\u017em\u00e1 na jeze\u0159e Como: palety a ro\u010dn\u00ed obdob\u00ed | Chia","description":"Pr\u016fvodce kv\u011btinov\u00fdmi dekoracemi na jeze\u0159e Como: elegantn\u00ed barevn\u00e1 paleta, sez\u00f3nn\u00ed svatebn\u00ed kv\u011btiny, logistika a pl\u00e1n B pro konzistentn\u00ed v\u00fdsledek.","robots":{"index":"index","follow":"follow","max-snippet":"max-snippet:-1","max-image-preview":"max-image-preview:large","max-video-preview":"max-video-preview:-1"},"canonical":"https:\/\/chiarabevents.com\/cs\/kvetinove-dekorace-na-jezere-como-elegantni-palety-a-sezonnost\/","og_locale":"cs_CZ","og_type":"article","og_title":"Allestimenti floreali sul Lago di Como: palette eleganti e stagionalit\u00e0","og_description":"Guida a allestimenti floreali sul Lago di Como: palette colori eleganti, fiori wedding stagionali, logistica e piano B per un risultato coerente.","og_url":"https:\/\/chiarabevents.com\/cs\/kvetinove-dekorace-na-jezere-como-elegantni-palety-a-sezonnost\/","og_site_name":"ChiaraB Events Wedding Planner","article_publisher":"https:\/\/www.facebook.com\/chiarabevent","article_published_time":"2024-11-30T23:45:45+00:00","article_modified_time":"2026-03-08T08:39:31+00:00","og_image":[{"width":1536,"height":1024,"url":"https:\/\/chiarabevents.com\/wp-content\/uploads\/2026\/03\/allestimenti-floreali-sul-lago-di-como-palette-eleganti-e-stagionalita-featured-20260308074921.png","type":"image\/png"}],"author":"ChiaraB Blog","twitter_card":"summary_large_image","twitter_misc":{"Written by":"ChiaraB Blog","Est. reading time":"14 minutes"},"schema":{"@context":"https:\/\/schema.org","@graph":[{"@type":"Article","@id":"https:\/\/chiarabevents.com\/de\/florale-arrangements-am-comer-see-elegante-farbpaletten-und-saisonalitat\/#article","isPartOf":{"@id":"https:\/\/chiarabevents.com\/de\/florale-arrangements-am-comer-see-elegante-farbpaletten-und-saisonalitat\/"},"author":{"name":"ChiaraB Blog","@id":"https:\/\/chiarabevents.com\/#\/schema\/person\/bbb582cfce34a973ad4463736fd0b0f4"},"headline":"Allestimenti floreali sul Lago di Como: palette eleganti e stagionalit\u00e0","datePublished":"2024-11-30T23:45:45+00:00","dateModified":"2026-03-08T08:39:31+00:00","mainEntityOfPage":{"@id":"https:\/\/chiarabevents.com\/de\/florale-arrangements-am-comer-see-elegante-farbpaletten-und-saisonalitat\/"},"wordCount":2492,"publisher":{"@id":"https:\/\/chiarabevents.com\/#organization"},"image":{"@id":"https:\/\/chiarabevents.com\/de\/florale-arrangements-am-comer-see-elegante-farbpaletten-und-saisonalitat\/#primaryimage"},"thumbnailUrl":"https:\/\/chiarabevents.com\/wp-content\/uploads\/2026\/03\/allestimenti-floreali-sul-lago-di-como-palette-eleganti-e-stagionalita-featured-20260308074921.png","keywords":["allestimenti floreali lago di como","fiori wedding","palette colori"],"articleSection":["Lago di Como"],"inLanguage":"cs-CZ"},{"@type":"WebPage","@id":"https:\/\/chiarabevents.com\/de\/florale-arrangements-am-comer-see-elegante-farbpaletten-und-saisonalitat\/","url":"https:\/\/chiarabevents.com\/de\/florale-arrangements-am-comer-see-elegante-farbpaletten-und-saisonalitat\/","name":"Kv\u011btinov\u00e9 aran\u017em\u00e1 na jeze\u0159e Como: palety a ro\u010dn\u00ed obdob\u00ed | Chia","isPartOf":{"@id":"https:\/\/chiarabevents.com\/#website"},"primaryImageOfPage":{"@id":"https:\/\/chiarabevents.com\/de\/florale-arrangements-am-comer-see-elegante-farbpaletten-und-saisonalitat\/#primaryimage"},"image":{"@id":"https:\/\/chiarabevents.com\/de\/florale-arrangements-am-comer-see-elegante-farbpaletten-und-saisonalitat\/#primaryimage"},"thumbnailUrl":"https:\/\/chiarabevents.com\/wp-content\/uploads\/2026\/03\/allestimenti-floreali-sul-lago-di-como-palette-eleganti-e-stagionalita-featured-20260308074921.png","datePublished":"2024-11-30T23:45:45+00:00","dateModified":"2026-03-08T08:39:31+00:00","description":"Pr\u016fvodce kv\u011btinov\u00fdmi dekoracemi na jeze\u0159e Como: elegantn\u00ed barevn\u00e1 paleta, sez\u00f3nn\u00ed svatebn\u00ed kv\u011btiny, logistika a pl\u00e1n B pro konzistentn\u00ed v\u00fdsledek.","breadcrumb":{"@id":"https:\/\/chiarabevents.com\/de\/florale-arrangements-am-comer-see-elegante-farbpaletten-und-saisonalitat\/#breadcrumb"},"inLanguage":"cs-CZ","potentialAction":[{"@type":"ReadAction","target":["https:\/\/chiarabevents.com\/de\/florale-arrangements-am-comer-see-elegante-farbpaletten-und-saisonalitat\/"]}]},{"@type":"ImageObject","inLanguage":"cs-CZ","@id":"https:\/\/chiarabevents.com\/de\/florale-arrangements-am-comer-see-elegante-farbpaletten-und-saisonalitat\/#primaryimage","url":"https:\/\/chiarabevents.com\/wp-content\/uploads\/2026\/03\/allestimenti-floreali-sul-lago-di-como-palette-eleganti-e-stagionalita-featured-20260308074921.png","contentUrl":"https:\/\/chiarabevents.com\/wp-content\/uploads\/2026\/03\/allestimenti-floreali-sul-lago-di-como-palette-eleganti-e-stagionalita-featured-20260308074921.png","width":1536,"height":1024,"caption":"Allestimento floreale sul Lago di Como con rose e greenery, ideale per matrimoni eleganti e stagionali. Questo bouquet decorativo aggiunge un tocco di classe e armonia naturale, perfetto per eventi romantici."},{"@type":"BreadcrumbList","@id":"https:\/\/chiarabevents.com\/de\/florale-arrangements-am-comer-see-elegante-farbpaletten-und-saisonalitat\/#breadcrumb","itemListElement":[{"@type":"ListItem","position":1,"name":"Home","item":"https:\/\/chiarabevents.com\/"},{"@type":"ListItem","position":2,"name":"Allestimenti floreali sul Lago di Como: palette eleganti e stagionalit\u00e0"}]},{"@type":"WebSite","@id":"https:\/\/chiarabevents.com\/#website","url":"https:\/\/chiarabevents.com\/","name":"ChiaraB Ud\u00e1losti Svatebn\u00ed pl\u00e1nova\u010d","description":"N\u00e1dhern\u00e1 spole\u010dn\u00e1 cesta","publisher":{"@id":"https:\/\/chiarabevents.com\/#organization"},"potentialAction":[{"@type":"SearchAction","target":{"@type":"EntryPoint","urlTemplate":"https:\/\/chiarabevents.com\/?s={search_term_string}"},"query-input":{"@type":"PropertyValueSpecification","valueRequired":true,"valueName":"search_term_string"}}],"inLanguage":"cs-CZ"},{"@type":"Organization","@id":"https:\/\/chiarabevents.com\/#organization","name":"ChiaraB Ud\u00e1losti Svatebn\u00ed pl\u00e1nova\u010d","url":"https:\/\/chiarabevents.com\/","logo":{"@type":"ImageObject","inLanguage":"cs-CZ","@id":"https:\/\/chiarabevents.com\/#\/schema\/logo\/image\/","url":"https:\/\/chiarabevents.com\/wp-content\/uploads\/2023\/12\/cropped-Monogramma_chiarab.png","contentUrl":"https:\/\/chiarabevents.com\/wp-content\/uploads\/2023\/12\/cropped-Monogramma_chiarab.png","width":512,"height":512,"caption":"ChiaraB Events Wedding Planner"},"image":{"@id":"https:\/\/chiarabevents.com\/#\/schema\/logo\/image\/"},"sameAs":["https:\/\/www.facebook.com\/chiarabevent","https:\/\/www.instagram.com\/chiarab_events\/"]},{"@type":"Person","@id":"https:\/\/chiarabevents.com\/#\/schema\/person\/bbb582cfce34a973ad4463736fd0b0f4","name":"ChiaraB Blog","image":{"@type":"ImageObject","inLanguage":"cs-CZ","@id":"https:\/\/chiarabevents.com\/wp-content\/litespeed\/avatar\/1646323b4cbc3492de1328080709cacc.jpg?ver=1777061573","url":"https:\/\/chiarabevents.com\/wp-content\/litespeed\/avatar\/1646323b4cbc3492de1328080709cacc.jpg?ver=1777061573","contentUrl":"https:\/\/chiarabevents.com\/wp-content\/litespeed\/avatar\/1646323b4cbc3492de1328080709cacc.jpg?ver=1777061573","caption":"ChiaraB Blog"},"url":"https:\/\/chiarabevents.com\/cs\/author\/chiarab-blog\/"}]}},"_links":{"self":[{"href":"https:\/\/chiarabevents.com\/cs\/wp-json\/wp\/v2\/posts\/34898","targetHints":{"allow":["GET"]}}],"collection":[{"href":"https:\/\/chiarabevents.com\/cs\/wp-json\/wp\/v2\/posts"}],"about":[{"href":"https:\/\/chiarabevents.com\/cs\/wp-json\/wp\/v2\/types\/post"}],"author":[{"embeddable":true,"href":"https:\/\/chiarabevents.com\/cs\/wp-json\/wp\/v2\/users\/4"}],"replies":[{"embeddable":true,"href":"https:\/\/chiarabevents.com\/cs\/wp-json\/wp\/v2\/comments?post=34898"}],"version-history":[{"count":2,"href":"https:\/\/chiarabevents.com\/cs\/wp-json\/wp\/v2\/posts\/34898\/revisions"}],"predecessor-version":[{"id":35168,"href":"https:\/\/chiarabevents.com\/cs\/wp-json\/wp\/v2\/posts\/34898\/revisions\/35168"}],"wp:featuredmedia":[{"embeddable":true,"href":"https:\/\/chiarabevents.com\/cs\/wp-json\/wp\/v2\/media\/35160"}],"wp:attachment":[{"href":"https:\/\/chiarabevents.com\/cs\/wp-json\/wp\/v2\/media?parent=34898"}],"wp:term":[{"taxonomy":"category","embeddable":true,"href":"https:\/\/chiarabevents.com\/cs\/wp-json\/wp\/v2\/categories?post=34898"},{"taxonomy":"post_tag","embeddable":true,"href":"https:\/\/chiarabevents.com\/cs\/wp-json\/wp\/v2\/tags?post=34898"}],"curies":[{"name":"wp","href":"https:\/\/api.w.org\/{rel}","templated":true}]}}