{"id":34912,"date":"2022-11-02T03:00:38","date_gmt":"2022-11-02T01:00:38","guid":{"rendered":"https:\/\/chiarabevents.com\/"},"modified":"2026-03-12T10:39:23","modified_gmt":"2026-03-12T10:39:23","slug":"ravello-panoramaticke-terasy-a-perfektni-nacasovani-pro-obrad-veceri","status":"publish","type":"post","link":"https:\/\/chiarabevents.com\/cs\/ravello-panoramaticke-terasy-a-perfektni-nacasovani-pro-obrad-veceri\/","title":{"rendered":"Ravello: panoramatick\u00e9 terasy a perfektn\u00ed na\u010dasov\u00e1n\u00ed pro ob\u0159ad + ve\u010de\u0159i"},"content":{"rendered":"<h2>\u010casov\u00e1n\u00ed svatby v Ravellu: pro\u010d je ob\u0159ad na terase + ve\u010de\u0159e v\u00edtan\u00fdm form\u00e1tem<\/h2>\n<p>Ravello je jednou z nejobl\u00edben\u011bj\u0161\u00edch destinac\u00ed <strong>Pob\u0159e\u017e\u00ed Amalfi<\/strong> pro ty, kte\u0159\u00ed sn\u00ed o elegantn\u00ed, pe\u010dliv\u011b p\u0159ipraven\u00e9 ud\u00e1losti s v\u00fdrazn\u00fdm vizu\u00e1ln\u00edm dopadem. D\u016fvod je jednoduch\u00fd: zde nen\u00ed krajina jen \u201epozad\u00edm\u201c, ale ned\u00edlnou sou\u010d\u00e1st\u00ed re\u017eie. Jedna <strong>panoramatick\u00e1 svatebn\u00ed terasa<\/strong> v Ravellu umo\u017e\u0148uje vytvo\u0159it plynul\u00fd z\u00e1\u017eitek, kde se ob\u0159ad a ve\u010de\u0159e st\u0159\u00eddaj\u00ed bez slo\u017eit\u00fdch p\u0159esun\u016f, udr\u017euj\u00ed energii host\u016f na vysok\u00e9 \u00farovni a valorizuj\u00ed ka\u017ed\u00fd okam\u017eik spr\u00e1vn\u00fdm sv\u011btlem. Nav\u00edc mo\u017enost uspo\u0159\u00e1dat <a href=\"https:\/\/chiarabevents.com\/cs\/obrad-na-zahrade-u-jezera-como-rozvrzeni-stiny-a-zvladani-horka\/\">ob\u0159ad v zahrad\u011b u jezera Como<\/a> nab\u00edz\u00ed kouzelnou a romantickou atmosf\u00e9ru, kde se p\u0159\u00edroda dokonale snoub\u00ed s eleganc\u00ed ud\u00e1losti. Host\u00e9 si mohou vychutnat dechberouc\u00ed v\u00fdhled, zat\u00edmco jemn\u00e9 zvuky vody vytv\u00e1\u0159ej\u00ed harmonick\u00fd doprovod pro tento v\u00fdjime\u010dn\u00fd den. Ka\u017ed\u00fd detail m\u016f\u017ee b\u00fdt p\u0159izp\u016fsoben tak, aby odr\u00e1\u017eel styl novoman\u017eel\u016f, \u010d\u00edm\u017e se z\u00e1\u017eitek st\u00e1v\u00e1 jedine\u010dn\u00fdm a nezapomenuteln\u00fdm.<\/p>\n<p>Tento form\u00e1t funguje obzvl\u00e1\u0161\u0165 dob\u0159e pro:<\/p>\n<ul>\n<li><strong>svatbu na destinaci<\/strong> hosty p\u0159ij\u00ed\u017ed\u011bj\u00edc\u00ed z d\u00e1lky, kte\u0159\u00ed cht\u011bj\u00ed pro\u017e\u00edt den bez sp\u011bchu;<\/li>\n<li>svatby <strong>intimi<\/strong> nebo st\u0159edn\u011b velk\u00e9 akce, kde kvalita z\u00e1\u017eitku je d\u016fle\u017eit\u011bj\u0161\u00ed ne\u017e kvantita;<\/li>\n<li>styl <strong>luxusn\u00ed<\/strong> (i minimalistick\u00e9), kde je ka\u017ed\u00fd detail navr\u017een tak, aby byl fotografovateln\u00fd a pro\u017e\u00edv\u00e1n p\u0159irozen\u011b.<\/li>\n<\/ul>\n<p>Kl\u00ed\u010dov\u00fdm bodem je <strong>\u010dasov\u00e1n\u00ed svatby v Ravellu<\/strong>: Ravello odm\u011b\u0148uje ty, kte\u0159\u00ed p\u0159esn\u011b pl\u00e1nuj\u00ed sled ud\u00e1lost\u00ed, zejm\u00e9na pokud cht\u011bj\u00ed ob\u0159ad s v\u00fdhledem a ve\u010de\u0159i za\u010d\u00ednaj\u00edc\u00ed v nejvhodn\u011bj\u0161\u00ed chv\u00edli pro atmosf\u00e9ru a pohodl\u00ed. Na pob\u0159e\u017e\u00ed je toti\u017e logistika (p\u0159\u00edstupy, p\u0159esuny, doba p\u0159\u00edprav) stejn\u011b d\u016fle\u017eit\u00e1 jako kv\u011btiny a mise en place.<\/p>\n<p>Pokud chcete celkov\u00fd p\u0159ehled o kontextu a destinaci, m\u016f\u017eete tak\u00e9 nahl\u00e9dnout do <a href=\"https:\/\/it.wikipedia.org\/wiki\/Ravello\" target=\"_blank\" rel=\"noopener noreferrer nofollow\">Podrobnosti: Ravello (Wikipedia)<\/a>.<\/p>\n<h3>C\u00edl a styl: intimn\u00ed, sc\u00e9nografick\u00fd, bez mrtv\u00fdch \u010das\u016f<\/h3>\n<p>Form\u00e1t \u201eob\u0159ad + ve\u010de\u0159e na terase\u201c vznikl, aby sn\u00ed\u017eil p\u0159esuny a zv\u00fd\u0161il vn\u00edmanou kvalitu. Prakticky se vytv\u00e1\u0159\u00ed p\u0159irozen\u00fd postup:<\/p>\n<ul>\n<li><strong>p\u0159\u00edjezd a p\u0159iv\u00edt\u00e1n\u00ed<\/strong> (lehk\u00e9 uv\u00edtac\u00ed pit\u00ed);<\/li>\n<li><strong>ob\u0159ad<\/strong> s v\u00fdhledem;<\/li>\n<li><strong>aperitiv<\/strong> (\u010dasto ve stejn\u00e9 oblasti nebo v p\u0159ilehl\u00e9 z\u00f3n\u011b);<\/li>\n<li><strong>ve\u010de\u0159e<\/strong> s m\u011bkk\u00fdm sv\u011btlem a st\u00e1le \u010ditelnou panor\u00e1mou;<\/li>\n<li>kr\u00e1jen\u00ed dortu a z\u00e1v\u011bre\u010dn\u00e9 momenty s intimn\u011bj\u0161\u00ed atmosf\u00e9rou.<\/li>\n<\/ul>\n<p>V\u00fdsledkem je ud\u00e1lost, kter\u00e1 plyne, s koherentn\u00edm p\u0159\u00edb\u011bhem a bez \u201emezer\u201c, kter\u00e9 na pob\u0159e\u017e\u00ed mohou znamenat stres (\u010dek\u00e1n\u00ed, fronty, znovu odjezdy, obt\u00ed\u017en\u00e9 parkov\u00e1n\u00ed). Pro <strong>svatbu v Ravellu<\/strong>, je tato kontinuita \u010dasto t\u00edm, co d\u011bl\u00e1 ud\u00e1lost opravdu exkluzivn\u00ed.<\/p>\n<h3>Co o\u010dek\u00e1vat z hlediska \u010dasu a logistiky<\/h3>\n<p>V destinaci jako Ravello je t\u0159eba logistiku zva\u017eovat od sam\u00e9ho za\u010d\u00e1tku: p\u0159\u00edstupy, \u010dasy p\u0159\u00edprav, p\u0159\u00edpadn\u00e1 omezen\u00ed hluku, trasy pro hosty a dodavatele. <strong>ov\u011b\u0159te v produktov\u00e9m listu<\/strong> (nebo v nab\u00eddce za\u0159\u00edzen\u00ed) jak\u00e9 jsou provozn\u00ed okna, vyu\u017eiteln\u00e9 prostory a alternativy v p\u0159\u00edpad\u011b nejist\u00e9ho po\u010das\u00ed.<\/p>\n<p>Praktick\u00e9 pravidlo v\u0161ak z\u016fst\u00e1v\u00e1: <strong>m\u00e9n\u011b p\u0159esun\u016f = v\u00edce kvalitn\u00edho \u010dasu<\/strong>. A v\u00edce kvalitn\u00edho \u010dasu znamen\u00e1 v\u00edce spont\u00e1nn\u00edch fotografi\u00ed, v\u00edce konverzac\u00ed, v\u00edce emoc\u00ed. Jin\u00fdmi slovy: v\u00edce \u201eCostiera\u201c a m\u00e9n\u011b \u201emaratonu\u201c.<\/p>\n<h2>Krok za krokem pl\u00e1nov\u00e1n\u00ed svatby v Ravellu: \u010dasov\u00fd harmonogram a nezbytn\u00ed dodavatel\u00e9<\/h2>\n<p>Dobr\u00e9 pl\u00e1nov\u00e1n\u00ed nen\u00ed nekone\u010dn\u00fd seznam: je to posloupnost rozhodnut\u00ed ve spr\u00e1vn\u00e9m po\u0159ad\u00ed. Pro <strong>svatbu v Ravellu<\/strong> se svatebn\u00edm ob\u0159adem a ve\u010de\u0159\u00ed na terase je prioritou nejprve postavit strukturu (m\u00edsto, \u010dasy, toky), pak v\u0161e, co ji \u010din\u00ed osobn\u00ed (design, hudba, detaily).<\/p>\n<h3>Realistick\u00fd \u010dasov\u00fd pl\u00e1n (od 12 do 2 m\u011bs\u00edc\u016f p\u0159edem)<\/h3>\n<p><strong>12\u201310 m\u011bs\u00edc\u016f p\u0159edem<\/strong><\/p>\n<ul>\n<li>V\u00fdb\u011br m\u00edsta s mo\u017enost\u00ed terasy a alternativn\u00edch prostor: po\u017e\u00e1dejte o pl\u00e1ny, skute\u010dn\u00e9 fotografie a \u0159\u00edzen\u00ed pl\u00e1nu B.<\/li>\n<li>Definice stylu (elegantn\u00ed, st\u0159edomo\u0159sk\u00fd, sou\u010dasn\u00fd) a \u00farovn\u011b form\u00e1lnosti.<\/li>\n<li>Prvn\u00ed n\u00e1vrh <strong>\u010dasov\u00e1n\u00ed svatby v Ravellu<\/strong>: ob\u0159ad, aperitiv, ve\u010de\u0159e, kr\u00e1jen\u00ed dortu, p\u00e1rty.<\/li>\n<\/ul>\n<p><strong>9\u20137 m\u011bs\u00edc\u016f p\u0159edem<\/strong><\/p>\n<ul>\n<li>V\u00fdb\u011br cateringu\/banquetingu (pokud nen\u00ed intern\u00ed) a definice konceptu menu.<\/li>\n<li>Foto\/video: na Costie\u0159e je sv\u011btlo v\u0161\u00edm, proto je t\u0159eba sladit \u010dasy a p\u0159esuny.<\/li>\n<li>Hudba: definice moment\u016f (ob\u0159ad, aperitiv, ve\u010de\u0159e, after dinner).<\/li>\n<\/ul>\n<p><strong>6\u20134 m\u011bs\u00edc\u016f p\u0159edem<\/strong><\/p>\n<ul>\n<li>Kv\u011btinov\u00fd design a v\u00fdzdoba: zam\u011b\u0159en\u00ed na sc\u00e9nick\u00e9 body (ob\u0159ad, c\u00edsa\u0159sk\u00fd nebo kulat\u00e9 stoly, oblast dortu).<\/li>\n<li>Studium tok\u016f host\u016f: p\u0159\u00edjezd, p\u0159iv\u00edt\u00e1n\u00ed, vnit\u0159n\u00ed p\u0159esuny, p\u0159\u00edpadn\u00e9 zm\u011bny prostor.<\/li>\n<li>Pozv\u00e1nky a komunikace: jasn\u00e9 pokyny ohledn\u011b oble\u010den\u00ed, obuvi, drobn\u00fdch p\u0159esun\u016f.<\/li>\n<\/ul>\n<p><strong>3\u20132 m\u011bs\u00edce p\u0159edem<\/strong><\/p>\n<ul>\n<li>Potvrzen\u00ed fin\u00e1ln\u00edho harmonogramu a \u010das\u016f hovor\u016f pro dodavatele.<\/li>\n<li>Technick\u00e9 zkou\u0161ky: zvuk na terase, osv\u011btlen\u00ed, p\u0159\u00edpadn\u00e9 mikrofonov\u00e1n\u00ed.<\/li>\n<li>Finalizace detail\u016f pohostinnosti: uv\u00edt\u00e1n\u00ed, d\u00e1rkov\u00e9 ta\u0161ky, logistick\u00e9 informace.<\/li>\n<\/ul>\n<p>Tento \u010dasov\u00fd pl\u00e1n je z\u00e1kladem: pokud je datum v hlavn\u00ed sez\u00f3n\u011b nebo pokud host\u00e9 p\u0159ij\u00ed\u017ed\u011bj\u00ed z v\u00edce zem\u00ed, je vhodn\u00e9 n\u011bkter\u00e1 rozhodnut\u00ed urychlit. C\u00edlem je m\u00edt hlavn\u00ed rozhodnut\u00ed uzav\u0159ena u\u017e m\u011bs\u00edc p\u0159edem, aby bylo mo\u017en\u00e9 se soust\u0159edit na dolad\u011bn\u00ed a koordinaci.<\/p>\n<h3>Kontroln\u00ed seznam z\u00e1kladn\u00edch dodavatel\u016f (bez p\u0159ekryv\u016f)<\/h3>\n<p>Pro akci na terase se n\u011bkte\u0159\u00ed dodavatel\u00e9 st\u00e1vaj\u00ed strategick\u00fdmi, proto\u017ee p\u0159\u00edmo ovliv\u0148uj\u00ed komfort a sc\u00e9nick\u00fd efekt:<\/p>\n<ul>\n<li><strong>Svatebn\u00ed koordin\u00e1tor\/pl\u00e1nova\u010d<\/strong>: re\u017eie \u010das\u016f, \u0159\u00edzen\u00ed dodavatel\u016f a host\u016f, pl\u00e1n B.<\/li>\n<li><strong>Catering\/banqueting<\/strong>: kvalita slu\u017eeb a schopnost pracovat v prostor\u00e1ch se specifick\u00fdmi p\u0159\u00edstupy.<\/li>\n<li><strong>V\u00fdzdoba a kv\u011btiny<\/strong>: nejen estetika, ale i funk\u010dnost (trasy, fotoz\u00f3ny, sv\u011bteln\u00e9 body).<\/li>\n<li><strong>Zvuk a osv\u011btlen\u00ed<\/strong>: nezbytn\u00e9 pro ob\u0159ad a ve\u010de\u0159i, zejm\u00e9na p\u0159i zapadaj\u00edc\u00edm sv\u011btle.<\/li>\n<li><strong>Foto\/video<\/strong>: koordinace s \u010dasov\u00fdm harmonogramem pro vyu\u017eit\u00ed nejlep\u0161\u00edho sv\u011btla bez nucen\u00fdch nekone\u010dn\u00fdch p\u00f3z.<\/li>\n<\/ul>\n<p>Praktick\u00e1 rada: vyhn\u011bte se \u201ep\u0159id\u00e1v\u00e1n\u00ed moment\u016f\u201c jen proto, \u017ee na pap\u00ed\u0159e vypadaj\u00ed hezky. Na pob\u0159e\u017e\u00ed ka\u017ed\u00fd dodate\u010dn\u00fd moment vy\u017eaduje technick\u00fd \u010das a m\u016f\u017ee zp\u016fsobit \u0159et\u011bzov\u00e9 mikro-zpo\u017ed\u011bn\u00ed. Lep\u0161\u00ed je m\u00edt m\u00e1lo moment\u016f, dob\u0159e \u0159\u00edzen\u00fdch, s plynul\u00fdmi p\u0159echody.<\/p>\n<h3>Spr\u00e1va host\u016f a p\u0159esuny: \u010dasov\u00fd pl\u00e1n za\u010d\u00edn\u00e1 cestou<\/h3>\n<p>V <strong>\u010dasov\u00e1n\u00ed svatby v Ravellu<\/strong> skute\u010dn\u00fd za\u010d\u00e1tek nen\u00ed ob\u0159ad: je to p\u0159\u00edchod host\u016f. Pokud host\u00e9 p\u0159ich\u00e1zej\u00ed v r\u016fzn\u00fdch \u010dasov\u00fdch p\u00e1smech nebo z r\u016fzn\u00fdch hotel\u016f, je pot\u0159eba jasn\u00fd pl\u00e1n p\u0159esun\u016f. Vn\u00edm\u00e1n\u00ed luxusu vznik\u00e1 i z toho: nikdo se nesm\u00ed pt\u00e1t \u201ekam m\u00e1m j\u00edt?\u201c nebo \u201ejak dlouho mi to zabere?\u201c<\/p>\n<p>Pro sn\u00ed\u017een\u00ed stresu a zpo\u017ed\u011bn\u00ed:<\/p>\n<ul>\n<li>definujte <strong>. Pokud slu\u017eba zahrnuje v\u00edce j\u00edzd, zkontrolujte dostupn\u00e1 \u010dasov\u00e1 okna v popisu slu\u017eby.<\/strong> (nebo v\u00edce m\u00edst) a okno odjezdu;<\/li>\n<li>pl\u00e1nujte rezervu na dopravu a nep\u0159edv\u00eddan\u00e9 ud\u00e1losti;<\/li>\n<li>komunikujte jednodu\u0161e: \u010das, m\u00edsto, kontaktn\u00ed osoba.<\/li>\n<\/ul>\n<h2>Rozpo\u010det a priority pro panoramatickou svatebn\u00ed terasu v Ravellu<\/h2>\n<p>Mluvit o rozpo\u010dtu neznamen\u00e1 \u201e\u0161krtat\u201c: znamen\u00e1 rozhodnout, kde investice skute\u010dn\u011b p\u0159in\u00e1\u0161\u00ed hodnotu. V <strong>svatbu v Ravellu<\/strong>, je panorama ji\u017e siln\u00fdm aktivem; rozpo\u010det by m\u011bl b\u00fdt proto zam\u011b\u0159en na v\u0161e, co \u010din\u00ed z\u00e1\u017eitek pohodln\u00fdm, konzistentn\u00edm a fotografovateln\u00fdm.<\/p>\n<h3>Hlavn\u00ed polo\u017eky k zv\u00e1\u017een\u00ed (z pohledu z\u00e1\u017eitku)<\/h3>\n<ul>\n<li><strong>Lokace a logistika<\/strong>: prostory, spr\u00e1va oblast\u00ed, doba vyu\u017eit\u00ed, p\u0159\u00edstupy a provozuschopnost.<\/li>\n<li><strong>J\u00eddlo a n\u00e1poje<\/strong>: kvalita, servis, tempo pod\u00e1v\u00e1n\u00ed j\u00eddel (z\u00e1sadn\u00ed, aby ve\u010der \u201enezhasl\u201c).<\/li>\n<li><strong>V\u00fdzdoba<\/strong>: kv\u011btiny, za\u0159\u00edzen\u00ed, stoln\u00ed \u00faprava, c\u00edlen\u00e9 sc\u00e9nografick\u00e9 prvky.<\/li>\n<li><strong>Sv\u011btla<\/strong>: na terase d\u011blaj\u00ed rozd\u00edl mezi \u201ehezk\u00e9\u201c a \u201efilmov\u00e9\u201c.<\/li>\n<li><strong>Hudba<\/strong>: hudebn\u00ed doprovod \u0159\u00edd\u00ed energii a p\u0159echody.<\/li>\n<li><strong>Foto\/video<\/strong>: vypr\u00e1v\u011bn\u00ed a pam\u011b\u0165, ale tak\u00e9 re\u017eie moment\u016f.<\/li>\n<\/ul>\n<p>Prioritou nen\u00ed m\u00edt \u201ev\u0161e\u201c, ale m\u00edt <strong>jednot\u00edc\u00ed linku<\/strong>: pokud je terasa hlavn\u00ed hv\u011bzdou, ka\u017ed\u00e1 volba by ji m\u011bla zv\u00fdraznit, ani\u017e by ji zat\u011b\u017eovala.<\/p>\n<h3>Kam investovat pro maximalizaci sc\u00e9nick\u00e9ho efektu<\/h3>\n<p>Pro maxim\u00e1ln\u00ed vyu\u017eit\u00ed <strong>panoramatick\u00e1 svatebn\u00ed terasa<\/strong>\u010dasto stoj\u00ed za to soust\u0159edit zdroje na t\u0159i oblasti:<\/p>\n<ul>\n<li><strong>ob\u0159ad<\/strong>: lehk\u00fd oblouk nebo r\u00e1m, uspo\u0159\u00e1dan\u00e1 sezen\u00ed, \u010dist\u00e1 a fotogenick\u00e1 chodba;<\/li>\n<li><strong>stoly<\/strong>: koherentn\u00ed kompozice, v\u00fd\u0161ky navr\u017een\u00e9 tak, aby \u201enep\u0159eru\u0161ovaly\u201c v\u00fdhled, detaily \u010diteln\u00e9 i za soumraku;<\/li>\n<li><strong>n\u00e1vrh osv\u011btlen\u00ed<\/strong>: tepl\u00e9 sv\u011bteln\u00e9 body, sv\u00ed\u010dky\/lampiony tam, kde je to povoleno, funk\u010dn\u00ed osv\u011btlen\u00ed pro servis a bezpe\u010dnost.<\/li>\n<\/ul>\n<p>Nejlep\u0161\u00ed sc\u00e9nografie je ta, kter\u00e1 vypad\u00e1 p\u0159irozen\u011b. Na pob\u0159e\u017e\u00ed je nej\u010dast\u011bj\u0161\u00ed chybou sout\u011b\u017eit s panoramatem m\u00edsto jeho r\u00e1mov\u00e1n\u00ed.<\/p>\n<h3>Chyby, kter\u00e9 zvy\u0161uj\u00ed n\u00e1klady (ani\u017e by zlep\u0161ily ud\u00e1lost)<\/h3>\n<ul>\n<li><strong>P\u0159\u00edli\u0161 st\u00edsn\u011bn\u00fd \u010dasov\u00fd pl\u00e1n<\/strong>: v\u00edce b\u011bh\u016f = v\u00edce person\u00e1lu a v\u00edce stresu.<\/li>\n<li><strong>P\u0159\u00edli\u0161 mnoho zm\u011bn oblasti<\/strong>: ka\u017ed\u00fd p\u0159esun vy\u017eaduje p\u0159estavby a koordinaci.<\/li>\n<li><strong>Estetick\u00e9 volby neslu\u010diteln\u00e9<\/strong> s v\u011btrem, prostory a povrchy terasy.<\/li>\n<li><strong>Pozdn\u00ed komunikace<\/strong> dodavatel\u016fm: zm\u011bny na posledn\u00ed chv\u00edli mohou b\u00fdt komplikovan\u00e9.<\/li>\n<\/ul>\n<p>Dobr\u00fd projekt zabra\u0148uje pl\u00fdtv\u00e1n\u00ed, proto\u017ee eliminuje to, co nen\u00ed pot\u0159eba pro vypr\u00e1v\u011bn\u00ed. A jasn\u00e9 vypr\u00e1v\u011bn\u00ed je to, co \u010din\u00ed svatbu opravdu nezapomenutelnou.<\/p>\n<h2>Pl\u00e1n B a \u0159\u00edzen\u00ed rizik pro svatbu v Ravellu na terase<\/h2>\n<p>Na pob\u0159e\u017e\u00ed nen\u00ed Pl\u00e1n B detailem: je sou\u010d\u00e1st\u00ed elegance. V\u011bd\u011bt, \u017ee existuje alternativn\u00ed \u0159e\u0161en\u00ed, uklid\u0148uje v\u0161echny (p\u00e1r, hosty, dodavatele) a umo\u017e\u0148uje pro\u017e\u00edt den s lehkost\u00ed. Dob\u0159e <strong>\u010dasov\u00e1n\u00ed svatby v Ravellu<\/strong> navr\u017een\u00fd zahrnuje ji\u017e varianty, ani\u017e by naru\u0161il z\u00e1\u017eitek.<\/p>\n<h3>Po\u010das\u00ed: v\u011brohodn\u00e9 alternativy, ne \u00fastupky<\/h3>\n<p>Po\u010das\u00ed se m\u016f\u017ee rychle zm\u011bnit a terasa je definic\u00ed vystavena. Nejefektivn\u011bj\u0161\u00ed alternativy jsou ty, kter\u00e9:<\/p>\n<ul>\n<li>udr\u017euj\u00ed <strong>kontinuita<\/strong> mezi ob\u0159adem a ve\u010de\u0159\u00ed;<\/li>\n<li>nevy\u017eaduj\u00ed dlouh\u00e9 p\u0159esuny host\u016f;<\/li>\n<li>jsou ji\u017e p\u0159ipraven\u00e9 (nebo p\u0159ipraviteln\u00e9) s technicky kompatibiln\u00edmi \u010dasy.<\/li>\n<\/ul>\n<p>V\u017edy po\u017e\u00e1dejte o prohl\u00eddku alternativn\u00edho prostoru a pochopen\u00ed, jak se zm\u011bn\u00ed estetika: sv\u011btlo, v\u00fd\u0161ky, akustika, trasy. Pokud nen\u00ed n\u011bjak\u00fd detail jist\u00fd (nap\u0159\u00edklad mo\u017enost kryt\u00ed nebo vyu\u017eit\u00ed vnit\u0159n\u00ed m\u00edstnosti), <strong>ov\u011b\u0159te v produktov\u00e9m listu<\/strong> nebo v ofici\u00e1ln\u00ed nab\u00eddce m\u00edsta.<\/p>\n<h3>Povolen\u00ed a omezen\u00ed m\u00edsta: vyjasnit p\u0159edem, ne pozd\u011bji<\/h3>\n<p>Ka\u017ed\u00e9 za\u0159\u00edzen\u00ed m\u016f\u017ee m\u00edt specifick\u00e1 pravidla ohledn\u011b hudby, \u010das\u016f, v\u00fdzdoby, p\u0159\u00edstup\u016f a vyu\u017eit\u00ed ur\u010dit\u00fdch oblast\u00ed. Aby nedo\u0161lo k p\u0159ekvapen\u00edm:<\/p>\n<ul>\n<li>po\u017e\u00e1dejte o dokument shrnuj\u00edc\u00ed podm\u00ednky;<\/li>\n<li>sjedno\u0165te dodavatele ohledn\u011b toho, co je povoleno a co ne;<\/li>\n<li>p\u0159esn\u011b definujte oblasti: ob\u0159ad, aperitiv, ve\u010de\u0159e, dort, p\u0159\u00edpadn\u00fd tane\u010dn\u00ed moment.<\/li>\n<\/ul>\n<p>Tento krok je z\u00e1sadn\u00ed pro ochranu kvality projektu a udr\u017een\u00ed realistick\u00e9ho \u010dasov\u00e9ho pl\u00e1nu.<\/p>\n<h3>Smlouvy a z\u00e1lohy: jasn\u011b ochra\u0148te projekt<\/h3>\n<p>Svatba na destinaci zahrnuje v\u00edce subjekt\u016f a \u010dasto \u0159et\u011bzec slu\u017eeb. Bez vstupu do specifick\u00fdch pr\u00e1vn\u00edch aspekt\u016f je dobrou prax\u00ed m\u00edt jasn\u00e9 dohody o:<\/p>\n<ul>\n<li>co je zahrnuto a co je extra;<\/li>\n<li>term\u00ednech plateb a podm\u00ednk\u00e1ch zm\u011bn;<\/li>\n<li>co se stane v p\u0159\u00edpad\u011b zm\u011bn po\u010das\u00ed nebo sn\u00ed\u017een\u00ed\/zv\u00fd\u0161en\u00ed po\u010dtu host\u016f.<\/li>\n<\/ul>\n<p>Jasnost ve smlouv\u00e1ch nen\u00ed byrokracie: je to provozn\u00ed klid. A klid je to, co umo\u017e\u0148uje skute\u010dn\u011b si den u\u017e\u00edt.<\/p>\n<h2>Z\u00e1\u017eitek host\u016f na Amalfsk\u00e9m pob\u0159e\u017e\u00ed: p\u0159iv\u00edt\u00e1n\u00ed, doprava a komunikace<\/h2>\n<p>U svatby na destinaci je z\u00e1\u017eitek host\u016f sou\u010d\u00e1st\u00ed \u201eano\u201c. Ravello je n\u00e1dhern\u00e9, ale vy\u017eaduje p\u00e9\u010di o praktick\u00e9 detaily. Kdy\u017e je pohostinnost dob\u0159e navr\u017eena, host\u00e9 se c\u00edt\u00ed veden\u00ed, ani\u017e by se c\u00edtili \u201e\u0159\u00edzeni\u201c.<\/p>\n<h3>Moment p\u0159iv\u00edt\u00e1n\u00ed, aktivity a pohostinnost (bez zat\u00ed\u017een\u00ed programu)<\/h3>\n<p>Efektivn\u00ed n\u00e1pad je vytvo\u0159it lehk\u00e9 a konzistentn\u00ed p\u0159iv\u00edt\u00e1n\u00ed se stylem ud\u00e1losti:<\/p>\n<ul>\n<li><strong>welcome moment<\/strong> neform\u00e1ln\u00ed (p\u0159ed nebo den p\u0159edem), u\u017eite\u010dn\u00e9 pro setk\u00e1n\u00ed host\u016f;<\/li>\n<li>mal\u00e9 dobrovoln\u00e9 aktivity: proch\u00e1zka, n\u00e1v\u0161t\u011bva, doporu\u010den\u00fd voln\u00fd \u010das;<\/li>\n<li>pozornosti na pokoji nebo v hotelu (pokud jsou pl\u00e1nov\u00e1ny): pozn\u00e1mka s jasn\u00fdmi informacemi a u\u017eite\u010dn\u00fdmi kontakty.<\/li>\n<\/ul>\n<p>Tajemstv\u00ed je nenapl\u0148ovat ka\u017ed\u00fd okam\u017eik: na pob\u0159e\u017e\u00ed je luxus m\u00edt \u010das se rozhl\u00e9dnout kolem.<\/p>\n<h3>Doprava, kyvadlov\u00e9 autobusy, parkov\u00e1n\u00ed: sni\u017eov\u00e1n\u00ed t\u0159en\u00ed<\/h3>\n<p>Pro <strong>svatbu v Ravellu<\/strong>, p\u0159esuny jsou \u010dasto prvkem ur\u010duj\u00edc\u00edm dochvilnost a n\u00e1ladu. Pokud pl\u00e1nujete kyvadlov\u00e9 autobusy nebo vyhrazen\u00e1 auta, sestavte \u010dasov\u00fd pl\u00e1n vych\u00e1zej\u00edc\u00ed z:<\/p>\n<ul>\n<li>\u010das ob\u0159adu a doporu\u010den\u00fd \u010das p\u0159\u00edjezdu;<\/li>\n<li>\u010dasov\u00e9 okno odjezdu z hotel\u016f;<\/li>\n<li>pl\u00e1n n\u00e1vratu (zejm\u00e9na po ve\u010de\u0159i a z\u00e1v\u011bre\u010dn\u00fdch momentech).<\/li>\n<\/ul>\n<p>Pokud n\u011bkte\u0159\u00ed host\u00e9 p\u0159ijedou vlastn\u00edm dopravn\u00edm prost\u0159edkem, poskytn\u011bte jednoduch\u00e9 a realistick\u00e9 pokyny. Kde a jak parkovat se m\u016f\u017ee v\u00fdrazn\u011b li\u0161it podle oblasti a za\u0159\u00edzen\u00ed: <strong>ov\u011b\u0159te v produktov\u00e9m listu<\/strong> nebo v ofici\u00e1ln\u00edch pokynech m\u00edsta kon\u00e1n\u00ed.<\/p>\n<h3>Jasn\u00e9 pokyny a svatebn\u00ed web: rozd\u00edl mezi zmaten\u00edm a pohodl\u00edm<\/h3>\n<p>Dob\u0159e proveden\u00e1 komunikace je neviditeln\u00e1: funguje a basta. Svatebn\u00ed webov\u00e1 str\u00e1nka (nebo dob\u0159e naform\u00e1tovan\u00fd digit\u00e1ln\u00ed dokument) m\u016f\u017ee obsahovat:<\/p>\n<ul>\n<li>stru\u010dn\u00fd program v\u00edkendu;<\/li>\n<li>dress code a praktick\u00e9 tipy (boty, ve\u010dern\u00ed klima, drobn\u00e9 rady);<\/li>\n<li>mapa a u\u017eite\u010dn\u00e9 kontakty (\u0159idi\u010d, koordin\u00e1tor, referent);<\/li>\n<li>logistick\u00e9 FAQ: \u010dasy, p\u0159esuny, co d\u011blat v p\u0159\u00edpad\u011b zpo\u017ed\u011bn\u00ed.<\/li>\n<\/ul>\n<p>To sni\u017euje opakovan\u00e9 dotazy a chr\u00e1n\u00ed \u010dasov\u00fd pl\u00e1n. Jin\u00fdmi slovy: opravdu pom\u00e1h\u00e1 dodr\u017eet <strong>\u010dasov\u00e1n\u00ed svatby v Ravellu<\/strong> bez stresu.<\/p>\n<p>Pokud stav\u00edte sv\u016fj projekt a chcete kompletn\u00ed pr\u016fvodce metodou, m\u016f\u017eete za\u010d\u00edt od <a href=\"https:\/\/chiarabevents.com\/cs\/organizovat-svatbu\/\">Jak uspo\u0159\u00e1dat svatbu<\/a>, abyste spr\u00e1vn\u011b nastavili priority, toky a kreativn\u00ed volby u\u017e od za\u010d\u00e1tku.<\/p>\n<p><!--W4Y_BF_SUGGESTED_PRODUCTS--><\/p>\n<h2>Organizace ob\u0159adu a ve\u010de\u0159e v Ravellu: praktick\u00e9 rady pro dokonal\u00fd \u010dasov\u00fd pl\u00e1n<\/h2>\n<p>Kdy\u017e je c\u00edlem pro\u017e\u00edt ob\u0159ad s v\u00fdhledem a nezapomenutelnou ve\u010de\u0159i, je t\u0159eba \u010dasov\u00fd pl\u00e1n vn\u00edmat jako re\u017eii: sv\u011btlo, komfort, rytmus servisu a emotivn\u00ed momenty mus\u00ed do sebe zapadat. Zde jsou n\u011bkter\u00e9 praktick\u00e9 pokyny (kter\u00e9 je t\u0159eba p\u0159izp\u016fsobit va\u0161\u00ed lokalit\u011b a ro\u010dn\u00edmu obdob\u00ed):<\/p>\n<ul>\n<li><strong>P\u0159ed\u010dasn\u00fd p\u0159\u00edjezd host\u016f<\/strong>: je lep\u0161\u00ed m\u00edt rezervu pro p\u0159iv\u00edt\u00e1n\u00ed a usazen\u00ed, bez sp\u011bchu na za\u010d\u00e1tku.<\/li>\n<li><strong>Podstatn\u00fd a intenzivn\u00ed ob\u0159ad<\/strong>: vyv\u00e1\u017een\u00e1 d\u00e9lka, jasn\u00fd zvuk, dob\u0159e koordinovan\u00e9 vstupy.<\/li>\n<li><strong>Aperitiv bl\u00edzko ob\u0159adu<\/strong>: rychl\u00fd p\u0159echod s prvn\u00edm p\u0159\u00edpitkem, kter\u00fd \u201eodblokuje\u201c atmosf\u00e9ru.<\/li>\n<li><strong>Ve\u010de\u0159e s rytmem<\/strong>: p\u0159\u00edli\u0161 dlouh\u00e9 pauzy sni\u017euj\u00ed energii; lep\u0161\u00ed je plynul\u00fd servis dob\u0159e synchronizovan\u00fd s hudbou a proslovy.<\/li>\n<li><strong>Sc\u00e9nick\u00fd kr\u00e1jen\u00ed dortu<\/strong>: vyberte si \u00fahel pohledu a \u010das, kter\u00e9 zv\u00fdrazn\u00ed sv\u011btla a panor\u00e1ma, ani\u017e by n\u00e1hle p\u0159eru\u0161ily ve\u010der.<\/li>\n<\/ul>\n<p>V <strong>panoramatick\u00e1 svatebn\u00ed terasa<\/strong>, i v\u00edtr a ve\u010dern\u00ed teplota mohou ovlivnit komfort: p\u0159edv\u00eddat diskr\u00e9tn\u00ed \u0159e\u0161en\u00ed (bez prom\u011bny akce v technick\u00e9 nat\u00e1\u010den\u00ed) pom\u00e1h\u00e1 host\u016fm z\u016fstat p\u0159\u00edtomn\u00ed a zapojen\u00ed.<\/p>\n<h2>Chcete svatbu v Ravellu s bezchybn\u00fdm \u010dasov\u00fdm pl\u00e1nem a atmosf\u00e9rou pob\u0159e\u017e\u00ed?<\/h2>\n<p>Pokud chcete prom\u011bnit v\u00fdhled na Ravello v kompletn\u00ed z\u00e1\u017eitek\u2014s ob\u0159adem a ve\u010de\u0159\u00ed na terase, plynul\u00fdmi toky a <strong>\u010dasov\u00e1n\u00ed svatby v Ravellu<\/strong> na m\u00edru \u0161it\u00fd\u2014m\u016f\u017eete se spolehnout na profesion\u00e1ln\u00ed re\u017eii, kter\u00e1 spojuje kreativitu a logistiku. Objevte p\u0159\u00edstup a v\u011bnovan\u00e9 zdroje v sekci <a href=\"https:\/\/chiarabevents.com\/cs\/organizovat-svatbu\/\">Jak uspo\u0159\u00e1dat svatbu<\/a> a za\u010dn\u011bme navrhovat konzistentn\u00ed, elegantn\u00ed a skute\u010dn\u011b pro\u017eitelnou ud\u00e1lost na Amalfit\u00e1nsk\u00e9m pob\u0159e\u017e\u00ed.<\/p>\n<section class=\"w4y-bf-related-posts\"><h2>Souvisej\u00edc\u00ed \u010dl\u00e1nky<\/h2><ul><li><a href=\"https:\/\/chiarabevents.com\/cs\/plan-b-pocasi-na-pobrezi-elegantni-interier-a-pruhledne-stany\/\">Pl\u00e1n B po\u010das\u00ed na pob\u0159e\u017e\u00ed: elegantn\u00ed interi\u00e9r a pr\u016fhledn\u00e9 stany<\/a><\/li><li><a href=\"https:\/\/chiarabevents.com\/cs\/uvitaci-vecere-na-pobrezi-format-menu-a-misto-pro-pred-svatebni-akci\/\">Uv\u00edtac\u00ed ve\u010de\u0159e na pob\u0159e\u017e\u00ed: form\u00e1t, menu a m\u00edsto pro p\u0159ed-svatebn\u00ed akci<\/a><\/li><li><a href=\"https:\/\/chiarabevents.com\/cs\/positano-logistika-hostu-schody-presuny-a-komfort-v-hlavni-sezone\/\">Positano: logistika host\u016f, schody, p\u0159esuny a komfort v hlavn\u00ed sez\u00f3n\u011b<\/a><\/li><li><a href=\"https:\/\/chiarabevents.com\/cs\/capri-vs-pobrezi-kdy-se-vyplati-jedno-nebo-druhe-podle-rozpoctu-a-stylu\/\">Capri vs pob\u0159e\u017e\u00ed: kdy se vyplat\u00ed jedno nebo druh\u00e9 podle rozpo\u010dtu a stylu<\/a><\/li><li><a href=\"https:\/\/chiarabevents.com\/cs\/svatba-na-amalfitanskem-pobrezi-jak-vybrat-misto-mezi-amalfi-ravellem-a-positanem\/\">Svatba na Amalfit\u00e1nsk\u00e9m pob\u0159e\u017e\u00ed: jak vybrat m\u00edsto mezi Amalfi, Ravellem a Positanem<\/a><\/li><\/ul><\/section>\n<hr \/>\n<h2>\u010cASTO KLADEN\u00c9 DOTAZY<\/h2>\n<div class=\"w4y-faq\">\n<h3>Jak\u00fd je nejlep\u0161\u00ed \u010dasov\u00fd harmonogram svatby v Ravellu pro ob\u0159ad na terase a ve\u010de\u0159i?<\/h3>\n<p>Obvykle funguje pl\u00e1n, kter\u00fd vyu\u017e\u00edv\u00e1 m\u011bk\u010d\u00ed sv\u011btlo pro ob\u0159ad, n\u00e1sleduje aperitiv bl\u00edzko ob\u0159adn\u00ed oblasti a vede hosty na ve\u010de\u0159i bez dlouh\u00fdch p\u0159esun\u016f. Ide\u00e1ln\u00ed \u010das z\u00e1vis\u00ed na ro\u010dn\u00edm obdob\u00ed, orientaci terasy a pravidlech m\u00edsta: zkontrolujte v produktov\u00e9m listu nebo v nab\u00eddce za\u0159\u00edzen\u00ed.<\/p>\n<h3>Jak se vyhnout zpo\u017ed\u011bn\u00edm na svatb\u011b v Ravellu, kdy\u017e host\u00e9 p\u0159ij\u00ed\u017ed\u011bj\u00ed z r\u016fzn\u00fdch hotel\u016f?<\/h3>\n<p>Definujte pl\u00e1n p\u0159epravy s m\u00edsty setk\u00e1n\u00ed, \u010dasov\u00fdm oknem odjezdu a kontaktn\u00ed osobou. V\u0161e sd\u011blte prost\u0159ednictv\u00edm svatebn\u00ed webov\u00e9 str\u00e1nky nebo jedin\u00e9ho dokumentu (\u010dasy, adresy, u\u017eite\u010dn\u00e1 \u010d\u00edsla) a zahr\u0148te \u010dasovou rezervu na dopravu a ne\u010dekan\u00e9 ud\u00e1losti.<\/p>\n<h3>Co skute\u010dn\u011b \u010din\u00ed panoramatickou terasu pro svatbu na Amalfsk\u00e9m pob\u0159e\u017e\u00ed efektivn\u00ed?<\/h3>\n<p>Nejlep\u0161\u00ed v\u00fdkon p\u0159ich\u00e1z\u00ed, kdy\u017e dekorace a stoly r\u00e1muj\u00ed v\u00fdhled, ani\u017e by ho zakr\u00fdvaly, a kdy\u017e osv\u011btlen\u00ed zv\u00fdraz\u0148uje panor\u00e1ma p\u0159i soumraku. D\u016fle\u017eit\u00e9 jsou tak\u00e9 toky: m\u00e9n\u011b zm\u011bn oblast\u00ed a rychlej\u0161\u00ed p\u0159echody zvy\u0161uj\u00ed pohodl\u00ed a vn\u00edmanou kvalitu.<\/p>\n<h3>Je v\u017edy pot\u0159eba m\u00edt z\u00e1lo\u017en\u00ed pl\u00e1n pro ob\u0159ad na terase v Ravellu?<\/h3>\n<p>Ano, proto\u017ee po\u010das\u00ed se m\u016f\u017ee zm\u011bnit a terasa je vystavena venkovn\u00edm vliv\u016fm. Ide\u00e1ln\u00ed pl\u00e1n B by nem\u011bl vypadat jako nouzov\u00e9 \u0159e\u0161en\u00ed: mus\u00ed b\u00fdt vid\u011bn a napl\u00e1nov\u00e1n p\u0159edem, s kontrolou prostor, cest, sv\u011btla a technick\u00fdch \u010das\u016f s m\u00edstem kon\u00e1n\u00ed.<\/p>\n<h3>Jak\u00e9 jsou nej\u010dast\u011bj\u0161\u00ed chyby, kter\u00e9 komplikuj\u00ed na\u010dasov\u00e1n\u00ed svatby v Ravellu?<\/h3>\n<p>Nej\u010dast\u011bj\u0161\u00ed jsou: p\u0159\u00edli\u0161 pln\u00fd program, p\u0159\u00edli\u0161 mnoho p\u0159esun\u016f mezi oblastmi, opo\u017ed\u011bn\u00e1 komunikace s dodavateli a nedostatek jasn\u00fdch pokyn\u016f pro hosty. Jednotn\u00e9 \u0159\u00edzen\u00ed a realistick\u00fd \u010dasov\u00fd pl\u00e1n pom\u00e1haj\u00ed udr\u017eet akci plynulou.<\/p>\n<\/div>\n<p><script type=\"application\/ld+json\">{\n    \"@context\": \"https:\\\/\\\/schema.org\",\n    \"@type\": \"FAQPage\",\n    \"mainEntity\": [\n        {\n            \"@type\": \"Question\",\n            \"name\": \"Qual \\u00e8 il miglior ravello wedding timing per cerimonia in terrazza e cena?\",\n            \"acceptedAnswer\": {\n                \"@type\": \"Answer\",\n                \"text\": \"In genere funziona una scaletta che sfrutta la luce pi\\u00f9 morbida per la cerimonia, segue con un aperitivo vicino all\\u2019area rito e porta gli ospiti a cena senza lunghi spostamenti. L\\u2019orario ideale dipende da stagione, esposizione della terrazza e regole della location: verifica nella scheda prodotto o nella proposta della struttura.\"\n            }\n        },\n        {\n            \"@type\": \"Question\",\n            \"name\": \"Come evitare ritardi in un matrimonio a Ravello con ospiti che arrivano da hotel diversi?\",\n            \"acceptedAnswer\": {\n                \"@type\": \"Answer\",\n                \"text\": \"Definisci un piano trasferimenti con punti di raccolta, una finestra di partenza e un contatto di riferimento. Comunica tutto con una wedding website o un documento unico (orari, indirizzi, numeri utili) e inserisci un margine di tempo per traffico e imprevisti.\"\n            }\n        },\n        {\n            \"@type\": \"Question\",\n            \"name\": \"Cosa rende davvero efficace una terrazza panoramica matrimonio in Costiera Amalfitana?\",\n            \"acceptedAnswer\": {\n                \"@type\": \"Answer\",\n                \"text\": \"La resa migliore arriva quando allestimenti e tavoli incorniciano la vista senza coprirla, e quando il lighting design valorizza il panorama al calare della luce. Anche i flussi contano: meno cambi area e transizioni pi\\u00f9 rapide aumentano comfort e qualit\\u00e0 percepita.\"\n            }\n        },\n        {\n            \"@type\": \"Question\",\n            \"name\": \"Serve sempre un Piano B per la cerimonia in terrazza a Ravello?\",\n            \"acceptedAnswer\": {\n                \"@type\": \"Answer\",\n                \"text\": \"S\\u00ec, perch\\u00e9 il meteo pu\\u00f2 cambiare e una terrazza \\u00e8 esposta. Il Piano B ideale non deve sembrare un ripiego: va visto e progettato in anticipo, verificando spazi, percorsi, luce e tempi tecnici con la location.\"\n            }\n        },\n        {\n            \"@type\": \"Question\",\n            \"name\": \"Quali sono gli errori pi\\u00f9 comuni che complicano il timing di un matrimonio a Ravello?\",\n            \"acceptedAnswer\": {\n                \"@type\": \"Answer\",\n                \"text\": \"I pi\\u00f9 frequenti sono: scaletta troppo piena, troppi spostamenti tra aree, comunicazioni tardive ai fornitori e mancanza di indicazioni chiare per gli ospiti. Una regia unica e una timeline realistica aiutano a mantenere l\\u2019evento fluido.\"\n            }\n        }\n    ]\n}<\/script><\/p>","protected":false},"excerpt":{"rendered":"<p>Ravello wedding timing: perch\u00e9 cerimonia in terrazza + cena \u00e8 un format vincente Ravello \u00e8 una delle mete pi\u00f9 desiderate della Costiera Amalfitana per chi sogna un evento elegante, curato e con un forte impatto visivo. Il motivo \u00e8 semplice: qui il paesaggio non \u00e8 \u201csfondo\u201d, ma parte integrante della regia. Una terrazza panoramica matrimonio a Ravello [&hellip;]<\/p>","protected":false},"author":4,"featured_media":35194,"comment_status":"closed","ping_status":"closed","sticky":false,"template":"","format":"standard","meta":{"footnotes":""},"categories":[432],"tags":[437,436,438],"class_list":["post-34912","post","type-post","status-publish","format-standard","has-post-thumbnail","hentry","category-costiera-amalfitana","tag-matrimonio-ravello","tag-ravello-wedding-timing","tag-terrazza-panoramica-matrimonio"],"yoast_head":"<!-- This site is optimized with the Yoast SEO Premium plugin v21.8 (Yoast SEO v27.3) - https:\/\/yoast.com\/product\/yoast-seo-premium-wordpress\/ -->\n<title>Ravello: timing perfetto tra cerimonia e cena | Chiara B Events<\/title>\n<meta name=\"description\" content=\"Guida al ravello wedding timing: cerimonia in terrazza panoramica, cena e logistica in Costiera Amalfitana. Consigli e piano B.\" \/>\n<meta name=\"robots\" content=\"index, follow, max-snippet:-1, max-image-preview:large, max-video-preview:-1\" \/>\n<link rel=\"canonical\" href=\"https:\/\/chiarabevents.com\/cs\/ravello-panoramaticke-terasy-a-perfektni-nacasovani-pro-obrad-veceri\/\" \/>\n<meta property=\"og:locale\" content=\"cs_CZ\" \/>\n<meta property=\"og:type\" content=\"article\" \/>\n<meta property=\"og:title\" content=\"Ravello: terrazze panoramiche e timing perfetto per cerimonia + cena\" \/>\n<meta property=\"og:description\" content=\"Guida al ravello wedding timing: cerimonia in terrazza panoramica, cena e logistica in Costiera Amalfitana. Consigli e piano B.\" \/>\n<meta property=\"og:url\" content=\"https:\/\/chiarabevents.com\/cs\/ravello-panoramaticke-terasy-a-perfektni-nacasovani-pro-obrad-veceri\/\" \/>\n<meta property=\"og:site_name\" content=\"ChiaraB Events Wedding Planner\" \/>\n<meta property=\"article:publisher\" content=\"https:\/\/www.facebook.com\/chiarabevent\" \/>\n<meta property=\"article:published_time\" content=\"2022-11-02T01:00:38+00:00\" \/>\n<meta property=\"article:modified_time\" content=\"2026-03-12T10:39:23+00:00\" \/>\n<meta property=\"og:image\" content=\"https:\/\/chiarabevents.com\/wp-content\/uploads\/2026\/03\/ravello-terrazze-panoramiche-e-timing-perfetto-per-cerimonia-cena-featured-20260308080047.png\" \/>\n\t<meta property=\"og:image:width\" content=\"1536\" \/>\n\t<meta property=\"og:image:height\" content=\"1024\" \/>\n\t<meta property=\"og:image:type\" content=\"image\/png\" \/>\n<meta name=\"author\" content=\"ChiaraB Blog\" \/>\n<meta name=\"twitter:card\" content=\"summary_large_image\" \/>\n<meta name=\"twitter:label1\" content=\"Written by\" \/>\n\t<meta name=\"twitter:data1\" content=\"ChiaraB Blog\" \/>\n\t<meta name=\"twitter:label2\" content=\"Est. reading time\" \/>\n\t<meta name=\"twitter:data2\" content=\"13 minutes\" \/>\n<script type=\"application\/ld+json\" class=\"yoast-schema-graph\">{\"@context\":\"https:\\\/\\\/schema.org\",\"@graph\":[{\"@type\":\"Article\",\"@id\":\"https:\\\/\\\/chiarabevents.com\\\/ravello-terrazze-panoramiche-e-timing-perfetto-per-cerimonia-cena\\\/#article\",\"isPartOf\":{\"@id\":\"https:\\\/\\\/chiarabevents.com\\\/ravello-terrazze-panoramiche-e-timing-perfetto-per-cerimonia-cena\\\/\"},\"author\":{\"name\":\"ChiaraB Blog\",\"@id\":\"https:\\\/\\\/chiarabevents.com\\\/#\\\/schema\\\/person\\\/bbb582cfce34a973ad4463736fd0b0f4\"},\"headline\":\"Ravello: terrazze panoramiche e timing perfetto per cerimonia + cena\",\"datePublished\":\"2022-11-02T01:00:38+00:00\",\"dateModified\":\"2026-03-12T10:39:23+00:00\",\"mainEntityOfPage\":{\"@id\":\"https:\\\/\\\/chiarabevents.com\\\/ravello-terrazze-panoramiche-e-timing-perfetto-per-cerimonia-cena\\\/\"},\"wordCount\":2392,\"publisher\":{\"@id\":\"https:\\\/\\\/chiarabevents.com\\\/#organization\"},\"image\":{\"@id\":\"https:\\\/\\\/chiarabevents.com\\\/ravello-terrazze-panoramiche-e-timing-perfetto-per-cerimonia-cena\\\/#primaryimage\"},\"thumbnailUrl\":\"https:\\\/\\\/chiarabevents.com\\\/wp-content\\\/uploads\\\/2026\\\/03\\\/ravello-terrazze-panoramiche-e-timing-perfetto-per-cerimonia-cena-featured-20260308080047.png\",\"keywords\":[\"matrimonio ravello\",\"ravello wedding timing\",\"terrazza panoramica matrimonio\"],\"articleSection\":[\"Costiera Amalfitana\"],\"inLanguage\":\"cs-CZ\"},{\"@type\":\"WebPage\",\"@id\":\"https:\\\/\\\/chiarabevents.com\\\/ravello-terrazze-panoramiche-e-timing-perfetto-per-cerimonia-cena\\\/\",\"url\":\"https:\\\/\\\/chiarabevents.com\\\/ravello-terrazze-panoramiche-e-timing-perfetto-per-cerimonia-cena\\\/\",\"name\":\"Ravello: timing perfetto tra cerimonia e cena | Chiara B Events\",\"isPartOf\":{\"@id\":\"https:\\\/\\\/chiarabevents.com\\\/#website\"},\"primaryImageOfPage\":{\"@id\":\"https:\\\/\\\/chiarabevents.com\\\/ravello-terrazze-panoramiche-e-timing-perfetto-per-cerimonia-cena\\\/#primaryimage\"},\"image\":{\"@id\":\"https:\\\/\\\/chiarabevents.com\\\/ravello-terrazze-panoramiche-e-timing-perfetto-per-cerimonia-cena\\\/#primaryimage\"},\"thumbnailUrl\":\"https:\\\/\\\/chiarabevents.com\\\/wp-content\\\/uploads\\\/2026\\\/03\\\/ravello-terrazze-panoramiche-e-timing-perfetto-per-cerimonia-cena-featured-20260308080047.png\",\"datePublished\":\"2022-11-02T01:00:38+00:00\",\"dateModified\":\"2026-03-12T10:39:23+00:00\",\"description\":\"Guida al ravello wedding timing: cerimonia in terrazza panoramica, cena e logistica in Costiera Amalfitana. Consigli e piano B.\",\"breadcrumb\":{\"@id\":\"https:\\\/\\\/chiarabevents.com\\\/ravello-terrazze-panoramiche-e-timing-perfetto-per-cerimonia-cena\\\/#breadcrumb\"},\"inLanguage\":\"cs-CZ\",\"potentialAction\":[{\"@type\":\"ReadAction\",\"target\":[\"https:\\\/\\\/chiarabevents.com\\\/ravello-terrazze-panoramiche-e-timing-perfetto-per-cerimonia-cena\\\/\"]}]},{\"@type\":\"ImageObject\",\"inLanguage\":\"cs-CZ\",\"@id\":\"https:\\\/\\\/chiarabevents.com\\\/ravello-terrazze-panoramiche-e-timing-perfetto-per-cerimonia-cena\\\/#primaryimage\",\"url\":\"https:\\\/\\\/chiarabevents.com\\\/wp-content\\\/uploads\\\/2026\\\/03\\\/ravello-terrazze-panoramiche-e-timing-perfetto-per-cerimonia-cena-featured-20260308080047.png\",\"contentUrl\":\"https:\\\/\\\/chiarabevents.com\\\/wp-content\\\/uploads\\\/2026\\\/03\\\/ravello-terrazze-panoramiche-e-timing-perfetto-per-cerimonia-cena-featured-20260308080047.png\",\"width\":1536,\"height\":1024,\"caption\":\"Scatto di una coppia di sposi durante il matrimonio a Ravello, con il mare e le montagne sullo sfondo, in un'atmosfera romantica e suggestiva. La scena si svolge su una terrazza con piante e decorazioni eleganti.\"},{\"@type\":\"BreadcrumbList\",\"@id\":\"https:\\\/\\\/chiarabevents.com\\\/ravello-terrazze-panoramiche-e-timing-perfetto-per-cerimonia-cena\\\/#breadcrumb\",\"itemListElement\":[{\"@type\":\"ListItem\",\"position\":1,\"name\":\"Home\",\"item\":\"https:\\\/\\\/chiarabevents.com\\\/\"},{\"@type\":\"ListItem\",\"position\":2,\"name\":\"Ravello: terrazze panoramiche e timing perfetto per cerimonia + cena\"}]},{\"@type\":\"WebSite\",\"@id\":\"https:\\\/\\\/chiarabevents.com\\\/#website\",\"url\":\"https:\\\/\\\/chiarabevents.com\\\/\",\"name\":\"ChiaraB Events Wedding Planner\",\"description\":\"Un meraviglioso percorso fatto insieme\",\"publisher\":{\"@id\":\"https:\\\/\\\/chiarabevents.com\\\/#organization\"},\"potentialAction\":[{\"@type\":\"SearchAction\",\"target\":{\"@type\":\"EntryPoint\",\"urlTemplate\":\"https:\\\/\\\/chiarabevents.com\\\/?s={search_term_string}\"},\"query-input\":{\"@type\":\"PropertyValueSpecification\",\"valueRequired\":true,\"valueName\":\"search_term_string\"}}],\"inLanguage\":\"cs-CZ\"},{\"@type\":\"Organization\",\"@id\":\"https:\\\/\\\/chiarabevents.com\\\/#organization\",\"name\":\"ChiaraB Events Wedding Planner\",\"url\":\"https:\\\/\\\/chiarabevents.com\\\/\",\"logo\":{\"@type\":\"ImageObject\",\"inLanguage\":\"cs-CZ\",\"@id\":\"https:\\\/\\\/chiarabevents.com\\\/#\\\/schema\\\/logo\\\/image\\\/\",\"url\":\"https:\\\/\\\/chiarabevents.com\\\/wp-content\\\/uploads\\\/2023\\\/12\\\/cropped-Monogramma_chiarab.png\",\"contentUrl\":\"https:\\\/\\\/chiarabevents.com\\\/wp-content\\\/uploads\\\/2023\\\/12\\\/cropped-Monogramma_chiarab.png\",\"width\":512,\"height\":512,\"caption\":\"ChiaraB Events Wedding Planner\"},\"image\":{\"@id\":\"https:\\\/\\\/chiarabevents.com\\\/#\\\/schema\\\/logo\\\/image\\\/\"},\"sameAs\":[\"https:\\\/\\\/www.facebook.com\\\/chiarabevent\",\"https:\\\/\\\/www.instagram.com\\\/chiarab_events\\\/\"]},{\"@type\":\"Person\",\"@id\":\"https:\\\/\\\/chiarabevents.com\\\/#\\\/schema\\\/person\\\/bbb582cfce34a973ad4463736fd0b0f4\",\"name\":\"ChiaraB Blog\",\"image\":{\"@type\":\"ImageObject\",\"inLanguage\":\"cs-CZ\",\"@id\":\"https:\\\/\\\/chiarabevents.com\\\/wp-content\\\/litespeed\\\/avatar\\\/1646323b4cbc3492de1328080709cacc.jpg?ver=1777061573\",\"url\":\"https:\\\/\\\/chiarabevents.com\\\/wp-content\\\/litespeed\\\/avatar\\\/1646323b4cbc3492de1328080709cacc.jpg?ver=1777061573\",\"contentUrl\":\"https:\\\/\\\/chiarabevents.com\\\/wp-content\\\/litespeed\\\/avatar\\\/1646323b4cbc3492de1328080709cacc.jpg?ver=1777061573\",\"caption\":\"ChiaraB Blog\"},\"url\":\"https:\\\/\\\/chiarabevents.com\\\/cs\\\/author\\\/chiarab-blog\\\/\"}]}<\/script>\n<!-- \/ Yoast SEO Premium plugin. -->","yoast_head_json":{"title":"Ravello: perfektn\u00ed na\u010dasov\u00e1n\u00ed mezi ceremoni\u00ed a ve\u010de\u0159\u00ed | Chiara B Events","description":"Pr\u016fvodce \u010dasov\u00e1n\u00edm svatby v Ravellu: ob\u0159ad na panoramatick\u00e9 terase, ve\u010de\u0159e a logistika na Amalfitsk\u00e9m pob\u0159e\u017e\u00ed. Tipy a pl\u00e1n B.","robots":{"index":"index","follow":"follow","max-snippet":"max-snippet:-1","max-image-preview":"max-image-preview:large","max-video-preview":"max-video-preview:-1"},"canonical":"https:\/\/chiarabevents.com\/cs\/ravello-panoramaticke-terasy-a-perfektni-nacasovani-pro-obrad-veceri\/","og_locale":"cs_CZ","og_type":"article","og_title":"Ravello: terrazze panoramiche e timing perfetto per cerimonia + cena","og_description":"Guida al ravello wedding timing: cerimonia in terrazza panoramica, cena e logistica in Costiera Amalfitana. Consigli e piano B.","og_url":"https:\/\/chiarabevents.com\/cs\/ravello-panoramaticke-terasy-a-perfektni-nacasovani-pro-obrad-veceri\/","og_site_name":"ChiaraB Events Wedding Planner","article_publisher":"https:\/\/www.facebook.com\/chiarabevent","article_published_time":"2022-11-02T01:00:38+00:00","article_modified_time":"2026-03-12T10:39:23+00:00","og_image":[{"width":1536,"height":1024,"url":"https:\/\/chiarabevents.com\/wp-content\/uploads\/2026\/03\/ravello-terrazze-panoramiche-e-timing-perfetto-per-cerimonia-cena-featured-20260308080047.png","type":"image\/png"}],"author":"ChiaraB Blog","twitter_card":"summary_large_image","twitter_misc":{"Written by":"ChiaraB Blog","Est. reading time":"13 minutes"},"schema":{"@context":"https:\/\/schema.org","@graph":[{"@type":"Article","@id":"https:\/\/chiarabevents.com\/ravello-terrazze-panoramiche-e-timing-perfetto-per-cerimonia-cena\/#article","isPartOf":{"@id":"https:\/\/chiarabevents.com\/ravello-terrazze-panoramiche-e-timing-perfetto-per-cerimonia-cena\/"},"author":{"name":"ChiaraB Blog","@id":"https:\/\/chiarabevents.com\/#\/schema\/person\/bbb582cfce34a973ad4463736fd0b0f4"},"headline":"Ravello: terrazze panoramiche e timing perfetto per cerimonia + cena","datePublished":"2022-11-02T01:00:38+00:00","dateModified":"2026-03-12T10:39:23+00:00","mainEntityOfPage":{"@id":"https:\/\/chiarabevents.com\/ravello-terrazze-panoramiche-e-timing-perfetto-per-cerimonia-cena\/"},"wordCount":2392,"publisher":{"@id":"https:\/\/chiarabevents.com\/#organization"},"image":{"@id":"https:\/\/chiarabevents.com\/ravello-terrazze-panoramiche-e-timing-perfetto-per-cerimonia-cena\/#primaryimage"},"thumbnailUrl":"https:\/\/chiarabevents.com\/wp-content\/uploads\/2026\/03\/ravello-terrazze-panoramiche-e-timing-perfetto-per-cerimonia-cena-featured-20260308080047.png","keywords":["matrimonio ravello","ravello wedding timing","terrazza panoramica matrimonio"],"articleSection":["Costiera Amalfitana"],"inLanguage":"cs-CZ"},{"@type":"WebPage","@id":"https:\/\/chiarabevents.com\/ravello-terrazze-panoramiche-e-timing-perfetto-per-cerimonia-cena\/","url":"https:\/\/chiarabevents.com\/ravello-terrazze-panoramiche-e-timing-perfetto-per-cerimonia-cena\/","name":"Ravello: perfektn\u00ed na\u010dasov\u00e1n\u00ed mezi ceremoni\u00ed a ve\u010de\u0159\u00ed | Chiara B Events","isPartOf":{"@id":"https:\/\/chiarabevents.com\/#website"},"primaryImageOfPage":{"@id":"https:\/\/chiarabevents.com\/ravello-terrazze-panoramiche-e-timing-perfetto-per-cerimonia-cena\/#primaryimage"},"image":{"@id":"https:\/\/chiarabevents.com\/ravello-terrazze-panoramiche-e-timing-perfetto-per-cerimonia-cena\/#primaryimage"},"thumbnailUrl":"https:\/\/chiarabevents.com\/wp-content\/uploads\/2026\/03\/ravello-terrazze-panoramiche-e-timing-perfetto-per-cerimonia-cena-featured-20260308080047.png","datePublished":"2022-11-02T01:00:38+00:00","dateModified":"2026-03-12T10:39:23+00:00","description":"Pr\u016fvodce \u010dasov\u00e1n\u00edm svatby v Ravellu: ob\u0159ad na panoramatick\u00e9 terase, ve\u010de\u0159e a logistika na Amalfitsk\u00e9m pob\u0159e\u017e\u00ed. Tipy a pl\u00e1n B.","breadcrumb":{"@id":"https:\/\/chiarabevents.com\/ravello-terrazze-panoramiche-e-timing-perfetto-per-cerimonia-cena\/#breadcrumb"},"inLanguage":"cs-CZ","potentialAction":[{"@type":"ReadAction","target":["https:\/\/chiarabevents.com\/ravello-terrazze-panoramiche-e-timing-perfetto-per-cerimonia-cena\/"]}]},{"@type":"ImageObject","inLanguage":"cs-CZ","@id":"https:\/\/chiarabevents.com\/ravello-terrazze-panoramiche-e-timing-perfetto-per-cerimonia-cena\/#primaryimage","url":"https:\/\/chiarabevents.com\/wp-content\/uploads\/2026\/03\/ravello-terrazze-panoramiche-e-timing-perfetto-per-cerimonia-cena-featured-20260308080047.png","contentUrl":"https:\/\/chiarabevents.com\/wp-content\/uploads\/2026\/03\/ravello-terrazze-panoramiche-e-timing-perfetto-per-cerimonia-cena-featured-20260308080047.png","width":1536,"height":1024,"caption":"Scatto di una coppia di sposi durante il matrimonio a Ravello, con il mare e le montagne sullo sfondo, in un'atmosfera romantica e suggestiva. La scena si svolge su una terrazza con piante e decorazioni eleganti."},{"@type":"BreadcrumbList","@id":"https:\/\/chiarabevents.com\/ravello-terrazze-panoramiche-e-timing-perfetto-per-cerimonia-cena\/#breadcrumb","itemListElement":[{"@type":"ListItem","position":1,"name":"Home","item":"https:\/\/chiarabevents.com\/"},{"@type":"ListItem","position":2,"name":"Ravello: terrazze panoramiche e timing perfetto per cerimonia + cena"}]},{"@type":"WebSite","@id":"https:\/\/chiarabevents.com\/#website","url":"https:\/\/chiarabevents.com\/","name":"ChiaraB Ud\u00e1losti Svatebn\u00ed pl\u00e1nova\u010d","description":"N\u00e1dhern\u00e1 spole\u010dn\u00e1 cesta","publisher":{"@id":"https:\/\/chiarabevents.com\/#organization"},"potentialAction":[{"@type":"SearchAction","target":{"@type":"EntryPoint","urlTemplate":"https:\/\/chiarabevents.com\/?s={search_term_string}"},"query-input":{"@type":"PropertyValueSpecification","valueRequired":true,"valueName":"search_term_string"}}],"inLanguage":"cs-CZ"},{"@type":"Organization","@id":"https:\/\/chiarabevents.com\/#organization","name":"ChiaraB Ud\u00e1losti Svatebn\u00ed pl\u00e1nova\u010d","url":"https:\/\/chiarabevents.com\/","logo":{"@type":"ImageObject","inLanguage":"cs-CZ","@id":"https:\/\/chiarabevents.com\/#\/schema\/logo\/image\/","url":"https:\/\/chiarabevents.com\/wp-content\/uploads\/2023\/12\/cropped-Monogramma_chiarab.png","contentUrl":"https:\/\/chiarabevents.com\/wp-content\/uploads\/2023\/12\/cropped-Monogramma_chiarab.png","width":512,"height":512,"caption":"ChiaraB Events Wedding Planner"},"image":{"@id":"https:\/\/chiarabevents.com\/#\/schema\/logo\/image\/"},"sameAs":["https:\/\/www.facebook.com\/chiarabevent","https:\/\/www.instagram.com\/chiarab_events\/"]},{"@type":"Person","@id":"https:\/\/chiarabevents.com\/#\/schema\/person\/bbb582cfce34a973ad4463736fd0b0f4","name":"ChiaraB Blog","image":{"@type":"ImageObject","inLanguage":"cs-CZ","@id":"https:\/\/chiarabevents.com\/wp-content\/litespeed\/avatar\/1646323b4cbc3492de1328080709cacc.jpg?ver=1777061573","url":"https:\/\/chiarabevents.com\/wp-content\/litespeed\/avatar\/1646323b4cbc3492de1328080709cacc.jpg?ver=1777061573","contentUrl":"https:\/\/chiarabevents.com\/wp-content\/litespeed\/avatar\/1646323b4cbc3492de1328080709cacc.jpg?ver=1777061573","caption":"ChiaraB Blog"},"url":"https:\/\/chiarabevents.com\/cs\/author\/chiarab-blog\/"}]}},"_links":{"self":[{"href":"https:\/\/chiarabevents.com\/cs\/wp-json\/wp\/v2\/posts\/34912","targetHints":{"allow":["GET"]}}],"collection":[{"href":"https:\/\/chiarabevents.com\/cs\/wp-json\/wp\/v2\/posts"}],"about":[{"href":"https:\/\/chiarabevents.com\/cs\/wp-json\/wp\/v2\/types\/post"}],"author":[{"embeddable":true,"href":"https:\/\/chiarabevents.com\/cs\/wp-json\/wp\/v2\/users\/4"}],"replies":[{"embeddable":true,"href":"https:\/\/chiarabevents.com\/cs\/wp-json\/wp\/v2\/comments?post=34912"}],"version-history":[{"count":2,"href":"https:\/\/chiarabevents.com\/cs\/wp-json\/wp\/v2\/posts\/34912\/revisions"}],"predecessor-version":[{"id":35204,"href":"https:\/\/chiarabevents.com\/cs\/wp-json\/wp\/v2\/posts\/34912\/revisions\/35204"}],"wp:featuredmedia":[{"embeddable":true,"href":"https:\/\/chiarabevents.com\/cs\/wp-json\/wp\/v2\/media\/35194"}],"wp:attachment":[{"href":"https:\/\/chiarabevents.com\/cs\/wp-json\/wp\/v2\/media?parent=34912"}],"wp:term":[{"taxonomy":"category","embeddable":true,"href":"https:\/\/chiarabevents.com\/cs\/wp-json\/wp\/v2\/categories?post=34912"},{"taxonomy":"post_tag","embeddable":true,"href":"https:\/\/chiarabevents.com\/cs\/wp-json\/wp\/v2\/tags?post=34912"}],"curies":[{"name":"wp","href":"https:\/\/api.w.org\/{rel}","templated":true}]}}