{"id":11705,"date":"2025-08-08T01:22:10","date_gmt":"2025-08-07T23:22:10","guid":{"rendered":"https:\/\/chiarabevents.com\/?p=11705"},"modified":"2025-08-08T01:22:10","modified_gmt":"2025-08-07T23:22:10","slug":"eskuvo-a-villa-viescaban-feledhetetlen-unneplesek-a-toszkan-zoldben","status":"publish","type":"post","link":"https:\/\/chiarabevents.com\/hu\/eskuvo-a-villa-viescaban-feledhetetlen-unneplesek-a-toszkan-zoldben\/","title":{"rendered":"Esk\u00fcv\u0151 a Villa Viesc\u00e1ban: felejthetetlen \u00fcnneps\u00e9gek Toszk\u00e1na z\u00f6ldj\u00e9ben"},"content":{"rendered":"<h2>Esk\u00fcv\u0151 a Villa Viesc\u00e1ban: Feledhetetlen \u00dcnnepl\u00e9sek a Toszk\u00e1n Z\u00f6ldben<\/h2>\n<p>Esk\u00fcv\u0151 a Villa Viesc\u00e1ban. Toszk\u00e1na mindig is az egyik legkedveltebb \u00fati c\u00e9l volt a <a href=\"https:\/\/chiarabevents.com\/hu\/trendek-es-stilusok\/tengeri-eskuvok-tippek-egy-alom-esemenyhez\/\">Miut\u00e1n kiv\u00e1lasztottad az esk\u00fcv\u0151 helysz\u00edn\u00e9t, fontos r\u00e9szletes kutat\u00e1st v\u00e9gezni a helyi szolg\u00e1ltat\u00f3kr\u00f3l \u00e9s szolg\u00e1ltat\u00e1sokr\u00f3l. Keresd a fot\u00f3sokat,<\/a>, \u00e9s <strong>Villa Viesca<\/strong> t\u00f6k\u00e9letes v\u00e1laszt\u00e1s azok sz\u00e1m\u00e1ra, akik egyedi esem\u00e9nyt szeretn\u00e9nek, a z\u00f6ld dombok \u00e9s a l\u00e9legzetel\u00e1ll\u00edt\u00f3 t\u00e1jak k\u00f6z\u00f6tt ebben a r\u00e9gi\u00f3ban. A toszk\u00e1n term\u00e9szet id\u0151tlen var\u00e1zsa, a Villa Viesca t\u00f6rt\u00e9nelmi sz\u00e9ps\u00e9g\u00e9vel \u00e9s eleganci\u00e1j\u00e1val kombin\u00e1lva felejthetetlen \u00e9lm\u00e9nyt ny\u00fajt az ifj\u00fa p\u00e1rnak \u00e9s vend\u00e9geiknek.<\/p>\n<h3>Mi\u00e9rt v\u00e1lassza a Villa Viesc\u00e1t az esk\u00fcv\u0151j\u00e9hez?<\/h3>\n<p>A Villa Viesca nem csup\u00e1n egy helysz\u00edn <a href=\"https:\/\/chiarabevents.com\/hu\/trendek-es-stilusok\/eskuvo-cefaluban-a-tokeletes-keret-a-sziciliai-eskuvokhoz\/\">esk\u00fcv\u0151d<\/a>, hanem egy olyan hely, amely \u00f6tv\u00f6zi a <strong>t\u00f6rt\u00e9nelmet, eleganci\u00e1t \u00e9s moderns\u00e9get<\/strong>. Toszk\u00e1na sz\u00edv\u00e9ben tal\u00e1lhat\u00f3 villa t\u00f6k\u00e9letes egyens\u00falyt k\u00edn\u00e1l a <strong>hagyom\u00e1ny \u00e9s a kort\u00e1rs luxus k\u00f6z\u00f6tt<\/strong>, lehet\u0151s\u00e9get adva az ifj\u00fa p\u00e1rnak, hogy mesebeli esk\u00fcv\u0151t \u00e9ljen \u00e1t.<\/p>\n<ul>\n<li><strong>L\u00e9legzetel\u00e1ll\u00edt\u00f3 panor\u00e1m\u00e1k<\/strong>: A toszk\u00e1n dombokra ny\u00edl\u00f3 kil\u00e1t\u00e1s p\u00e1ratlan. Legyen sz\u00f3 szabadt\u00e9ri cerem\u00f3ni\u00e1r\u00f3l vagy naplementekor tartott fogad\u00e1sr\u00f3l, a term\u00e9szetes k\u00f6rnyezet romantikus \u00e9s var\u00e1zslatos hangulatot teremt.<\/li>\n<li><strong>T\u00f6rt\u00e9nelmi \u00e9p\u00fclet<\/strong>: A villa kertjeivel, fresk\u00f3kkal d\u00edsz\u00edtett termeivel \u00e9s teraszaival nagy vizu\u00e1lis hat\u00e1st kelt. A t\u00f6k\u00e9letesen karbantartott t\u00f6rt\u00e9nelmi \u00e9p\u00fclet exkluz\u00edv \u00e9s kifinomult l\u00e9gk\u00f6rt teremt.<\/li>\n<li><strong>Teljes testreszab\u00e1s<\/strong>: Minden esk\u00fcv\u0151 a Villa Viesc\u00e1ban egyedi. A magasan k\u00e9pzett szem\u00e9lyzet \u00e9s a <a href=\"https:\/\/chiarabevents.com\/hu\/intimebb\/\">intimebb<\/a> mint p\u00e9ld\u00e1ul <strong>Chiara Berti Events<\/strong> szervez\u0151inek tapasztalata <a href=\"https:\/\/chiarabevents.com\/hu\/blog\/\" target=\"_new\" rel=\"noopener\">(tov\u00e1bbi inform\u00e1ci\u00f3k a<\/a>Chiara Berti Events Blogon<\/li>\n<\/ul>\n<h3>) garant\u00e1lja a testreszab\u00e1st, amely t\u00fckr\u00f6zi az ifj\u00fa p\u00e1r szem\u00e9lyis\u00e9g\u00e9t \u00e9s k\u00edv\u00e1ns\u00e1gait.<\/h3>\n<p>Villa Viesca: Az Ide\u00e1lis Helysz\u00edn Toszk\u00e1nai Esk\u00fcv\u0151kh\u00f6z<\/p>\n<h4>1. <strong>Ha szabadt\u00e9ri esk\u00fcv\u0151r\u0151l \u00e1lmodik sz\u0151l\u0151\u00fcltetv\u00e9nyek \u00e9s olajfaligetek k\u00f6z\u00f6tt, vagy eleg\u00e1ns fogad\u00e1sr\u00f3l egy t\u00f6rt\u00e9nelmi teremben, a Villa Viesca minden \u00e1lmot val\u00f3ra v\u00e1lthat.<\/strong><\/h4>\n<p>A Villa Viesca k\u00fcl\u00f6nb\u00f6z\u0151 lehet\u0151s\u00e9geket k\u00edn\u00e1l a cerem\u00f3ni\u00e1ra, ak\u00e1r szabadt\u00e9ri \u00fcnnepl\u00e9st r\u00e9szes\u00edtesz el\u0151nyben a z\u00f6ldben, ak\u00e1r egy intimebb k\u00f6rnyezetet a villa eleg\u00e1ns termeiben. A lehet\u0151s\u00e9gek a k\u00f6vetkez\u0151k:<\/p>\n<ul>\n<li><strong>Olasz kert<\/strong>: T\u00f6k\u00e9letes egy ny\u00e1ri vagy tavaszi cerem\u00f3ni\u00e1hoz, a kert romantikus t\u00e9r, gondozott s\u00f6v\u00e9nyekkel, illatos vir\u00e1gokkal \u00e9s \u00e9vsz\u00e1zados f\u00e1kkal k\u00f6r\u00fclv\u00e9ve.<\/li>\n<li><strong>Fresk\u00f3kkal d\u00edsz\u00edtett terem<\/strong>: Ha az id\u0151j\u00e1r\u00e1s nem kedvez\u0151, vagy ha ink\u00e1bb hagyom\u00e1nyosabb k\u00f6rnyezetet v\u00e1lasztan\u00e1l, a villa bels\u0151 termei, fresk\u00f3ikkal \u00e9s antik b\u00fatorzattal eleg\u00e1ns \u00e9s kifinomult l\u00e9gk\u00f6rt k\u00edn\u00e1lnak.<\/li>\n<\/ul>\n<h4>2. <strong>A fogad\u00e1s<\/strong><\/h4>\n<p>Az esk\u00fcv\u0151 egyik legfontosabb r\u00e9sze a fogad\u00e1s, \u00e9s a Villa Viesca sz\u00e1mos lehet\u0151s\u00e9get k\u00edn\u00e1l, hogy m\u00e9g a legig\u00e9nyesebb ifj\u00fa p\u00e1rt is kiel\u00e9g\u00edtse:<\/p>\n<ul>\n<li><strong>T\u00f6rt\u00e9nelmi \u00e9tkez\u0151terem<\/strong>: A villa nagy bels\u0151 \u00e9tkez\u0151termet k\u00edn\u00e1l, amely t\u00f6k\u00e9letes egy eleg\u00e1ns \u00e9s kifinomult fogad\u00e1shoz.<\/li>\n<li><strong><a href=\"https:\/\/chiarabevents.com\/hu\/utmutatok-es-tippek\/tanacsok-a-tokeletes-catering-kivalasztasahoz-a-sziciliai-eskuvodhoz\/\">Catering<\/a> magas min\u0151s\u00e9g\u0171<\/strong>: A toszk\u00e1n konyha vil\u00e1gszerte h\u00edres, \u00e9s a Villa Viesca \u00e1ltal k\u00edn\u00e1lt catering szolg\u00e1ltat\u00e1sok friss, helyi alapanyagokat haszn\u00e1lnak, hogy felejthetetlen kulin\u00e1ris \u00e9lm\u00e9nyt ny\u00fajtsanak. V\u00e1laszthatsz hagyom\u00e1nyos toszk\u00e1n \u00e9telek vagy innovat\u00edvabb, nemzetk\u00f6zi men\u00fck k\u00f6z\u00fcl.<\/li>\n<li><strong>Vacsora a szabadban<\/strong>: A melegebb h\u00f3napokban a vend\u00e9gek a csillagok alatt \u00e9lvezhetik lakom\u00e1jukat, a villa z\u00f6ldje \u00e9s eleganci\u00e1ja k\u00f6zepette.<\/li>\n<\/ul>\n<h4>3. <strong>Vend\u00e9geknek sz\u00f3l\u00f3 programok<\/strong><\/h4>\n<p>A Villa Viesc\u00e1ban tartott esk\u00fcv\u0151 nem csup\u00e1n cerem\u00f3nia \u00e9s fogad\u00e1s. A villa strat\u00e9giai elhelyezked\u00e9s\u00e9nek k\u00f6sz\u00f6nhet\u0151en a vend\u00e9gek sz\u00e1mos tev\u00e9kenys\u00e9get \u00e9lvezhetnek tart\u00f3zkod\u00e1suk alatt, t\u00f6bbek k\u00f6z\u00f6tt:<\/p>\n<ul>\n<li><strong>Kir\u00e1ndul\u00e1sok a sz\u0151l\u0151\u00fcltetv\u00e9nyek k\u00f6z\u00f6tt<\/strong>: Toszk\u00e1na h\u00edres borair\u00f3l, \u00e9s a vend\u00e9gek r\u00e9szt vehetnek helyi sz\u0151l\u0151\u00fcltetv\u00e9nyeken tartott bork\u00f3stol\u00f3kon, felfedezve a Chianti \u00e9s m\u00e1s neves c\u00edmk\u00e9k egyedi \u00edzeit.<\/li>\n<li><strong>Kultur\u00e1lis l\u00e1togat\u00e1sok<\/strong>: A Villa Viesca k\u00f6zels\u00e9ge olyan v\u00e1rosokhoz, mint Firenze \u00e9s Siena, lehet\u0151s\u00e9get k\u00edn\u00e1l kultur\u00e1lis \u00e9s turisztikai l\u00e1togat\u00e1sok szervez\u00e9s\u00e9re a tart\u00f3zkod\u00e1s alatt.<\/li>\n<li><strong>Pihen\u00e9s a vill\u00e1ban<\/strong>: Maga a villa csod\u00e1latos medenc\u00e9vel \u00e9s kertekkel rendelkezik, ahol a vend\u00e9gek pihenhetnek \u00e9s \u00e9lvezhetik a toszk\u00e1n vid\u00e9ki nyugalmat.<\/li>\n<\/ul>\n<h3>A Villa Viesca \u00e1ltal k\u00edn\u00e1lt szolg\u00e1ltat\u00e1sok<\/h3>\n<p>Annak \u00e9rdek\u00e9ben, hogy az esk\u00fcv\u0151 napja minden szempontb\u00f3l t\u00f6k\u00e9letes legyen, a Villa Viesca olyan szolg\u00e1ltat\u00e1sok sz\u00e9les sk\u00e1l\u00e1j\u00e1t k\u00edn\u00e1lja, amelyek az ifj\u00fa p\u00e1r \u00e9s vend\u00e9geik minden ig\u00e9ny\u00e9t kiel\u00e9g\u00edtik:<\/p>\n<ul>\n<li><strong>Luxus sz\u00e1ll\u00e1s<\/strong>Az ifj\u00fa p\u00e1r \u00e9s vend\u00e9geik a villa egyik luxus szob\u00e1j\u00e1ban sz\u00e1llhatnak meg, amelyek mindegyike \u00edzl\u00e9sesen berendezett \u00e9s minden modern k\u00e9nyelmi felszerel\u00e9ssel ell\u00e1tott.<\/li>\n<li><strong>Esk\u00fcv\u0151szervez\u00e9s<\/strong>: A szakma profi szakembereivel, p\u00e9ld\u00e1ul a <a href=\"https:\/\/chiarabevents.com\/hu\/blog\/\" target=\"_new\" rel=\"noopener\">Chiara Berti Events<\/a>, egy\u00fcttm\u0171k\u00f6dve a villa teljes k\u00f6r\u0171 rendezv\u00e9nyszervez\u00e9si szolg\u00e1ltat\u00e1st k\u00edn\u00e1l, a cateringt\u0151l a vir\u00e1gd\u00edsz\u00edt\u00e9sig, biztos\u00edtva, hogy minden r\u00e9szlet t\u00f6k\u00e9letesen legyen kidolgozva.<\/li>\n<li><strong>Logisztikai t\u00e1mogat\u00e1s<\/strong>: A villa teljes k\u00f6r\u0171 t\u00e1mogat\u00e1st ny\u00fajt a logisztika ter\u00e9n is, bele\u00e9rtve a sz\u00e1ll\u00edt\u00e1st, sz\u00e1ll\u00e1sokat \u00e9s a vend\u00e9gek sz\u00e1m\u00e1ra szervezett kieg\u00e9sz\u00edt\u0151 programokat.<\/li>\n<\/ul>\n<h3>Hogyan szervezz\u00fcnk esk\u00fcv\u0151t a Villa Viesc\u00e1ban<\/h3>\n<p>Az esk\u00fcv\u0151szervez\u00e9s \u00f6sszetett lehet, de a Villa Viesca v\u00e1laszt\u00e1sa azt jelenti, hogy hozz\u00e1f\u00e9rhetsz egy <a href=\"https:\/\/chiarabevents.com\/hu\/minden-eskuvo-a\/\">Minden esk\u00fcv\u0151 a<\/a> szak\u00e9rt\u0151kb\u0151l \u00e1ll\u00f3 csapathoz, amely minden r\u00e9szlettel foglalkozik. \u00cdme n\u00e9h\u00e1ny kulcsfontoss\u00e1g\u00fa l\u00e9p\u00e9s a nagy napod megtervez\u00e9s\u00e9hez:<\/p>\n<h4>1. <strong>Helysz\u00edn lefoglal\u00e1sa<\/strong><\/h4>\n<p>Az els\u0151 l\u00e9p\u00e9s, hogy kapcsolatba l\u00e9pj a Villa Viesc\u00e1val, \u00e9s ellen\u0151rizd a villa el\u00e9rhet\u0151s\u00e9g\u00e9t a kiv\u00e1lasztott d\u00e1tumra. Fontos, hogy id\u0151ben foglalj, k\u00fcl\u00f6n\u00f6sen, ha a legkeresettebb h\u00f3napokban, mint m\u00e1jus, j\u00fanius vagy szeptember szeretn\u00e9l h\u00e1zasodni.<\/p>\n<h4>2. <strong>T\u00e9ma \u00e9s st\u00edlus kiv\u00e1laszt\u00e1sa<\/strong><\/h4>\n<p>A Villa Viesca egyik nagy el\u0151nye a sokoldal\u00fas\u00e1ga. Ak\u00e1r eleg\u00e1ns \u00e9s hagyom\u00e1nyos esk\u00fcv\u0151t, ak\u00e1r modernebb \u00e9s inform\u00e1lisabb esem\u00e9nyt szeretn\u00e9l, a villa szem\u00e9lyes st\u00edlusodhoz igaz\u00edthat\u00f3.<\/p>\n<h4>3. <strong>Catering szervez\u00e9se<\/strong><\/h4>\n<p>A Villa Viesca sz\u00e1mos catering lehet\u0151s\u00e9get k\u00edn\u00e1l, hogy minden \u00edzl\u00e9st kiel\u00e9g\u00edtsen. Ha szem\u00e9lyre szabott men\u00fct szeretn\u00e9l, egy\u00fcttm\u0171k\u00f6dhetsz a s\u00e9ffel, hogy olyan \u00e9teleket alkossatok, amelyek t\u00fckr\u00f6zik az \u00edzl\u00e9sedet \u00e9s gasztron\u00f3miai hagyom\u00e1nyaidat.<\/p>\n<h4>4. <strong>Sz\u00f3rakoztat\u00e1s \u00e9s zene<\/strong><\/h4>\n<p>A zene kiv\u00e1laszt\u00e1sa alapvet\u0151 a megfelel\u0151 hangulat megteremt\u00e9s\u00e9hez a cerem\u00f3nia \u00e9s a fogad\u00e1s sor\u00e1n. A Villa Viesca sz\u00e9les v\u00e1laszt\u00e9kot k\u00edn\u00e1l sz\u00f3rakoztat\u00e1sra, a klasszikus zen\u00e9szekr\u0151l az esti buli DJ-ig.<\/p>\n<h3>GYIK \u2013 Gyakran Ism\u00e9telt K\u00e9rd\u00e9sek a Villa Viesc\u00e1r\u00f3l<\/h3>\n<p><strong>1. Mekkora a Villa Viesca maxim\u00e1lis befogad\u00f3k\u00e9pess\u00e9ge egy esk\u00fcv\u0151 eset\u00e9n?<\/strong><br \/>\nA Villa Viesca 150-200 f\u0151ig k\u00e9pes esem\u00e9nyeket befogadni, a bels\u0151 \u00e9s k\u00fcls\u0151 terek elrendez\u00e9s\u00e9t\u0151l f\u00fcgg\u0151en.<\/p>\n<p><strong>2. Lehet polg\u00e1ri esk\u00fcv\u0151t szervezni a Villa Viesc\u00e1ban?<\/strong><br \/>\nIgen, hivatalos polg\u00e1ri cerem\u00f3ni\u00e1k szervezhet\u0151k a vill\u00e1n bel\u00fcl vagy a k\u00fcls\u0151 kertekben.<\/p>\n<p><strong>3. A villa k\u00edn\u00e1l-e <a href=\"https:\/\/chiarabevents.com\/hu\/\">esk\u00fcv\u0151szervez\u0151<\/a>?<\/strong><br \/>\nIgen, a Villa Viesca tapasztalt esk\u00fcv\u0151szervez\u0151kkel dolgozik egy\u00fctt, k\u00f6zt\u00fck a <strong>Chiara Berti Events<\/strong>, csapat\u00e1val, akik garant\u00e1lj\u00e1k az esk\u00fcv\u0151 minden r\u00e9szlet\u00e9nek t\u00f6k\u00e9letes megszervez\u00e9s\u00e9t.<\/p>\n<p><strong>4. Van sz\u00e1ll\u00e1s a vend\u00e9gek sz\u00e1m\u00e1ra?<\/strong><br \/>\nIgen, a vill\u00e1nak vannak luxusszob\u00e1i, amelyekben mind az ifj\u00fa p\u00e1r, mind a vend\u00e9gek megsz\u00e1llhatnak.<\/p>\n<p><strong>5. Mik a legjobb id\u0151szakok az \u00e9vben a Villa Viesc\u00e1ban t\u00f6rt\u00e9n\u0151 esk\u00fcv\u0151h\u00f6z?<\/strong><br \/>\nA tavaszi \u00e9s ny\u00e1ri h\u00f3napok, mint m\u00e1jus, j\u00fanius \u00e9s szeptember ide\u00e1lisak arra, hogy teljes m\u00e9rt\u00e9kben \u00e9lvezhess\u00fck a kertek sz\u00e9ps\u00e9g\u00e9t \u00e9s a toszk\u00e1n enyhe \u00e9ghajlatot.<\/p>\n<p><strong>6. Lehet-e szabadt\u00e9ri esk\u00fcv\u0151t szervezni?<\/strong><br \/>\nIgen, a villa t\u00e1gas szabadt\u00e9ri ter\u00fcleteket k\u00edn\u00e1l, ahol mind a cerem\u00f3ni\u00e1t, mind a fogad\u00e1st meg lehet tartani.<\/p>\n<h3>\u00d6sszegz\u00e9s<\/h3>\n<p>Egy esk\u00fcv\u0151 a <strong>Villa Viesca<\/strong> egy egyed\u00fcl\u00e1ll\u00f3 \u00e9lm\u00e9ny, amely \u00f6tv\u00f6zi Toszk\u00e1na var\u00e1zs\u00e1t egy t\u00f6rt\u00e9nelmi villa eleganci\u00e1j\u00e1val. Kiv\u00e1l\u00f3 elhelyezked\u00e9s\u00e9nek, exkluz\u00edv szolg\u00e1ltat\u00e1sainak \u00e9s a szak\u00e9rt\u0151k \u00e1ltal garant\u00e1lt kifog\u00e1stalan szervez\u00e9snek k\u00f6sz\u00f6nhet\u0151en, mint p\u00e9ld\u00e1ul <strong>Chiara Berti Events<\/strong> (tudj meg t\u00f6bbet a <a href=\"https:\/\/chiarabevents.com\/hu\/blog\/\" target=\"_new\" rel=\"noopener\">Chiara Berti Events blogj\u00e1n<\/a>), ez a helysz\u00edn ide\u00e1lis v\u00e1laszt\u00e1s azok sz\u00e1m\u00e1ra, akik egy <a href=\"https:\/\/chiarabevents.com\/hu\/utmutatok-es-tippek\/alomszeru-eskuvo-chiarab-events-wedding-planner\/\">felejthetetlen esk\u00fcv\u0151 megszervez\u00e9s\u00e9hez<\/a> szeretn\u00e9nek egy a vil\u00e1g legszebb r\u00e9gi\u00f3i k\u00f6z\u00fcl.<\/p>\n<p>A Villa Viesca v\u00e1laszt\u00e1sa azt jelenti, hogy egy tiszta <a href=\"https:\/\/chiarabevents.com\/hu\/eskuvo-a-maggiore-tonal-olaszorszag-egyik-legelbuvolobb-tava\/\">var\u00e1zslat<\/a>napot aj\u00e1nd\u00e9kozunk magunknak \u00e9s vend\u00e9geinknek, mik\u00f6zben a term\u00e9szet sz\u00e9ps\u00e9ge \u00e9s egy \u00e9vsz\u00e1zadokat mes\u00e9l\u0151 villa luxusa vesz k\u00f6r\u00fcl minket.<\/p>\n<ul>\n<li><a href=\"https:\/\/chiarabevents.com\/hu\/blog\/\" target=\"_new\" rel=\"noopener\">(tov\u00e1bbi inform\u00e1ci\u00f3k a<\/a><\/li>\n<li><a target=\"_new\" rel=\"noopener\">Toszk\u00e1na Hivatalos Turizmus Oldala<\/a><\/li>\n<\/ul>","protected":false},"excerpt":{"rendered":"<p>Matrimonio a Villa Viesca: Celebrazioni Indimenticabili tra il Verde della Toscana Matrimonio a Villa Viesca. La Toscana \u00e8 da sempre una delle destinazioni pi\u00f9 amate per i matrimoni, e Villa Viesca rappresenta la scelta perfetta per chi desidera un evento unico, immerso tra le colline verdi e i paesaggi mozzafiato di questa regione. Il fascino senza tempo [&hellip;]<\/p>","protected":false},"author":2,"featured_media":11706,"comment_status":"closed","ping_status":"closed","sticky":false,"template":"","format":"standard","meta":{"footnotes":""},"categories":[150,149,18,145],"tags":[],"class_list":["post-11705","post","type-post","status-publish","format-standard","has-post-thumbnail","hentry","category-consigli","category-party","category-photography","category-wedding"],"yoast_head":"<!-- This site is optimized with the Yoast SEO Premium plugin v21.8 (Yoast SEO v27.3) - https:\/\/yoast.com\/product\/yoast-seo-premium-wordpress\/ -->\n<title>Matrimonio a Villa Viesca - ChiaraB Events Wedding Planner<\/title>\n<meta name=\"description\" content=\"Personalizzazione totale: Ogni matrimonio a Villa Viesca \u00e8 unico. Lo staff altamente qualificato e l\u2019esperienza di organizzatori\" \/>\n<meta name=\"robots\" content=\"index, follow, max-snippet:-1, max-image-preview:large, max-video-preview:-1\" \/>\n<link rel=\"canonical\" href=\"https:\/\/chiarabevents.com\/hu\/eskuvo-a-villa-viescaban-feledhetetlen-unneplesek-a-toszkan-zoldben\/\" \/>\n<meta property=\"og:locale\" content=\"hu_HU\" \/>\n<meta property=\"og:type\" content=\"article\" \/>\n<meta property=\"og:title\" content=\"Matrimonio a Villa Viesca: celebrazioni indimenticabili tra il verde della Toscana\" \/>\n<meta property=\"og:description\" content=\"Personalizzazione totale: Ogni matrimonio a Villa Viesca \u00e8 unico. Lo staff altamente qualificato e l\u2019esperienza di organizzatori\" \/>\n<meta property=\"og:url\" content=\"https:\/\/chiarabevents.com\/hu\/eskuvo-a-villa-viescaban-feledhetetlen-unneplesek-a-toszkan-zoldben\/\" \/>\n<meta property=\"og:site_name\" content=\"ChiaraB Events Wedding Planner\" \/>\n<meta property=\"article:publisher\" content=\"https:\/\/www.facebook.com\/chiarabevent\" \/>\n<meta property=\"article:published_time\" content=\"2025-08-07T23:22:10+00:00\" \/>\n<meta property=\"og:image\" content=\"https:\/\/chiarabevents.com\/wp-content\/uploads\/2024\/09\/11064.jpg\" \/>\n\t<meta property=\"og:image:width\" content=\"1500\" \/>\n\t<meta property=\"og:image:height\" content=\"1001\" \/>\n\t<meta property=\"og:image:type\" content=\"image\/jpeg\" \/>\n<meta name=\"author\" content=\"chiaraBevents\" \/>\n<meta name=\"twitter:card\" content=\"summary_large_image\" \/>\n<meta name=\"twitter:label1\" content=\"Written by\" \/>\n\t<meta name=\"twitter:data1\" content=\"chiaraBevents\" \/>\n\t<meta name=\"twitter:label2\" content=\"Est. reading time\" \/>\n\t<meta name=\"twitter:data2\" content=\"7 minutes\" \/>\n<script type=\"application\/ld+json\" class=\"yoast-schema-graph\">{\"@context\":\"https:\\\/\\\/schema.org\",\"@graph\":[{\"@type\":\"Article\",\"@id\":\"https:\\\/\\\/chiarabevents.com\\\/es\\\/bodas-en-villa-viesca-celebraciones-inolvidables-en-medio-del-verdor-de-la-toscana\\\/#article\",\"isPartOf\":{\"@id\":\"https:\\\/\\\/chiarabevents.com\\\/es\\\/bodas-en-villa-viesca-celebraciones-inolvidables-en-medio-del-verdor-de-la-toscana\\\/\"},\"author\":{\"name\":\"chiaraBevents\",\"@id\":\"https:\\\/\\\/chiarabevents.com\\\/#\\\/schema\\\/person\\\/56d68bab0bb8a333ebb6c3277447fbd1\"},\"headline\":\"Matrimonio a Villa Viesca: celebrazioni indimenticabili tra il verde della Toscana\",\"datePublished\":\"2025-08-07T23:22:10+00:00\",\"mainEntityOfPage\":{\"@id\":\"https:\\\/\\\/chiarabevents.com\\\/es\\\/bodas-en-villa-viesca-celebraciones-inolvidables-en-medio-del-verdor-de-la-toscana\\\/\"},\"wordCount\":1230,\"publisher\":{\"@id\":\"https:\\\/\\\/chiarabevents.com\\\/#organization\"},\"image\":{\"@id\":\"https:\\\/\\\/chiarabevents.com\\\/es\\\/bodas-en-villa-viesca-celebraciones-inolvidables-en-medio-del-verdor-de-la-toscana\\\/#primaryimage\"},\"thumbnailUrl\":\"https:\\\/\\\/chiarabevents.com\\\/wp-content\\\/uploads\\\/2024\\\/09\\\/11064.jpg\",\"articleSection\":[\"Consigli\",\"Party\",\"Photography\",\"Wedding\"],\"inLanguage\":\"hu-HU\"},{\"@type\":\"WebPage\",\"@id\":\"https:\\\/\\\/chiarabevents.com\\\/es\\\/bodas-en-villa-viesca-celebraciones-inolvidables-en-medio-del-verdor-de-la-toscana\\\/\",\"url\":\"https:\\\/\\\/chiarabevents.com\\\/es\\\/bodas-en-villa-viesca-celebraciones-inolvidables-en-medio-del-verdor-de-la-toscana\\\/\",\"name\":\"Matrimonio a Villa Viesca - ChiaraB Events Wedding Planner\",\"isPartOf\":{\"@id\":\"https:\\\/\\\/chiarabevents.com\\\/#website\"},\"primaryImageOfPage\":{\"@id\":\"https:\\\/\\\/chiarabevents.com\\\/es\\\/bodas-en-villa-viesca-celebraciones-inolvidables-en-medio-del-verdor-de-la-toscana\\\/#primaryimage\"},\"image\":{\"@id\":\"https:\\\/\\\/chiarabevents.com\\\/es\\\/bodas-en-villa-viesca-celebraciones-inolvidables-en-medio-del-verdor-de-la-toscana\\\/#primaryimage\"},\"thumbnailUrl\":\"https:\\\/\\\/chiarabevents.com\\\/wp-content\\\/uploads\\\/2024\\\/09\\\/11064.jpg\",\"datePublished\":\"2025-08-07T23:22:10+00:00\",\"description\":\"Personalizzazione totale: Ogni matrimonio a Villa Viesca \u00e8 unico. Lo staff altamente qualificato e l\u2019esperienza di organizzatori\",\"breadcrumb\":{\"@id\":\"https:\\\/\\\/chiarabevents.com\\\/es\\\/bodas-en-villa-viesca-celebraciones-inolvidables-en-medio-del-verdor-de-la-toscana\\\/#breadcrumb\"},\"inLanguage\":\"hu-HU\",\"potentialAction\":[{\"@type\":\"ReadAction\",\"target\":[\"https:\\\/\\\/chiarabevents.com\\\/es\\\/bodas-en-villa-viesca-celebraciones-inolvidables-en-medio-del-verdor-de-la-toscana\\\/\"]}]},{\"@type\":\"ImageObject\",\"inLanguage\":\"hu-HU\",\"@id\":\"https:\\\/\\\/chiarabevents.com\\\/es\\\/bodas-en-villa-viesca-celebraciones-inolvidables-en-medio-del-verdor-de-la-toscana\\\/#primaryimage\",\"url\":\"https:\\\/\\\/chiarabevents.com\\\/wp-content\\\/uploads\\\/2024\\\/09\\\/11064.jpg\",\"contentUrl\":\"https:\\\/\\\/chiarabevents.com\\\/wp-content\\\/uploads\\\/2024\\\/09\\\/11064.jpg\",\"width\":1500,\"height\":1001,\"caption\":\"Coppia di sposi sul balcone di un castello bianco per un matrimonio elegante, assistenza di ChiaraB Events Wedding Planner, servizi per matrimoni di lusso.\"},{\"@type\":\"BreadcrumbList\",\"@id\":\"https:\\\/\\\/chiarabevents.com\\\/es\\\/bodas-en-villa-viesca-celebraciones-inolvidables-en-medio-del-verdor-de-la-toscana\\\/#breadcrumb\",\"itemListElement\":[{\"@type\":\"ListItem\",\"position\":1,\"name\":\"Home\",\"item\":\"https:\\\/\\\/chiarabevents.com\\\/\"},{\"@type\":\"ListItem\",\"position\":2,\"name\":\"Matrimonio a Villa Viesca: celebrazioni indimenticabili tra il verde della Toscana\"}]},{\"@type\":\"WebSite\",\"@id\":\"https:\\\/\\\/chiarabevents.com\\\/#website\",\"url\":\"https:\\\/\\\/chiarabevents.com\\\/\",\"name\":\"ChiaraB Events Wedding Planner\",\"description\":\"Un meraviglioso percorso fatto insieme\",\"publisher\":{\"@id\":\"https:\\\/\\\/chiarabevents.com\\\/#organization\"},\"potentialAction\":[{\"@type\":\"SearchAction\",\"target\":{\"@type\":\"EntryPoint\",\"urlTemplate\":\"https:\\\/\\\/chiarabevents.com\\\/?s={search_term_string}\"},\"query-input\":{\"@type\":\"PropertyValueSpecification\",\"valueRequired\":true,\"valueName\":\"search_term_string\"}}],\"inLanguage\":\"hu-HU\"},{\"@type\":\"Organization\",\"@id\":\"https:\\\/\\\/chiarabevents.com\\\/#organization\",\"name\":\"ChiaraB Events Wedding Planner\",\"url\":\"https:\\\/\\\/chiarabevents.com\\\/\",\"logo\":{\"@type\":\"ImageObject\",\"inLanguage\":\"hu-HU\",\"@id\":\"https:\\\/\\\/chiarabevents.com\\\/#\\\/schema\\\/logo\\\/image\\\/\",\"url\":\"https:\\\/\\\/chiarabevents.com\\\/wp-content\\\/uploads\\\/2023\\\/12\\\/cropped-Monogramma_chiarab.png\",\"contentUrl\":\"https:\\\/\\\/chiarabevents.com\\\/wp-content\\\/uploads\\\/2023\\\/12\\\/cropped-Monogramma_chiarab.png\",\"width\":512,\"height\":512,\"caption\":\"ChiaraB Events Wedding Planner\"},\"image\":{\"@id\":\"https:\\\/\\\/chiarabevents.com\\\/#\\\/schema\\\/logo\\\/image\\\/\"},\"sameAs\":[\"https:\\\/\\\/www.facebook.com\\\/chiarabevent\",\"https:\\\/\\\/www.instagram.com\\\/chiarab_events\\\/\"]},{\"@type\":\"Person\",\"@id\":\"https:\\\/\\\/chiarabevents.com\\\/#\\\/schema\\\/person\\\/56d68bab0bb8a333ebb6c3277447fbd1\",\"name\":\"chiaraBevents\",\"image\":{\"@type\":\"ImageObject\",\"inLanguage\":\"hu-HU\",\"@id\":\"https:\\\/\\\/chiarabevents.com\\\/wp-content\\\/litespeed\\\/avatar\\\/f906ec9340c1fbac29b7c46f79da8a29.jpg?ver=1777064310\",\"url\":\"https:\\\/\\\/chiarabevents.com\\\/wp-content\\\/litespeed\\\/avatar\\\/f906ec9340c1fbac29b7c46f79da8a29.jpg?ver=1777064310\",\"contentUrl\":\"https:\\\/\\\/chiarabevents.com\\\/wp-content\\\/litespeed\\\/avatar\\\/f906ec9340c1fbac29b7c46f79da8a29.jpg?ver=1777064310\",\"caption\":\"chiaraBevents\"},\"url\":\"https:\\\/\\\/chiarabevents.com\\\/hu\\\/author\\\/chiarabevents\\\/\"}]}<\/script>\n<!-- \/ Yoast SEO Premium plugin. -->","yoast_head_json":{"title":"Esk\u00fcv\u0151 a Villa Viesc\u00e1ban - ChiaraB Events Esk\u00fcv\u0151szervez\u0151","description":"Teljes testreszab\u00e1s: Minden esk\u00fcv\u0151 a Villa Viesc\u00e1ban egyedi. A magasan k\u00e9pzett szem\u00e9lyzet \u00e9s a szervez\u0151k tapasztalata","robots":{"index":"index","follow":"follow","max-snippet":"max-snippet:-1","max-image-preview":"max-image-preview:large","max-video-preview":"max-video-preview:-1"},"canonical":"https:\/\/chiarabevents.com\/hu\/eskuvo-a-villa-viescaban-feledhetetlen-unneplesek-a-toszkan-zoldben\/","og_locale":"hu_HU","og_type":"article","og_title":"Matrimonio a Villa Viesca: celebrazioni indimenticabili tra il verde della Toscana","og_description":"Personalizzazione totale: Ogni matrimonio a Villa Viesca \u00e8 unico. Lo staff altamente qualificato e l\u2019esperienza di organizzatori","og_url":"https:\/\/chiarabevents.com\/hu\/eskuvo-a-villa-viescaban-feledhetetlen-unneplesek-a-toszkan-zoldben\/","og_site_name":"ChiaraB Events Wedding Planner","article_publisher":"https:\/\/www.facebook.com\/chiarabevent","article_published_time":"2025-08-07T23:22:10+00:00","og_image":[{"width":1500,"height":1001,"url":"https:\/\/chiarabevents.com\/wp-content\/uploads\/2024\/09\/11064.jpg","type":"image\/jpeg"}],"author":"chiaraBevents","twitter_card":"summary_large_image","twitter_misc":{"Written by":"chiaraBevents","Est. reading time":"7 minutes"},"schema":{"@context":"https:\/\/schema.org","@graph":[{"@type":"Article","@id":"https:\/\/chiarabevents.com\/es\/bodas-en-villa-viesca-celebraciones-inolvidables-en-medio-del-verdor-de-la-toscana\/#article","isPartOf":{"@id":"https:\/\/chiarabevents.com\/es\/bodas-en-villa-viesca-celebraciones-inolvidables-en-medio-del-verdor-de-la-toscana\/"},"author":{"name":"chiaraBevents","@id":"https:\/\/chiarabevents.com\/#\/schema\/person\/56d68bab0bb8a333ebb6c3277447fbd1"},"headline":"Matrimonio a Villa Viesca: celebrazioni indimenticabili tra il verde della Toscana","datePublished":"2025-08-07T23:22:10+00:00","mainEntityOfPage":{"@id":"https:\/\/chiarabevents.com\/es\/bodas-en-villa-viesca-celebraciones-inolvidables-en-medio-del-verdor-de-la-toscana\/"},"wordCount":1230,"publisher":{"@id":"https:\/\/chiarabevents.com\/#organization"},"image":{"@id":"https:\/\/chiarabevents.com\/es\/bodas-en-villa-viesca-celebraciones-inolvidables-en-medio-del-verdor-de-la-toscana\/#primaryimage"},"thumbnailUrl":"https:\/\/chiarabevents.com\/wp-content\/uploads\/2024\/09\/11064.jpg","articleSection":["Consigli","Party","Photography","Wedding"],"inLanguage":"hu-HU"},{"@type":"WebPage","@id":"https:\/\/chiarabevents.com\/es\/bodas-en-villa-viesca-celebraciones-inolvidables-en-medio-del-verdor-de-la-toscana\/","url":"https:\/\/chiarabevents.com\/es\/bodas-en-villa-viesca-celebraciones-inolvidables-en-medio-del-verdor-de-la-toscana\/","name":"Esk\u00fcv\u0151 a Villa Viesc\u00e1ban - ChiaraB Events Esk\u00fcv\u0151szervez\u0151","isPartOf":{"@id":"https:\/\/chiarabevents.com\/#website"},"primaryImageOfPage":{"@id":"https:\/\/chiarabevents.com\/es\/bodas-en-villa-viesca-celebraciones-inolvidables-en-medio-del-verdor-de-la-toscana\/#primaryimage"},"image":{"@id":"https:\/\/chiarabevents.com\/es\/bodas-en-villa-viesca-celebraciones-inolvidables-en-medio-del-verdor-de-la-toscana\/#primaryimage"},"thumbnailUrl":"https:\/\/chiarabevents.com\/wp-content\/uploads\/2024\/09\/11064.jpg","datePublished":"2025-08-07T23:22:10+00:00","description":"Teljes testreszab\u00e1s: Minden esk\u00fcv\u0151 a Villa Viesc\u00e1ban egyedi. A magasan k\u00e9pzett szem\u00e9lyzet \u00e9s a szervez\u0151k tapasztalata","breadcrumb":{"@id":"https:\/\/chiarabevents.com\/es\/bodas-en-villa-viesca-celebraciones-inolvidables-en-medio-del-verdor-de-la-toscana\/#breadcrumb"},"inLanguage":"hu-HU","potentialAction":[{"@type":"ReadAction","target":["https:\/\/chiarabevents.com\/es\/bodas-en-villa-viesca-celebraciones-inolvidables-en-medio-del-verdor-de-la-toscana\/"]}]},{"@type":"ImageObject","inLanguage":"hu-HU","@id":"https:\/\/chiarabevents.com\/es\/bodas-en-villa-viesca-celebraciones-inolvidables-en-medio-del-verdor-de-la-toscana\/#primaryimage","url":"https:\/\/chiarabevents.com\/wp-content\/uploads\/2024\/09\/11064.jpg","contentUrl":"https:\/\/chiarabevents.com\/wp-content\/uploads\/2024\/09\/11064.jpg","width":1500,"height":1001,"caption":"Coppia di sposi sul balcone di un castello bianco per un matrimonio elegante, assistenza di ChiaraB Events Wedding Planner, servizi per matrimoni di lusso."},{"@type":"BreadcrumbList","@id":"https:\/\/chiarabevents.com\/es\/bodas-en-villa-viesca-celebraciones-inolvidables-en-medio-del-verdor-de-la-toscana\/#breadcrumb","itemListElement":[{"@type":"ListItem","position":1,"name":"Home","item":"https:\/\/chiarabevents.com\/"},{"@type":"ListItem","position":2,"name":"Matrimonio a Villa Viesca: celebrazioni indimenticabili tra il verde della Toscana"}]},{"@type":"WebSite","@id":"https:\/\/chiarabevents.com\/#website","url":"https:\/\/chiarabevents.com\/","name":"ChiaraB Esem\u00e9nyek Esk\u00fcv\u0151szervez\u0151","description":"Egy csod\u00e1latos \u00fat egy\u00fctt megt\u00e9ve","publisher":{"@id":"https:\/\/chiarabevents.com\/#organization"},"potentialAction":[{"@type":"SearchAction","target":{"@type":"EntryPoint","urlTemplate":"https:\/\/chiarabevents.com\/?s={search_term_string}"},"query-input":{"@type":"PropertyValueSpecification","valueRequired":true,"valueName":"search_term_string"}}],"inLanguage":"hu-HU"},{"@type":"Organization","@id":"https:\/\/chiarabevents.com\/#organization","name":"ChiaraB Esem\u00e9nyek Esk\u00fcv\u0151szervez\u0151","url":"https:\/\/chiarabevents.com\/","logo":{"@type":"ImageObject","inLanguage":"hu-HU","@id":"https:\/\/chiarabevents.com\/#\/schema\/logo\/image\/","url":"https:\/\/chiarabevents.com\/wp-content\/uploads\/2023\/12\/cropped-Monogramma_chiarab.png","contentUrl":"https:\/\/chiarabevents.com\/wp-content\/uploads\/2023\/12\/cropped-Monogramma_chiarab.png","width":512,"height":512,"caption":"ChiaraB Events Wedding Planner"},"image":{"@id":"https:\/\/chiarabevents.com\/#\/schema\/logo\/image\/"},"sameAs":["https:\/\/www.facebook.com\/chiarabevent","https:\/\/www.instagram.com\/chiarab_events\/"]},{"@type":"Person","@id":"https:\/\/chiarabevents.com\/#\/schema\/person\/56d68bab0bb8a333ebb6c3277447fbd1","name":"chiaraBevents","image":{"@type":"ImageObject","inLanguage":"hu-HU","@id":"https:\/\/chiarabevents.com\/wp-content\/litespeed\/avatar\/f906ec9340c1fbac29b7c46f79da8a29.jpg?ver=1777064310","url":"https:\/\/chiarabevents.com\/wp-content\/litespeed\/avatar\/f906ec9340c1fbac29b7c46f79da8a29.jpg?ver=1777064310","contentUrl":"https:\/\/chiarabevents.com\/wp-content\/litespeed\/avatar\/f906ec9340c1fbac29b7c46f79da8a29.jpg?ver=1777064310","caption":"chiaraBevents"},"url":"https:\/\/chiarabevents.com\/hu\/author\/chiarabevents\/"}]}},"_links":{"self":[{"href":"https:\/\/chiarabevents.com\/hu\/wp-json\/wp\/v2\/posts\/11705","targetHints":{"allow":["GET"]}}],"collection":[{"href":"https:\/\/chiarabevents.com\/hu\/wp-json\/wp\/v2\/posts"}],"about":[{"href":"https:\/\/chiarabevents.com\/hu\/wp-json\/wp\/v2\/types\/post"}],"author":[{"embeddable":true,"href":"https:\/\/chiarabevents.com\/hu\/wp-json\/wp\/v2\/users\/2"}],"replies":[{"embeddable":true,"href":"https:\/\/chiarabevents.com\/hu\/wp-json\/wp\/v2\/comments?post=11705"}],"version-history":[{"count":0,"href":"https:\/\/chiarabevents.com\/hu\/wp-json\/wp\/v2\/posts\/11705\/revisions"}],"wp:featuredmedia":[{"embeddable":true,"href":"https:\/\/chiarabevents.com\/hu\/wp-json\/wp\/v2\/media\/11706"}],"wp:attachment":[{"href":"https:\/\/chiarabevents.com\/hu\/wp-json\/wp\/v2\/media?parent=11705"}],"wp:term":[{"taxonomy":"category","embeddable":true,"href":"https:\/\/chiarabevents.com\/hu\/wp-json\/wp\/v2\/categories?post=11705"},{"taxonomy":"post_tag","embeddable":true,"href":"https:\/\/chiarabevents.com\/hu\/wp-json\/wp\/v2\/tags?post=11705"}],"curies":[{"name":"wp","href":"https:\/\/api.w.org\/{rel}","templated":true}]}}