{"id":11717,"date":"2024-09-02T02:45:14","date_gmt":"2024-09-02T00:45:14","guid":{"rendered":"https:\/\/chiarabevents.com\/?p=11717"},"modified":"2024-09-02T02:45:14","modified_gmt":"2024-09-02T00:45:14","slug":"eskuvo-a-villa-riviera-ban-udine-ben-egy-alomszeru-helyszin-friuli-sziveben","status":"publish","type":"post","link":"https:\/\/chiarabevents.com\/hu\/eskuvo-a-villa-riviera-ban-udine-ben-egy-alomszeru-helyszin-friuli-sziveben\/","title":{"rendered":"Esk\u00fcv\u0151 a Villa Riviera-ban Udine-ben: egy \u00e1lomszer\u0171 helysz\u00edn Friuli sz\u00edv\u00e9ben"},"content":{"rendered":"<h1>Esk\u00fcv\u0151 a Villa Riviera-ban Udine-ben: Egy \u00e1lom helysz\u00edn Friuli sz\u00edv\u00e9ben<\/h1>\n<p>Esk\u00fcv\u0151 a Villa Riviera-ban Udine-ben, amikor az ember elk\u00e9pzeli \u00e1lmai esk\u00fcv\u0151j\u00e9t, sokan egy olyan helyet \u00e1lmodnak meg, amely \u00f6tv\u00f6zi az eleganci\u00e1t, az exkluzivit\u00e1st \u00e9s egy l\u00e9legzetel\u00e1ll\u00edt\u00f3 term\u00e9szeti k\u00f6rnyezetet. <strong>Villa Riviera<\/strong> Udine-ben pontosan ezt k\u00e9pviseli. Friuli Venezia Giulia sz\u00edv\u00e9ben tal\u00e1lhat\u00f3 ez a t\u00f6rt\u00e9nelmi villa, amely ide\u00e1lis helysz\u00edn az \u00e9leted legfontosabb napj\u00e1nak meg\u00fcnnepl\u00e9s\u00e9re. Leny\u0171g\u00f6z\u0151 t\u00f6rt\u00e9nelemmel, eleg\u00e1ns terekkel \u00e9s kifog\u00e1stalan szolg\u00e1ltat\u00e1sokkal a Villa Riviera mindent k\u00edn\u00e1l, ami egy felejthetetlen esk\u00fcv\u0151h\u00f6z sz\u00fcks\u00e9ges. Ebben a cikkben minden aspektus\u00e1t felt\u00e1rjuk ennek a helysz\u00ednnek, <a href=\"https:\/\/chiarabevents.com\/hu\/trendek-es-stilusok\/eskuvo-cefaluban-a-tokeletes-keret-a-sziciliai-eskuvokhoz\/\">esk\u00fcv\u0151d<\/a>seg\u00edtve meg\u00e9rteni, mi\u00e9rt a t\u00f6k\u00e9letes v\u00e1laszt\u00e1s az esk\u00fcv\u0151dh\u00f6z.<\/p>\n<h3>Villa Riviera t\u00f6rt\u00e9nete \u00e9s jellemz\u0151i<\/h3>\n<h4>Egy mer\u00fcl\u00e9s a t\u00f6rt\u00e9nelembe<\/h4>\n<p><strong>Villa Riviera<\/strong> t\u00f6rt\u00e9nete \u00e9vsz\u00e1zadokra ny\u00falik vissza, amikor arisztokrata rezidenciak\u00e9nt \u00e9p\u00fclt Friuli sz\u00edv\u00e9ben. A villa sz\u00e1mos <a href=\"https:\/\/chiarabevents.com\/hu\/intimebb\/\">intimebb<\/a> t\u00f6rt\u00e9nelmi esem\u00e9ny tan\u00faja volt, \u00e9s t\u00f6bb nemesi csal\u00e1d otthona volt. Ma a t\u00f6rt\u00e9nelmi \u00e9p\u00edt\u00e9szet \u00e9s a modernit\u00e1s csod\u00e1latos p\u00e9ld\u00e1ja, kifinomult bels\u0151 terekkel \u00e9s gondozott kertekkel. A villa meg\u0151rzi korabeli b\u00e1j\u00e1t, mik\u00f6zben k\u00e9nyelmet \u00e9s modern szolg\u00e1ltat\u00e1sokat k\u00edn\u00e1l.<\/p>\n<h4>\u00c9p\u00edt\u00e9szet \u00e9s design<\/h4>\n<p><strong>Villa Riviera<\/strong> az \u00e9p\u00edt\u00e9szet \u00e9s a design mesterm\u0171ve. A f\u0151\u00e9p\u00fclet eleg\u00e1ns homlokzatokkal, t\u00e1gas t\u00e1rsalg\u00f3kkal \u00e9s d\u00edsz\u00edt\u0151 r\u00e9szletekkel rendelkezik, amelyek a m\u00falt \u00e9vsz\u00e1zadok m\u0171v\u00e9szet\u00e9t \u00e9s \u00e9p\u00edt\u00e9szet\u00e9t id\u00e9zik. A villa belseje \u00edzl\u00e9sesen berendezett, korabeli b\u00fatorokkal, \u00e9rt\u00e9kes sz\u0151nyegekkel \u00e9s kifinomult dekor\u00e1ci\u00f3kkal. Minden szoba \u00fagy van megtervezve, hogy bar\u00e1ts\u00e1gos \u00e9s kifinomult k\u00f6rnyezetet biztos\u00edtson, t\u00f6k\u00e9letesen alkalmas <a href=\"https:\/\/chiarabevents.com\/hu\/trendek-es-stilusok\/tengeri-eskuvok-tippek-egy-alom-esemenyhez\/\">Miut\u00e1n kiv\u00e1lasztottad az esk\u00fcv\u0151 helysz\u00edn\u00e9t, fontos r\u00e9szletes kutat\u00e1st v\u00e9gezni a helyi szolg\u00e1ltat\u00f3kr\u00f3l \u00e9s szolg\u00e1ltat\u00e1sokr\u00f3l. Keresd a fot\u00f3sokat,<\/a> \u00e9s m\u00e1s fontos \u00fcnneps\u00e9gek befogad\u00e1s\u00e1ra.<\/p>\n<p>A k\u00fcls\u0151 terek ugyanolyan leny\u0171g\u00f6z\u0151ek. A kertek apr\u00f3l\u00e9kosan gondozottak, \u00e9vsz\u00e1zados f\u00e1kkal, vir\u00e1g\u00e1gy\u00e1sokkal \u00e9s z\u00f6ld ter\u00fcletekkel, amelyek ide\u00e1lisak szabadt\u00e9ri cerem\u00f3ni\u00e1khoz \u00e9s felejthetetlen f\u00e9nyk\u00e9pekhez. A panor\u00e1m\u00e1s terasz l\u00e9legzetel\u00e1ll\u00edt\u00f3 kil\u00e1t\u00e1st ny\u00fajt a k\u00f6rnyez\u0151 t\u00e1jra, t\u00f6k\u00e9letes keretet adva az esk\u00fcv\u0151dh\u00f6z.<\/p>\n<h3>Mi\u00e9rt v\u00e1laszd a Villa Riviera-t az esk\u00fcv\u0151dh\u00f6z?<\/h3>\n<h4>Elegancia \u00e9s kifinomults\u00e1g<\/h4>\n<p>Ha eleganci\u00e1r\u00f3l \u00e9s kifinomults\u00e1gr\u00f3l van sz\u00f3, <strong>Villa Riviera<\/strong> a lista \u00e9l\u00e9n \u00e1ll. A villa a luxus \u00e9s a kifinomults\u00e1g cs\u00facsa, exkluz\u00edv helysz\u00ednt k\u00edn\u00e1lva az esk\u00fcv\u0151dh\u00f6z. A terek \u00fagy vannak kialak\u00edtva, hogy k\u00fcl\u00f6nb\u00f6z\u0151 ig\u00e9nyekhez alkalmazkodjanak, ak\u00e1r egy intim cerem\u00f3ni\u00e1t szervezel n\u00e9h\u00e1ny vend\u00e9gnek, ak\u00e1r egy nagy \u00fcnneps\u00e9get t\u00f6bb sz\u00e1z megh\u00edvottal. A t\u00f6rt\u00e9nelmi elegancia \u00e9s a modern k\u00e9nyelem kombin\u00e1ci\u00f3ja miatt a Villa Riviera kihagyhatatlan v\u00e1laszt\u00e1s.<\/p>\n<h4>K\u00edn\u00e1lt szolg\u00e1ltat\u00e1sok<\/h4>\n<p><strong>Villa Riviera<\/strong> nem csup\u00e1n \u00e1lom helysz\u00edn, hanem sz\u00e1mos exkluz\u00edv szolg\u00e1ltat\u00e1st is k\u00edn\u00e1l, hogy az esk\u00fcv\u0151d t\u00f6k\u00e9letes legyen. \u00cdme n\u00e9h\u00e1ny a villa f\u0151 szolg\u00e1ltat\u00e1sai k\u00f6z\u00fcl:<\/p>\n<ul>\n<li><strong><a href=\"https:\/\/chiarabevents.com\/hu\/utmutatok-es-tippek\/tanacsok-a-tokeletes-catering-kivalasztasahoz-a-sziciliai-eskuvodhoz\/\">Catering<\/a> Magas sz\u00ednvonal\u00fa<\/strong>Villa Riviera magas sz\u00ednvonal\u00fa s\u00e9fekkel \u00e9s catering szolg\u00e1ltat\u00f3kkal dolgozik egy\u00fctt, hogy szem\u00e9lyre szabott men\u00fct k\u00edn\u00e1ljon, amely minden kulin\u00e1ris ig\u00e9nyt kiel\u00e9g\u00edt. Ak\u00e1r hagyom\u00e1nyos friuli \u00e9teleket, ak\u00e1r nemzetk\u00f6zi konyh\u00e1t keresel, a villa cateringje leny\u0171g\u00f6zi majd t\u00e9ged \u00e9s vend\u00e9geidet.<\/li>\n<li><strong>Dekor\u00e1ci\u00f3k \u00e9s d\u00edsz\u00edt\u00e9sek<\/strong>Villa Riviera szak\u00e9rt\u0151je az egyedi dekor\u00e1ci\u00f3k \u00e9s d\u00edsz\u00edt\u00e9sek megalkot\u00e1s\u00e1nak. Sz\u00e9les v\u00e1laszt\u00e9kb\u00f3l v\u00e1laszthatsz, hogy szem\u00e9lyre szabd az esk\u00fcv\u0151d d\u00edszlet\u00e9t, a vir\u00e1gdekor\u00e1ci\u00f3kt\u00f3l a terem berendez\u00e9s\u00e9ig. <a href=\"https:\/\/chiarabevents.com\/hu\/minden-eskuvo-a\/\">Minden esk\u00fcv\u0151 a<\/a> T\u00e1mogat\u00e1s a tervez\u00e9sben<\/li>\n<li><strong>Az esk\u00fcv\u0151 megszervez\u00e9se \u00f6sszetett feladat lehet, de a Villa Riviera csapata k\u00e9szen \u00e1ll, hogy seg\u00edtsen a tervez\u00e9s minden l\u00e9p\u00e9s\u00e9ben. A besz\u00e1ll\u00edt\u00f3k kiv\u00e1laszt\u00e1s\u00e1t\u00f3l a logisztikai r\u00e9szletek kezel\u00e9s\u00e9ig szak\u00e9rt\u0151k t\u00e1mogatnak, akik minden aspektus\u00e1t gondozz\u00e1k az esk\u00fcv\u0151dnek.<\/strong>: Organizzare un matrimonio pu\u00f2 essere un compito complesso, ma il team di Villa Riviera \u00e8 pronto ad aiutarti in ogni fase della pianificazione. Dalla scelta dei fornitori alla gestione dei dettagli logistici, sarai supportato da esperti che si occuperanno di ogni aspetto del tuo matrimonio.<\/li>\n<li><strong>Fot\u00f3s \u00e9s vide\u00f3s szolg\u00e1ltat\u00e1sok<\/strong>: A Villa Riviera profi fot\u00f3sokkal \u00e9s vide\u00f3sokkal dolgozik egy\u00fctt, akik meg\u00f6r\u00f6k\u00edtik az esk\u00fcv\u0151d minden k\u00fcl\u00f6nleges pillanat\u00e1t. Magas min\u0151s\u00e9g\u0171 fot\u00f3kat \u00e9s vide\u00f3kat \u00e9lvezhetsz, amelyek lehet\u0151v\u00e9 teszik, hogy \u00fajra \u00e1t\u00e9lhesd a <a href=\"https:\/\/chiarabevents.com\/hu\/eskuvo-a-maggiore-tonal-olaszorszag-egyik-legelbuvolobb-tava\/\">k\u00fcl\u00f6nleges napotoknak<\/a> \u00f6r\u00f6kk\u00e9.<\/li>\n<\/ul>\n<h4>Az ide\u00e1lis helysz\u00edn<\/h4>\n<p>A Friuli Venezia Giulia sz\u00edv\u00e9ben tal\u00e1lhat\u00f3, <strong>Villa Riviera<\/strong> k\u00f6zponti elhelyezked\u00e9s\u00e9nek k\u00f6sz\u00f6nhet\u0151en k\u00f6nnyen megk\u00f6zel\u00edthet\u0151 k\u00fcl\u00f6nb\u00f6z\u0151 helyekr\u0151l. A villa egy var\u00e1zslatos term\u00e9szeti k\u00f6rnyezetben fekszik, amely l\u00e9legzetel\u00e1ll\u00edt\u00f3 panor\u00e1m\u00e1t \u00e9s ide\u00e1lis h\u00e1tteret k\u00edn\u00e1l az esk\u00fcv\u0151dh\u00f6z. A k\u00f6rny\u00e9k nyugalma \u00e9s sz\u00e9ps\u00e9ge romantikus \u00e9s bens\u0151s\u00e9ges l\u00e9gk\u00f6rt teremt.<\/p>\n<h3>Mit csin\u00e1lj \u00e9s mit n\u00e9zz meg a Villa Riviera k\u00f6rny\u00e9k\u00e9n<\/h3>\n<p>Ha \u00fagy d\u00f6ntesz, hogy a <strong>Villa Riviera<\/strong>helysz\u00ednen tartod az esk\u00fcv\u0151det, lehet\u0151s\u00e9ged ny\u00edlik felfedezni a k\u00f6rny\u00e9ket is. Udine \u00e9s a Friuli Venezia Giulia sz\u00e1mos l\u00e1tnival\u00f3t \u00e9s programot k\u00edn\u00e1l neked \u00e9s vend\u00e9geidnek. \u00cdme n\u00e9h\u00e1ny \u00f6tlet, mit csin\u00e1lj \u00e9s n\u00e9zz meg a k\u00f6rny\u00e9ken:<\/p>\n<h4>Fedezd fel Udine-t<\/h4>\n<p>Udine gazdag t\u00f6rt\u00e9nelemmel \u00e9s kult\u00far\u00e1val rendelkez\u0151 v\u00e1ros. A f\u0151bb l\u00e1tnival\u00f3k k\u00f6z\u00e9 tartoznak:<\/p>\n<ul>\n<li><strong>Libert\u00e0 t\u00e9r<\/strong>: Az egyik legszebb olasz t\u00e9rnek tartj\u00e1k, a Libert\u00e0 t\u00e9r Udine l\u00fcktet\u0151 sz\u00edve. Itt megcsod\u00e1lhatod a t\u00f6rt\u00e9nelmi \u00e9p\u00edt\u00e9szetet, \u00e9s \u00e9lvezheted egy k\u00e1v\u00e9z\u00f3 terasz\u00e1n a k\u00e1v\u00e9dat.<\/li>\n<li><strong>Udine v\u00e1ra<\/strong>: Ez a leny\u0171g\u00f6z\u0151 v\u00e1r panor\u00e1m\u00e1s kil\u00e1t\u00e1st ny\u00fajt a v\u00e1rosra, \u00e9s otthont ad az Udinei V\u00e1rosi M\u00fazeumnak, amely gazdag helyi m\u0171v\u00e9szeti \u00e9s t\u00f6rt\u00e9nelmi gy\u0171jtem\u00e9nyt mutat be.<\/li>\n<li><strong>Udine sz\u00e9kesegyh\u00e1z<\/strong>: Udine katedr\u00e1lisa a vall\u00e1si \u00e9p\u00edt\u00e9szet csod\u00e1latos p\u00e9ld\u00e1ja, fresk\u00f3kkal \u00e9s d\u00edsz\u00edt\u0151 r\u00e9szletekkel, amelyek a v\u00e1ros gazdag t\u00f6rt\u00e9nelm\u00e9t t\u00fckr\u00f6zik.<\/li>\n<\/ul>\n<h4>Fedezd fel Friuli term\u00e9szet\u00e9t<\/h4>\n<p>A Friuli Venezia Giulia r\u00e9gi\u00f3 leny\u0171g\u00f6z\u0151 term\u00e9szeti t\u00e1jair\u00f3l ismert. N\u00e9h\u00e1ny kihagyhatatlan hely:<\/p>\n<ul>\n<li><strong>Juliai el\u0151alpi Term\u00e9szetv\u00e9delmi Park<\/strong>: Egy v\u00e9dett ter\u00fclet, amely sz\u00e1mos t\u00fara\u00fatvonalat \u00e9s lehet\u0151s\u00e9get k\u00edn\u00e1l a vadon \u00e9l\u0151 \u00e1llatok megfigyel\u00e9s\u00e9re. Ide\u00e1lis egy pihentet\u0151 s\u00e9t\u00e1hoz vagy egy term\u00e9szetk\u00f6zeli naphoz.<\/li>\n<li><strong>Barcis-t\u00f3<\/strong>: Egy alpesi t\u00f3, amely nyugodt k\u00f6rnyezetet \u00e9s l\u00e9legzetel\u00e1ll\u00edt\u00f3 panor\u00e1m\u00e1t k\u00edn\u00e1l. T\u00f6k\u00e9letes egy egynapos kir\u00e1ndul\u00e1shoz vagy egy kis id\u0151 elt\u00f6lt\u00e9s\u00e9hez a term\u00e9szetben.<\/li>\n<li><strong>Prosecco-dombok<\/strong>: Ha borrajong\u00f3 vagy, ne hagyd ki a Prosecco-dombok megl\u00e1togat\u00e1s\u00e1t, ahol megk\u00f3stolhatod ezt a h\u00edres bort, \u00e9s felfedezheted a helyi pinc\u00e9szeteket.<\/li>\n<\/ul>\n<h3>V\u00e9lem\u00e9nyek \u00e9s \u00e9rt\u00e9kel\u00e9sek<\/h3>\n<p>Azok v\u00e9lem\u00e9nye, akik m\u00e1r megtartott\u00e1k esk\u00fcv\u0151j\u00fcket a <strong>Villa Riviera<\/strong> helysz\u00ednen mindig lelkesek. \u00cdme n\u00e9h\u00e1ny visszajelz\u00e9s, amelyek bizony\u00edtj\u00e1k, mennyire k\u00fcl\u00f6nlegess\u00e9 teheti ez a helysz\u00edn a napodat:<\/p>\n<ul>\n<li>\u201eAz esk\u00fcv\u0151nk a Villa Riviera-ban egy val\u00f3ra v\u00e1lt \u00e1lom volt. A villa teljesen elb\u0171v\u00f6l\u0151, \u00e9s a csapat kiv\u00e9telesen kezelte a r\u00e9szleteket. Minden t\u00f6k\u00e9letes volt, \u00e9s nem is k\u00edv\u00e1nhattunk jobbat.\u201d \u2013 <strong>Anna \u00e9s Marco<\/strong><\/li>\n<li>\u201eA Villa Riviera sz\u00e9ps\u00e9ge fel\u00fclm\u00falta az elv\u00e1r\u00e1sainkat. A villa minden sarka gondosan kidolgozott, \u00e9s a hangulat val\u00f3ban var\u00e1zslatos volt. A vend\u00e9gek leny\u0171g\u00f6zve voltak a helysz\u00ednt\u0151l \u00e9s a szolg\u00e1ltat\u00e1sok min\u0151s\u00e9g\u00e9t\u0151l.\u201d \u2013 <strong>Francesca \u00e9s Luigi<\/strong><\/li>\n<li>\u201eNem tudjuk el\u00e9gg\u00e9 megk\u00f6sz\u00f6nni a Villa Riviera csapat\u00e1nak, hogy ilyen k\u00fcl\u00f6nlegess\u00e9 tett\u00e9k a napunkat. A villa egy csod\u00e1latos hely, \u00e9s minden nagy szak\u00e9rtelemmel lett kezelve. Nagyon aj\u00e1nljuk ezt a helysz\u00ednt azoknak, akik mesebeli esk\u00fcv\u0151t keresnek.\u201d \u2013 <strong>Giulia \u00e9s Matteo<\/strong><\/li>\n<\/ul>\n<h3>GYIK (Gyakran Ism\u00e9telt K\u00e9rd\u00e9sek)<\/h3>\n<p><strong>1. Mekkora a Villa Riviera befogad\u00f3k\u00e9pess\u00e9ge esk\u00fcv\u0151 eset\u00e9n?<\/strong><\/p>\n<p>A Villa Riviera ak\u00e1r 200 vend\u00e9get is k\u00e9pes fogadni, a t\u00e9r elrendez\u00e9s\u00e9t\u0151l f\u00fcgg\u0151en. A villa t\u00f6bbf\u00e9le elrendez\u00e9si lehet\u0151s\u00e9get k\u00edn\u00e1l, hogy alkalmazkodjon az ig\u00e9nyeidhez.<\/p>\n<p><strong>2. Lehet-e szabadt\u00e9ri cerem\u00f3ni\u00e1t szervezni?<\/strong><\/p>\n<p>Igen, a vill\u00e1nak gy\u00f6ny\u00f6r\u0171 k\u00fclt\u00e9ri ter\u00fcletei vannak, bele\u00e9rtve kerteket \u00e9s teraszokat, amelyek ide\u00e1lisak szabadt\u00e9ri cerem\u00f3ni\u00e1khoz. V\u00e1laszthatod, hogy az esk\u00fcv\u0151det a villa kertjeinek term\u00e9szetes sz\u00e9ps\u00e9g\u00e9ben tartod.<\/p>\n<p><strong>3. A Villa Riviera k\u00edn\u00e1l catering szolg\u00e1ltat\u00e1st?<\/strong><\/p>\n<p>Term\u00e9szetesen igen. A villa magas sz\u00ednvonal\u00fa catering szolg\u00e1ltat\u00f3kkal dolgozik egy\u00fctt, akik szem\u00e9lyre szabott men\u00fct k\u00e9sz\u00edthetnek az \u00edzl\u00e9sed \u00e9s vend\u00e9geid ig\u00e9nyei szerint. Ak\u00e1r form\u00e1lis vacsor\u00e1t, ak\u00e1r inform\u00e1lis sv\u00e9dasztalt szeretn\u00e9l, k\u00fcl\u00f6nb\u00f6z\u0151 lehet\u0151s\u00e9gek \u00e1llnak rendelkez\u00e9sedre.<\/p>\n<p><strong>4. Milyen sz\u00e1ll\u00e1slehet\u0151s\u00e9gek vannak a k\u00f6zelben?<\/strong><\/p>\n<p>A Villa Riviera k\u00f6rny\u00e9k\u00e9n t\u00f6bb sz\u00e1ll\u00e1slehet\u0151s\u00e9g is tal\u00e1lhat\u00f3, bele\u00e9rtve sz\u00e1llod\u00e1kat \u00e9s panzi\u00f3kat. N\u00e9h\u00e1ny k\u00f6zeli sz\u00e1lloda: <a href=\"https:\/\/www.hotelastoriaudine.it\" target=\"_new\" rel=\"noopener\">Hotel Astoria<\/a> \u00e9s <a href=\"https:\/\/www.hotelexecutiveudine.com\" target=\"_new\" rel=\"noopener\">Hotel Executive<\/a>. Ezek a l\u00e9tes\u00edtm\u00e9nyek k\u00e9nyelmesek \u00e9s k\u00f6nnyen megk\u00f6zel\u00edthet\u0151k a vill\u00e1t\u00f3l.<\/p>\n<p><strong>5. Hogyan foglalhatok id\u0151pontot a villa megtekint\u00e9s\u00e9re?<\/strong><\/p>\n<p>Id\u0151pontot foglalhatsz a villa megtekint\u00e9s\u00e9re, ha k\u00f6zvetlen\u00fcl felveszed a kapcsolatot az irod\u00e1jukkal. A kapcsolattart\u00e1si inform\u00e1ci\u00f3kat megtal\u00e1lod a Villa Riviera hivatalos weboldal\u00e1n, vagy k\u00e9rhetsz id\u0151pontot az \u0151 <a target=\"_new\" rel=\"noopener\">online kapcsolatfelv\u00e9teli \u0171rlapjukon<\/a>.<\/p>\n<h3>Hasznos linkek<\/h3>\n<ul>\n<li><a href=\"https:\/\/chiarabevents.com\/hu\/blog\/\" target=\"_new\" rel=\"noopener\">Chiarabevents Blog<\/a>: Fedezd fel a <a href=\"https:\/\/chiarabevents.com\/hu\/blog\/\">blog<\/a> tov\u00e1bbi inform\u00e1ci\u00f3k\u00e9rt a Villa Riviera esk\u00fcv\u0151ir\u0151l \u00e9s esem\u00e9nyeir\u0151l.<\/li>\n<li><a target=\"_new\" rel=\"noopener\">Villa Virtu\u00e1lis T\u00fara<\/a>: Foglalj virtu\u00e1lis l\u00e1togat\u00e1st, hogy k\u00e9nyelmesen otthonr\u00f3l fedezhesd fel a vill\u00e1t.<\/li>\n<li><a target=\"_new\" rel=\"noopener\">Catering Szolg\u00e1ltat\u00e1sok<\/a>: Ismerd meg a Villa Riviera \u00e1ltal aj\u00e1nlott catering szolg\u00e1ltat\u00f3kat.<\/li>\n<li><a href=\"https:\/\/www.hotelastoriaudine.it\" target=\"_new\" rel=\"noopener\">Hotel Astoria<\/a>: Fedezd fel a Villa Riviera k\u00f6zel\u00e9ben tal\u00e1lhat\u00f3 sz\u00e1ll\u00e1slehet\u0151s\u00e9geket.<\/li>\n<li><a href=\"https:\/\/www.hotelexecutiveudine.com\" target=\"_new\" rel=\"noopener\">Hotel Executive<\/a>: Egy m\u00e1sik kiv\u00e1l\u00f3 lehet\u0151s\u00e9g a vend\u00e9gek elsz\u00e1ll\u00e1sol\u00e1s\u00e1ra.<\/li>\n<\/ul>\n<h3>\u00d6sszegz\u00e9s<\/h3>\n<p><strong>Villa Riviera<\/strong> Udine-ban k\u00e9ts\u00e9gtelen\u00fcl az egyik legel\u0151kel\u0151bb \u00e9s legpatin\u00e1sabb helysz\u00edn az esk\u00fcv\u0151k sz\u00e1m\u00e1ra Friuli Venezia Giuli\u00e1ban. Leny\u0171g\u00f6z\u0151 t\u00f6rt\u00e9nelm\u00e9vel, kifinomult tereivel \u00e9s hib\u00e1tlan szolg\u00e1ltat\u00e1saival ide\u00e1lis v\u00e1laszt\u00e1s azok sz\u00e1m\u00e1ra, akik egy <a href=\"https:\/\/chiarabevents.com\/hu\/utmutatok-es-tippek\/alomszeru-eskuvo-chiarab-events-wedding-planner\/\">\u00e1lomesk\u00fcv\u0151r\u0151l<\/a>. Ha exkluz\u00edv k\u00f6rnyezetre \u00e9s egy olyan \u00fcnnepl\u00e9sre v\u00e1gysz, amely minden vend\u00e9ged sz\u00edv\u00e9ben megmarad, a Villa Riviera a t\u00f6k\u00e9letes helysz\u00edn sz\u00e1modra. Ne hagyd ki a lehet\u0151s\u00e9get, hogy k\u00fcl\u00f6nleges napodat ebben a paradicsomi sarokban \u00e9ld \u00e1t Friuli sz\u00edv\u00e9ben.<\/p>","protected":false},"excerpt":{"rendered":"<p>Matrimonio a Villa Riviera a Udine: Una Location da Sogno nel Cuore del Friuli Matrimonio a Villa Riviera a Udine , quando si immagina il matrimonio dei propri sogni, molti sognano un luogo che combini eleganza, esclusivit\u00e0 e una cornice naturale mozzafiato. Villa Riviera a Udine rappresenta esattamente questo. Situata nel cuore del Friuli Venezia Giulia, questa [&hellip;]<\/p>","protected":false},"author":4,"featured_media":11718,"comment_status":"closed","ping_status":"closed","sticky":false,"template":"","format":"standard","meta":{"footnotes":""},"categories":[150,149,18,145],"tags":[],"class_list":["post-11717","post","type-post","status-publish","format-standard","has-post-thumbnail","hentry","category-consigli","category-party","category-photography","category-wedding"],"yoast_head":"<!-- This site is optimized with the Yoast SEO Premium plugin v21.8 (Yoast SEO v27.3) - https:\/\/yoast.com\/product\/yoast-seo-premium-wordpress\/ -->\n<title>Matrimonio a Villa Riviera a Udine: una location da sogno - ChiaraB Events Wedding Planner<\/title>\n<meta name=\"description\" content=\"Matrimonio a Villa Riviera a Udine , quando si immagina il matrimonio dei propri sogni, molti sognano un luogo incredibile come Villa Riviera\" \/>\n<meta name=\"robots\" content=\"index, follow, max-snippet:-1, max-image-preview:large, max-video-preview:-1\" \/>\n<link rel=\"canonical\" href=\"https:\/\/chiarabevents.com\/hu\/eskuvo-a-villa-riviera-ban-udine-ben-egy-alomszeru-helyszin-friuli-sziveben\/\" \/>\n<meta property=\"og:locale\" content=\"hu_HU\" \/>\n<meta property=\"og:type\" content=\"article\" \/>\n<meta property=\"og:title\" content=\"Matrimonio a Villa Riviera a Udine: una location da sogno nel cuore del Friuli\" \/>\n<meta property=\"og:description\" content=\"Matrimonio a Villa Riviera a Udine , quando si immagina il matrimonio dei propri sogni, molti sognano un luogo incredibile come Villa Riviera\" \/>\n<meta property=\"og:url\" content=\"https:\/\/chiarabevents.com\/hu\/eskuvo-a-villa-riviera-ban-udine-ben-egy-alomszeru-helyszin-friuli-sziveben\/\" \/>\n<meta property=\"og:site_name\" content=\"ChiaraB Events Wedding Planner\" \/>\n<meta property=\"article:publisher\" content=\"https:\/\/www.facebook.com\/chiarabevent\" \/>\n<meta property=\"article:published_time\" content=\"2024-09-02T00:45:14+00:00\" \/>\n<meta property=\"og:image\" content=\"https:\/\/chiarabevents.com\/wp-content\/uploads\/2024\/09\/28118.jpg\" \/>\n\t<meta property=\"og:image:width\" content=\"1001\" \/>\n\t<meta property=\"og:image:height\" content=\"1500\" \/>\n\t<meta property=\"og:image:type\" content=\"image\/jpeg\" \/>\n<meta name=\"author\" content=\"ChiaraB Blog\" \/>\n<meta name=\"twitter:card\" content=\"summary_large_image\" \/>\n<meta name=\"twitter:label1\" content=\"Written by\" \/>\n\t<meta name=\"twitter:data1\" content=\"ChiaraB Blog\" \/>\n\t<meta name=\"twitter:label2\" content=\"Est. reading time\" \/>\n\t<meta name=\"twitter:data2\" content=\"8 minutes\" \/>\n<script type=\"application\/ld+json\" class=\"yoast-schema-graph\">{\"@context\":\"https:\\\/\\\/schema.org\",\"@graph\":[{\"@type\":\"Article\",\"@id\":\"https:\\\/\\\/chiarabevents.com\\\/hi\\\/%e0%a4%89%e0%a4%a1%e0%a4%bf%e0%a4%a8-%e0%a4%ae%e0%a5%87%e0%a4%82-%e0%a4%b5%e0%a4%bf%e0%a4%b2%e0%a4%be-%e0%a4%b0%e0%a4%bf%e0%a4%b5%e0%a4%bf%e0%a4%8f%e0%a4%b0%e0%a4%be-%e0%a4%ae%e0%a5%87%e0%a4%82\\\/#article\",\"isPartOf\":{\"@id\":\"https:\\\/\\\/chiarabevents.com\\\/hi\\\/%e0%a4%89%e0%a4%a1%e0%a4%bf%e0%a4%a8-%e0%a4%ae%e0%a5%87%e0%a4%82-%e0%a4%b5%e0%a4%bf%e0%a4%b2%e0%a4%be-%e0%a4%b0%e0%a4%bf%e0%a4%b5%e0%a4%bf%e0%a4%8f%e0%a4%b0%e0%a4%be-%e0%a4%ae%e0%a5%87%e0%a4%82\\\/\"},\"author\":{\"name\":\"ChiaraB Blog\",\"@id\":\"https:\\\/\\\/chiarabevents.com\\\/#\\\/schema\\\/person\\\/bbb582cfce34a973ad4463736fd0b0f4\"},\"headline\":\"Matrimonio a Villa Riviera a Udine: una location da sogno nel cuore del Friuli\",\"datePublished\":\"2024-09-02T00:45:14+00:00\",\"mainEntityOfPage\":{\"@id\":\"https:\\\/\\\/chiarabevents.com\\\/hi\\\/%e0%a4%89%e0%a4%a1%e0%a4%bf%e0%a4%a8-%e0%a4%ae%e0%a5%87%e0%a4%82-%e0%a4%b5%e0%a4%bf%e0%a4%b2%e0%a4%be-%e0%a4%b0%e0%a4%bf%e0%a4%b5%e0%a4%bf%e0%a4%8f%e0%a4%b0%e0%a4%be-%e0%a4%ae%e0%a5%87%e0%a4%82\\\/\"},\"wordCount\":1457,\"publisher\":{\"@id\":\"https:\\\/\\\/chiarabevents.com\\\/#organization\"},\"image\":{\"@id\":\"https:\\\/\\\/chiarabevents.com\\\/hi\\\/%e0%a4%89%e0%a4%a1%e0%a4%bf%e0%a4%a8-%e0%a4%ae%e0%a5%87%e0%a4%82-%e0%a4%b5%e0%a4%bf%e0%a4%b2%e0%a4%be-%e0%a4%b0%e0%a4%bf%e0%a4%b5%e0%a4%bf%e0%a4%8f%e0%a4%b0%e0%a4%be-%e0%a4%ae%e0%a5%87%e0%a4%82\\\/#primaryimage\"},\"thumbnailUrl\":\"https:\\\/\\\/chiarabevents.com\\\/wp-content\\\/uploads\\\/2024\\\/09\\\/28118.jpg\",\"articleSection\":[\"Consigli\",\"Party\",\"Photography\",\"Wedding\"],\"inLanguage\":\"hu-HU\"},{\"@type\":\"WebPage\",\"@id\":\"https:\\\/\\\/chiarabevents.com\\\/hi\\\/%e0%a4%89%e0%a4%a1%e0%a4%bf%e0%a4%a8-%e0%a4%ae%e0%a5%87%e0%a4%82-%e0%a4%b5%e0%a4%bf%e0%a4%b2%e0%a4%be-%e0%a4%b0%e0%a4%bf%e0%a4%b5%e0%a4%bf%e0%a4%8f%e0%a4%b0%e0%a4%be-%e0%a4%ae%e0%a5%87%e0%a4%82\\\/\",\"url\":\"https:\\\/\\\/chiarabevents.com\\\/hi\\\/%e0%a4%89%e0%a4%a1%e0%a4%bf%e0%a4%a8-%e0%a4%ae%e0%a5%87%e0%a4%82-%e0%a4%b5%e0%a4%bf%e0%a4%b2%e0%a4%be-%e0%a4%b0%e0%a4%bf%e0%a4%b5%e0%a4%bf%e0%a4%8f%e0%a4%b0%e0%a4%be-%e0%a4%ae%e0%a5%87%e0%a4%82\\\/\",\"name\":\"Matrimonio a Villa Riviera a Udine: una location da sogno - ChiaraB Events Wedding Planner\",\"isPartOf\":{\"@id\":\"https:\\\/\\\/chiarabevents.com\\\/#website\"},\"primaryImageOfPage\":{\"@id\":\"https:\\\/\\\/chiarabevents.com\\\/hi\\\/%e0%a4%89%e0%a4%a1%e0%a4%bf%e0%a4%a8-%e0%a4%ae%e0%a5%87%e0%a4%82-%e0%a4%b5%e0%a4%bf%e0%a4%b2%e0%a4%be-%e0%a4%b0%e0%a4%bf%e0%a4%b5%e0%a4%bf%e0%a4%8f%e0%a4%b0%e0%a4%be-%e0%a4%ae%e0%a5%87%e0%a4%82\\\/#primaryimage\"},\"image\":{\"@id\":\"https:\\\/\\\/chiarabevents.com\\\/hi\\\/%e0%a4%89%e0%a4%a1%e0%a4%bf%e0%a4%a8-%e0%a4%ae%e0%a5%87%e0%a4%82-%e0%a4%b5%e0%a4%bf%e0%a4%b2%e0%a4%be-%e0%a4%b0%e0%a4%bf%e0%a4%b5%e0%a4%bf%e0%a4%8f%e0%a4%b0%e0%a4%be-%e0%a4%ae%e0%a5%87%e0%a4%82\\\/#primaryimage\"},\"thumbnailUrl\":\"https:\\\/\\\/chiarabevents.com\\\/wp-content\\\/uploads\\\/2024\\\/09\\\/28118.jpg\",\"datePublished\":\"2024-09-02T00:45:14+00:00\",\"description\":\"Matrimonio a Villa Riviera a Udine , quando si immagina il matrimonio dei propri sogni, molti sognano un luogo incredibile come Villa Riviera\",\"breadcrumb\":{\"@id\":\"https:\\\/\\\/chiarabevents.com\\\/hi\\\/%e0%a4%89%e0%a4%a1%e0%a4%bf%e0%a4%a8-%e0%a4%ae%e0%a5%87%e0%a4%82-%e0%a4%b5%e0%a4%bf%e0%a4%b2%e0%a4%be-%e0%a4%b0%e0%a4%bf%e0%a4%b5%e0%a4%bf%e0%a4%8f%e0%a4%b0%e0%a4%be-%e0%a4%ae%e0%a5%87%e0%a4%82\\\/#breadcrumb\"},\"inLanguage\":\"hu-HU\",\"potentialAction\":[{\"@type\":\"ReadAction\",\"target\":[\"https:\\\/\\\/chiarabevents.com\\\/hi\\\/%e0%a4%89%e0%a4%a1%e0%a4%bf%e0%a4%a8-%e0%a4%ae%e0%a5%87%e0%a4%82-%e0%a4%b5%e0%a4%bf%e0%a4%b2%e0%a4%be-%e0%a4%b0%e0%a4%bf%e0%a4%b5%e0%a4%bf%e0%a4%8f%e0%a4%b0%e0%a4%be-%e0%a4%ae%e0%a5%87%e0%a4%82\\\/\"]}]},{\"@type\":\"ImageObject\",\"inLanguage\":\"hu-HU\",\"@id\":\"https:\\\/\\\/chiarabevents.com\\\/hi\\\/%e0%a4%89%e0%a4%a1%e0%a4%bf%e0%a4%a8-%e0%a4%ae%e0%a5%87%e0%a4%82-%e0%a4%b5%e0%a4%bf%e0%a4%b2%e0%a4%be-%e0%a4%b0%e0%a4%bf%e0%a4%b5%e0%a4%bf%e0%a4%8f%e0%a4%b0%e0%a4%be-%e0%a4%ae%e0%a5%87%e0%a4%82\\\/#primaryimage\",\"url\":\"https:\\\/\\\/chiarabevents.com\\\/wp-content\\\/uploads\\\/2024\\\/09\\\/28118.jpg\",\"contentUrl\":\"https:\\\/\\\/chiarabevents.com\\\/wp-content\\\/uploads\\\/2024\\\/09\\\/28118.jpg\",\"width\":1001,\"height\":1500,\"caption\":\"Spazi eleganti per matrimoni sul lago di Como, con scenario mozzafiato e servizi di wedding planner professionale.\"},{\"@type\":\"BreadcrumbList\",\"@id\":\"https:\\\/\\\/chiarabevents.com\\\/hi\\\/%e0%a4%89%e0%a4%a1%e0%a4%bf%e0%a4%a8-%e0%a4%ae%e0%a5%87%e0%a4%82-%e0%a4%b5%e0%a4%bf%e0%a4%b2%e0%a4%be-%e0%a4%b0%e0%a4%bf%e0%a4%b5%e0%a4%bf%e0%a4%8f%e0%a4%b0%e0%a4%be-%e0%a4%ae%e0%a5%87%e0%a4%82\\\/#breadcrumb\",\"itemListElement\":[{\"@type\":\"ListItem\",\"position\":1,\"name\":\"Home\",\"item\":\"https:\\\/\\\/chiarabevents.com\\\/\"},{\"@type\":\"ListItem\",\"position\":2,\"name\":\"Matrimonio a Villa Riviera a Udine: una location da sogno nel cuore del Friuli\"}]},{\"@type\":\"WebSite\",\"@id\":\"https:\\\/\\\/chiarabevents.com\\\/#website\",\"url\":\"https:\\\/\\\/chiarabevents.com\\\/\",\"name\":\"ChiaraB Events Wedding Planner\",\"description\":\"Un meraviglioso percorso fatto insieme\",\"publisher\":{\"@id\":\"https:\\\/\\\/chiarabevents.com\\\/#organization\"},\"potentialAction\":[{\"@type\":\"SearchAction\",\"target\":{\"@type\":\"EntryPoint\",\"urlTemplate\":\"https:\\\/\\\/chiarabevents.com\\\/?s={search_term_string}\"},\"query-input\":{\"@type\":\"PropertyValueSpecification\",\"valueRequired\":true,\"valueName\":\"search_term_string\"}}],\"inLanguage\":\"hu-HU\"},{\"@type\":\"Organization\",\"@id\":\"https:\\\/\\\/chiarabevents.com\\\/#organization\",\"name\":\"ChiaraB Events Wedding Planner\",\"url\":\"https:\\\/\\\/chiarabevents.com\\\/\",\"logo\":{\"@type\":\"ImageObject\",\"inLanguage\":\"hu-HU\",\"@id\":\"https:\\\/\\\/chiarabevents.com\\\/#\\\/schema\\\/logo\\\/image\\\/\",\"url\":\"https:\\\/\\\/chiarabevents.com\\\/wp-content\\\/uploads\\\/2023\\\/12\\\/cropped-Monogramma_chiarab.png\",\"contentUrl\":\"https:\\\/\\\/chiarabevents.com\\\/wp-content\\\/uploads\\\/2023\\\/12\\\/cropped-Monogramma_chiarab.png\",\"width\":512,\"height\":512,\"caption\":\"ChiaraB Events Wedding Planner\"},\"image\":{\"@id\":\"https:\\\/\\\/chiarabevents.com\\\/#\\\/schema\\\/logo\\\/image\\\/\"},\"sameAs\":[\"https:\\\/\\\/www.facebook.com\\\/chiarabevent\",\"https:\\\/\\\/www.instagram.com\\\/chiarab_events\\\/\"]},{\"@type\":\"Person\",\"@id\":\"https:\\\/\\\/chiarabevents.com\\\/#\\\/schema\\\/person\\\/bbb582cfce34a973ad4463736fd0b0f4\",\"name\":\"ChiaraB Blog\",\"image\":{\"@type\":\"ImageObject\",\"inLanguage\":\"hu-HU\",\"@id\":\"https:\\\/\\\/chiarabevents.com\\\/wp-content\\\/litespeed\\\/avatar\\\/1646323b4cbc3492de1328080709cacc.jpg?ver=1777061573\",\"url\":\"https:\\\/\\\/chiarabevents.com\\\/wp-content\\\/litespeed\\\/avatar\\\/1646323b4cbc3492de1328080709cacc.jpg?ver=1777061573\",\"contentUrl\":\"https:\\\/\\\/chiarabevents.com\\\/wp-content\\\/litespeed\\\/avatar\\\/1646323b4cbc3492de1328080709cacc.jpg?ver=1777061573\",\"caption\":\"ChiaraB Blog\"},\"url\":\"https:\\\/\\\/chiarabevents.com\\\/hu\\\/author\\\/chiarab-blog\\\/\"}]}<\/script>\n<!-- \/ Yoast SEO Premium plugin. -->","yoast_head_json":{"title":"Esk\u00fcv\u0151 a Villa Riviera-ban Udine-ben: egy \u00e1lomszer\u0171 helysz\u00edn - ChiaraB Events Wedding Planner","description":"Esk\u00fcv\u0151 a Villa Riviera-ban Udine-ban, amikor az ember elk\u00e9pzeli \u00e1lmai esk\u00fcv\u0151j\u00e9t, sokan egy hihetetlen helyet, mint a Villa Riviera, k\u00e9pzelnek el","robots":{"index":"index","follow":"follow","max-snippet":"max-snippet:-1","max-image-preview":"max-image-preview:large","max-video-preview":"max-video-preview:-1"},"canonical":"https:\/\/chiarabevents.com\/hu\/eskuvo-a-villa-riviera-ban-udine-ben-egy-alomszeru-helyszin-friuli-sziveben\/","og_locale":"hu_HU","og_type":"article","og_title":"Matrimonio a Villa Riviera a Udine: una location da sogno nel cuore del Friuli","og_description":"Matrimonio a Villa Riviera a Udine , quando si immagina il matrimonio dei propri sogni, molti sognano un luogo incredibile come Villa Riviera","og_url":"https:\/\/chiarabevents.com\/hu\/eskuvo-a-villa-riviera-ban-udine-ben-egy-alomszeru-helyszin-friuli-sziveben\/","og_site_name":"ChiaraB Events Wedding Planner","article_publisher":"https:\/\/www.facebook.com\/chiarabevent","article_published_time":"2024-09-02T00:45:14+00:00","og_image":[{"width":1001,"height":1500,"url":"https:\/\/chiarabevents.com\/wp-content\/uploads\/2024\/09\/28118.jpg","type":"image\/jpeg"}],"author":"ChiaraB Blog","twitter_card":"summary_large_image","twitter_misc":{"Written by":"ChiaraB Blog","Est. reading time":"8 minutes"},"schema":{"@context":"https:\/\/schema.org","@graph":[{"@type":"Article","@id":"https:\/\/chiarabevents.com\/hi\/%e0%a4%89%e0%a4%a1%e0%a4%bf%e0%a4%a8-%e0%a4%ae%e0%a5%87%e0%a4%82-%e0%a4%b5%e0%a4%bf%e0%a4%b2%e0%a4%be-%e0%a4%b0%e0%a4%bf%e0%a4%b5%e0%a4%bf%e0%a4%8f%e0%a4%b0%e0%a4%be-%e0%a4%ae%e0%a5%87%e0%a4%82\/#article","isPartOf":{"@id":"https:\/\/chiarabevents.com\/hi\/%e0%a4%89%e0%a4%a1%e0%a4%bf%e0%a4%a8-%e0%a4%ae%e0%a5%87%e0%a4%82-%e0%a4%b5%e0%a4%bf%e0%a4%b2%e0%a4%be-%e0%a4%b0%e0%a4%bf%e0%a4%b5%e0%a4%bf%e0%a4%8f%e0%a4%b0%e0%a4%be-%e0%a4%ae%e0%a5%87%e0%a4%82\/"},"author":{"name":"ChiaraB Blog","@id":"https:\/\/chiarabevents.com\/#\/schema\/person\/bbb582cfce34a973ad4463736fd0b0f4"},"headline":"Matrimonio a Villa Riviera a Udine: una location da sogno nel cuore del Friuli","datePublished":"2024-09-02T00:45:14+00:00","mainEntityOfPage":{"@id":"https:\/\/chiarabevents.com\/hi\/%e0%a4%89%e0%a4%a1%e0%a4%bf%e0%a4%a8-%e0%a4%ae%e0%a5%87%e0%a4%82-%e0%a4%b5%e0%a4%bf%e0%a4%b2%e0%a4%be-%e0%a4%b0%e0%a4%bf%e0%a4%b5%e0%a4%bf%e0%a4%8f%e0%a4%b0%e0%a4%be-%e0%a4%ae%e0%a5%87%e0%a4%82\/"},"wordCount":1457,"publisher":{"@id":"https:\/\/chiarabevents.com\/#organization"},"image":{"@id":"https:\/\/chiarabevents.com\/hi\/%e0%a4%89%e0%a4%a1%e0%a4%bf%e0%a4%a8-%e0%a4%ae%e0%a5%87%e0%a4%82-%e0%a4%b5%e0%a4%bf%e0%a4%b2%e0%a4%be-%e0%a4%b0%e0%a4%bf%e0%a4%b5%e0%a4%bf%e0%a4%8f%e0%a4%b0%e0%a4%be-%e0%a4%ae%e0%a5%87%e0%a4%82\/#primaryimage"},"thumbnailUrl":"https:\/\/chiarabevents.com\/wp-content\/uploads\/2024\/09\/28118.jpg","articleSection":["Consigli","Party","Photography","Wedding"],"inLanguage":"hu-HU"},{"@type":"WebPage","@id":"https:\/\/chiarabevents.com\/hi\/%e0%a4%89%e0%a4%a1%e0%a4%bf%e0%a4%a8-%e0%a4%ae%e0%a5%87%e0%a4%82-%e0%a4%b5%e0%a4%bf%e0%a4%b2%e0%a4%be-%e0%a4%b0%e0%a4%bf%e0%a4%b5%e0%a4%bf%e0%a4%8f%e0%a4%b0%e0%a4%be-%e0%a4%ae%e0%a5%87%e0%a4%82\/","url":"https:\/\/chiarabevents.com\/hi\/%e0%a4%89%e0%a4%a1%e0%a4%bf%e0%a4%a8-%e0%a4%ae%e0%a5%87%e0%a4%82-%e0%a4%b5%e0%a4%bf%e0%a4%b2%e0%a4%be-%e0%a4%b0%e0%a4%bf%e0%a4%b5%e0%a4%bf%e0%a4%8f%e0%a4%b0%e0%a4%be-%e0%a4%ae%e0%a5%87%e0%a4%82\/","name":"Esk\u00fcv\u0151 a Villa Riviera-ban Udine-ben: egy \u00e1lomszer\u0171 helysz\u00edn - ChiaraB Events Wedding Planner","isPartOf":{"@id":"https:\/\/chiarabevents.com\/#website"},"primaryImageOfPage":{"@id":"https:\/\/chiarabevents.com\/hi\/%e0%a4%89%e0%a4%a1%e0%a4%bf%e0%a4%a8-%e0%a4%ae%e0%a5%87%e0%a4%82-%e0%a4%b5%e0%a4%bf%e0%a4%b2%e0%a4%be-%e0%a4%b0%e0%a4%bf%e0%a4%b5%e0%a4%bf%e0%a4%8f%e0%a4%b0%e0%a4%be-%e0%a4%ae%e0%a5%87%e0%a4%82\/#primaryimage"},"image":{"@id":"https:\/\/chiarabevents.com\/hi\/%e0%a4%89%e0%a4%a1%e0%a4%bf%e0%a4%a8-%e0%a4%ae%e0%a5%87%e0%a4%82-%e0%a4%b5%e0%a4%bf%e0%a4%b2%e0%a4%be-%e0%a4%b0%e0%a4%bf%e0%a4%b5%e0%a4%bf%e0%a4%8f%e0%a4%b0%e0%a4%be-%e0%a4%ae%e0%a5%87%e0%a4%82\/#primaryimage"},"thumbnailUrl":"https:\/\/chiarabevents.com\/wp-content\/uploads\/2024\/09\/28118.jpg","datePublished":"2024-09-02T00:45:14+00:00","description":"Esk\u00fcv\u0151 a Villa Riviera-ban Udine-ban, amikor az ember elk\u00e9pzeli \u00e1lmai esk\u00fcv\u0151j\u00e9t, sokan egy hihetetlen helyet, mint a Villa Riviera, k\u00e9pzelnek el","breadcrumb":{"@id":"https:\/\/chiarabevents.com\/hi\/%e0%a4%89%e0%a4%a1%e0%a4%bf%e0%a4%a8-%e0%a4%ae%e0%a5%87%e0%a4%82-%e0%a4%b5%e0%a4%bf%e0%a4%b2%e0%a4%be-%e0%a4%b0%e0%a4%bf%e0%a4%b5%e0%a4%bf%e0%a4%8f%e0%a4%b0%e0%a4%be-%e0%a4%ae%e0%a5%87%e0%a4%82\/#breadcrumb"},"inLanguage":"hu-HU","potentialAction":[{"@type":"ReadAction","target":["https:\/\/chiarabevents.com\/hi\/%e0%a4%89%e0%a4%a1%e0%a4%bf%e0%a4%a8-%e0%a4%ae%e0%a5%87%e0%a4%82-%e0%a4%b5%e0%a4%bf%e0%a4%b2%e0%a4%be-%e0%a4%b0%e0%a4%bf%e0%a4%b5%e0%a4%bf%e0%a4%8f%e0%a4%b0%e0%a4%be-%e0%a4%ae%e0%a5%87%e0%a4%82\/"]}]},{"@type":"ImageObject","inLanguage":"hu-HU","@id":"https:\/\/chiarabevents.com\/hi\/%e0%a4%89%e0%a4%a1%e0%a4%bf%e0%a4%a8-%e0%a4%ae%e0%a5%87%e0%a4%82-%e0%a4%b5%e0%a4%bf%e0%a4%b2%e0%a4%be-%e0%a4%b0%e0%a4%bf%e0%a4%b5%e0%a4%bf%e0%a4%8f%e0%a4%b0%e0%a4%be-%e0%a4%ae%e0%a5%87%e0%a4%82\/#primaryimage","url":"https:\/\/chiarabevents.com\/wp-content\/uploads\/2024\/09\/28118.jpg","contentUrl":"https:\/\/chiarabevents.com\/wp-content\/uploads\/2024\/09\/28118.jpg","width":1001,"height":1500,"caption":"Spazi eleganti per matrimoni sul lago di Como, con scenario mozzafiato e servizi di wedding planner professionale."},{"@type":"BreadcrumbList","@id":"https:\/\/chiarabevents.com\/hi\/%e0%a4%89%e0%a4%a1%e0%a4%bf%e0%a4%a8-%e0%a4%ae%e0%a5%87%e0%a4%82-%e0%a4%b5%e0%a4%bf%e0%a4%b2%e0%a4%be-%e0%a4%b0%e0%a4%bf%e0%a4%b5%e0%a4%bf%e0%a4%8f%e0%a4%b0%e0%a4%be-%e0%a4%ae%e0%a5%87%e0%a4%82\/#breadcrumb","itemListElement":[{"@type":"ListItem","position":1,"name":"Home","item":"https:\/\/chiarabevents.com\/"},{"@type":"ListItem","position":2,"name":"Matrimonio a Villa Riviera a Udine: una location da sogno nel cuore del Friuli"}]},{"@type":"WebSite","@id":"https:\/\/chiarabevents.com\/#website","url":"https:\/\/chiarabevents.com\/","name":"ChiaraB Esem\u00e9nyek Esk\u00fcv\u0151szervez\u0151","description":"Egy csod\u00e1latos \u00fat egy\u00fctt megt\u00e9ve","publisher":{"@id":"https:\/\/chiarabevents.com\/#organization"},"potentialAction":[{"@type":"SearchAction","target":{"@type":"EntryPoint","urlTemplate":"https:\/\/chiarabevents.com\/?s={search_term_string}"},"query-input":{"@type":"PropertyValueSpecification","valueRequired":true,"valueName":"search_term_string"}}],"inLanguage":"hu-HU"},{"@type":"Organization","@id":"https:\/\/chiarabevents.com\/#organization","name":"ChiaraB Esem\u00e9nyek Esk\u00fcv\u0151szervez\u0151","url":"https:\/\/chiarabevents.com\/","logo":{"@type":"ImageObject","inLanguage":"hu-HU","@id":"https:\/\/chiarabevents.com\/#\/schema\/logo\/image\/","url":"https:\/\/chiarabevents.com\/wp-content\/uploads\/2023\/12\/cropped-Monogramma_chiarab.png","contentUrl":"https:\/\/chiarabevents.com\/wp-content\/uploads\/2023\/12\/cropped-Monogramma_chiarab.png","width":512,"height":512,"caption":"ChiaraB Events Wedding Planner"},"image":{"@id":"https:\/\/chiarabevents.com\/#\/schema\/logo\/image\/"},"sameAs":["https:\/\/www.facebook.com\/chiarabevent","https:\/\/www.instagram.com\/chiarab_events\/"]},{"@type":"Person","@id":"https:\/\/chiarabevents.com\/#\/schema\/person\/bbb582cfce34a973ad4463736fd0b0f4","name":"ChiaraB Blog","image":{"@type":"ImageObject","inLanguage":"hu-HU","@id":"https:\/\/chiarabevents.com\/wp-content\/litespeed\/avatar\/1646323b4cbc3492de1328080709cacc.jpg?ver=1777061573","url":"https:\/\/chiarabevents.com\/wp-content\/litespeed\/avatar\/1646323b4cbc3492de1328080709cacc.jpg?ver=1777061573","contentUrl":"https:\/\/chiarabevents.com\/wp-content\/litespeed\/avatar\/1646323b4cbc3492de1328080709cacc.jpg?ver=1777061573","caption":"ChiaraB Blog"},"url":"https:\/\/chiarabevents.com\/hu\/author\/chiarab-blog\/"}]}},"_links":{"self":[{"href":"https:\/\/chiarabevents.com\/hu\/wp-json\/wp\/v2\/posts\/11717","targetHints":{"allow":["GET"]}}],"collection":[{"href":"https:\/\/chiarabevents.com\/hu\/wp-json\/wp\/v2\/posts"}],"about":[{"href":"https:\/\/chiarabevents.com\/hu\/wp-json\/wp\/v2\/types\/post"}],"author":[{"embeddable":true,"href":"https:\/\/chiarabevents.com\/hu\/wp-json\/wp\/v2\/users\/4"}],"replies":[{"embeddable":true,"href":"https:\/\/chiarabevents.com\/hu\/wp-json\/wp\/v2\/comments?post=11717"}],"version-history":[{"count":0,"href":"https:\/\/chiarabevents.com\/hu\/wp-json\/wp\/v2\/posts\/11717\/revisions"}],"wp:featuredmedia":[{"embeddable":true,"href":"https:\/\/chiarabevents.com\/hu\/wp-json\/wp\/v2\/media\/11718"}],"wp:attachment":[{"href":"https:\/\/chiarabevents.com\/hu\/wp-json\/wp\/v2\/media?parent=11717"}],"wp:term":[{"taxonomy":"category","embeddable":true,"href":"https:\/\/chiarabevents.com\/hu\/wp-json\/wp\/v2\/categories?post=11717"},{"taxonomy":"post_tag","embeddable":true,"href":"https:\/\/chiarabevents.com\/hu\/wp-json\/wp\/v2\/tags?post=11717"}],"curies":[{"name":"wp","href":"https:\/\/api.w.org\/{rel}","templated":true}]}}