{"id":11732,"date":"2025-07-23T19:54:20","date_gmt":"2025-07-23T17:54:20","guid":{"rendered":"https:\/\/chiarabevents.com\/?p=11732"},"modified":"2026-03-12T10:56:54","modified_gmt":"2026-03-12T10:56:54","slug":"eskuvo-a-feher-baratok-remeteben-varazslatos-helyszin-mesebeli-eskuvokhoz","status":"publish","type":"post","link":"https:\/\/chiarabevents.com\/hu\/eskuvo-a-feher-baratok-remeteben-varazslatos-helyszin-mesebeli-eskuvokhoz\/","title":{"rendered":"Esk\u00fcv\u0151 a Feh\u00e9r Bar\u00e1tok Remet\u00e9ben: var\u00e1zslatos helysz\u00edn mesebeli esk\u00fcv\u0151kh\u00f6z"},"content":{"rendered":"<h1>Az esk\u00fcv\u0151 a Feh\u00e9r Szerzetesek Remetely\u00e9ben: egy var\u00e1zslatos helysz\u00edn mesebeli esk\u00fcv\u0151kh\u00f6z<\/h1>\n<h2>Bevezet\u00e9s<\/h2>\n<p>Az esk\u00fcv\u0151 a Feh\u00e9r Szerzetesek Remetely\u00e9ben olyan v\u00e1laszt\u00e1s, amely \u00edg\u00e9ri, hogy a nagy napodat rendk\u00edv\u00fcli \u00e9s felejthetetlen \u00e9lm\u00e9nny\u00e9 var\u00e1zsolja. Az olasz vid\u00e9k nyugalm\u00e1ban elhelyezked\u0151, leny\u0171g\u00f6z\u0151 helysz\u00edn t\u00f6k\u00e9letes kombin\u00e1ci\u00f3t k\u00edn\u00e1l <strong>t\u00f6rt\u00e9nelmet<\/strong>, <strong>elegancia<\/strong> \u00e9s <strong>b\u00e9kess\u00e9g<\/strong>, \u00edgy ide\u00e1lis helysz\u00edn mesebeli esk\u00fcv\u0151k sz\u00e1m\u00e1ra.<\/p>\n<p>Ebben a cikkben megvizsg\u00e1ljuk, mi\u00e9rt a Feh\u00e9r Szerzetesek Remetelye a t\u00f6k\u00e9letes v\u00e1laszt\u00e1s az esk\u00fcv\u0151dh\u00f6z, v\u00e9gigvezet\u00fcnk a szervez\u00e9si folyamaton, \u00e9s hasznos tan\u00e1csokat adunk, hogy a legt\u00f6bbet hozhasd ki ebb\u0151l a csod\u00e1latos helysz\u00ednb\u0151l. Megismerj\u00fck azoknak a p\u00e1roknak a tapasztalatait is, akik itt \u00fcnnepelt\u00e9k meg <a href=\"https:\/\/chiarabevents.com\/hu\/eskuvo-a-maggiore-tonal-olaszorszag-egyik-legelbuvolobb-tava\/\">k\u00fcl\u00f6nleges napotoknak<\/a> ebben a var\u00e1zslatos helyen.<\/p>\n<h2>Mi\u00e9rt v\u00e1lasszuk a Feh\u00e9r Szerzetesek Remetely\u00e9t?<\/h2>\n<h3>Egy darabka t\u00f6rt\u00e9nelem \u00e9s b\u00e1j<\/h3>\n<p>A Feh\u00e9r Szerzetesek Remetelye egy \u0151si kolostor, amely a <strong>XIII. sz\u00e1zadb\u00f3l sz\u00e1rmazik<\/strong>, panor\u00e1m\u00e1s \u00e9s nyugodt helyen tal\u00e1lhat\u00f3. Ez a t\u00f6rt\u00e9nelmi m\u00falt egyed\u00fcl\u00e1ll\u00f3 vonzer\u0151t k\u00f6lcs\u00f6n\u00f6z a helynek, g\u00f3tikus \u00e9p\u00edt\u00e9szet\u00e9vel \u00e9s nyugodt k\u00f6rnyezet\u00e9vel, amely elm\u00e9lked\u00e9sre \u00e9s sz\u00e9ps\u00e9gre h\u00edv. A <strong>t\u00f6rt\u00e9nelmi templom<\/strong> \u00e9s a <strong>remete kolostor\u00e1nak kereng\u0151i<\/strong> \u00e9s a <strong>kertek<\/strong> b\u00e9k\u00e9t \u00e9s spiritualit\u00e1st \u00e1rasztanak, ami minden esk\u00fcv\u0151t egyediv\u00e9 \u00e9s k\u00fcl\u00f6nlegess\u00e9 tesz.<\/p>\n<p>Vall\u00e1si eredete tov\u00e1bbi jelent\u00e9startalmat ad a nagy napodnak. A Feh\u00e9r Szerzetesek Remetely\u00e9nek intim \u00e9s meghitt l\u00e9gk\u00f6re t\u00f6k\u00e9letes azoknak a p\u00e1roknak, akik egy kis <strong>szent<\/strong> \u00e9s <strong>m\u00e9lt\u00f3s\u00e1ggal<\/strong>. Az Eremita minden sarka odaad\u00e1sr\u00f3l \u00e9s sz\u00e9ps\u00e9gr\u0151l mes\u00e9l, ide\u00e1lis k\u00f6rnyezetet teremtve az \u00f6r\u00f6k szerelem meg\u00edg\u00e9r\u00e9s\u00e9hez. <a href=\"https:\/\/chiarabevents.com\/hu\/eskuvo-a-santelena-apatsagban-egy-eskuvo-a-tortenelem-es-a-spiritualitas-kozott\/\">Az esk\u00fcv\u0151 az Sant\u2019Elena Ap\u00e1ts\u00e1gban<\/a> egy var\u00e1zslatos l\u00e9gk\u00f6rbe burkol\u00f3z\u00e1st jelent, ahol a szent harm\u00f3ni\u00e1ban olvad \u00f6ssze az igaz szerelem \u00fcnnepl\u00e9s\u00e9vel. A helyet k\u00f6r\u00fclvev\u0151 term\u00e9szet hangjai tov\u00e1bbi nyugalmat adnak ennek a k\u00fcl\u00f6nleges pillanatnak.<\/p>\n<h3>v\u00e1ltozatos helysz\u00edn az esk\u00fcv\u0151 minden szakasz\u00e1hoz<\/h3>\n<p>A Feh\u00e9r Szerzetesek Remetelye sz\u00e1mos olyan teret k\u00edn\u00e1l, amely alkalmazkodni tud az esk\u00fcv\u0151 minden r\u00e9sz\u00e9hez. K\u00e9pzeld el, hogy a fogadalmaidat a <strong>t\u00f6rt\u00e9nelmi templom<\/strong> t\u00f6rt\u00e9nelmi templomban <strong>k\u00f6rfolyos\u00f3ban<\/strong> cser\u00e9led ki, majd egy \u00fcdv\u00f6zl\u0151 kokt\u00e9llal folytatod a <strong>k\u00f6z\u00e9pkori kereng\u0151ben<\/strong> szabadt\u00e9ren. Az eremita minden sarka \u00fagy van megtervezve, hogy exkluz\u00edv \u00e9s szem\u00e9lyre szabott \u00e9lm\u00e9nyt ny\u00fajtson. Ezenk\u00edv\u00fcl az Eremita rugalmas \u00e9s hangulatos tereit az ig\u00e9nyeid \u00e9s k\u00edv\u00e1ns\u00e1gaid szerint alak\u00edthatod, egyedi \u00e9s felejthetetlen l\u00e9gk\u00f6rt teremtve. Ak\u00e1r <a href=\"https:\/\/chiarabevents.com\/hu\/eskuvoi-fogadas-otletek-a-scopello-i-tonnara-ban\/\">\u00f6tleteket keresel egy esk\u00fcv\u0151i fogad\u00e1sra<\/a> intim vagy nagy \u00fcnnepl\u00e9shez, a mi\u00e9nk <a href=\"https:\/\/chiarabevents.com\/hu\/minden-eskuvo-a\/\">Minden esk\u00fcv\u0151 a<\/a> k\u00e9szen \u00e1ll minden k\u00e9r\u00e9sed teljes\u00edt\u00e9s\u00e9re. Minden r\u00e9szletre odafigyel\u00fcnk, hogy a k\u00fcl\u00f6nleges napod eml\u00e9kezetes esem\u00e9ny legyen. Ezenk\u00edv\u00fcl az eremita elhelyezked\u00e9se, a term\u00e9szetben, l\u00e9legzetel\u00e1ll\u00edt\u00f3 panor\u00e1ma k\u00f6zepette, <a href=\"https:\/\/chiarabevents.com\/hu\/eskuvo-a-colle-gagliardo-teraszainal-alomeskuvo-az-umbri-dombok-kozott\/\">ide\u00e1lis a dombok k\u00f6z\u00f6tti esk\u00fcv\u0151kh\u00f6z<\/a>. A vend\u00e9gek \u00e9lvezhetik a t\u00e1j sz\u00e9ps\u00e9g\u00e9t, romantikus \u00e9s hangulatos l\u00e9gk\u00f6rt teremtve a k\u00fcl\u00f6nleges napotokra. R\u00e9szletekre val\u00f3 odafigyel\u00e9s\u00fcnkkel \u00e9s azzal a t\u00f6rekv\u00e9ssel, hogy minden pillanat felejthetetlen legyen, az esk\u00fcv\u0151t\u00f6k \u00f6r\u00f6k eml\u00e9k marad.<\/p>\n<p>kertben <a href=\"https:\/\/chiarabevents.com\/hu\/intimebb\/\">intimebb<\/a>a szabadban. A remete minden sarka \u00fagy van kialak\u00edtva, hogy exkluz\u00edv \u00e9s szem\u00e9lyre szabott \u00e9lm\u00e9nyt ny\u00fajtson. <a href=\"https:\/\/chiarabevents.com\/hu\/trendek-es-stilusok\/tengeri-eskuvok-tippek-egy-alom-esemenyhez\/\">Miut\u00e1n kiv\u00e1lasztottad az esk\u00fcv\u0151 helysz\u00edn\u00e9t, fontos r\u00e9szletes kutat\u00e1st v\u00e9gezni a helyi szolg\u00e1ltat\u00f3kr\u00f3l \u00e9s szolg\u00e1ltat\u00e1sokr\u00f3l. Keresd a fot\u00f3sokat,<\/a> intime, kev\u00e9s vend\u00e9g r\u00e9szv\u00e9tel\u00e9vel zajl\u00f3 \u00fcnneps\u00e9gekt\u0151l kezdve a t\u00f6bb sz\u00e1z vend\u00e9ggel tartott nagyobb rendezv\u00e9nyekig. A terek rugalmass\u00e1ga lehet\u0151v\u00e9 teszi a k\u00edv\u00e1nt hangulat megteremt\u00e9s\u00e9t, legyen sz\u00f3 form\u00e1lis cerem\u00f3ni\u00e1r\u00f3l vagy inform\u00e1lisabb fogad\u00e1sr\u00f3l.<\/p>\n<h3>Exkluz\u00edv szolg\u00e1ltat\u00e1sok a t\u00f6k\u00e9letes esk\u00fcv\u0151\u00e9rt<\/h3>\n<p>Ha az Eremo dei Frati Bianchi-ra b\u00edzod magad, hozz\u00e1f\u00e9rhetsz egy sor <strong>exkluz\u00edv szolg\u00e1ltat\u00e1shoz<\/strong> amely garant\u00e1lja, hogy esk\u00fcv\u0151d minden r\u00e9szlete kifog\u00e1stalan legyen. A magasan k\u00e9pzett szem\u00e9lyzet k\u00e9szen \u00e1ll arra, hogy seg\u00edtsen a tervez\u00e9sben \u00e9s megval\u00f3s\u00edt\u00e1sban. <a href=\"https:\/\/chiarabevents.com\/hu\/trendek-es-stilusok\/eskuvo-cefaluban-a-tokeletes-keret-a-sziciliai-eskuvokhoz\/\">esk\u00fcv\u0151d<\/a>.<\/p>\n<p>Il <strong><a href=\"https:\/\/chiarabevents.com\/hu\/utmutatok-es-tippek\/tanacsok-a-tokeletes-catering-kivalasztasahoz-a-sziciliai-eskuvodhoz\/\">catering<\/a><\/strong> az \u00e1ltalunk k\u00edn\u00e1lt min\u0151s\u00e9gi, szak\u00e9rt\u0151 s\u00e9fek \u00e1ltal friss, helyi alapanyagokb\u00f3l k\u00e9sz\u00edtett \u00e9telekkel. Szorosan egy\u00fcttm\u0171k\u00f6dhetsz a catering csapat\u00e1val, hogy szem\u00e9lyre szabott men\u00fct alkoss, amely megfelel az \u00edzl\u00e9sednek \u00e9s vend\u00e9geid ig\u00e9nyeinek.<\/p>\n<p>Ezenk\u00edv\u00fcl a l\u00e9tes\u00edtm\u00e9ny dekor\u00e1ci\u00f3s <strong>szolg\u00e1ltat\u00e1sokat<\/strong>, <strong>zene<\/strong> \u00e9s <strong>fotogr\u00e1fia<\/strong>is k\u00edn\u00e1l. Megb\u00edzhat\u00f3 besz\u00e1ll\u00edt\u00f3kkal dolgozhatsz egy\u00fctt, hogy szem\u00e9lyre szabd esk\u00fcv\u0151d minden r\u00e9szlet\u00e9t, biztos\u00edtva, hogy minden a st\u00edlusodat \u00e9s preferenci\u00e1idat t\u00fckr\u00f6zze.<\/p>\n<h2>Hogyan szervezz\u00fcnk esk\u00fcv\u0151t az Eremo dei Frati Bianchi-ban<\/h2>\n<h3>Tervez\u00e9s \u00e9s el\u0151k\u00e9sz\u00fcletek<\/h3>\n<p>Az Eremo dei Frati Bianchi-ban tartand\u00f3 esk\u00fcv\u0151 tervez\u00e9se egy <strong>helysz\u00edni l\u00e1togat\u00e1ssal<\/strong> kezd\u0151dik. Ez lehet\u0151v\u00e9 teszi, hogy szem\u00e9lyesen megtekintsd a rendelkez\u00e9sre \u00e1ll\u00f3 tereket, besz\u00e9lj a szem\u00e9lyzettel, \u00e9s elkezdd megtervezni a nagy napodat. Aj\u00e1nlott <strong>el\u0151re<\/strong> foglalni, hogy biztos\u00edtsd a k\u00edv\u00e1nt d\u00e1tum el\u00e9rhet\u0151s\u00e9g\u00e9t, k\u00fcl\u00f6n\u00f6sen, ha a <strong>f\u0151szezonban<\/strong>.<\/p>\n<p>szeretn\u00e9d megtartani az esk\u00fcv\u0151t.<\/p>\n<h3>A l\u00e1togat\u00e1s sor\u00e1n megbesz\u00e9lheted ig\u00e9nyeidet \u00e9s preferenci\u00e1idat az erem\u00f3 szem\u00e9lyzet\u00e9vel. Ezek a szak\u00e9rt\u0151k seg\u00edtenek megtervezni minden r\u00e9szletet, a terek elrendez\u00e9s\u00e9t\u0151l a besz\u00e1ll\u00edt\u00f3k kiv\u00e1laszt\u00e1s\u00e1ig, biztos\u00edtva, hogy minden t\u00f6k\u00e9letes legyen az esk\u00fcv\u0151dh\u00f6z.<\/h3>\n<p>Az esem\u00e9ny szem\u00e9lyre szab\u00e1sa <strong>Minden esk\u00fcv\u0151 egyedi, \u00e9s az Eremo dei Frati Bianchi sz\u00e1mos lehet\u0151s\u00e9get k\u00edn\u00e1l arra, hogy<\/strong> szem\u00e9lyre szabd <strong>az esem\u00e9nyedet. V\u00e1laszthatod az esk\u00fcv\u0151<\/strong> t\u00e9m\u00e1j\u00e1t <strong>szolg\u00e1ltat\u00e1sokat<\/strong> \u00e9s megtervezni egy <strong>men\u00fct<\/strong> amely megfelel az \u00edzl\u00e9sednek \u00e9s a vend\u00e9geid\u00e9nek.<\/p>\n<p>Ha van egy konkr\u00e9t t\u00e9m\u00e1d, az Eremo dei Frati Bianchi csapata \u00f6r\u00f6mmel seg\u00edt megval\u00f3s\u00edtani azt. A vir\u00e1gok kiv\u00e1laszt\u00e1s\u00e1t\u00f3l az asztalok elrendez\u00e9s\u00e9ig a menyegz\u0151 minden aspektusa testreszabhat\u00f3, hogy t\u00fckr\u00f6zze a st\u00edlusodat \u00e9s az elk\u00e9pzel\u00e9seidet.<\/p>\n<h3>Logisztika \u00e9s sz\u00e1ll\u00e1s<\/h3>\n<p>Gy\u0151z\u0151dj meg r\u00f3la, hogy figyelembe veszed a <strong>logisztika<\/strong> \u00e9s a <strong>sz\u00e1ll\u00e1st<\/strong> magad \u00e9s vend\u00e9geid sz\u00e1m\u00e1ra. Az Eremo dei Frati Bianchi egy csendes ter\u00fcleten tal\u00e1lhat\u00f3, t\u00e1vol a v\u00e1ros ny\u00fczsg\u00e9s\u00e9t\u0151l, ami azt jelentheti, hogy sz\u00fcks\u00e9ges lehet a vend\u00e9gek sz\u00e1ll\u00edt\u00e1s\u00e1nak megszervez\u00e9se. Ellen\u0151rizd a <strong>sz\u00e1ll\u00edt\u00e1s<\/strong> lehet\u0151s\u00e9geket, \u00e9s fontold meg, hogy szervezel transzfereket vagy priv\u00e1t sz\u00e1ll\u00edt\u00e1st a vend\u00e9gek \u00e9rkez\u00e9s\u00e9nek \u00e9s t\u00e1voz\u00e1s\u00e1nak megk\u00f6nny\u00edt\u00e9s\u00e9re.<\/p>\n<p>Emellett fontos megtervezni a <strong>sz\u00e1ll\u00e1st<\/strong> sz\u00e1ll\u00e1st azoknak a vend\u00e9geknek, akik t\u00e1volr\u00f3l \u00e9rkeznek. Sok k\u00f6zeli sz\u00e1lloda \u00e9s panzi\u00f3 k\u00e9nyelmes elhelyez\u00e9st k\u00edn\u00e1l, \u00e9s az Eremo dei Frati Bianchi szem\u00e9lyzete aj\u00e1nl\u00e1sokat tud adni a sz\u00e1ll\u00e1shelyekr\u0151l.<\/p>\n<h2>V\u00e9lem\u00e9nyek \u00e9s tapasztalatok<\/h2>\n<p>Azok a p\u00e1rok, akik az Eremo dei Frati Bianchi-t v\u00e1lasztott\u00e1k esk\u00fcv\u0151j\u00fck helysz\u00edn\u00e9\u00fcl, gyakran besz\u00e9lnek egy <strong>rendk\u00edv\u00fcli<\/strong>\u00e9lm\u00e9nyr\u0151l. Az \u00e9rt\u00e9kel\u00e9sek dics\u00e9rik a hely sz\u00e9ps\u00e9g\u00e9t, a szem\u00e9lyzet hat\u00e9konys\u00e1g\u00e1t \u00e9s a szolg\u00e1ltat\u00e1sok min\u0151s\u00e9g\u00e9t. A pozit\u00edv visszajelz\u00e9sek hangs\u00falyozz\u00e1k, hogy a hely atmoszf\u00e9r\u00e1ja \u00e9s a r\u00e9szletekre val\u00f3 odafigyel\u00e9s hozz\u00e1j\u00e1rult egy olyan esk\u00fcv\u0151 megteremt\u00e9s\u00e9hez, amelyet a r\u00e9sztvev\u0151k \u00f6r\u00f6kre eml\u00e9kezni fognak.<\/p>\n<p>Olvashatsz n\u00e9h\u00e1ny v\u00e9lem\u00e9nyt azokr\u00f3l a p\u00e1rokr\u00f3l, akik az Eremo dei Frati Bianchi-ban \u00fcnnepelt\u00e9k esk\u00fcv\u0151j\u00fcket. <a href=\"https:\/\/chiarabevents.com\/hu\/blog\/\" target=\"_new\" rel=\"noopener\">weboldalra, vagy vedd fel a kapcsolatot a helysz\u00ednnel a k\u00f6vetkez\u0151 c\u00edmen:<\/a>Tapasztalataik \u00f6tletet adnak arra, mire sz\u00e1m\u00edthatsz, \u00e9s inspir\u00e1lnak az esem\u00e9nyed megtervez\u00e9s\u00e9ben.<\/p>\n<h2>GYIK<\/h2>\n<h3>Mennyibe ker\u00fcl az Eremo dei Frati Bianchi b\u00e9rl\u00e9se?<\/h3>\n<p>Az Eremo dei Frati Bianchi b\u00e9rleti d\u00edja a szezon \u00e9s a k\u00e9rt szolg\u00e1ltat\u00e1sok f\u00fcggv\u00e9ny\u00e9ben v\u00e1ltozik. \u00c9rdemes k\u00f6zvetlen\u00fcl a helysz\u00ednnel felvenni a kapcsolatot, hogy r\u00e9szletes \u00e9s szem\u00e9lyre szabott \u00e1raj\u00e1nlatot kapj. Fontold meg, hogy ez a befektet\u00e9s az exkluz\u00edv helysz\u00ednbe mindenk\u00e9ppen meg\u00e9ri az egyedi \u00e9lm\u00e9ny\u00e9rt, amit ny\u00fajt.<\/p>\n<h3>H\u00e1ny vend\u00e9get tud fogadni az Eremo dei Frati Bianchi?<\/h3>\n<p>Az Eremo dei Frati Bianchi a v\u00e1lasztott helysz\u00ednek f\u00fcggv\u00e9ny\u00e9ben v\u00e1ltoz\u00f3 sz\u00e1m\u00fa vend\u00e9get tud fogadni a cerem\u00f3nia \u00e9s a fogad\u00e1s sor\u00e1n. \u00c1ltal\u00e1ban ak\u00e1r 200 f\u0151 befogad\u00e1s\u00e1ra is alkalmas, de fontos, hogy az erem\u00f3 szem\u00e9lyzet\u00e9vel pontosan egyeztesd a l\u00e9tsz\u00e1mot.<\/p>\n<h3>Lehet-e vall\u00e1si szertart\u00e1st tartani az Eremo dei Frati Bianchi-ban?<\/h3>\n<p>Igen, lehets\u00e9ges vall\u00e1si szertart\u00e1st szervezni az Eremo t\u00f6rt\u00e9nelmi templom\u00e1ban. Az \u00e9p\u00fclet szent helyet k\u00edn\u00e1l, amely vall\u00e1si \u00fcnneps\u00e9gek megtart\u00e1s\u00e1ra alkalmas. A r\u00e9szletek\u00e9rt \u00e9rdemes az erem\u00f3 szem\u00e9lyzet\u00e9vel egyeztetni.<\/p>\n<h3>Az Eremo dei Frati Bianchi catering szolg\u00e1ltat\u00e1sokat k\u00edn\u00e1l?<\/h3>\n<p>Igen, az Eremo dei Frati Bianchi catering szolg\u00e1ltat\u00e1sokat ny\u00fajt, amelyeket tapasztalt s\u00e9fek k\u00e9sz\u00edtenek. Testreszabhatod a men\u00fct az \u00edzl\u00e9sed \u00e9s a vend\u00e9geid \u00e9tkez\u00e9si ig\u00e9nyei szerint. A catering az Eremo \u00e1ltal k\u00edn\u00e1lt \u00e9lm\u00e9ny egyik meghat\u00e1roz\u00f3 eleme.<\/p>\n<h3>Hogyan foglalhatok l\u00e1togat\u00e1st a Feh\u00e9r Szerzetesek Remetely\u00e9be?<\/h3>\n<p>A Feh\u00e9r Szerzetesek Remetely\u00e9nek l\u00e1togat\u00e1s\u00e1nak foglal\u00e1s\u00e1hoz k\u00f6zvetlen\u00fcl felveheted a kapcsolatot az oldallal a <a href=\"https:\/\/chiarabevents.com\/hu\/blog\/\" target=\"_new\" rel=\"noopener\">kapcsolati \u0171rlapon<\/a> vagy felh\u00edvhatod a hivatalos oldalukon megadott telefonsz\u00e1mot. A l\u00e1togat\u00e1s sor\u00e1n megtekintheted a helysz\u00edneket, besz\u00e9lgethetsz a szem\u00e9lyzettel, \u00e9s elkezdheted megtervezni az esk\u00fcv\u0151det.<\/p>\n<h2>\u00d6sszegz\u00e9s<\/h2>\n<p>A Feh\u00e9r Szerzetesek Remetely\u00e9ben val\u00f3 esk\u00fcv\u0151 azt jelenti, hogy egy olyan helysz\u00ednt v\u00e1lasztasz, amely nemcsak <strong>sz\u00e9ps\u00e9get<\/strong> \u00e9s <strong>elegancia<\/strong>de egy m\u00e9ly <strong>t\u00f6rt\u00e9nelmi jelent\u0151s\u00e9ggel is b\u00edr<\/strong> \u00e9s <strong>spiritualit\u00e1st<\/strong>. Megfelel\u0151 tervez\u00e9ssel \u00e9s testreszab\u00e1ssal az esk\u00fcv\u0151d val\u00f3ban mes\u00e9be ill\u0151 lesz. Ne habozz kapcsolatba l\u00e9pni a Feh\u00e9r Szerzetesek Remetely\u00e9vel, hogy elkezdhess\u00e9tek a k\u00fcl\u00f6nleges napod megtervez\u00e9s\u00e9t.<\/p>\n<p>Tov\u00e1bbi tippek\u00e9rt \u00e9s inspir\u00e1ci\u00f3k\u00e9rt az esk\u00fcv\u0151dh\u00f6z l\u00e1togasd meg a mi oldalunkat <a href=\"https:\/\/chiarabevents.com\/hu\/blog\/\" target=\"_new\" rel=\"noopener\">Hasznos K\u00fcls\u0151 Hivatkoz\u00e1sok:<\/a>.<\/p>","protected":false},"excerpt":{"rendered":"<p>Sposarsi all\u2019Eremo dei Frati Bianchi: una Location Magica per Nozze da Favola Introduzione Sposarsi all\u2019Eremo dei Frati Bianchi \u00e8 una scelta che promette di trasformare il giorno del tuo matrimonio in un&#8217;esperienza straordinaria e indimenticabile. Immerso nella tranquillit\u00e0 della campagna italiana, questo luogo affascinante offre una combinazione perfetta di storia, eleganza e serenit\u00e0, rendendolo la location ideale [&hellip;]<\/p>","protected":false},"author":4,"featured_media":11733,"comment_status":"closed","ping_status":"closed","sticky":false,"template":"","format":"standard","meta":{"footnotes":""},"categories":[150,149,18,145],"tags":[],"class_list":["post-11732","post","type-post","status-publish","format-standard","has-post-thumbnail","hentry","category-consigli","category-party","category-photography","category-wedding"],"yoast_head":"<!-- This site is optimized with the Yoast SEO Premium plugin v21.8 (Yoast SEO v27.3) - https:\/\/yoast.com\/product\/yoast-seo-premium-wordpress\/ -->\n<title>Sposarsi all\u2019Eremo dei Frati Bianchi - ChiaraB Events Wedding Planner<\/title>\n<meta name=\"description\" content=\"Sposarsi all\u2019Eremo dei Frati Bianchi \u00e8 una scelta che promette di trasformare il giorno del tuo matrimonio in un&#039;esperienza straordinaria\" \/>\n<meta name=\"robots\" content=\"index, follow, max-snippet:-1, max-image-preview:large, max-video-preview:-1\" \/>\n<link rel=\"canonical\" href=\"https:\/\/chiarabevents.com\/hu\/eskuvo-a-feher-baratok-remeteben-varazslatos-helyszin-mesebeli-eskuvokhoz\/\" \/>\n<meta property=\"og:locale\" content=\"hu_HU\" \/>\n<meta property=\"og:type\" content=\"article\" \/>\n<meta property=\"og:title\" content=\"Sposarsi all\u2019Eremo dei Frati Bianchi: una location magica per nozze da favola\" \/>\n<meta property=\"og:description\" content=\"Sposarsi all\u2019Eremo dei Frati Bianchi \u00e8 una scelta che promette di trasformare il giorno del tuo matrimonio in un&#039;esperienza straordinaria\" \/>\n<meta property=\"og:url\" content=\"https:\/\/chiarabevents.com\/hu\/eskuvo-a-feher-baratok-remeteben-varazslatos-helyszin-mesebeli-eskuvokhoz\/\" \/>\n<meta property=\"og:site_name\" content=\"ChiaraB Events Wedding Planner\" \/>\n<meta property=\"article:publisher\" content=\"https:\/\/www.facebook.com\/chiarabevent\" \/>\n<meta property=\"article:published_time\" content=\"2025-07-23T17:54:20+00:00\" \/>\n<meta property=\"article:modified_time\" content=\"2026-03-12T10:56:54+00:00\" \/>\n<meta property=\"og:image\" content=\"https:\/\/chiarabevents.com\/wp-content\/uploads\/2024\/09\/2150835712.jpg\" \/>\n\t<meta property=\"og:image:width\" content=\"1500\" \/>\n\t<meta property=\"og:image:height\" content=\"1053\" \/>\n\t<meta property=\"og:image:type\" content=\"image\/jpeg\" \/>\n<meta name=\"author\" content=\"ChiaraB Blog\" \/>\n<meta name=\"twitter:card\" content=\"summary_large_image\" \/>\n<meta name=\"twitter:label1\" content=\"Written by\" \/>\n\t<meta name=\"twitter:data1\" content=\"ChiaraB Blog\" \/>\n\t<meta name=\"twitter:label2\" content=\"Est. reading time\" \/>\n\t<meta name=\"twitter:data2\" content=\"7 minutes\" \/>\n<script type=\"application\/ld+json\" class=\"yoast-schema-graph\">{\"@context\":\"https:\\\/\\\/schema.org\",\"@graph\":[{\"@type\":\"Article\",\"@id\":\"https:\\\/\\\/chiarabevents.com\\\/hu\\\/eskuvo-a-feher-baratok-remeteben-varazslatos-helyszin-mesebeli-eskuvokhoz\\\/#article\",\"isPartOf\":{\"@id\":\"https:\\\/\\\/chiarabevents.com\\\/hu\\\/eskuvo-a-feher-baratok-remeteben-varazslatos-helyszin-mesebeli-eskuvokhoz\\\/\"},\"author\":{\"name\":\"ChiaraB Blog\",\"@id\":\"https:\\\/\\\/chiarabevents.com\\\/#\\\/schema\\\/person\\\/bbb582cfce34a973ad4463736fd0b0f4\"},\"headline\":\"Sposarsi all\u2019Eremo dei Frati Bianchi: una location magica per nozze da favola\",\"datePublished\":\"2025-07-23T17:54:20+00:00\",\"dateModified\":\"2026-03-12T10:56:54+00:00\",\"mainEntityOfPage\":{\"@id\":\"https:\\\/\\\/chiarabevents.com\\\/hu\\\/eskuvo-a-feher-baratok-remeteben-varazslatos-helyszin-mesebeli-eskuvokhoz\\\/\"},\"wordCount\":1426,\"publisher\":{\"@id\":\"https:\\\/\\\/chiarabevents.com\\\/#organization\"},\"image\":{\"@id\":\"https:\\\/\\\/chiarabevents.com\\\/hu\\\/eskuvo-a-feher-baratok-remeteben-varazslatos-helyszin-mesebeli-eskuvokhoz\\\/#primaryimage\"},\"thumbnailUrl\":\"https:\\\/\\\/chiarabevents.com\\\/wp-content\\\/uploads\\\/2024\\\/09\\\/2150835712.jpg\",\"articleSection\":[\"Consigli\",\"Party\",\"Photography\",\"Wedding\"],\"inLanguage\":\"hu-HU\"},{\"@type\":\"WebPage\",\"@id\":\"https:\\\/\\\/chiarabevents.com\\\/hu\\\/eskuvo-a-feher-baratok-remeteben-varazslatos-helyszin-mesebeli-eskuvokhoz\\\/\",\"url\":\"https:\\\/\\\/chiarabevents.com\\\/hu\\\/eskuvo-a-feher-baratok-remeteben-varazslatos-helyszin-mesebeli-eskuvokhoz\\\/\",\"name\":\"Sposarsi all\u2019Eremo dei Frati Bianchi - ChiaraB Events Wedding Planner\",\"isPartOf\":{\"@id\":\"https:\\\/\\\/chiarabevents.com\\\/#website\"},\"primaryImageOfPage\":{\"@id\":\"https:\\\/\\\/chiarabevents.com\\\/hu\\\/eskuvo-a-feher-baratok-remeteben-varazslatos-helyszin-mesebeli-eskuvokhoz\\\/#primaryimage\"},\"image\":{\"@id\":\"https:\\\/\\\/chiarabevents.com\\\/hu\\\/eskuvo-a-feher-baratok-remeteben-varazslatos-helyszin-mesebeli-eskuvokhoz\\\/#primaryimage\"},\"thumbnailUrl\":\"https:\\\/\\\/chiarabevents.com\\\/wp-content\\\/uploads\\\/2024\\\/09\\\/2150835712.jpg\",\"datePublished\":\"2025-07-23T17:54:20+00:00\",\"dateModified\":\"2026-03-12T10:56:54+00:00\",\"description\":\"Sposarsi all\u2019Eremo dei Frati Bianchi \u00e8 una scelta che promette di trasformare il giorno del tuo matrimonio in un'esperienza straordinaria\",\"breadcrumb\":{\"@id\":\"https:\\\/\\\/chiarabevents.com\\\/hu\\\/eskuvo-a-feher-baratok-remeteben-varazslatos-helyszin-mesebeli-eskuvokhoz\\\/#breadcrumb\"},\"inLanguage\":\"hu-HU\",\"potentialAction\":[{\"@type\":\"ReadAction\",\"target\":[\"https:\\\/\\\/chiarabevents.com\\\/hu\\\/eskuvo-a-feher-baratok-remeteben-varazslatos-helyszin-mesebeli-eskuvokhoz\\\/\"]}]},{\"@type\":\"ImageObject\",\"inLanguage\":\"hu-HU\",\"@id\":\"https:\\\/\\\/chiarabevents.com\\\/hu\\\/eskuvo-a-feher-baratok-remeteben-varazslatos-helyszin-mesebeli-eskuvokhoz\\\/#primaryimage\",\"url\":\"https:\\\/\\\/chiarabevents.com\\\/wp-content\\\/uploads\\\/2024\\\/09\\\/2150835712.jpg\",\"contentUrl\":\"https:\\\/\\\/chiarabevents.com\\\/wp-content\\\/uploads\\\/2024\\\/09\\\/2150835712.jpg\",\"width\":1500,\"height\":1053,\"caption\":\"Celebrazione di matrimonio inclusivo con coppia LGBTQ+ felice, abiti eleganti bianchi, bouquet di fiori, atmosfera di gioia e amore, organizzato da ChiaraB Events Wedding Planner.\"},{\"@type\":\"BreadcrumbList\",\"@id\":\"https:\\\/\\\/chiarabevents.com\\\/hu\\\/eskuvo-a-feher-baratok-remeteben-varazslatos-helyszin-mesebeli-eskuvokhoz\\\/#breadcrumb\",\"itemListElement\":[{\"@type\":\"ListItem\",\"position\":1,\"name\":\"Home\",\"item\":\"https:\\\/\\\/chiarabevents.com\\\/\"},{\"@type\":\"ListItem\",\"position\":2,\"name\":\"Sposarsi all\u2019Eremo dei Frati Bianchi: una location magica per nozze da favola\"}]},{\"@type\":\"WebSite\",\"@id\":\"https:\\\/\\\/chiarabevents.com\\\/#website\",\"url\":\"https:\\\/\\\/chiarabevents.com\\\/\",\"name\":\"ChiaraB Events Wedding Planner\",\"description\":\"Un meraviglioso percorso fatto insieme\",\"publisher\":{\"@id\":\"https:\\\/\\\/chiarabevents.com\\\/#organization\"},\"potentialAction\":[{\"@type\":\"SearchAction\",\"target\":{\"@type\":\"EntryPoint\",\"urlTemplate\":\"https:\\\/\\\/chiarabevents.com\\\/?s={search_term_string}\"},\"query-input\":{\"@type\":\"PropertyValueSpecification\",\"valueRequired\":true,\"valueName\":\"search_term_string\"}}],\"inLanguage\":\"hu-HU\"},{\"@type\":\"Organization\",\"@id\":\"https:\\\/\\\/chiarabevents.com\\\/#organization\",\"name\":\"ChiaraB Events Wedding Planner\",\"url\":\"https:\\\/\\\/chiarabevents.com\\\/\",\"logo\":{\"@type\":\"ImageObject\",\"inLanguage\":\"hu-HU\",\"@id\":\"https:\\\/\\\/chiarabevents.com\\\/#\\\/schema\\\/logo\\\/image\\\/\",\"url\":\"https:\\\/\\\/chiarabevents.com\\\/wp-content\\\/uploads\\\/2023\\\/12\\\/cropped-Monogramma_chiarab.png\",\"contentUrl\":\"https:\\\/\\\/chiarabevents.com\\\/wp-content\\\/uploads\\\/2023\\\/12\\\/cropped-Monogramma_chiarab.png\",\"width\":512,\"height\":512,\"caption\":\"ChiaraB Events Wedding Planner\"},\"image\":{\"@id\":\"https:\\\/\\\/chiarabevents.com\\\/#\\\/schema\\\/logo\\\/image\\\/\"},\"sameAs\":[\"https:\\\/\\\/www.facebook.com\\\/chiarabevent\",\"https:\\\/\\\/www.instagram.com\\\/chiarab_events\\\/\"]},{\"@type\":\"Person\",\"@id\":\"https:\\\/\\\/chiarabevents.com\\\/#\\\/schema\\\/person\\\/bbb582cfce34a973ad4463736fd0b0f4\",\"name\":\"ChiaraB Blog\",\"image\":{\"@type\":\"ImageObject\",\"inLanguage\":\"hu-HU\",\"@id\":\"https:\\\/\\\/chiarabevents.com\\\/wp-content\\\/litespeed\\\/avatar\\\/1646323b4cbc3492de1328080709cacc.jpg?ver=1777061573\",\"url\":\"https:\\\/\\\/chiarabevents.com\\\/wp-content\\\/litespeed\\\/avatar\\\/1646323b4cbc3492de1328080709cacc.jpg?ver=1777061573\",\"contentUrl\":\"https:\\\/\\\/chiarabevents.com\\\/wp-content\\\/litespeed\\\/avatar\\\/1646323b4cbc3492de1328080709cacc.jpg?ver=1777061573\",\"caption\":\"ChiaraB Blog\"},\"url\":\"https:\\\/\\\/chiarabevents.com\\\/hu\\\/author\\\/chiarab-blog\\\/\"}]}<\/script>\n<!-- \/ Yoast SEO Premium plugin. -->","yoast_head_json":{"title":"Esk\u00fcv\u0151 a Feh\u00e9r Bar\u00e1tok Remetely\u00e9ben - ChiaraB Events Esk\u00fcv\u0151szervez\u0151","description":"Az esk\u00fcv\u0151 a Feh\u00e9r Bar\u00e1tok Remet\u00e1j\u00e1ban olyan v\u00e1laszt\u00e1s, amely \u00edg\u00e9retet tesz arra, hogy a nagy napodat rendk\u00edv\u00fcli \u00e9lm\u00e9nny\u00e9 var\u00e1zsolja","robots":{"index":"index","follow":"follow","max-snippet":"max-snippet:-1","max-image-preview":"max-image-preview:large","max-video-preview":"max-video-preview:-1"},"canonical":"https:\/\/chiarabevents.com\/hu\/eskuvo-a-feher-baratok-remeteben-varazslatos-helyszin-mesebeli-eskuvokhoz\/","og_locale":"hu_HU","og_type":"article","og_title":"Sposarsi all\u2019Eremo dei Frati Bianchi: una location magica per nozze da favola","og_description":"Sposarsi all\u2019Eremo dei Frati Bianchi \u00e8 una scelta che promette di trasformare il giorno del tuo matrimonio in un'esperienza straordinaria","og_url":"https:\/\/chiarabevents.com\/hu\/eskuvo-a-feher-baratok-remeteben-varazslatos-helyszin-mesebeli-eskuvokhoz\/","og_site_name":"ChiaraB Events Wedding Planner","article_publisher":"https:\/\/www.facebook.com\/chiarabevent","article_published_time":"2025-07-23T17:54:20+00:00","article_modified_time":"2026-03-12T10:56:54+00:00","og_image":[{"width":1500,"height":1053,"url":"https:\/\/chiarabevents.com\/wp-content\/uploads\/2024\/09\/2150835712.jpg","type":"image\/jpeg"}],"author":"ChiaraB Blog","twitter_card":"summary_large_image","twitter_misc":{"Written by":"ChiaraB Blog","Est. reading time":"7 minutes"},"schema":{"@context":"https:\/\/schema.org","@graph":[{"@type":"Article","@id":"https:\/\/chiarabevents.com\/hu\/eskuvo-a-feher-baratok-remeteben-varazslatos-helyszin-mesebeli-eskuvokhoz\/#article","isPartOf":{"@id":"https:\/\/chiarabevents.com\/hu\/eskuvo-a-feher-baratok-remeteben-varazslatos-helyszin-mesebeli-eskuvokhoz\/"},"author":{"name":"ChiaraB Blog","@id":"https:\/\/chiarabevents.com\/#\/schema\/person\/bbb582cfce34a973ad4463736fd0b0f4"},"headline":"Sposarsi all\u2019Eremo dei Frati Bianchi: una location magica per nozze da favola","datePublished":"2025-07-23T17:54:20+00:00","dateModified":"2026-03-12T10:56:54+00:00","mainEntityOfPage":{"@id":"https:\/\/chiarabevents.com\/hu\/eskuvo-a-feher-baratok-remeteben-varazslatos-helyszin-mesebeli-eskuvokhoz\/"},"wordCount":1426,"publisher":{"@id":"https:\/\/chiarabevents.com\/#organization"},"image":{"@id":"https:\/\/chiarabevents.com\/hu\/eskuvo-a-feher-baratok-remeteben-varazslatos-helyszin-mesebeli-eskuvokhoz\/#primaryimage"},"thumbnailUrl":"https:\/\/chiarabevents.com\/wp-content\/uploads\/2024\/09\/2150835712.jpg","articleSection":["Consigli","Party","Photography","Wedding"],"inLanguage":"hu-HU"},{"@type":"WebPage","@id":"https:\/\/chiarabevents.com\/hu\/eskuvo-a-feher-baratok-remeteben-varazslatos-helyszin-mesebeli-eskuvokhoz\/","url":"https:\/\/chiarabevents.com\/hu\/eskuvo-a-feher-baratok-remeteben-varazslatos-helyszin-mesebeli-eskuvokhoz\/","name":"Esk\u00fcv\u0151 a Feh\u00e9r Bar\u00e1tok Remetely\u00e9ben - ChiaraB Events Esk\u00fcv\u0151szervez\u0151","isPartOf":{"@id":"https:\/\/chiarabevents.com\/#website"},"primaryImageOfPage":{"@id":"https:\/\/chiarabevents.com\/hu\/eskuvo-a-feher-baratok-remeteben-varazslatos-helyszin-mesebeli-eskuvokhoz\/#primaryimage"},"image":{"@id":"https:\/\/chiarabevents.com\/hu\/eskuvo-a-feher-baratok-remeteben-varazslatos-helyszin-mesebeli-eskuvokhoz\/#primaryimage"},"thumbnailUrl":"https:\/\/chiarabevents.com\/wp-content\/uploads\/2024\/09\/2150835712.jpg","datePublished":"2025-07-23T17:54:20+00:00","dateModified":"2026-03-12T10:56:54+00:00","description":"Az esk\u00fcv\u0151 a Feh\u00e9r Bar\u00e1tok Remet\u00e1j\u00e1ban olyan v\u00e1laszt\u00e1s, amely \u00edg\u00e9retet tesz arra, hogy a nagy napodat rendk\u00edv\u00fcli \u00e9lm\u00e9nny\u00e9 var\u00e1zsolja","breadcrumb":{"@id":"https:\/\/chiarabevents.com\/hu\/eskuvo-a-feher-baratok-remeteben-varazslatos-helyszin-mesebeli-eskuvokhoz\/#breadcrumb"},"inLanguage":"hu-HU","potentialAction":[{"@type":"ReadAction","target":["https:\/\/chiarabevents.com\/hu\/eskuvo-a-feher-baratok-remeteben-varazslatos-helyszin-mesebeli-eskuvokhoz\/"]}]},{"@type":"ImageObject","inLanguage":"hu-HU","@id":"https:\/\/chiarabevents.com\/hu\/eskuvo-a-feher-baratok-remeteben-varazslatos-helyszin-mesebeli-eskuvokhoz\/#primaryimage","url":"https:\/\/chiarabevents.com\/wp-content\/uploads\/2024\/09\/2150835712.jpg","contentUrl":"https:\/\/chiarabevents.com\/wp-content\/uploads\/2024\/09\/2150835712.jpg","width":1500,"height":1053,"caption":"Celebrazione di matrimonio inclusivo con coppia LGBTQ+ felice, abiti eleganti bianchi, bouquet di fiori, atmosfera di gioia e amore, organizzato da ChiaraB Events Wedding Planner."},{"@type":"BreadcrumbList","@id":"https:\/\/chiarabevents.com\/hu\/eskuvo-a-feher-baratok-remeteben-varazslatos-helyszin-mesebeli-eskuvokhoz\/#breadcrumb","itemListElement":[{"@type":"ListItem","position":1,"name":"Home","item":"https:\/\/chiarabevents.com\/"},{"@type":"ListItem","position":2,"name":"Sposarsi all\u2019Eremo dei Frati Bianchi: una location magica per nozze da favola"}]},{"@type":"WebSite","@id":"https:\/\/chiarabevents.com\/#website","url":"https:\/\/chiarabevents.com\/","name":"ChiaraB Esem\u00e9nyek Esk\u00fcv\u0151szervez\u0151","description":"Egy csod\u00e1latos \u00fat egy\u00fctt megt\u00e9ve","publisher":{"@id":"https:\/\/chiarabevents.com\/#organization"},"potentialAction":[{"@type":"SearchAction","target":{"@type":"EntryPoint","urlTemplate":"https:\/\/chiarabevents.com\/?s={search_term_string}"},"query-input":{"@type":"PropertyValueSpecification","valueRequired":true,"valueName":"search_term_string"}}],"inLanguage":"hu-HU"},{"@type":"Organization","@id":"https:\/\/chiarabevents.com\/#organization","name":"ChiaraB Esem\u00e9nyek Esk\u00fcv\u0151szervez\u0151","url":"https:\/\/chiarabevents.com\/","logo":{"@type":"ImageObject","inLanguage":"hu-HU","@id":"https:\/\/chiarabevents.com\/#\/schema\/logo\/image\/","url":"https:\/\/chiarabevents.com\/wp-content\/uploads\/2023\/12\/cropped-Monogramma_chiarab.png","contentUrl":"https:\/\/chiarabevents.com\/wp-content\/uploads\/2023\/12\/cropped-Monogramma_chiarab.png","width":512,"height":512,"caption":"ChiaraB Events Wedding Planner"},"image":{"@id":"https:\/\/chiarabevents.com\/#\/schema\/logo\/image\/"},"sameAs":["https:\/\/www.facebook.com\/chiarabevent","https:\/\/www.instagram.com\/chiarab_events\/"]},{"@type":"Person","@id":"https:\/\/chiarabevents.com\/#\/schema\/person\/bbb582cfce34a973ad4463736fd0b0f4","name":"ChiaraB Blog","image":{"@type":"ImageObject","inLanguage":"hu-HU","@id":"https:\/\/chiarabevents.com\/wp-content\/litespeed\/avatar\/1646323b4cbc3492de1328080709cacc.jpg?ver=1777061573","url":"https:\/\/chiarabevents.com\/wp-content\/litespeed\/avatar\/1646323b4cbc3492de1328080709cacc.jpg?ver=1777061573","contentUrl":"https:\/\/chiarabevents.com\/wp-content\/litespeed\/avatar\/1646323b4cbc3492de1328080709cacc.jpg?ver=1777061573","caption":"ChiaraB Blog"},"url":"https:\/\/chiarabevents.com\/hu\/author\/chiarab-blog\/"}]}},"_links":{"self":[{"href":"https:\/\/chiarabevents.com\/hu\/wp-json\/wp\/v2\/posts\/11732","targetHints":{"allow":["GET"]}}],"collection":[{"href":"https:\/\/chiarabevents.com\/hu\/wp-json\/wp\/v2\/posts"}],"about":[{"href":"https:\/\/chiarabevents.com\/hu\/wp-json\/wp\/v2\/types\/post"}],"author":[{"embeddable":true,"href":"https:\/\/chiarabevents.com\/hu\/wp-json\/wp\/v2\/users\/4"}],"replies":[{"embeddable":true,"href":"https:\/\/chiarabevents.com\/hu\/wp-json\/wp\/v2\/comments?post=11732"}],"version-history":[{"count":0,"href":"https:\/\/chiarabevents.com\/hu\/wp-json\/wp\/v2\/posts\/11732\/revisions"}],"wp:featuredmedia":[{"embeddable":true,"href":"https:\/\/chiarabevents.com\/hu\/wp-json\/wp\/v2\/media\/11733"}],"wp:attachment":[{"href":"https:\/\/chiarabevents.com\/hu\/wp-json\/wp\/v2\/media?parent=11732"}],"wp:term":[{"taxonomy":"category","embeddable":true,"href":"https:\/\/chiarabevents.com\/hu\/wp-json\/wp\/v2\/categories?post=11732"},{"taxonomy":"post_tag","embeddable":true,"href":"https:\/\/chiarabevents.com\/hu\/wp-json\/wp\/v2\/tags?post=11732"}],"curies":[{"name":"wp","href":"https:\/\/api.w.org\/{rel}","templated":true}]}}