{"id":33133,"date":"2024-01-24T23:47:19","date_gmt":"2024-01-24T21:47:19","guid":{"rendered":"https:\/\/chiarabevents.com\/?p=33133"},"modified":"2026-03-12T11:06:39","modified_gmt":"2026-03-12T11:06:39","slug":"eskuvo-helyszine-noto-ban-hol-hazasodott-ossze-a-ferragni","status":"publish","type":"post","link":"https:\/\/chiarabevents.com\/hu\/eskuvo-helyszine-noto-ban-hol-hazasodott-ossze-a-ferragni\/","title":{"rendered":"Esk\u00fcv\u0151 helysz\u00edne Noto-ban: hol h\u00e1zasodott \u00f6ssze a Ferragni?"},"content":{"rendered":"<h2>Noto var\u00e1zsa: az \u00e1lomesk\u00fcv\u0151 helysz\u00edn\u00e9nek kiv\u00e1laszt\u00e1sa<\/h2>\n<p>A szic\u00edliai barokk sz\u00edv\u00e9ben elhelyezked\u0151 Noto egyedi l\u00e1tv\u00e1nyt k\u00edn\u00e1l, amely k\u00e9pes felejthetetlenn\u00e9 tenni az esk\u00fcv\u0151det. T\u00f6rt\u00e9nelmi vill\u00e1k, mint p\u00e9ld\u00e1ul a <strong>Palazzo Nicolaci<\/strong>, vagy eleg\u00e1ns otthonok aranyv\u00f6lgyekre n\u00e9z\u0151 kil\u00e1t\u00e1ssal id\u0151tlen b\u00e1jt k\u00f6lcs\u00f6n\u00f6znek a nagy napodnak. Noto v\u00e1laszt\u00e1sa m\u0171v\u00e9szet \u00e9s term\u00e9szet \u00f6lel\u00e9s\u00e9t jelenti, ahol minden sarok egy t\u00f6rt\u00e9netet mes\u00e9l el. Az esk\u00fcv\u0151d \u00edgy plusz \u00e9rt\u00e9ket kap, garant\u00e1lva egy var\u00e1zslatos l\u00e9gk\u00f6rt, amit csak ez a v\u00e1ros tud ny\u00fajtani. Az \u00e9lm\u00e9ny szem\u00e9lyre szab\u00e1s\u00e1hoz b\u00edzd magad a <strong>ChiaraB Events szak\u00e9rtelm\u00e9re, a 392 615 8292 sz\u00e1mon<\/strong>.<\/p>\n<h3>F\u0151 jellemz\u0151k:<\/h3>\n<ul>\n<li>Chiara Ferragni esk\u00fcv\u0151j\u00e9nek helysz\u00edn\u00e9\u00fcl Not\u00f3t v\u00e1lasztott\u00e1k, egy szic\u00edliai v\u00e1rost, amely h\u00edres barokk \u00e9p\u00edt\u00e9szet\u00e9r\u0151l.<\/li>\n<li>A cerem\u00f3nia egy nagy t\u00f6rt\u00e9nelmi \u00e9s t\u00e1jk\u00e9pi vonzer\u0151vel b\u00edr\u00f3 helysz\u00ednen zajlott, amely romantikus \u00e9s leny\u0171g\u00f6z\u0151 h\u00e1tteret biztos\u00edtott.<\/li>\n<li>Noto nagyon kedvelt esk\u00fcv\u0151i c\u00e9lpont m\u0171v\u00e9szet, kult\u00fara \u00e9s term\u00e9szeti sz\u00e9ps\u00e9gek kombin\u00e1ci\u00f3ja miatt.<\/li>\n<li>A helysz\u00edn kiv\u00e1laszt\u00e1sa hozz\u00e1j\u00e1rult egy exkluz\u00edv \u00e9s kifinomult esem\u00e9ny megteremt\u00e9s\u00e9hez, amely t\u00f6k\u00e9letesen illeszkedik a p\u00e1r m\u00e1rk\u00e1j\u00e1hoz.<\/li>\n<li>A ChiaraB Events, mint esk\u00fcv\u0151szervez\u0151, seg\u00edthet felejthetetlen esk\u00fcv\u0151k megszervez\u00e9s\u00e9ben olyan rangos helysz\u00edneken, mint Noto.<\/li>\n<\/ul>\n<h2>Chiara Ferragni \u00e9s Fedez esk\u00fcv\u0151je: egy kihagyhatatlan esem\u00e9ny<\/h2>\n<p>Chiara Ferragni \u00e9s Fedez esk\u00fcv\u0151je Not\u00f3ban eml\u00e9kezetes esem\u00e9ny volt, t\u00f6bb mint 300 kiv\u00e1lasztott vend\u00e9ggel \u00e9s minden apr\u00f3 r\u00e9szletre kiterjed\u0151 d\u00edszlettel. Az elegancia \u00e9s az innov\u00e1ci\u00f3 t\u00f6k\u00e9letes kombin\u00e1ci\u00f3ja tette ezt a cerem\u00f3ni\u00e1t 2018 egyik legk\u00f6vetettebb esk\u00fcv\u0151j\u00e9v\u00e9, kiv\u00e1l\u00f3 p\u00e9ld\u00e1t mutatva arra, hogyan v\u00e1lasszunk helysz\u00ednt, \u00e9s hogyan tegy\u00fck azt szem\u00e9lyre szabott, nagy \u00e9rzelmi hat\u00e1s\u00fa megold\u00e1sokkal k\u00fcl\u00f6nlegess\u00e9.<\/p>\n<h3>A romantikus keret: egy t\u00f6rt\u00e9nelmi helysz\u00edn \u00e9lm\u00e9nye<\/h3>\n<p>Noto egyed\u00fcl\u00e1ll\u00f3 romantikus keretet k\u00edn\u00e1lt barokk \u00e9p\u00edt\u00e9szet\u00e9vel \u00e9s buja kertjeivel, amelyek id\u0151tlen l\u00e9gk\u00f6rbe rep\u00edtenek. Egy t\u00f6rt\u00e9nelmi helysz\u00edn v\u00e1laszt\u00e1sa lehet\u0151v\u00e9 tette Chiara \u00e9s Fedez sz\u00e1m\u00e1ra, hogy kiemelje a hagyom\u00e1ny \u00e9s a modernit\u00e1s kever\u00e9k\u00e9t, kort\u00e1rs design elemeket illesztve a klasszikus k\u00f6rnyezetbe, ami \u00e9rt\u00e9kes inspir\u00e1ci\u00f3 az \u00e1lomesk\u00fcv\u0151dh\u00f6z.<\/p>\n<h3>Exkluz\u00edv r\u00e9szletek, amelyek egyediv\u00e9 tett\u00e9k a napot<\/h3>\n<p>Az esk\u00fcv\u0151 minden r\u00e9szlete a meglepet\u00e9sre lett tervezve, a pasztell \u00e1rnyalat\u00fa vir\u00e1gokt\u00f3l a l\u00e1gy f\u00e9nyekig, amelyek intim \u00e9s kifinomult l\u00e9gk\u00f6rt teremtettek. A szem\u00e9lyre szabott r\u00e9szletek, mint a k\u00e9zm\u0171ves aj\u00e1nd\u00e9kok \u00e9s az eleg\u00e1ns \u00fcltet\u0151t\u00e1bla, meger\u0151s\u00edtett\u00e9k, hogy minden aspektust gondosan kell \u00e1polni egy igaz\u00e1n k\u00fcl\u00f6nleges nap \u00e9rdek\u00e9ben.<\/p>\n<p>Kiemelked\u0151 elem volt a szak\u00e9rt\u0151k \u00e1ltal k\u00e9sz\u00edtett vir\u00e1gdekor\u00e1ci\u00f3, amely t\u00f6bb mint 500 feh\u00e9r r\u00f3zs\u00e1t \u00e9s orchide\u00e1t haszn\u00e1lt fel a terek term\u00e9szetes eleganci\u00e1j\u00e1nak hangs\u00falyoz\u00e1s\u00e1ra. Az asztalter\u00edt\u00e9s is apr\u00f3l\u00e9kosan megtervezett volt, olasz tervez\u0151k \u00e1ltal k\u00e9sz\u00edtett t\u00e1ny\u00e9rokkal \u00e9s egy olyan men\u00fcvel, amely \u00f6tv\u00f6zte a szic\u00edliai hagyom\u00e1nyt \u00e9s a gasztron\u00f3miai innov\u00e1ci\u00f3t. Ha hasonl\u00f3 \u00e9lm\u00e9nyt szeretn\u00e9l l\u00e9trehozni, a ChiaraB Events-hez (<strong>Telefon: 392 615 8292<\/strong>) fordulva garant\u00e1ltan kiv\u00e1l\u00f3 szervez\u00e9st \u00e9s r\u00e9szletek szem\u00e9lyre szab\u00e1s\u00e1t kapod.<\/p>\n<h2>Esk\u00fcv\u0151i helysz\u00ednek Not\u00f3ban: utaz\u00e1s az \u00e9p\u00edt\u00e9szeti sz\u00e9ps\u00e9gek k\u00f6z\u00f6tt<\/h2>\n<p>Noto utc\u00e1in s\u00e9t\u00e1lva egyed\u00fcl\u00e1ll\u00f3 barokk \u00f6r\u00f6ks\u00e9g veszi k\u00f6r\u00fcl az embert, palot\u00e1k \u00e9s templomok mes\u00e9lnek \u00e9vsz\u00e1zadok t\u00f6rt\u00e9net\u00e9r\u0151l. Ez a t\u00f6rt\u00e9nelmi k\u00f6rnyezet minden esk\u00fcv\u0151i helysz\u00ednt rendk\u00edv\u00fcl l\u00e1tv\u00e1nyoss\u00e1 tesz, \u00e9s a jegyesp\u00e1rnak \u00e9s vend\u00e9geiknek autentikus szic\u00edliai var\u00e1zslatba mer\u00fcl\u0151 \u00e9lm\u00e9nyt ny\u00fajt. Itt helysz\u00ednt v\u00e1lasztani azt jelenti, hogy egy olyan k\u00f6rnyezetben h\u00e1zasodsz, amely m\u0171v\u00e9szetet, t\u00f6rt\u00e9nelmet \u00e9s term\u00e9szetet egyes\u00edt, garant\u00e1lva egy eleg\u00e1ns \u00e9s leny\u0171g\u00f6z\u0151 l\u00e9gk\u00f6rt, amely elb\u0171v\u00f6lte Chiara Ferragnit \u00e9s Fedezt is.<\/p>\n<h3>A legjobb esk\u00fcv\u0151i helysz\u00ednek Not\u00f3ban: lehet\u0151s\u00e9gek elemz\u00e9se<\/h3>\n<p>A Villa Reimann \u00e9s a Palazzo Nicolaci a legn\u00e9pszer\u0171bb v\u00e1laszt\u00e1sok k\u00f6z\u00e9 tartoznak, mindkett\u0151 h\u00edres nagyszer\u0171s\u00e9g\u00e9r\u0151l \u00e9s arr\u00f3l, hogy k\u00e9pesek fogadni vend\u00e9geket belt\u00e9ren \u00e9s szabadt\u00e9ren egyar\u00e1nt. Intimebb esem\u00e9nyekhez nyugodt agriturizmusok \u00e9s r\u00e9gi k\u00fari\u00e1k meleg \u00e9s autentikus l\u00e9gk\u00f6rt k\u00edn\u00e1lnak, a term\u00e9szet k\u00f6zels\u00e9g\u00e9ben. A magas szint\u0171 szolg\u00e1ltat\u00e1sok \u00e9s a l\u00e1tv\u00e1nyos fot\u00f3helysz\u00ednek lehet\u0151v\u00e9 teszik, hogy k\u00f6nnyen tal\u00e1lj olyan helysz\u00ednt, amely megfelel a k\u00f6lts\u00e9gvet\u00e9sednek, a vend\u00e9gek sz\u00e1m\u00e1nak \u00e9s az esk\u00fcv\u0151 st\u00edlus\u00e1nak.<\/p>\n<h3>Hogyan v\u00e1lasszuk ki a t\u00f6k\u00e9letes helysz\u00ednt: figyelembe veend\u0151 t\u00e9nyez\u0151k<\/h3>\n<p>Fontos figyelembe venni a helysz\u00edn befogad\u00f3k\u00e9pess\u00e9g\u00e9t, a catering szolg\u00e1ltat\u00e1sok el\u00e9rhet\u0151s\u00e9g\u00e9t \u00e9s a szervez\u00e9s rugalmass\u00e1g\u00e1t. Emellett a helysz\u00ednnek t\u00fckr\u00f6znie kell a te \u00e9s a partnered szem\u00e9lyis\u00e9g\u00e9t, el\u0151seg\u00edtve egy olyan l\u00e9gk\u00f6rt, amely minden pillanatot felejthetetlenn\u00e9 tesz. A logisztika, mint a vend\u00e9gek sz\u00e1m\u00e1ra val\u00f3 hozz\u00e1f\u00e9rhet\u0151s\u00e9g \u00e9s a sz\u00e1ll\u00e1slehet\u0151s\u00e9g, ugyancsak fontos szerepet j\u00e1tszik a k\u00e9nyelem \u00e9s a praktikuss\u00e1g biztos\u00edt\u00e1s\u00e1ban.<\/p>\n<p>A helysz\u00edn mellett vedd figyelembe a helyi esk\u00fcv\u0151szervez\u0151, p\u00e9ld\u00e1ul a ChiaraB Events (telefon: 392 615 8292) h\u00edrnev\u00e9t is, aki seg\u00edthet a t\u00f6k\u00e9letes v\u00e1laszt\u00e1sban \u00e9s dekor\u00e1ci\u00f3ban, biztos\u00edtva, hogy a helysz\u00edn minden r\u00e9szlet\u00e9t maxim\u00e1lisan kihaszn\u00e1ld. A tapasztalat \u00e9s a helyismeret garancia a z\u00f6kken\u0151mentes \u00e9s sikeres esem\u00e9nyre, amely minden kih\u00edv\u00e1st lehet\u0151s\u00e9gg\u00e9 alak\u00edt, hogy t\u00e9ged \u00e9s vend\u00e9geidet leny\u0171g\u00f6zze.<\/p>\n<h2>Esem\u00e9nyek \u00e9s esk\u00fcv\u0151k Not\u00f3ban: n\u00f6vekv\u0151 n\u00e9pszer\u0171s\u00e9g<\/h2>\n<p>Az elm\u00falt \u00e9vekben Noto \u00e1talakult egy <strong>k\u00edv\u00e1natos c\u00e9lpontt\u00e1 exkluz\u00edv esem\u00e9nyekhez<\/strong> \u00e9s nagy preszt\u00edzs\u0171 esk\u00fcv\u0151k sz\u00e1m\u00e1ra. Barokk sz\u00e9ps\u00e9g\u00e9nek k\u00f6sz\u00f6nhet\u0151en sok p\u00e1r v\u00e1laszt ikonikus helysz\u00edneket, mint p\u00e9ld\u00e1ul a <a href=\"https:\/\/www.vanityfair.it\/viaggi-traveller\/vacanze\/2018\/08\/31\/palazzo-nicolaci-matrimonio-fedez-ferragni\" target=\"_blank\" rel=\"nofollow noopener noreferrer\">Palazzo Nicolaci, amely a Ferragni-Fedez esk\u00fcv\u0151j\u00e9nek Welcome Party helysz\u00edne is volt, hogy minden \u00fcnnepl\u00e9st egyediv\u00e9 tegyen. A v\u00e1ros t\u00f6k\u00e9letes elegyet k\u00edn\u00e1l az elegancia \u00e9s t\u00f6rt\u00e9nelem k\u00f6z\u00f6tt, magas sz\u00ednvonal\u00fa szolg\u00e1ltat\u00e1sokkal, amelyeket olyan szakemberek koordin\u00e1lnak, mint a ChiaraB Events (Telefon: 392 615 8292).<\/a> Az esk\u00fcv\u0151i szektor fejl\u0151d\u00e9se a barokk v\u00e1rosban<\/p>\n<h3>Az esk\u00fcv\u0151i szektor Not\u00f3ban gyorsan fejl\u0151d\u00f6tt, egyszer\u0171 helyi cerem\u00f3ni\u00e1kt\u00f3l kifinomult nemzetk\u00f6zi esem\u00e9nyekk\u00e9 v\u00e1lt. A r\u00e9szletekre val\u00f3 odafigyel\u00e9s, a fel\u00faj\u00edtott t\u00f6rt\u00e9nelmi helysz\u00ednek haszn\u00e1lata \u00e9s a szem\u00e9lyre szabott szolg\u00e1ltat\u00e1sok integr\u00e1l\u00e1sa, amelyeket tapasztalt esk\u00fcv\u0151szervez\u0151k, p\u00e9ld\u00e1ul a ChiaraB Events k\u00edn\u00e1lnak, hozz\u00e1j\u00e1rultak egy testreszabott k\u00edn\u00e1lat l\u00e9trehoz\u00e1s\u00e1hoz, amely k\u00e9pes kiel\u00e9g\u00edteni a egyre ig\u00e9nyesebb \u00e9s kozmopolita \u00fcgyf\u00e9lk\u00f6rt.<\/h3>\n<p>Noto vonzereje nemzetk\u00f6zi esk\u00fcv\u0151i c\u00e9lpontk\u00e9nt<\/p>\n<h3>Noto mediterr\u00e1n b\u00e1ja, egyed\u00fcl\u00e1ll\u00f3 m\u0171v\u00e9szeti \u00f6r\u00f6ks\u00e9g\u00e9vel egy\u00fctt, egyre t\u00f6bb p\u00e1rt vonz a vil\u00e1g minden t\u00e1j\u00e1r\u00f3l. A v\u00e1ros a hagyom\u00e1ny \u00e9s luxus egyes\u00edt\u00e9s\u00e9nek szimb\u00f3lum\u00e1v\u00e1 v\u00e1lt, ide\u00e1lis azok sz\u00e1m\u00e1ra, akik autentikus, ugyanakkor exkluz\u00edv \u00e9lm\u00e9nyt keresnek, amelyet kifog\u00e1stalan szervez\u00e9s \u00e9s a szektor megb\u00edzhat\u00f3 szakemberei t\u00e1mogatnak.<\/h3>\n<p>Ez a n\u00f6vekv\u0151 \u00e9rdekl\u0151d\u00e9s Noto ir\u00e1nt nemzetk\u00f6zi c\u00e9lpontk\u00e9nt t\u00fckr\u00f6z\u0151dik a k\u00fclf\u00f6ldi jegyesek \u00e1ltal ig\u00e9nyelt szem\u00e9lyre szabott szolg\u00e1ltat\u00e1sok sokas\u00e1g\u00e1ban, akik egy kult\u00far\u00e1ba \u00e9s m\u0171v\u00e9szetbe mer\u00fcl\u0151 esk\u00fcv\u0151t szeretn\u00e9nek \u00e9lni. A v\u00e1ros nemcsak p\u00e1ratlan fot\u00f3z\u00e1si helysz\u00edneket k\u00edn\u00e1l, hanem vend\u00e9gl\u00e1t\u00e1si \u00e9s koordin\u00e1ci\u00f3s rendszert is, ahol olyan esk\u00fcv\u0151szervez\u0151k, mint a ChiaraB Events kulcsszerepl\u0151kk\u00e9 v\u00e1lnak, akik k\u00e9pesek minden esem\u00e9nyt felejthetetlen \u00e9lm\u00e9nny\u00e9 alak\u00edtani, a legmagasabb elv\u00e1r\u00e1sok szerint.<\/p>\n<p>Helyi hozz\u00e1j\u00e1rul\u00e1sok: szolg\u00e1ltat\u00f3k \u00e9s er\u0151forr\u00e1sok esk\u00fcv\u0151kh\u00f6z Not\u00f3ban<\/p>\n<h2>Egy autentikus \u00e9s j\u00f3l szervezett not\u00f3i esk\u00fcv\u0151h\u00f6z a helyi szolg\u00e1ltat\u00f3kra val\u00f3 t\u00e1maszkod\u00e1s min\u0151s\u00e9get \u00e9s a ter\u00fclet \u00e9rt\u00e9kel\u00e9s\u00e9t garant\u00e1lja. A k\u00e9zm\u0171ves vir\u00e1gk\u00f6t\u0151kt\u0151l a szic\u00edliai alapanyagokat haszn\u00e1l\u00f3 catering szolg\u00e1ltat\u00f3kig minden r\u00e9szlet t\u00fckr\u00f6zheti a v\u00e1ros l\u00e9nyeg\u00e9t. A helyi szakemberekkel val\u00f3 egy\u00fcttm\u0171k\u00f6d\u00e9s lehet\u0151v\u00e9 teszi, hogy testreszabott szolg\u00e1ltat\u00e1sokhoz f\u00e9rj hozz\u00e1, gyakran m\u00e9ly ismerettel a legelb\u0171v\u00f6l\u0151bb helysz\u00ednekr\u0151l. P\u00e9ld\u00e1ul az esk\u00fcv\u0151szervez\u0151<\/h2>\n<p>teljes k\u00f6r\u0171 koordin\u00e1ci\u00f3t k\u00edn\u00e1l, l\u00e9p\u00e9sr\u0151l l\u00e9p\u00e9sre seg\u00edtve \u00e1lmaid val\u00f3ra v\u00e1lt\u00e1s\u00e1t. <strong>ChiaraB Esem\u00e9nyek<\/strong> Hogyan m\u0171k\u00f6dj egy\u00fctt helyi esk\u00fcv\u0151szervez\u0151kkel a t\u00f6k\u00e9letes esk\u00fcv\u0151\u00e9rt<\/p>\n<h3>Az olyan esk\u00fcv\u0151szervez\u0151kkel val\u00f3 egy\u00fcttm\u0171k\u00f6d\u00e9s, mint a<\/h3>\n<p>garant\u00e1lja, hogy egy szak\u00e9rt\u0151 \u00e1ll melletted, aki egyszerre \u00e9rt\u00e9keli a hagyom\u00e1nyt \u00e9s hoz innov\u00e1ci\u00f3t. A k\u00f6zvetlen p\u00e1rbesz\u00e9d lehet\u0151v\u00e9 teszi minden f\u00e1zis szem\u00e9lyre szab\u00e1s\u00e1t, a helysz\u00edn kiv\u00e1laszt\u00e1s\u00e1t\u00f3l a vir\u00e1gd\u00edszek r\u00e9szletein \u00e1t a szolg\u00e1ltat\u00f3k kiv\u00e1laszt\u00e1s\u00e1ig. Sz\u00e1m\u00edthatsz hat\u00e9kony koordin\u00e1ci\u00f3ra \u00e9s olyan tapasztalatra, aki m\u00e9lyen ismeri a helyi szab\u00e1lyoz\u00e1sokat \u00e9s logisztikai ig\u00e9nyeket, id\u0151t \u00e9s stresszt sp\u00f3rolva. <strong>ChiaraB Esem\u00e9nyek<\/strong> A legjobb esk\u00fcv\u0151i szolg\u00e1ltat\u00f3k Not\u00f3ban<\/p>\n<h3>A legn\u00e9pszer\u0171bb szolg\u00e1ltat\u00f3k k\u00f6z\u00f6tt kiemelkednek a szic\u00edliai konyh\u00e1ra specializ\u00e1l\u00f3dott cateringek, nemzetk\u00f6zi tapasztalattal rendelkez\u0151 fot\u00f3st\u00fadi\u00f3k \u00e9s helyi zen\u00e9szek, akik eleg\u00e1ns \u00e9s mag\u00e1val ragad\u00f3 hangulatot k\u00edn\u00e1lnak. Az antik aut\u00f3k b\u00e9rl\u00e9s\u00e9t \u00e9s vir\u00e1gdekor\u00e1ci\u00f3s \u00fcgyn\u00f6ks\u00e9geket k\u00edn\u00e1l\u00f3 szolg\u00e1ltat\u00e1sok minden r\u00e9szletet st\u00edlusosan \u00e9s hitelesen gazdag\u00edtanak. Ezekre a szolg\u00e1ltat\u00f3kra t\u00e1maszkodni professzionalizmust, st\u00edlust \u00e9s k\u00fcl\u00f6n\u00f6s figyelmet jelent az ig\u00e9nyeidre.<\/h3>\n<p>A legismertebb szolg\u00e1ltat\u00f3k k\u00f6z\u00f6tt a cateringek, mint p\u00e9ld\u00e1ul a<\/p>\n<p>Il Giardino delle Delizie <strong>szem\u00e9lyre szabott men\u00fcket k\u00edn\u00e1lnak helyi term\u00e9kekb\u0151l, m\u00edg a<\/strong> Frame Studio <strong>fot\u00f3sai spont\u00e1n \u00e9s kifinomult k\u00e9pekkel mes\u00e9lik el az esem\u00e9nyt. A sz\u00e1ll\u00edt\u00e1shoz pedig az<\/strong> Elegance Sicily <strong>Elegance Sicily<\/strong> r\u00e9gi aut\u00f3k flott\u00e1j\u00e1t k\u00edn\u00e1lja, amelyek t\u00f6k\u00e9letesen illeszkednek Noto barokk k\u00f6rnyezet\u00e9hez, egyedi eleganci\u00e1t adva hozz\u00e1. Minden r\u00e9szlet harmonikusan illeszkedik, luxus \u00e9lm\u00e9nyt teremtve, amely visszat\u00fckr\u00f6zi a v\u00e1ros pomp\u00e1j\u00e1t. Teljes k\u00f6r\u0171 t\u00e1mogat\u00e1s\u00e9rt, <strong>ChiaraB Esem\u00e9nyek<\/strong> marad a helyi kapcsolattart\u00f3 pontod, akit k\u00f6nny\u0171 el\u00e9rni a sz\u00e1mon <strong>392 615 8292<\/strong>.<\/p>\n<h2>Jelenlegi trendek Ferragni ihlette esk\u00fcv\u0151kben<\/h2>\n<p>Chiara Ferragni esk\u00fcv\u0151je Not\u00f3ban \u00faj trendeket ind\u00edtott el az esk\u00fcv\u0151s szektorban, bemutatva a kort\u00e1rs elegancia \u00e9s a hagyom\u00e1nyos elemek t\u00f6k\u00e9letes egyens\u00faly\u00e1t. <strong>Pasztell sz\u00ednek, f\u00fcgg\u0151 vir\u00e1gd\u00edszek \u00e9s szem\u00e9lyre szabott r\u00e9szletek<\/strong> hogyan v\u00e1lnak a digit\u00e1lis vend\u00e9gk\u00f6nyvek ma m\u00e1r elengedhetetlen eszk\u00f6zz\u00e9 az esk\u00fcv\u0151szervez\u0151k sz\u00e1m\u00e1ra. A fenntarthat\u00f3s\u00e1gra val\u00f3 odafigyel\u00e9s, az \u00f6ko-bar\u00e1t v\u00e1laszt\u00e1sok is egyre ink\u00e1bb teret nyernek ebben az \u00faj, trendi esem\u00e9nyhull\u00e1mban, amelyet megism\u00e9telhetsz Noto barokk sz\u00edv\u00e9ben. Ebben a kontextusban m\u00e1r nem csak a st\u00edlusr\u00f3l van sz\u00f3, hanem az egyedi \u00e9lm\u00e9nyr\u0151l is a vend\u00e9gek sz\u00e1m\u00e1ra. A t\u00f6rt\u00e9nelmi helysz\u00ednek, mint a csod\u00e1latos templomok \u00e9s a not\u00f3i terek, ide\u00e1lis keretet k\u00edn\u00e1lnak azoknak, akik felejthetetlen m\u00f3don szeretn\u00e9k \u00fcnnepelni a szerelmet. Ne felejtsd el <a href=\"https:\/\/chiarabevents.com\/hu\/eskuvo-ortigian-a-barokk-varazsa-egy-eskuvohoz\/\">felfedezni az esk\u00fcv\u0151t Ortigi\u00e1ban<\/a>, ahol a tenger \u00e9s a kult\u00fara egy \u00e9rzelmekkel teli szimf\u00f3ni\u00e1ban fon\u00f3dik \u00f6ssze.<\/p>\n<h3>Hogyan befoly\u00e1solta Ferragni \u00fcnnepl\u00e9se a st\u00edlusv\u00e1laszt\u00e1sokat<\/h3>\n<p>Ferragni esk\u00fcv\u0151j\u00e9n v\u00e1lasztott st\u00edlus jellemz\u0151je <strong>a minimalizmus \u00e9s a visszafogott luxus kifinomult kombin\u00e1ci\u00f3ja<\/strong>. \u00c9szrevetted, hogy a semleges sz\u00ednpaletta hogyan emeli ki Noto \u00e9p\u00edt\u00e9szeti elemeit? Az \u00fcnneps\u00e9g \u00fajra fellend\u00edtette a f\u00fcgg\u0151leges vir\u00e1gd\u00edszek \u00e9s a vil\u00e1g\u00edt\u00f3 dekor\u00e1ci\u00f3k trendj\u00e9t, sokakat \u00f6szt\u00f6n\u00f6zve egy l\u00e1tv\u00e1nyosabb, de m\u00e9gis visszafogott megk\u00f6zel\u00edt\u00e9sre, amely kiemeli a helysz\u00edn term\u00e9szetes sz\u00e9ps\u00e9g\u00e9t an\u00e9lk\u00fcl, hogy t\u00falterheln\u00e9 azt.<\/p>\n<h3>Kreat\u00edv \u00f6tletek trendi elemek be\u00e9p\u00edt\u00e9s\u00e9re Not\u00f3ban tartott esk\u00fcv\u0151k\u00f6n<\/h3>\n<p>Trend elemek be\u00e9p\u00edt\u00e9se az esk\u00fcv\u0151dre Not\u00f3ban egyedi r\u00e9szletek v\u00e1laszt\u00e1s\u00e1t jelenti, mint p\u00e9ld\u00e1ul l\u00e9gi vir\u00e1ginstall\u00e1ci\u00f3k, f\u00fcggesztett f\u00e9nyek \u00e9s szem\u00e9lyre szabott szelfipontok, amelyek t\u00fckr\u00f6zik a szem\u00e9lyis\u00e9gedet. Ferragni p\u00e9ld\u00e1j\u00e1b\u00f3l mer\u00edtve v\u00e1laszthatsz egyedi kieg\u00e9sz\u00edt\u0151ket a vend\u00e9geknek, semleges sz\u00ednpalett\u00e1t pasztell sz\u00edn\u0171 r\u00e9szletekkel, valamint a hagyom\u00e1ny \u00e9s a modernit\u00e1s kever\u00e9k\u00e9t a dekor\u00e1ci\u00f3ban.<\/p>\n<p>Az esem\u00e9nyed igaz\u00e1n k\u00fcl\u00f6nlegess\u00e9 t\u00e9tel\u00e9hez gondolj olyan megold\u00e1sokra, amelyek kiemelik Noto barokk \u00e9p\u00edt\u00e9szet\u00e9t, olyan elemekkel, amelyek megvil\u00e1g\u00edtj\u00e1k a hangulatot an\u00e9lk\u00fcl, hogy elnyomn\u00e1k azt. P\u00e9ld\u00e1ul meleg f\u00e9nyek, amelyek megvil\u00e1g\u00edtj\u00e1k a t\u00f6rt\u00e9nelmi homlokzatokat, vagy term\u00e9szetes anyagokb\u00f3l k\u00e9sz\u00fclt, k\u00f6rnyezetbar\u00e1t \u00fcltet\u0151k\u00e1rty\u00e1k. A ChiaraB Events seg\u00edthet a szak\u00e9rt\u0151 szolg\u00e1ltat\u00f3k \u00e9s innovat\u00edv \u00f6tletek kiv\u00e1laszt\u00e1s\u00e1ban, garant\u00e1lva, hogy minden r\u00e9szlet hitelesen \u00e9s kifinomultan t\u00fckr\u00f6zze ezeket a trendeket.<\/p>\n<h2>Z\u00e1r\u00f3 gondolatok: Mi\u00e9rt ragyog tov\u00e1bb Noto az olasz esk\u00fcv\u0151k palett\u00e1j\u00e1n<\/h2>\n<p>Noto var\u00e1zs\u00e1nak nagy r\u00e9sze abban rejlik, hogy k\u00e9pes \u00f6tv\u00f6zni a t\u00f6rt\u00e9nelmet, a m\u0171v\u00e9szetet \u00e9s a term\u00e9szetet egy <strong>egyedi \u00e9rzelmi \u00e9rt\u00e9k\u0171 helysz\u00ednen<\/strong>. L\u00e9legzetel\u00e1ll\u00edt\u00f3 kil\u00e1t\u00e1s\u00fa barokk vill\u00e1k, \u0151si templomok \u00e9s gondozott kertek teszik minden cerem\u00f3ni\u00e1t felejthetetlenn\u00e9, ahogy azt Ferragni esk\u00fcv\u0151je is bizony\u00edtja. Ha exkluz\u00edv \u00e9s id\u0151tlen keretet keresel, <strong>Noto olyan megold\u00e1sokat k\u00edn\u00e1l, amelyeket kev\u00e9s helysz\u00edn tud Olaszorsz\u00e1gban fel\u00fclm\u00falni<\/strong>. ChiaraB Events (Telefon: 392 615 8292) szakembereinek seg\u00edts\u00e9g\u00e9vel a k\u00fcl\u00f6nleges napodat elegancia \u00e9s st\u00edlus mesterm\u0171v\u00e9 alak\u00edthatod.<\/p>\n<h2>GYIK<\/h2>\n<h4>K: Hol h\u00e1zasodott Chiara Ferragni Not\u00f3ban?<\/h4>\n<p>V: Chiara Ferragni a gy\u00f6ny\u00f6r\u0171 barokk v\u00e1rosban, Not\u00f3ban h\u00e1zasodott, pontosan a San Nicol\u00f2-sz\u00e9kesegyh\u00e1zban, amely Szic\u00edlia d\u00e9lkeleti r\u00e9sz\u00e9nek egyik legikonikusabb \u00e9s legleny\u0171g\u00f6z\u0151bb \u00e9p\u00fclete.<\/p>\n<h4>K: Milyen jellemz\u0151i vannak annak a helysz\u00ednnek, amelyet Chiara Ferragni v\u00e1lasztott esk\u00fcv\u0151j\u00e9hez Not\u00f3ban?<\/h4>\n<p>V: A San Nicol\u00f2-sz\u00e9kesegyh\u00e1z Not\u00f3ban h\u00edres impoz\u00e1ns barokk homlokzat\u00e1r\u00f3l, gazdagon d\u00edsz\u00edtett bels\u0151 tereir\u0151l \u00e9s romantikus, \u00fcnnep\u00e9lyes l\u00e9gk\u00f6r\u00e9r\u0151l, amely t\u00f6k\u00e9letes egy eleg\u00e1ns \u00e9s felejthetetlen esem\u00e9nyhez, mint amilyen Chiara Ferragni esk\u00fcv\u0151je volt.<\/p>\n<h4>K: Lehet-e polg\u00e1ri vagy vall\u00e1si esk\u00fcv\u0151t is szervezni ugyanazon a helysz\u00ednen Not\u00f3ban?<\/h4>\n<p>V: Igen, Not\u00f3ban lehets\u00e9ges vall\u00e1si \u00e9s polg\u00e1ri esk\u00fcv\u0151k megtart\u00e1sa is k\u00fcl\u00f6nb\u00f6z\u0151 t\u00f6rt\u00e9nelmi \u00e9s hangulatos helysz\u00edneken, bele\u00e9rtve a sz\u00e9kesegyh\u00e1zat \u00e9s m\u00e1s t\u00f6rt\u00e9nelmi vill\u00e1kat, de a San Nicol\u00f2-sz\u00e9kesegyh\u00e1z els\u0151sorban vall\u00e1si cerem\u00f3ni\u00e1kra szolg\u00e1l.<\/p>\n<h4>K: Milyen szolg\u00e1ltat\u00e1sokat k\u00edn\u00e1l egy esk\u00fcv\u0151szervez\u0151, mint a ChiaraB Events egy noto-i esk\u00fcv\u0151re?<\/h4>\n<p>V: A ChiaraB Events teljes k\u00f6r\u0171 szolg\u00e1ltat\u00e1st ny\u00fajt, amely mag\u00e1ban foglalja a helysz\u00edn kiv\u00e1laszt\u00e1s\u00e1t \u00e9s kezel\u00e9s\u00e9t, a helyi szolg\u00e1ltat\u00f3kkal val\u00f3 koordin\u00e1ci\u00f3t, vir\u00e1gdekor\u00e1ci\u00f3kat, tipikus szic\u00edliai cateringet, k\u00eds\u00e9r\u0151 esem\u00e9nyek szervez\u00e9s\u00e9t \u00e9s szem\u00e9lyre szabott seg\u00edts\u00e9get a t\u00f6k\u00e9letes noto-i esk\u00fcv\u0151 biztos\u00edt\u00e1s\u00e1hoz.<\/p>\n<h4>K: Hogyan l\u00e9phetek kapcsolatba a ChiaraB Eventsszel, hogy egy noto-i esk\u00fcv\u0151t szervezzek, mint Chiara Ferragni\u00e9?<\/h4>\n<p>V: K\u00f6zvetlen\u00fcl a 392 615 8292-es telefonsz\u00e1mon kereszt\u00fcl l\u00e9phetsz kapcsolatba a ChiaraB Eventsszel, hogy szem\u00e9lyre szabott tan\u00e1csad\u00e1st \u00e9s r\u00e9szletes inform\u00e1ci\u00f3kat kapj egy exkluz\u00edv noto-i esk\u00fcv\u0151 szervez\u00e9s\u00e9r\u0151l.<\/p>","protected":false},"excerpt":{"rendered":"<p>L&#8217;incanto di Noto: la scelta del luogo per un matrimonio da sogno Immersa nel cuore del barocco siciliano, Noto offre scenari unici capaci di trasformare il tuo matrimonio in un evento indimenticabile. Ville storiche, come il Palazzo Nicolaci, o eleganti dimore con vista sulle vallate dorate, conferiscono un fascino senza tempo al tuo grande giorno. Scegliere Noto [&hellip;]<\/p>","protected":false},"author":4,"featured_media":33134,"comment_status":"closed","ping_status":"closed","sticky":false,"template":"","format":"standard","meta":{"footnotes":""},"categories":[150,221],"tags":[],"class_list":["post-33133","post","type-post","status-publish","format-standard","has-post-thumbnail","hentry","category-consigli","category-news"],"yoast_head":"<!-- This site is optimized with the Yoast SEO Premium plugin v21.8 (Yoast SEO v27.3) - https:\/\/yoast.com\/product\/yoast-seo-premium-wordpress\/ -->\n<title>Matrimonio a Noto: dove si \u00e8 sposata la Ferragni? - ChiaraB Events Wedding Planner<\/title>\n<meta name=\"description\" content=\"Immersa nel cuore del barocco siciliano, Noto offre scenari unici capaci di trasformare il tuo matrimonio in un evento indimenticabile.\" \/>\n<meta name=\"robots\" content=\"index, follow, max-snippet:-1, max-image-preview:large, max-video-preview:-1\" \/>\n<link rel=\"canonical\" href=\"https:\/\/chiarabevents.com\/hu\/eskuvo-helyszine-noto-ban-hol-hazasodott-ossze-a-ferragni\/\" \/>\n<meta property=\"og:locale\" content=\"hu_HU\" \/>\n<meta property=\"og:type\" content=\"article\" \/>\n<meta property=\"og:title\" content=\"Location matrimonio a Noto: dove si \u00e8 sposata la Ferragni?\" \/>\n<meta property=\"og:description\" content=\"Immersa nel cuore del barocco siciliano, Noto offre scenari unici capaci di trasformare il tuo matrimonio in un evento indimenticabile.\" \/>\n<meta property=\"og:url\" content=\"https:\/\/chiarabevents.com\/hu\/eskuvo-helyszine-noto-ban-hol-hazasodott-ossze-a-ferragni\/\" \/>\n<meta property=\"og:site_name\" content=\"ChiaraB Events Wedding Planner\" \/>\n<meta property=\"article:publisher\" content=\"https:\/\/www.facebook.com\/chiarabevent\" \/>\n<meta property=\"article:published_time\" content=\"2024-01-24T21:47:19+00:00\" \/>\n<meta property=\"article:modified_time\" content=\"2026-03-12T11:06:39+00:00\" \/>\n<meta property=\"og:image\" content=\"https:\/\/chiarabevents.com\/wp-content\/uploads\/2025\/06\/matrimonio-ferragni-noto.jpg\" \/>\n\t<meta property=\"og:image:width\" content=\"2000\" \/>\n\t<meta property=\"og:image:height\" content=\"1333\" \/>\n\t<meta property=\"og:image:type\" content=\"image\/jpeg\" \/>\n<meta name=\"author\" content=\"ChiaraB Blog\" \/>\n<meta name=\"twitter:card\" content=\"summary_large_image\" \/>\n<meta name=\"twitter:label1\" content=\"Written by\" \/>\n\t<meta name=\"twitter:data1\" content=\"ChiaraB Blog\" \/>\n\t<meta name=\"twitter:label2\" content=\"Est. reading time\" \/>\n\t<meta name=\"twitter:data2\" content=\"11 minutes\" \/>\n<script type=\"application\/ld+json\" class=\"yoast-schema-graph\">{\"@context\":\"https:\\\/\\\/schema.org\",\"@graph\":[{\"@type\":\"Article\",\"@id\":\"https:\\\/\\\/chiarabevents.com\\\/es\\\/lugar-de-boda-en-noto-donde-se-caso-ferragni\\\/#article\",\"isPartOf\":{\"@id\":\"https:\\\/\\\/chiarabevents.com\\\/es\\\/lugar-de-boda-en-noto-donde-se-caso-ferragni\\\/\"},\"author\":{\"name\":\"ChiaraB Blog\",\"@id\":\"https:\\\/\\\/chiarabevents.com\\\/#\\\/schema\\\/person\\\/bbb582cfce34a973ad4463736fd0b0f4\"},\"headline\":\"Location matrimonio a Noto: dove si \u00e8 sposata la Ferragni?\",\"datePublished\":\"2024-01-24T21:47:19+00:00\",\"dateModified\":\"2026-03-12T11:06:39+00:00\",\"mainEntityOfPage\":{\"@id\":\"https:\\\/\\\/chiarabevents.com\\\/es\\\/lugar-de-boda-en-noto-donde-se-caso-ferragni\\\/\"},\"wordCount\":2111,\"publisher\":{\"@id\":\"https:\\\/\\\/chiarabevents.com\\\/#organization\"},\"image\":{\"@id\":\"https:\\\/\\\/chiarabevents.com\\\/es\\\/lugar-de-boda-en-noto-donde-se-caso-ferragni\\\/#primaryimage\"},\"thumbnailUrl\":\"https:\\\/\\\/chiarabevents.com\\\/wp-content\\\/uploads\\\/2025\\\/06\\\/matrimonio-ferragni-noto.jpg\",\"articleSection\":[\"Consigli\",\"News\"],\"inLanguage\":\"hu-HU\"},{\"@type\":\"WebPage\",\"@id\":\"https:\\\/\\\/chiarabevents.com\\\/es\\\/lugar-de-boda-en-noto-donde-se-caso-ferragni\\\/\",\"url\":\"https:\\\/\\\/chiarabevents.com\\\/es\\\/lugar-de-boda-en-noto-donde-se-caso-ferragni\\\/\",\"name\":\"Matrimonio a Noto: dove si \u00e8 sposata la Ferragni? - ChiaraB Events Wedding Planner\",\"isPartOf\":{\"@id\":\"https:\\\/\\\/chiarabevents.com\\\/#website\"},\"primaryImageOfPage\":{\"@id\":\"https:\\\/\\\/chiarabevents.com\\\/es\\\/lugar-de-boda-en-noto-donde-se-caso-ferragni\\\/#primaryimage\"},\"image\":{\"@id\":\"https:\\\/\\\/chiarabevents.com\\\/es\\\/lugar-de-boda-en-noto-donde-se-caso-ferragni\\\/#primaryimage\"},\"thumbnailUrl\":\"https:\\\/\\\/chiarabevents.com\\\/wp-content\\\/uploads\\\/2025\\\/06\\\/matrimonio-ferragni-noto.jpg\",\"datePublished\":\"2024-01-24T21:47:19+00:00\",\"dateModified\":\"2026-03-12T11:06:39+00:00\",\"description\":\"Immersa nel cuore del barocco siciliano, Noto offre scenari unici capaci di trasformare il tuo matrimonio in un evento indimenticabile.\",\"breadcrumb\":{\"@id\":\"https:\\\/\\\/chiarabevents.com\\\/es\\\/lugar-de-boda-en-noto-donde-se-caso-ferragni\\\/#breadcrumb\"},\"inLanguage\":\"hu-HU\",\"potentialAction\":[{\"@type\":\"ReadAction\",\"target\":[\"https:\\\/\\\/chiarabevents.com\\\/es\\\/lugar-de-boda-en-noto-donde-se-caso-ferragni\\\/\"]}]},{\"@type\":\"ImageObject\",\"inLanguage\":\"hu-HU\",\"@id\":\"https:\\\/\\\/chiarabevents.com\\\/es\\\/lugar-de-boda-en-noto-donde-se-caso-ferragni\\\/#primaryimage\",\"url\":\"https:\\\/\\\/chiarabevents.com\\\/wp-content\\\/uploads\\\/2025\\\/06\\\/matrimonio-ferragni-noto.jpg\",\"contentUrl\":\"https:\\\/\\\/chiarabevents.com\\\/wp-content\\\/uploads\\\/2025\\\/06\\\/matrimonio-ferragni-noto.jpg\",\"width\":2000,\"height\":1333,\"caption\":\"Un romantico scatto di una coppia di sposi sulla spiaggia al tramonto, catturato da ChiaraB Events, wedding planner professionista, perfetto per matrimoni e occasioni speciali con paesaggi suggestivi.\"},{\"@type\":\"BreadcrumbList\",\"@id\":\"https:\\\/\\\/chiarabevents.com\\\/es\\\/lugar-de-boda-en-noto-donde-se-caso-ferragni\\\/#breadcrumb\",\"itemListElement\":[{\"@type\":\"ListItem\",\"position\":1,\"name\":\"Home\",\"item\":\"https:\\\/\\\/chiarabevents.com\\\/\"},{\"@type\":\"ListItem\",\"position\":2,\"name\":\"Location matrimonio a Noto: dove si \u00e8 sposata la Ferragni?\"}]},{\"@type\":\"WebSite\",\"@id\":\"https:\\\/\\\/chiarabevents.com\\\/#website\",\"url\":\"https:\\\/\\\/chiarabevents.com\\\/\",\"name\":\"ChiaraB Events Wedding Planner\",\"description\":\"Un meraviglioso percorso fatto insieme\",\"publisher\":{\"@id\":\"https:\\\/\\\/chiarabevents.com\\\/#organization\"},\"potentialAction\":[{\"@type\":\"SearchAction\",\"target\":{\"@type\":\"EntryPoint\",\"urlTemplate\":\"https:\\\/\\\/chiarabevents.com\\\/?s={search_term_string}\"},\"query-input\":{\"@type\":\"PropertyValueSpecification\",\"valueRequired\":true,\"valueName\":\"search_term_string\"}}],\"inLanguage\":\"hu-HU\"},{\"@type\":\"Organization\",\"@id\":\"https:\\\/\\\/chiarabevents.com\\\/#organization\",\"name\":\"ChiaraB Events Wedding Planner\",\"url\":\"https:\\\/\\\/chiarabevents.com\\\/\",\"logo\":{\"@type\":\"ImageObject\",\"inLanguage\":\"hu-HU\",\"@id\":\"https:\\\/\\\/chiarabevents.com\\\/#\\\/schema\\\/logo\\\/image\\\/\",\"url\":\"https:\\\/\\\/chiarabevents.com\\\/wp-content\\\/uploads\\\/2023\\\/12\\\/cropped-Monogramma_chiarab.png\",\"contentUrl\":\"https:\\\/\\\/chiarabevents.com\\\/wp-content\\\/uploads\\\/2023\\\/12\\\/cropped-Monogramma_chiarab.png\",\"width\":512,\"height\":512,\"caption\":\"ChiaraB Events Wedding Planner\"},\"image\":{\"@id\":\"https:\\\/\\\/chiarabevents.com\\\/#\\\/schema\\\/logo\\\/image\\\/\"},\"sameAs\":[\"https:\\\/\\\/www.facebook.com\\\/chiarabevent\",\"https:\\\/\\\/www.instagram.com\\\/chiarab_events\\\/\"]},{\"@type\":\"Person\",\"@id\":\"https:\\\/\\\/chiarabevents.com\\\/#\\\/schema\\\/person\\\/bbb582cfce34a973ad4463736fd0b0f4\",\"name\":\"ChiaraB Blog\",\"image\":{\"@type\":\"ImageObject\",\"inLanguage\":\"hu-HU\",\"@id\":\"https:\\\/\\\/chiarabevents.com\\\/wp-content\\\/litespeed\\\/avatar\\\/1646323b4cbc3492de1328080709cacc.jpg?ver=1777061573\",\"url\":\"https:\\\/\\\/chiarabevents.com\\\/wp-content\\\/litespeed\\\/avatar\\\/1646323b4cbc3492de1328080709cacc.jpg?ver=1777061573\",\"contentUrl\":\"https:\\\/\\\/chiarabevents.com\\\/wp-content\\\/litespeed\\\/avatar\\\/1646323b4cbc3492de1328080709cacc.jpg?ver=1777061573\",\"caption\":\"ChiaraB Blog\"},\"url\":\"https:\\\/\\\/chiarabevents.com\\\/hu\\\/author\\\/chiarab-blog\\\/\"}]}<\/script>\n<!-- \/ Yoast SEO Premium plugin. -->","yoast_head_json":{"title":"Esk\u00fcv\u0151 Noto-ban: hol h\u00e1zasodott \u00f6ssze Ferragni? - ChiaraB Events Wedding Planner","description":"A szic\u00edliai barokk sz\u00edv\u00e9ben fekv\u0151 Noto egyedi l\u00e1tv\u00e1nyoss\u00e1gokat k\u00edn\u00e1l, amelyek k\u00e9pesek felejthetetlenn\u00e9 tenni az esk\u00fcv\u0151det.","robots":{"index":"index","follow":"follow","max-snippet":"max-snippet:-1","max-image-preview":"max-image-preview:large","max-video-preview":"max-video-preview:-1"},"canonical":"https:\/\/chiarabevents.com\/hu\/eskuvo-helyszine-noto-ban-hol-hazasodott-ossze-a-ferragni\/","og_locale":"hu_HU","og_type":"article","og_title":"Location matrimonio a Noto: dove si \u00e8 sposata la Ferragni?","og_description":"Immersa nel cuore del barocco siciliano, Noto offre scenari unici capaci di trasformare il tuo matrimonio in un evento indimenticabile.","og_url":"https:\/\/chiarabevents.com\/hu\/eskuvo-helyszine-noto-ban-hol-hazasodott-ossze-a-ferragni\/","og_site_name":"ChiaraB Events Wedding Planner","article_publisher":"https:\/\/www.facebook.com\/chiarabevent","article_published_time":"2024-01-24T21:47:19+00:00","article_modified_time":"2026-03-12T11:06:39+00:00","og_image":[{"width":2000,"height":1333,"url":"https:\/\/chiarabevents.com\/wp-content\/uploads\/2025\/06\/matrimonio-ferragni-noto.jpg","type":"image\/jpeg"}],"author":"ChiaraB Blog","twitter_card":"summary_large_image","twitter_misc":{"Written by":"ChiaraB Blog","Est. reading time":"11 minutes"},"schema":{"@context":"https:\/\/schema.org","@graph":[{"@type":"Article","@id":"https:\/\/chiarabevents.com\/es\/lugar-de-boda-en-noto-donde-se-caso-ferragni\/#article","isPartOf":{"@id":"https:\/\/chiarabevents.com\/es\/lugar-de-boda-en-noto-donde-se-caso-ferragni\/"},"author":{"name":"ChiaraB Blog","@id":"https:\/\/chiarabevents.com\/#\/schema\/person\/bbb582cfce34a973ad4463736fd0b0f4"},"headline":"Location matrimonio a Noto: dove si \u00e8 sposata la Ferragni?","datePublished":"2024-01-24T21:47:19+00:00","dateModified":"2026-03-12T11:06:39+00:00","mainEntityOfPage":{"@id":"https:\/\/chiarabevents.com\/es\/lugar-de-boda-en-noto-donde-se-caso-ferragni\/"},"wordCount":2111,"publisher":{"@id":"https:\/\/chiarabevents.com\/#organization"},"image":{"@id":"https:\/\/chiarabevents.com\/es\/lugar-de-boda-en-noto-donde-se-caso-ferragni\/#primaryimage"},"thumbnailUrl":"https:\/\/chiarabevents.com\/wp-content\/uploads\/2025\/06\/matrimonio-ferragni-noto.jpg","articleSection":["Consigli","News"],"inLanguage":"hu-HU"},{"@type":"WebPage","@id":"https:\/\/chiarabevents.com\/es\/lugar-de-boda-en-noto-donde-se-caso-ferragni\/","url":"https:\/\/chiarabevents.com\/es\/lugar-de-boda-en-noto-donde-se-caso-ferragni\/","name":"Esk\u00fcv\u0151 Noto-ban: hol h\u00e1zasodott \u00f6ssze Ferragni? - ChiaraB Events Wedding Planner","isPartOf":{"@id":"https:\/\/chiarabevents.com\/#website"},"primaryImageOfPage":{"@id":"https:\/\/chiarabevents.com\/es\/lugar-de-boda-en-noto-donde-se-caso-ferragni\/#primaryimage"},"image":{"@id":"https:\/\/chiarabevents.com\/es\/lugar-de-boda-en-noto-donde-se-caso-ferragni\/#primaryimage"},"thumbnailUrl":"https:\/\/chiarabevents.com\/wp-content\/uploads\/2025\/06\/matrimonio-ferragni-noto.jpg","datePublished":"2024-01-24T21:47:19+00:00","dateModified":"2026-03-12T11:06:39+00:00","description":"A szic\u00edliai barokk sz\u00edv\u00e9ben fekv\u0151 Noto egyedi l\u00e1tv\u00e1nyoss\u00e1gokat k\u00edn\u00e1l, amelyek k\u00e9pesek felejthetetlenn\u00e9 tenni az esk\u00fcv\u0151det.","breadcrumb":{"@id":"https:\/\/chiarabevents.com\/es\/lugar-de-boda-en-noto-donde-se-caso-ferragni\/#breadcrumb"},"inLanguage":"hu-HU","potentialAction":[{"@type":"ReadAction","target":["https:\/\/chiarabevents.com\/es\/lugar-de-boda-en-noto-donde-se-caso-ferragni\/"]}]},{"@type":"ImageObject","inLanguage":"hu-HU","@id":"https:\/\/chiarabevents.com\/es\/lugar-de-boda-en-noto-donde-se-caso-ferragni\/#primaryimage","url":"https:\/\/chiarabevents.com\/wp-content\/uploads\/2025\/06\/matrimonio-ferragni-noto.jpg","contentUrl":"https:\/\/chiarabevents.com\/wp-content\/uploads\/2025\/06\/matrimonio-ferragni-noto.jpg","width":2000,"height":1333,"caption":"Un romantico scatto di una coppia di sposi sulla spiaggia al tramonto, catturato da ChiaraB Events, wedding planner professionista, perfetto per matrimoni e occasioni speciali con paesaggi suggestivi."},{"@type":"BreadcrumbList","@id":"https:\/\/chiarabevents.com\/es\/lugar-de-boda-en-noto-donde-se-caso-ferragni\/#breadcrumb","itemListElement":[{"@type":"ListItem","position":1,"name":"Home","item":"https:\/\/chiarabevents.com\/"},{"@type":"ListItem","position":2,"name":"Location matrimonio a Noto: dove si \u00e8 sposata la Ferragni?"}]},{"@type":"WebSite","@id":"https:\/\/chiarabevents.com\/#website","url":"https:\/\/chiarabevents.com\/","name":"ChiaraB Esem\u00e9nyek Esk\u00fcv\u0151szervez\u0151","description":"Egy csod\u00e1latos \u00fat egy\u00fctt megt\u00e9ve","publisher":{"@id":"https:\/\/chiarabevents.com\/#organization"},"potentialAction":[{"@type":"SearchAction","target":{"@type":"EntryPoint","urlTemplate":"https:\/\/chiarabevents.com\/?s={search_term_string}"},"query-input":{"@type":"PropertyValueSpecification","valueRequired":true,"valueName":"search_term_string"}}],"inLanguage":"hu-HU"},{"@type":"Organization","@id":"https:\/\/chiarabevents.com\/#organization","name":"ChiaraB Esem\u00e9nyek Esk\u00fcv\u0151szervez\u0151","url":"https:\/\/chiarabevents.com\/","logo":{"@type":"ImageObject","inLanguage":"hu-HU","@id":"https:\/\/chiarabevents.com\/#\/schema\/logo\/image\/","url":"https:\/\/chiarabevents.com\/wp-content\/uploads\/2023\/12\/cropped-Monogramma_chiarab.png","contentUrl":"https:\/\/chiarabevents.com\/wp-content\/uploads\/2023\/12\/cropped-Monogramma_chiarab.png","width":512,"height":512,"caption":"ChiaraB Events Wedding Planner"},"image":{"@id":"https:\/\/chiarabevents.com\/#\/schema\/logo\/image\/"},"sameAs":["https:\/\/www.facebook.com\/chiarabevent","https:\/\/www.instagram.com\/chiarab_events\/"]},{"@type":"Person","@id":"https:\/\/chiarabevents.com\/#\/schema\/person\/bbb582cfce34a973ad4463736fd0b0f4","name":"ChiaraB Blog","image":{"@type":"ImageObject","inLanguage":"hu-HU","@id":"https:\/\/chiarabevents.com\/wp-content\/litespeed\/avatar\/1646323b4cbc3492de1328080709cacc.jpg?ver=1777061573","url":"https:\/\/chiarabevents.com\/wp-content\/litespeed\/avatar\/1646323b4cbc3492de1328080709cacc.jpg?ver=1777061573","contentUrl":"https:\/\/chiarabevents.com\/wp-content\/litespeed\/avatar\/1646323b4cbc3492de1328080709cacc.jpg?ver=1777061573","caption":"ChiaraB Blog"},"url":"https:\/\/chiarabevents.com\/hu\/author\/chiarab-blog\/"}]}},"_links":{"self":[{"href":"https:\/\/chiarabevents.com\/hu\/wp-json\/wp\/v2\/posts\/33133","targetHints":{"allow":["GET"]}}],"collection":[{"href":"https:\/\/chiarabevents.com\/hu\/wp-json\/wp\/v2\/posts"}],"about":[{"href":"https:\/\/chiarabevents.com\/hu\/wp-json\/wp\/v2\/types\/post"}],"author":[{"embeddable":true,"href":"https:\/\/chiarabevents.com\/hu\/wp-json\/wp\/v2\/users\/4"}],"replies":[{"embeddable":true,"href":"https:\/\/chiarabevents.com\/hu\/wp-json\/wp\/v2\/comments?post=33133"}],"version-history":[{"count":0,"href":"https:\/\/chiarabevents.com\/hu\/wp-json\/wp\/v2\/posts\/33133\/revisions"}],"wp:featuredmedia":[{"embeddable":true,"href":"https:\/\/chiarabevents.com\/hu\/wp-json\/wp\/v2\/media\/33134"}],"wp:attachment":[{"href":"https:\/\/chiarabevents.com\/hu\/wp-json\/wp\/v2\/media?parent=33133"}],"wp:term":[{"taxonomy":"category","embeddable":true,"href":"https:\/\/chiarabevents.com\/hu\/wp-json\/wp\/v2\/categories?post=33133"},{"taxonomy":"post_tag","embeddable":true,"href":"https:\/\/chiarabevents.com\/hu\/wp-json\/wp\/v2\/tags?post=33133"}],"curies":[{"name":"wp","href":"https:\/\/api.w.org\/{rel}","templated":true}]}}