{"id":33383,"date":"2024-03-19T16:10:08","date_gmt":"2024-03-19T14:10:08","guid":{"rendered":"https:\/\/chiarabevents.com\/?p=33383"},"modified":"2026-03-12T11:10:23","modified_gmt":"2026-03-12T11:10:23","slug":"unnepi-ruhak-es-koordinalt-dekoraciok-a-chiarab-events-stilusos-erintese","status":"publish","type":"post","link":"https:\/\/chiarabevents.com\/hu\/unnepi-ruhak-es-koordinalt-dekoraciok-a-chiarab-events-stilusos-erintese\/","title":{"rendered":"\u00dcnnepi ruh\u00e1k \u00e9s koordin\u00e1lt dekor\u00e1ci\u00f3k \u2013 a ChiaraB Events st\u00edlusos \u00e9rint\u00e9se"},"content":{"rendered":"<h2>Bevezet\u00e9s<\/h2>\n<p>A <strong>\u00fcnnepi ruh\u00e1k<\/strong> \u00e9s <strong>koordin\u00e1lt dekor\u00e1ci\u00f3k<\/strong> alapvet\u0151 elemek ahhoz, hogy minden esem\u00e9ny egyedi \u00e9s felejthetetlen legyen. Ebben a kontextusban a ChiaraB Events kit\u0171nik azzal a k\u00e9pess\u00e9g\u00e9vel, hogy <strong>az \u00fcgyfelek elk\u00e9pzel\u00e9seit<\/strong> rendk\u00edv\u00fcli val\u00f3s\u00e1gg\u00e1 alak\u00edtsa. A r\u00e9szletekre val\u00f3 apr\u00f3l\u00e9kos odafigyel\u00e9ssel minden \u00f6lt\u00f6z\u00e9k \u00e9s dekor\u00e1ci\u00f3 t\u00f6k\u00e9letes egyens\u00falyban ker\u00fcl kiv\u00e1laszt\u00e1sra \u00e9s megtervez\u00e9sre az elegancia \u00e9s a szem\u00e9lyis\u00e9g k\u00f6z\u00f6tt. A klasszikust\u00f3l a modernig terjed\u0151 sz\u00e9les st\u00edlusk\u00edn\u00e1latnak k\u00f6sz\u00f6nhet\u0151en megtal\u00e1lhatod azt, ami legink\u00e1bb t\u00fckr\u00f6zi az \u00edzl\u00e9sedet \u00e9s az esem\u00e9ny t\u00e9m\u00e1j\u00e1t, \u00edgy felejthetetlen l\u00e9gk\u00f6rt teremtve sz\u00e1modra \u00e9s vend\u00e9geid sz\u00e1m\u00e1ra.<\/p>\n<h3>F\u0151bb pontok:<\/h3>\n<ul>\n<li>A ChiaraB Events egyedi szab\u00e1s\u00fa \u00fcnnepi ruh\u00e1k sz\u00e9les v\u00e1laszt\u00e9k\u00e1t k\u00edn\u00e1lja, amelyek minden k\u00fcl\u00f6nleges esem\u00e9ny ig\u00e9nyeit kiel\u00e9g\u00edtik.<\/li>\n<li>A koordin\u00e1lt dekor\u00e1ci\u00f3 alapvet\u0151 fontoss\u00e1g\u00fa a vizu\u00e1lis harm\u00f3nia megteremt\u00e9s\u00e9hez, amely t\u00fckr\u00f6zi az esem\u00e9ny st\u00edlus\u00e1t \u00e9s t\u00e9m\u00e1j\u00e1t.<\/li>\n<li>A kiv\u00e1l\u00f3 min\u0151s\u00e9g\u0171 anyagok \u00e9s az eleg\u00e1ns r\u00e9szletek kombin\u00e1ci\u00f3ja egyedi \u00e9s kifinomult megjelen\u00e9st biztos\u00edt.<\/li>\n<li>A ChiaraB Events szem\u00e9lyre szabott megk\u00f6zel\u00edt\u00e9s\u00e9vel t\u0171nik ki, szorosan egy\u00fcttm\u0171k\u00f6dve az \u00fcgyfelekkel, hogy megval\u00f3s\u00edtsa elk\u00e9pzel\u00e9seiket.<\/li>\n<li>A r\u00e9szletekre val\u00f3 odafigyel\u00e9s \u00e9s a ChiaraB szak\u00e9rtelme magas sz\u00ednvonal\u00fa szolg\u00e1ltat\u00e1st \u00e9s hib\u00e1tlan v\u00e9geredm\u00e9nyt garant\u00e1l.<\/li>\n<\/ul>\n<h2>A megfelel\u0151 ruha kiv\u00e1laszt\u00e1s\u00e1nak m\u0171v\u00e9szete<\/h2>\n<p>A t\u00f6k\u00e9letes ruha megtal\u00e1l\u00e1sa egy k\u00fcl\u00f6nleges esem\u00e9nyre figyelmet \u00e9s gondoss\u00e1got ig\u00e9nyel. Vedd figyelembe a szem\u00e9lyes st\u00edlusodat \u00e9s az esem\u00e9ny t\u00edpus\u00e1t, legyen az form\u00e1lis vagy inform\u00e1lis. K\u00eds\u00e9rletezz form\u00e1kkal, anyagokkal \u00e9s r\u00e9szletekkel, amelyek kiemelik az alakodat. Ne feledd, a megfelel\u0151 ruha nem csak eszt\u00e9tika k\u00e9rd\u00e9se: k\u00e9nyelmesnek \u00e9s magabiztosnak kell \u00e9rezned magad benne, mik\u00f6zben t\u00fckr\u00f6zi a szem\u00e9lyis\u00e9gedet.<\/p>\n<h3>A 2023-as trendek: Felt\u00f6rekv\u0151 sz\u00ednek \u00e9s st\u00edlusok<\/h3>\n<p>2023 egy vibr\u00e1l\u00f3 palett\u00e1t hoz mag\u00e1val <strong>mer\u00e9sz sz\u00ednekkel<\/strong>. Az smaragdz\u00f6ld, tenger\u00e9szk\u00e9k \u00e9s terrakotta \u00e1rnyalatai vezetik a list\u00e1t, mik\u00f6zben a <strong>minimalista diz\u00e1jnok<\/strong> \u00e9s a foly\u00e9kony sziluettek uralj\u00e1k a kifut\u00f3kat. A vintage hat\u00e1sok visszat\u00e9rnek, olyan ruh\u00e1kkal, amelyek kifinomult r\u00e9szleteket mutatnak, mint a <strong>csipke \u00e9s gy\u00f6ngy\u00f6k<\/strong>, \u00edgy minden darab egyedi \u00e9s leny\u0171g\u00f6z\u0151.<\/p>\n<h3>Hogyan illessz\u00fck a ruh\u00e1t az esem\u00e9ny t\u00e9m\u00e1j\u00e1hoz<\/h3>\n<p>A ruha illeszt\u00e9se az esem\u00e9ny t\u00e9m\u00e1j\u00e1hoz alapvet\u0151 a harmonikus l\u00e9gk\u00f6r megteremt\u00e9s\u00e9hez. Vedd figyelembe az olyan elemeket, mint az esk\u00fcv\u0151 sz\u00edne, a vir\u00e1gd\u00edsz t\u00edpusa \u00e9s a helysz\u00edn. P\u00e9ld\u00e1ul egy rusztikus cerem\u00f3ni\u00e1hoz egy term\u00e9szetes anyag\u00fa, f\u00f6ldsz\u00ednekkel k\u00e9sz\u00fclt ruha t\u00f6k\u00e9letes lesz. Eleg\u00e1ns esem\u00e9nyekhez v\u00e1lassz f\u00e9nyesebb anyagokat \u00e9s kifinomult sz\u00edneket. A kieg\u00e9sz\u00edt\u0151k kieg\u00e9sz\u00edthetik a megjelen\u00e9st, \u00fcgyesen t\u00fckr\u00f6zve a v\u00e1lasztott t\u00e9m\u00e1t.<\/p>\n<p>Amikor a megfelel\u0151 ruha kiv\u00e1laszt\u00e1s\u00e1r\u00f3l van sz\u00f3 az esem\u00e9ny t\u00e9m\u00e1j\u00e1hoz igaz\u00edtva, minden r\u00e9szlet sz\u00e1m\u00edt. Ha az esk\u00fcv\u0151 egy vir\u00e1gz\u00f3 kertben zajlik, v\u00e1laszthatsz pasztell \u00e1rnyalat\u00fa, h\u00edmzett vir\u00e1gos ruh\u00e1t, amely t\u00f6k\u00e9letesen illeszkedik a k\u00f6rnyezethez. Alternat\u00edvak\u00e9nt egy kast\u00e9lyban tartott esem\u00e9nyhez pomp\u00e1sabb ruh\u00e1k illenek, esetleg kidolgozott f\u0171z\u0151kkel \u00e9s \u00e9rt\u00e9kes anyagokkal. Ne feledd figyelembe venni a kieg\u00e9sz\u00edt\u0151ket is, mint a cip\u0151k \u00e9s \u00e9kszerek, amelyek seg\u00edthetnek hangs\u00falyozni a t\u00e9m\u00e1t, t\u00f6k\u00e9letes \u00e9s \u00f6sszhangban l\u00e9v\u0151 megjelen\u00e9st teremtve. Ugyan\u00edgy a sminknek \u00e9s a frizur\u00e1nak is t\u00fckr\u00f6znie kell az \u00f6sszhangot, hogy a v\u00e9geredm\u00e9ny mindenkit \u00e1mulatba ejtsen.<\/p>\n<h2>Koordin\u00e1lt dekor\u00e1ci\u00f3k: Egyedi l\u00e9gk\u00f6r megteremt\u00e9se<\/h2>\n<p>Egy \u00f6sszehangolt dekor\u00e1ci\u00f3 minden cerem\u00f3ni\u00e1t eml\u00e9kezetes \u00e9lm\u00e9nny\u00e9 var\u00e1zsol. A t\u00f3nusok \u00e9s anyagok kiv\u00e1laszt\u00e1s\u00e1t\u00f3l az kieg\u00e9sz\u00edt\u0151k harmoniz\u00e1l\u00e1s\u00e1ig minden r\u00e9szlet alapvet\u0151 szerepet j\u00e1tszik az esem\u00e9ny t\u00e9m\u00e1j\u00e1nak k\u00f6zvet\u00edt\u00e9s\u00e9ben. K\u00e9pzelje el, hogy \u00e9rzelmeket k\u00f6zvet\u00edt egy olyan dekor\u00e1ci\u00f3n kereszt\u00fcl, amely egy t\u00f6rt\u00e9netet mes\u00e9l el, \u00edgy a helysz\u00edn nemcsak sz\u00e9p, hanem otthonos \u00e9s jelent\u0151s\u00e9gteljes is lesz. A r\u00e9szletekre val\u00f3 odafigyel\u00e9s lehet\u0151v\u00e9 teszi, hogy minden aspektust szem\u00e9lyre szabjon, egyedi l\u00e9gk\u00f6rt teremtve, amelyben a vend\u00e9gek a l\u00e1tom\u00e1s\u00e1nak szerves r\u00e9sz\u00e9nek \u00e9rzik magukat. Egy <a href=\"https:\/\/chiarabevents.com\/hu\/szimbolikus-ceremonia-caprin-hogyan-tegyuk-erzelmese-es-jol-felepitette\/\">szimbolikus cerem\u00f3nia Caprin<\/a>, amely a t\u00e1j sz\u00e9ps\u00e9g\u00e9ben f\u00fcrdik, \u00edgy felejthetetlen pillanatt\u00e1 v\u00e1lik, ahol minden elem t\u00f6k\u00e9letes \u00f6sszhangban fon\u00f3dik \u00f6ssze. Ez a megk\u00f6zel\u00edt\u00e9s az \u00fcnnepl\u00e9st \u00e9rzelmi utaz\u00e1ss\u00e1 alak\u00edtja, m\u00e9g k\u00fcl\u00f6nlegesebb\u00e9 t\u00e9ve minden pillanatot.<\/p>\n<h3>A vizu\u00e1lis \u00f6sszhang fontoss\u00e1ga<\/h3>\n<p>A vizu\u00e1lis \u00f6sszhang az, ami lehet\u0151v\u00e9 teszi vend\u00e9gei sz\u00e1m\u00e1ra, hogy z\u00f6kken\u0151mentes \u00e9s mag\u00e1val ragad\u00f3 \u00e9lm\u00e9nyt \u00e9ljenek \u00e1t. Minden elem, a vir\u00e1gokt\u00f3l az asztalter\u00edt\u0151k sz\u00edn\u00e9ig, hozz\u00e1j\u00e1rul egy harmonikus l\u00e9gk\u00f6r megteremt\u00e9s\u00e9hez. Egy olyan sz\u00ednpaletta \u00e9s st\u00edlus kiv\u00e1laszt\u00e1sa, amelyek \u00f6sszhangban vannak egym\u00e1ssal, biztos\u00edtja, hogy az \u00f6n cerem\u00f3ni\u00e1ja ne csak vonz\u00f3 legyen, hanem m\u00e9ly \u00e9s jelent\u00e9ssel teli is.<\/p>\n<h3>Alapvet\u0151 elemek a tervez\u00e9shez \u00e9s dekor\u00e1ci\u00f3hoz<\/h3>\n<p>A sikeres tervez\u00e9s kulcselemei k\u00f6z\u00e9 tartozik a b\u00fatorok, vil\u00e1g\u00edt\u00e1s \u00e9s dekor\u00e1ci\u00f3s kieg\u00e9sz\u00edt\u0151k kiv\u00e1laszt\u00e1sa. Az olyan asztalok \u00e9s sz\u00e9kek haszn\u00e1lata, amelyek illeszkednek a v\u00e1lasztott t\u00e9m\u00e1hoz, nagy k\u00fcl\u00f6nbs\u00e9get jelenthet, ak\u00e1rcsak a vil\u00e1g\u00edt\u00e1s strat\u00e9giai alkalmaz\u00e1sa a hangulatos atmoszf\u00e9ra megteremt\u00e9s\u00e9hez. Olyan kieg\u00e9sz\u00edt\u0151k, mint a gyerty\u00e1k, asztald\u00edszek \u00e9s \u00f6sszehangolt anyagokb\u00f3l k\u00e9sz\u00fclt drap\u00e9ri\u00e1k tov\u00e1bb szem\u00e9lyre szabhatj\u00e1k a teret.<\/p>\n<p>Minden elemnek a k\u00edv\u00e1nt \u00fczenetet kell k\u00f6zvet\u00edtenie. Ha p\u00e9ld\u00e1ul a t\u00e9m\u00e1ja romantikus, a tomp\u00edtott f\u00e9nyek, friss vir\u00e1gok \u00e9s k\u00f6nny\u0171 anyagok haszn\u00e1lata t\u00f6k\u00e9letes hangulatot teremthet. Gondoljon a t\u00e9r elrendez\u00e9s\u00e9re is; egy j\u00f3l \u00e1tgondolt elrendez\u00e9s \u00f6szt\u00f6nzi a vend\u00e9gek k\u00f6z\u00f6tti interakci\u00f3t \u00e9s bar\u00e1ts\u00e1gosabb\u00e1 teszi a k\u00f6rnyezetet. \u00cdgy vend\u00e9gei nemcsak k\u00e9nyelmesen \u00e9rzik magukat, hanem egy olyan \u00e9lm\u00e9nyt is \u00e1t\u00e9lnek, amelyet hossz\u00fa ideig eml\u00e9kezni fognak.<\/p>\n<h2>A ChiaraB Events szerepe a cerem\u00f3ni\u00e1k tervez\u00e9s\u00e9ben<\/h2>\n<p>A ChiaraB Events kit\u0171nik a cerem\u00f3ni\u00e1k tervez\u00e9s\u00e9ben a r\u00e9szletekre val\u00f3 apr\u00f3l\u00e9kos odafigyel\u00e9s\u00e9vel \u00e9s az \u00fcgyfelek ig\u00e9nyeinek m\u00e9ly meg\u00e9rt\u00e9s\u00e9vel. Minden esem\u00e9nyt azzal a c\u00e9llal terveznek, hogy egyedi atmoszf\u00e9r\u00e1kat hozzanak l\u00e9tre, ahol minden elem, a ruh\u00e1kt\u00f3l a d\u00edsz\u00edt\u00e9sekig, t\u00f6k\u00e9letes \u00f6sszhangban van. Ez a megk\u00f6zel\u00edt\u00e9s lehet\u0151v\u00e9 teszi, hogy a szem\u00e9lyes elk\u00e9pzel\u00e9sek k\u00e9zzelfoghat\u00f3 val\u00f3s\u00e1gg\u00e1 v\u00e1ljanak, \u00edgy minden cerem\u00f3nia exkluz\u00edv \u00e9s eml\u00e9kezetes esem\u00e9nny\u00e9 v\u00e1lik.<\/p>\n<h3>Szem\u00e9lyre szabott megk\u00f6zel\u00edt\u00e9s minden esem\u00e9nyhez<\/h3>\n<p>Minden cerem\u00f3nia egyedi, \u00e9s a ChiaraB Events egy <strong>szem\u00e9lyre szabott megk\u00f6zel\u00edt\u00e9st<\/strong> alkalmaz minden \u00fcgyf\u00e9l sz\u00e1m\u00e1ra. Id\u0151t sz\u00e1nnak arra, hogy meg\u00e9rts\u00e9k az \u00f6n k\u00edv\u00e1ns\u00e1gait \u00e9s elv\u00e1r\u00e1sait, hogy a v\u00e9gs\u0151 tervez\u00e9s hitelesen t\u00fckr\u00f6zze az \u00f6n st\u00edlus\u00e1t \u00e9s szem\u00e9lyis\u00e9g\u00e9t. Egy olyan javaslatot k\u00e9sz\u00edtenek, amely t\u00f6k\u00e9letesen illeszkedik az \u00f6n \u00edzl\u00e9s\u00e9hez, garant\u00e1lva egy olyan esem\u00e9nyt, amely megfelel az \u00f6n elk\u00e9pzel\u00e9seinek.<\/p>\n<h3>Sikeres p\u00e9ld\u00e1k: visszajelz\u00e9sek \u00e9s eredm\u00e9nyek<\/h3>\n<p>A <strong>el\u00e9gedett \u00fcgyfelek<\/strong> visszajelz\u00e9sei egy\u00e9rtelm\u0171en mutatj\u00e1k: a ChiaraB Events felejthetetlen pillanatokat teremtett. Egy 2022-ben megval\u00f3sult esk\u00fcv\u0151 dics\u00e9retet kapott a kiv\u00e9teles elegancia \u00e9s eredetis\u00e9g kombin\u00e1ci\u00f3j\u00e1\u00e9rt, olyan d\u00edsz\u00edt\u00e9ssel, amely el\u00e1ll\u00edtotta a vend\u00e9gek szav\u00e1t. A sz\u00e1mok az \u00fcgyf\u00e9l-el\u00e9gedetts\u00e9g n\u00f6veked\u00e9s\u00e9t mutatj\u00e1k az <strong>90%<\/strong> el\u0151z\u0151 esem\u00e9nyekhez k\u00e9pest, bizony\u00edtva a ChiaraB Events megk\u00f6zel\u00edt\u00e9s\u00e9nek hat\u00e9konys\u00e1g\u00e1t.<\/p>\n<p>Egy sikeres p\u00e9lda Laura \u00e9s Marco esk\u00fcv\u0151je, amelynek t\u00e9m\u00e1ja a tenger volt, \u00e9s meglep\u0151en \u00f6sszehangolta ruh\u00e1ik k\u00e9kj\u00e9t a tenger ihlette dekor\u00e1ci\u00f3kkal. Vend\u00e9geik a hangulatot \u201evar\u00e1zslatosnak\u201d \u00e9s \u201emag\u00e1val ragad\u00f3nak\u201d \u00edrt\u00e1k le. A ChiaraB Events gyorsas\u00e1ga \u00e9s hat\u00e9konys\u00e1ga, amellyel mindent megval\u00f3s\u00edtottak, a ruh\u00e1kt\u00f3l a dekor\u00e1ci\u00f3kig, mindenkit leny\u0171g\u00f6z\u00f6tt, \u00e9s n\u00f6velte a j\u00f6v\u0151beni esem\u00e9nyek ir\u00e1nti \u00e9rdekl\u0151d\u00e9st. Laura \u00e9s Marco el\u00e9gedetts\u00e9g\u00e9t egy v\u00edrusvide\u00f3 is bizony\u00edtja a k\u00f6z\u00f6ss\u00e9gi m\u00e9di\u00e1ban, amely t\u00f6bb mint <strong>10 000 megtekint\u00e9st<\/strong>gy\u0171jt\u00f6tt \u00f6ssze. Ez csak egy a sok siker k\u00f6z\u00fcl, amely meger\u0151s\u00edti a ChiaraB Events k\u00e9pess\u00e9g\u00e9t, hogy rendk\u00edv\u00fcli \u00e9lm\u00e9nyeket hozzon l\u00e9tre.<\/p>\n<h2>Gyakorlati tan\u00e1csok fenntarthat\u00f3 eleganci\u00e1hoz<\/h2>\n<p>A fenntarthat\u00f3 megk\u00f6zel\u00edt\u00e9s alkalmaz\u00e1sa nem jelenti a st\u00edlusr\u00f3l val\u00f3 lemond\u00e1st. K\u00f6rnyezetbar\u00e1t anyagokb\u00f3l k\u00e9sz\u00fclt cerem\u00f3niai ruh\u00e1k \u00e9s \u00f6sszehangolt dekor\u00e1ci\u00f3k v\u00e1laszt\u00e1s\u00e1val felejthetetlen esem\u00e9nyt hozhat l\u00e9tre, amely tiszteletben tartja a k\u00f6rnyezetet. Gondoljon term\u00e9szetes \u00e1rnyalatokra \u00e9s olyan d\u00edsz\u00edt\u00e9si technik\u00e1kra, amelyek cs\u00f6kkentik a hullad\u00e9kot an\u00e9lk\u00fcl, hogy az eszt\u00e9tik\u00e1t vesz\u00e9lyeztetn\u00e9k. Minden v\u00e1laszt\u00e1s, a helysz\u00ednt\u0151l a besz\u00e1ll\u00edt\u00f3kig, hozz\u00e1j\u00e1rulhat fenntarthat\u00f3s\u00e1gi elk\u00e9pzel\u00e9s\u00e9hez, \u00edgy nagy napja nemcsak gy\u00f6ny\u00f6r\u0171, hanem etikus is lesz.<\/p>\n<h3>Figyelembe veend\u0151 k\u00f6rnyezetbar\u00e1t anyagok<\/h3>\n<p>Az <strong>organikus sz\u00f6vetek<\/strong>v\u00e1laszt\u00e1sa, mint a biopamut, len vagy bambusz, kiv\u00e1l\u00f3 d\u00f6nt\u00e9s az \u00f6n ruh\u00e1j\u00e1hoz. Az \u00e1tl\u00e1tsz\u00f3 dekor\u00e1ci\u00f3k, mint az \u00fajrahasznos\u00edtott \u00fcveg vagy FSC tan\u00fas\u00edtv\u00e1nnyal rendelkez\u0151 fa, eleg\u00e1ns \u00e9s term\u00e9szetes \u00e9rint\u00e9st adhatnak az esem\u00e9nynek. Biol\u00f3giailag leboml\u00f3 anyagok haszn\u00e1lata az asztalokhoz \u00e9s ev\u0151eszk\u00f6z\u00f6kh\u00f6z szint\u00e9n hozz\u00e1j\u00e1rul az esk\u00fcv\u0151 k\u00f6rnyezeti hat\u00e1s\u00e1nak cs\u00f6kkent\u00e9s\u00e9hez.<\/p>\n<h3>Tudatos v\u00e1laszt\u00e1sok az \u00f6n nagy napj\u00e1ra<\/h3>\n<p>Minden d\u00f6nt\u00e9sed nagy hat\u00e1ssal lehet. Helyi besz\u00e1ll\u00edt\u00f3k v\u00e1laszt\u00e1s\u00e1val cs\u00f6kkentheted a sz\u00e1ll\u00edt\u00e1shoz kapcsol\u00f3d\u00f3 sz\u00e9n-dioxid-kibocs\u00e1t\u00e1st, \u00e9s t\u00e1mogathatod a kisv\u00e1llalkoz\u00e1sokat. Fontold meg a haszn\u00e1lat\u00e1t is <strong>szezon\u00e1lis vir\u00e1goknak<\/strong> \u00e9s helyi term\u00e9keknek, amelyek nemcsak frissek lesznek, hanem seg\u00edtenek \u00e9rt\u00e9ket teremteni a t\u00e9rs\u00e9g sz\u00e1m\u00e1ra. V\u00e9g\u00fcl gondolj arra, hogy dekor\u00e1ci\u00f3kat b\u00e9relsz a v\u00e1s\u00e1rl\u00e1s helyett, hogy cs\u00f6kkentsd az esk\u00fcv\u0151 ut\u00e1ni hullad\u00e9kot.<\/p>\n<p>Ebben a kontextusban a nagy napod minden r\u00e9szlet\u00e9nek gondos megtervez\u00e9se lehet\u0151v\u00e9 teszi, hogy fenntarthat\u00f3bb gyakorlatokat alkalmazz. P\u00e9ld\u00e1ul olyan l\u00e9gk\u00f6rt teremthetsz \u00fajrahasznos\u00edthat\u00f3 dekor\u00e1ci\u00f3k haszn\u00e1lat\u00e1val \u00e9s olyan besz\u00e1ll\u00edt\u00f3kkal val\u00f3 egy\u00fcttm\u0171k\u00f6d\u00e9ssel, akik osztj\u00e1k az \u00e9rt\u00e9keidet. Emellett a digit\u00e1lis vagy \u00fajrahasznos\u00edtott pap\u00edrb\u00f3l k\u00e9sz\u00fclt megh\u00edv\u00f3k v\u00e1laszt\u00e1sa tov\u00e1bb cs\u00f6kkentheti k\u00f6rnyezeti hat\u00e1sodat. A fenntarthat\u00f3s\u00e1g t\u00e1mogat\u00e1sa an\u00e9lk\u00fcl, hogy lemondan\u00e1l az esk\u00fcv\u0151i \u00e1lmodr\u00f3l, olyan esem\u00e9nyt eredm\u00e9nyez, amely t\u00fckr\u00f6zi az elveidet \u00e9s \u00e9rt\u00e9keidet.<\/p>\n<h2>Az esem\u00e9nyvil\u00e1g leg\u00fajabb trendjei<\/h2>\n<p>Az esem\u00e9nyipar folyamatosan fejl\u0151dik, \u00e9s a leg\u00fajabb trendek a szem\u00e9lyre szabott \u00e9s eml\u00e9kezetes \u00e9lm\u00e9nyek fel\u00e9 ir\u00e1nyulnak. Az \u00fcgyfelek nemcsak az eszt\u00e9tik\u00e1t keresik, hanem m\u00e9lyebb jelent\u00e9st is az esem\u00e9nyeikben. Az \u0151szinte \u00e9rzelmek, mer\u00e9sz sz\u00ednkombin\u00e1ci\u00f3k \u00e9s k\u00f6rnyezetbar\u00e1t anyagok a preferenci\u00e1k \u00e9l\u00e9n \u00e1llnak, lehet\u0151v\u00e9 t\u00e9ve, hogy olyan esem\u00e9nyeket hozz l\u00e9tre, amelyek t\u00fckr\u00f6zik a szem\u00e9lyis\u00e9gedet \u00e9s v\u00edzi\u00f3dat.<\/p>\n<h3>Technol\u00f3giai \u00faj\u00edt\u00e1sok \u00e9s design<\/h3>\n<p>A technol\u00f3giai \u00faj\u00edt\u00e1sok forradalmas\u00edtott\u00e1k az esem\u00e9nyek diz\u00e1jnj\u00e1t, lehet\u0151v\u00e9 t\u00e9ve, hogy \u00faj digit\u00e1lis platformokat \u00e9s interakt\u00edv eszk\u00f6z\u00f6ket haszn\u00e1lj. A kiterjesztett val\u00f3s\u00e1gt\u00f3l az immersz\u00edv \u00e9lm\u00e9nyekig olyan m\u00f3dokon ragadhatod meg vend\u00e9geid figyelm\u00e9t, amelyek kor\u00e1bban nem voltak el\u00e9rhet\u0151k. A szem\u00e9lyre szabott alkalmaz\u00e1sok integr\u00e1l\u00e1sa az esem\u00e9nykezel\u00e9shez egyszer\u0171s\u00edtheti a folyamat minden l\u00e9p\u00e9s\u00e9t, n\u00f6velve az elk\u00f6telez\u0151d\u00e9st \u00e9s a r\u00e9szv\u00e9telt.<\/p>\n<h3>Egyedi hangulat helyi k\u00e9zm\u0171vesekkel val\u00f3 egy\u00fcttm\u0171k\u00f6d\u00e9s r\u00e9v\u00e9n<\/h3>\n<p>A helyi k\u00e9zm\u0171vesekkel val\u00f3 egy\u00fcttm\u0171k\u00f6d\u00e9s lehet\u0151s\u00e9get k\u00edn\u00e1l arra, hogy egy <strong>igaz\u00e1n egyedi hangulatot<\/strong> adj az esem\u00e9nyeidnek. Ha helyi tehets\u00e9gekkel dolgozol, nemcsak a helyi gazdas\u00e1got t\u00e1mogatod, hanem szem\u00e9lyre szabott \u00e9s autentikus darabokkal gazdag\u00edtod az esem\u00e9nyedet. Ez a k\u00e9zm\u0171ves megk\u00f6zel\u00edt\u00e9s olyan dekor\u00e1ci\u00f3kat \u00e9s kieg\u00e9sz\u00edt\u0151ket eredm\u00e9nyez, amelyek egyedi t\u00f6rt\u00e9netet mes\u00e9lnek el, \u00e9s m\u00e9ly kapcsolatot teremtenek a vend\u00e9gekkel.<\/p>\n<p>A helyi k\u00e9zm\u0171vesekkel val\u00f3 egy\u00fcttm\u0171k\u00f6d\u00e9s rendk\u00edv\u00fcli alkot\u00e1sokat hozhat felsz\u00ednre, mint p\u00e9ld\u00e1ul k\u00e9zzel k\u00e9sz\u00edtett asztald\u00edszek, szem\u00e9lyre szabott megh\u00edv\u00f3k \u00e9s egyedi dekor\u00e1ci\u00f3s t\u00e1rgyak. K\u00e9pzeld el, hogy van egy helyi keramikus \u00e1ltal k\u00e9sz\u00edtett v\u00e1za, amely t\u00f6k\u00e9letesen megragadja az esem\u00e9nyed t\u00e9m\u00e1j\u00e1t. Ez a szint\u0171 szem\u00e9lyre szab\u00e1s nemcsak k\u00fcl\u00f6nlegess\u00e9 teszi az esem\u00e9nyedet, hanem kapcsolatot teremt a helyi kult\u00far\u00e1val \u00e9s k\u00f6z\u00f6ss\u00e9ggel, olyan \u00e9lm\u00e9nyt ny\u00fajtva vend\u00e9geidnek, amelyet hossz\u00fa ideig eml\u00e9kezni fognak. Egy olyan vil\u00e1gban, ahol a t\u00f6meges\u00edt\u00e9s uralkodik, ezek az egyedi r\u00e9szletek k\u00fcl\u00f6nbs\u00e9get tehetnek \u00e9s magasabb szintre emelhetik az esem\u00e9nyedet.<\/p>\n<h2>Parole Finali<\/h2>\n<p>Egy sikeres esem\u00e9ny gondos tervez\u00e9s \u00e9s hib\u00e1tlan r\u00e9szletek eredm\u00e9nye. A magas min\u0151s\u00e9g\u0171 \u00fcnnepi ruh\u00e1k \u00e9s harmonikus dekor\u00e1ci\u00f3k kiv\u00e1laszt\u00e1sa alapvet\u0151 a maradand\u00f3 benyom\u00e1s \u00e9rdek\u00e9ben. Amikor minden t\u00f6k\u00e9letes \u00f6sszhangban van, az esem\u00e9nyed nemcsak egy eml\u00e9kezetes pillanat lesz, hanem az elegancia \u00e9s st\u00edlus val\u00f3di \u00fcnnepl\u00e9se. A ChiaraB Events seg\u00edts\u00e9g\u00e9vel minden cerem\u00f3nia m\u0171alkot\u00e1ss\u00e1 v\u00e1lik, tele szem\u00e9lyis\u00e9ggel \u00e9s kifinomults\u00e1ggal, amely r\u00f3lad \u00e9s \u00e1lmaidr\u00f3l mes\u00e9l. Ez nem csup\u00e1n egy esem\u00e9ny, hanem az \u00e1lmod val\u00f3ra v\u00e1l\u00e1sa.<\/p>\n<h2>GYIK \u2013 \u00dcnnepi ruh\u00e1k<\/h2>\n<h4>K: Milyen t\u00edpus\u00fa \u00fcnnepi ruh\u00e1kat k\u00edn\u00e1l a ChiaraB Events?<\/h4>\n<p>V: A ChiaraB Events sz\u00e9les v\u00e1laszt\u00e9kban k\u00edn\u00e1l \u00fcnnepi ruh\u00e1kat k\u00fcl\u00f6nf\u00e9le alkalmakra, mint p\u00e9ld\u00e1ul esk\u00fcv\u0151k, keresztel\u0151k, els\u0151\u00e1ldoz\u00e1sok \u00e9s k\u00fcl\u00f6nleges \u00fcnneps\u00e9gek. A k\u00edn\u00e1lat eleg\u00e1ns, modern \u00e9s klasszikus ruh\u00e1kat tartalmaz, hogy minden \u00edzl\u00e9st \u00e9s preferenci\u00e1t kiel\u00e9g\u00edtsen. Minden ruha kiv\u00e1l\u00f3 min\u0151s\u00e9g\u0171 anyagokb\u00f3l k\u00e9sz\u00fcl, hogy k\u00e9nyelmet \u00e9s st\u00edlust biztos\u00edtson a cerem\u00f3nia minden pillanat\u00e1ban.<\/p>\n<h4>K: Hogyan k\u00e9rhetek szem\u00e9lyre szabott ruh\u00e1t?<\/h4>\n<p>V: Szem\u00e9lyre szabott ruha ig\u00e9nyl\u00e9s\u00e9hez kapcsolatba l\u00e9phetsz \u00fcgyf\u00e9lszolg\u00e1latunkkal a ChiaraB Events hivatalos weboldal\u00e1n kereszt\u00fcl. Egyeztet\u00fcnk egy tal\u00e1lkoz\u00f3t \u00e9s konzult\u00e1ci\u00f3t, hogy megbesz\u00e9lj\u00fck az elk\u00e9pzel\u00e9seidet, m\u00e9reteidet \u00e9s a diz\u00e1jn specifik\u00e1ci\u00f3it. Szak\u00e9rt\u0151 csapatunk veled egy\u00fctt dolgozik, hogy egyedi ruh\u00e1t alkosson, amely t\u00fckr\u00f6zi a szem\u00e9lyes st\u00edlusodat.<\/p>\n<h4>K: K\u00edn\u00e1lnak-e rendezv\u00e9nydekor\u00e1ci\u00f3s szolg\u00e1ltat\u00e1sokat is?<\/h4>\n<p>V: Igen, a ChiaraB Events teljes k\u00f6r\u0171 rendezv\u00e9nydekor\u00e1ci\u00f3s szolg\u00e1ltat\u00e1sokat ny\u00fajt. Az esk\u00fcv\u0151k \u00e9s c\u00e9ges rendezv\u00e9nyek dekor\u00e1ci\u00f3j\u00e1t\u00f3l az intim cerem\u00f3ni\u00e1k berendez\u00e9s\u00e9ig csapatunk szak\u00e9rt\u0151 abban, hogy eleg\u00e1ns \u00e9s bar\u00e1ts\u00e1gos k\u00f6rnyezetet teremtsen, amely t\u00fckr\u00f6zi a te elk\u00e9pzel\u00e9seidet. Minden projektet az \u00fcgyf\u00e9l preferenci\u00e1i szerint szem\u00e9lyre szabunk, a sz\u00ednekt\u0151l a b\u00fatorokig.<\/p>\n<h4>K: Mi a foglal\u00e1si folyamat a ChiaraB Events szolg\u00e1ltat\u00e1saira?<\/h4>\n<p>V: A ChiaraB Events szolg\u00e1ltat\u00e1sainak lefoglal\u00e1s\u00e1hoz l\u00e1togass el weboldalunkra, \u00e9s t\u00f6ltsd ki a jelentkez\u00e9si \u0171rlapot. Ezt k\u00f6vet\u0151en csapatunk felveszi veled a kapcsolatot a rendelkez\u00e9sre \u00e1ll\u00e1s meger\u0151s\u00edt\u00e9se \u00e9s az esem\u00e9ny r\u00e9szleteinek egyeztet\u00e9se \u00e9rdek\u00e9ben. Aj\u00e1nlott id\u0151ben el\u0151re foglalni, hogy minden ig\u00e9nyedet kiel\u00e9g\u00edthess\u00fck, \u00e9s hib\u00e1tlan szolg\u00e1ltat\u00e1st ny\u00fajthassunk.<\/p>\n<h4>K: A ChiaraB Events st\u00edlustan\u00e1csad\u00e1st is k\u00edn\u00e1l?<\/h4>\n<p>V: Term\u00e9szetesen! A ChiaraB Events szak\u00e9rt\u0151i tan\u00e1csad\u00e1st ny\u00fajtanak, hogy seg\u00edtsenek kiv\u00e1lasztani a t\u00f6k\u00e9letes st\u00edlust az esem\u00e9nyedhez. Csapatunk seg\u00edt a sz\u00ednek, t\u00e9m\u00e1k \u00e9s dekor\u00e1ci\u00f3k kiv\u00e1laszt\u00e1s\u00e1ban, amelyek illeszkednek az \u00fcnnepi ruh\u00e1dhoz \u00e9s az esem\u00e9ny \u00e1tfog\u00f3 v\u00edzi\u00f3j\u00e1hoz. Arra t\u00f6reksz\u00fcnk, hogy minden elem t\u00f6k\u00e9letes harm\u00f3ni\u00e1ban legyen, hogy felejthetetlen l\u00e9gk\u00f6rt teremts\u00fcnk.<\/p>","protected":false},"excerpt":{"rendered":"<p>Introduzione Gli abiti da cerimonia e gli allestimenti coordinati sono elementi essenziali per rendere ogni evento unico e indimenticabile. In questo contesto, ChiaraB Events si distingue per la sua capacit\u00e0 di trasformare la visione dei clienti in realt\u00e0 straordinarie. Con un&#8217;attenzione meticolosa ai dettagli, ogni outfit e decorazione viene selezionato e progettato con un equilibrio perfetto tra [&hellip;]<\/p>","protected":false},"author":4,"featured_media":33496,"comment_status":"closed","ping_status":"closed","sticky":false,"template":"","format":"standard","meta":{"footnotes":""},"categories":[145],"tags":[227,226,228],"class_list":["post-33383","post","type-post","status-publish","format-standard","has-post-thumbnail","hentry","category-wedding","tag-allestimenti","tag-cerimonia","tag-stile"],"yoast_head":"<!-- This site is optimized with the Yoast SEO Premium plugin v21.8 (Yoast SEO v27.3) - https:\/\/yoast.com\/product\/yoast-seo-premium-wordpress\/ -->\n<title>Abiti da cerimonia e allestimenti unici ChiaraB Events Wedding Planner<\/title>\n<meta name=\"description\" content=\"Scegliere abiti da cerimonia di alta qualit\u00e0 e abbinamenti armoniosi per gli allestimenti \u00e8 fondamentale per lasciare un&#039;impressione unica.\" \/>\n<meta name=\"robots\" content=\"index, follow, max-snippet:-1, max-image-preview:large, max-video-preview:-1\" \/>\n<link rel=\"canonical\" href=\"https:\/\/chiarabevents.com\/hu\/unnepi-ruhak-es-koordinalt-dekoraciok-a-chiarab-events-stilusos-erintese\/\" \/>\n<meta property=\"og:locale\" content=\"hu_HU\" \/>\n<meta property=\"og:type\" content=\"article\" \/>\n<meta property=\"og:title\" content=\"Abiti da cerimonia e allestimenti coordinati - il tocco di stile di ChiaraB Events\" \/>\n<meta property=\"og:description\" content=\"Scegliere abiti da cerimonia di alta qualit\u00e0 e abbinamenti armoniosi per gli allestimenti \u00e8 fondamentale per lasciare un&#039;impressione unica.\" \/>\n<meta property=\"og:url\" content=\"https:\/\/chiarabevents.com\/hu\/unnepi-ruhak-es-koordinalt-dekoraciok-a-chiarab-events-stilusos-erintese\/\" \/>\n<meta property=\"og:site_name\" content=\"ChiaraB Events Wedding Planner\" \/>\n<meta property=\"article:publisher\" content=\"https:\/\/www.facebook.com\/chiarabevent\" \/>\n<meta property=\"article:published_time\" content=\"2024-03-19T14:10:08+00:00\" \/>\n<meta property=\"article:modified_time\" content=\"2026-03-12T11:10:23+00:00\" \/>\n<meta property=\"og:image\" content=\"https:\/\/chiarabevents.com\/wp-content\/uploads\/2025\/07\/2149184351.jpg\" \/>\n\t<meta property=\"og:image:width\" content=\"1500\" \/>\n\t<meta property=\"og:image:height\" content=\"1001\" \/>\n\t<meta property=\"og:image:type\" content=\"image\/jpeg\" \/>\n<meta name=\"author\" content=\"ChiaraB Blog\" \/>\n<meta name=\"twitter:card\" content=\"summary_large_image\" \/>\n<meta name=\"twitter:label1\" content=\"Written by\" \/>\n\t<meta name=\"twitter:data1\" content=\"ChiaraB Blog\" \/>\n\t<meta name=\"twitter:label2\" content=\"Est. reading time\" \/>\n\t<meta name=\"twitter:data2\" content=\"12 minutes\" \/>\n<script type=\"application\/ld+json\" class=\"yoast-schema-graph\">{\"@context\":\"https:\\\/\\\/schema.org\",\"@graph\":[{\"@type\":\"Article\",\"@id\":\"https:\\\/\\\/chiarabevents.com\\\/abiti-da-cerimonia\\\/#article\",\"isPartOf\":{\"@id\":\"https:\\\/\\\/chiarabevents.com\\\/abiti-da-cerimonia\\\/\"},\"author\":{\"name\":\"ChiaraB Blog\",\"@id\":\"https:\\\/\\\/chiarabevents.com\\\/#\\\/schema\\\/person\\\/bbb582cfce34a973ad4463736fd0b0f4\"},\"headline\":\"Abiti da cerimonia e allestimenti coordinati &#8211; il tocco di stile di ChiaraB Events\",\"datePublished\":\"2024-03-19T14:10:08+00:00\",\"dateModified\":\"2026-03-12T11:10:23+00:00\",\"mainEntityOfPage\":{\"@id\":\"https:\\\/\\\/chiarabevents.com\\\/abiti-da-cerimonia\\\/\"},\"wordCount\":2178,\"publisher\":{\"@id\":\"https:\\\/\\\/chiarabevents.com\\\/#organization\"},\"image\":{\"@id\":\"https:\\\/\\\/chiarabevents.com\\\/abiti-da-cerimonia\\\/#primaryimage\"},\"thumbnailUrl\":\"https:\\\/\\\/chiarabevents.com\\\/wp-content\\\/uploads\\\/2025\\\/07\\\/2149184351.jpg\",\"keywords\":[\"allestimenti\",\"cerimonia\",\"stile\"],\"articleSection\":[\"Wedding\"],\"inLanguage\":\"hu-HU\"},{\"@type\":\"WebPage\",\"@id\":\"https:\\\/\\\/chiarabevents.com\\\/abiti-da-cerimonia\\\/\",\"url\":\"https:\\\/\\\/chiarabevents.com\\\/abiti-da-cerimonia\\\/\",\"name\":\"Abiti da cerimonia e allestimenti unici ChiaraB Events Wedding Planner\",\"isPartOf\":{\"@id\":\"https:\\\/\\\/chiarabevents.com\\\/#website\"},\"primaryImageOfPage\":{\"@id\":\"https:\\\/\\\/chiarabevents.com\\\/abiti-da-cerimonia\\\/#primaryimage\"},\"image\":{\"@id\":\"https:\\\/\\\/chiarabevents.com\\\/abiti-da-cerimonia\\\/#primaryimage\"},\"thumbnailUrl\":\"https:\\\/\\\/chiarabevents.com\\\/wp-content\\\/uploads\\\/2025\\\/07\\\/2149184351.jpg\",\"datePublished\":\"2024-03-19T14:10:08+00:00\",\"dateModified\":\"2026-03-12T11:10:23+00:00\",\"description\":\"Scegliere abiti da cerimonia di alta qualit\u00e0 e abbinamenti armoniosi per gli allestimenti \u00e8 fondamentale per lasciare un'impressione unica.\",\"breadcrumb\":{\"@id\":\"https:\\\/\\\/chiarabevents.com\\\/abiti-da-cerimonia\\\/#breadcrumb\"},\"inLanguage\":\"hu-HU\",\"potentialAction\":[{\"@type\":\"ReadAction\",\"target\":[\"https:\\\/\\\/chiarabevents.com\\\/abiti-da-cerimonia\\\/\"]}]},{\"@type\":\"ImageObject\",\"inLanguage\":\"hu-HU\",\"@id\":\"https:\\\/\\\/chiarabevents.com\\\/abiti-da-cerimonia\\\/#primaryimage\",\"url\":\"https:\\\/\\\/chiarabevents.com\\\/wp-content\\\/uploads\\\/2025\\\/07\\\/2149184351.jpg\",\"contentUrl\":\"https:\\\/\\\/chiarabevents.com\\\/wp-content\\\/uploads\\\/2025\\\/07\\\/2149184351.jpg\",\"width\":1500,\"height\":1001,\"caption\":\"Abiti da cerimonia\"},{\"@type\":\"BreadcrumbList\",\"@id\":\"https:\\\/\\\/chiarabevents.com\\\/abiti-da-cerimonia\\\/#breadcrumb\",\"itemListElement\":[{\"@type\":\"ListItem\",\"position\":1,\"name\":\"Home\",\"item\":\"https:\\\/\\\/chiarabevents.com\\\/\"},{\"@type\":\"ListItem\",\"position\":2,\"name\":\"Abiti da cerimonia e allestimenti coordinati &#8211; il tocco di stile di ChiaraB Events\"}]},{\"@type\":\"WebSite\",\"@id\":\"https:\\\/\\\/chiarabevents.com\\\/#website\",\"url\":\"https:\\\/\\\/chiarabevents.com\\\/\",\"name\":\"ChiaraB Events Wedding Planner\",\"description\":\"Un meraviglioso percorso fatto insieme\",\"publisher\":{\"@id\":\"https:\\\/\\\/chiarabevents.com\\\/#organization\"},\"potentialAction\":[{\"@type\":\"SearchAction\",\"target\":{\"@type\":\"EntryPoint\",\"urlTemplate\":\"https:\\\/\\\/chiarabevents.com\\\/?s={search_term_string}\"},\"query-input\":{\"@type\":\"PropertyValueSpecification\",\"valueRequired\":true,\"valueName\":\"search_term_string\"}}],\"inLanguage\":\"hu-HU\"},{\"@type\":\"Organization\",\"@id\":\"https:\\\/\\\/chiarabevents.com\\\/#organization\",\"name\":\"ChiaraB Events Wedding Planner\",\"url\":\"https:\\\/\\\/chiarabevents.com\\\/\",\"logo\":{\"@type\":\"ImageObject\",\"inLanguage\":\"hu-HU\",\"@id\":\"https:\\\/\\\/chiarabevents.com\\\/#\\\/schema\\\/logo\\\/image\\\/\",\"url\":\"https:\\\/\\\/chiarabevents.com\\\/wp-content\\\/uploads\\\/2023\\\/12\\\/cropped-Monogramma_chiarab.png\",\"contentUrl\":\"https:\\\/\\\/chiarabevents.com\\\/wp-content\\\/uploads\\\/2023\\\/12\\\/cropped-Monogramma_chiarab.png\",\"width\":512,\"height\":512,\"caption\":\"ChiaraB Events Wedding Planner\"},\"image\":{\"@id\":\"https:\\\/\\\/chiarabevents.com\\\/#\\\/schema\\\/logo\\\/image\\\/\"},\"sameAs\":[\"https:\\\/\\\/www.facebook.com\\\/chiarabevent\",\"https:\\\/\\\/www.instagram.com\\\/chiarab_events\\\/\"]},{\"@type\":\"Person\",\"@id\":\"https:\\\/\\\/chiarabevents.com\\\/#\\\/schema\\\/person\\\/bbb582cfce34a973ad4463736fd0b0f4\",\"name\":\"ChiaraB Blog\",\"image\":{\"@type\":\"ImageObject\",\"inLanguage\":\"hu-HU\",\"@id\":\"https:\\\/\\\/chiarabevents.com\\\/wp-content\\\/litespeed\\\/avatar\\\/1646323b4cbc3492de1328080709cacc.jpg?ver=1777061573\",\"url\":\"https:\\\/\\\/chiarabevents.com\\\/wp-content\\\/litespeed\\\/avatar\\\/1646323b4cbc3492de1328080709cacc.jpg?ver=1777061573\",\"contentUrl\":\"https:\\\/\\\/chiarabevents.com\\\/wp-content\\\/litespeed\\\/avatar\\\/1646323b4cbc3492de1328080709cacc.jpg?ver=1777061573\",\"caption\":\"ChiaraB Blog\"},\"url\":\"https:\\\/\\\/chiarabevents.com\\\/hu\\\/author\\\/chiarab-blog\\\/\"}]}<\/script>\n<!-- \/ Yoast SEO Premium plugin. -->","yoast_head_json":{"title":"Egyedi esk\u00fcv\u0151i ruh\u00e1k \u00e9s dekor\u00e1ci\u00f3k ChiaraB Events Wedding Planner","description":"Magas min\u0151s\u00e9g\u0171 \u00fcnnepi ruh\u00e1k \u00e9s harmonikus \u00f6ssze\u00e1ll\u00edt\u00e1sok kiv\u00e1laszt\u00e1sa az dekor\u00e1ci\u00f3khoz alapvet\u0151 fontoss\u00e1g\u00fa, hogy egyedi benyom\u00e1st kelts\u00fcnk.","robots":{"index":"index","follow":"follow","max-snippet":"max-snippet:-1","max-image-preview":"max-image-preview:large","max-video-preview":"max-video-preview:-1"},"canonical":"https:\/\/chiarabevents.com\/hu\/unnepi-ruhak-es-koordinalt-dekoraciok-a-chiarab-events-stilusos-erintese\/","og_locale":"hu_HU","og_type":"article","og_title":"Abiti da cerimonia e allestimenti coordinati - il tocco di stile di ChiaraB Events","og_description":"Scegliere abiti da cerimonia di alta qualit\u00e0 e abbinamenti armoniosi per gli allestimenti \u00e8 fondamentale per lasciare un'impressione unica.","og_url":"https:\/\/chiarabevents.com\/hu\/unnepi-ruhak-es-koordinalt-dekoraciok-a-chiarab-events-stilusos-erintese\/","og_site_name":"ChiaraB Events Wedding Planner","article_publisher":"https:\/\/www.facebook.com\/chiarabevent","article_published_time":"2024-03-19T14:10:08+00:00","article_modified_time":"2026-03-12T11:10:23+00:00","og_image":[{"width":1500,"height":1001,"url":"https:\/\/chiarabevents.com\/wp-content\/uploads\/2025\/07\/2149184351.jpg","type":"image\/jpeg"}],"author":"ChiaraB Blog","twitter_card":"summary_large_image","twitter_misc":{"Written by":"ChiaraB Blog","Est. reading time":"12 minutes"},"schema":{"@context":"https:\/\/schema.org","@graph":[{"@type":"Article","@id":"https:\/\/chiarabevents.com\/abiti-da-cerimonia\/#article","isPartOf":{"@id":"https:\/\/chiarabevents.com\/abiti-da-cerimonia\/"},"author":{"name":"ChiaraB Blog","@id":"https:\/\/chiarabevents.com\/#\/schema\/person\/bbb582cfce34a973ad4463736fd0b0f4"},"headline":"Abiti da cerimonia e allestimenti coordinati &#8211; il tocco di stile di ChiaraB Events","datePublished":"2024-03-19T14:10:08+00:00","dateModified":"2026-03-12T11:10:23+00:00","mainEntityOfPage":{"@id":"https:\/\/chiarabevents.com\/abiti-da-cerimonia\/"},"wordCount":2178,"publisher":{"@id":"https:\/\/chiarabevents.com\/#organization"},"image":{"@id":"https:\/\/chiarabevents.com\/abiti-da-cerimonia\/#primaryimage"},"thumbnailUrl":"https:\/\/chiarabevents.com\/wp-content\/uploads\/2025\/07\/2149184351.jpg","keywords":["allestimenti","cerimonia","stile"],"articleSection":["Wedding"],"inLanguage":"hu-HU"},{"@type":"WebPage","@id":"https:\/\/chiarabevents.com\/abiti-da-cerimonia\/","url":"https:\/\/chiarabevents.com\/abiti-da-cerimonia\/","name":"Egyedi esk\u00fcv\u0151i ruh\u00e1k \u00e9s dekor\u00e1ci\u00f3k ChiaraB Events Wedding Planner","isPartOf":{"@id":"https:\/\/chiarabevents.com\/#website"},"primaryImageOfPage":{"@id":"https:\/\/chiarabevents.com\/abiti-da-cerimonia\/#primaryimage"},"image":{"@id":"https:\/\/chiarabevents.com\/abiti-da-cerimonia\/#primaryimage"},"thumbnailUrl":"https:\/\/chiarabevents.com\/wp-content\/uploads\/2025\/07\/2149184351.jpg","datePublished":"2024-03-19T14:10:08+00:00","dateModified":"2026-03-12T11:10:23+00:00","description":"Magas min\u0151s\u00e9g\u0171 \u00fcnnepi ruh\u00e1k \u00e9s harmonikus \u00f6ssze\u00e1ll\u00edt\u00e1sok kiv\u00e1laszt\u00e1sa az dekor\u00e1ci\u00f3khoz alapvet\u0151 fontoss\u00e1g\u00fa, hogy egyedi benyom\u00e1st kelts\u00fcnk.","breadcrumb":{"@id":"https:\/\/chiarabevents.com\/abiti-da-cerimonia\/#breadcrumb"},"inLanguage":"hu-HU","potentialAction":[{"@type":"ReadAction","target":["https:\/\/chiarabevents.com\/abiti-da-cerimonia\/"]}]},{"@type":"ImageObject","inLanguage":"hu-HU","@id":"https:\/\/chiarabevents.com\/abiti-da-cerimonia\/#primaryimage","url":"https:\/\/chiarabevents.com\/wp-content\/uploads\/2025\/07\/2149184351.jpg","contentUrl":"https:\/\/chiarabevents.com\/wp-content\/uploads\/2025\/07\/2149184351.jpg","width":1500,"height":1001,"caption":"Abiti da cerimonia"},{"@type":"BreadcrumbList","@id":"https:\/\/chiarabevents.com\/abiti-da-cerimonia\/#breadcrumb","itemListElement":[{"@type":"ListItem","position":1,"name":"Home","item":"https:\/\/chiarabevents.com\/"},{"@type":"ListItem","position":2,"name":"Abiti da cerimonia e allestimenti coordinati &#8211; il tocco di stile di ChiaraB Events"}]},{"@type":"WebSite","@id":"https:\/\/chiarabevents.com\/#website","url":"https:\/\/chiarabevents.com\/","name":"ChiaraB Esem\u00e9nyek Esk\u00fcv\u0151szervez\u0151","description":"Egy csod\u00e1latos \u00fat egy\u00fctt megt\u00e9ve","publisher":{"@id":"https:\/\/chiarabevents.com\/#organization"},"potentialAction":[{"@type":"SearchAction","target":{"@type":"EntryPoint","urlTemplate":"https:\/\/chiarabevents.com\/?s={search_term_string}"},"query-input":{"@type":"PropertyValueSpecification","valueRequired":true,"valueName":"search_term_string"}}],"inLanguage":"hu-HU"},{"@type":"Organization","@id":"https:\/\/chiarabevents.com\/#organization","name":"ChiaraB Esem\u00e9nyek Esk\u00fcv\u0151szervez\u0151","url":"https:\/\/chiarabevents.com\/","logo":{"@type":"ImageObject","inLanguage":"hu-HU","@id":"https:\/\/chiarabevents.com\/#\/schema\/logo\/image\/","url":"https:\/\/chiarabevents.com\/wp-content\/uploads\/2023\/12\/cropped-Monogramma_chiarab.png","contentUrl":"https:\/\/chiarabevents.com\/wp-content\/uploads\/2023\/12\/cropped-Monogramma_chiarab.png","width":512,"height":512,"caption":"ChiaraB Events Wedding Planner"},"image":{"@id":"https:\/\/chiarabevents.com\/#\/schema\/logo\/image\/"},"sameAs":["https:\/\/www.facebook.com\/chiarabevent","https:\/\/www.instagram.com\/chiarab_events\/"]},{"@type":"Person","@id":"https:\/\/chiarabevents.com\/#\/schema\/person\/bbb582cfce34a973ad4463736fd0b0f4","name":"ChiaraB Blog","image":{"@type":"ImageObject","inLanguage":"hu-HU","@id":"https:\/\/chiarabevents.com\/wp-content\/litespeed\/avatar\/1646323b4cbc3492de1328080709cacc.jpg?ver=1777061573","url":"https:\/\/chiarabevents.com\/wp-content\/litespeed\/avatar\/1646323b4cbc3492de1328080709cacc.jpg?ver=1777061573","contentUrl":"https:\/\/chiarabevents.com\/wp-content\/litespeed\/avatar\/1646323b4cbc3492de1328080709cacc.jpg?ver=1777061573","caption":"ChiaraB Blog"},"url":"https:\/\/chiarabevents.com\/hu\/author\/chiarab-blog\/"}]}},"_links":{"self":[{"href":"https:\/\/chiarabevents.com\/hu\/wp-json\/wp\/v2\/posts\/33383","targetHints":{"allow":["GET"]}}],"collection":[{"href":"https:\/\/chiarabevents.com\/hu\/wp-json\/wp\/v2\/posts"}],"about":[{"href":"https:\/\/chiarabevents.com\/hu\/wp-json\/wp\/v2\/types\/post"}],"author":[{"embeddable":true,"href":"https:\/\/chiarabevents.com\/hu\/wp-json\/wp\/v2\/users\/4"}],"replies":[{"embeddable":true,"href":"https:\/\/chiarabevents.com\/hu\/wp-json\/wp\/v2\/comments?post=33383"}],"version-history":[{"count":0,"href":"https:\/\/chiarabevents.com\/hu\/wp-json\/wp\/v2\/posts\/33383\/revisions"}],"wp:featuredmedia":[{"embeddable":true,"href":"https:\/\/chiarabevents.com\/hu\/wp-json\/wp\/v2\/media\/33496"}],"wp:attachment":[{"href":"https:\/\/chiarabevents.com\/hu\/wp-json\/wp\/v2\/media?parent=33383"}],"wp:term":[{"taxonomy":"category","embeddable":true,"href":"https:\/\/chiarabevents.com\/hu\/wp-json\/wp\/v2\/categories?post=33383"},{"taxonomy":"post_tag","embeddable":true,"href":"https:\/\/chiarabevents.com\/hu\/wp-json\/wp\/v2\/tags?post=33383"}],"curies":[{"name":"wp","href":"https:\/\/api.w.org\/{rel}","templated":true}]}}