{"id":33394,"date":"2024-09-19T23:10:41","date_gmt":"2024-09-19T21:10:41","guid":{"rendered":"https:\/\/chiarabevents.com\/?p=33394"},"modified":"2026-03-12T11:13:15","modified_gmt":"2026-03-12T11:13:15","slug":"catering-zene-es-animacio-a-chiarab-events-teljes-koru-szervezese","status":"publish","type":"post","link":"https:\/\/chiarabevents.com\/hu\/catering-zene-es-animacio-a-chiarab-events-teljes-koru-szervezese\/","title":{"rendered":"Catering, zene \u00e9s anim\u00e1ci\u00f3 \u2013 ChiaraB Events teljes k\u00f6r\u0171 szervez\u00e9se"},"content":{"rendered":"<h2>Bevezet\u00e9s<\/h2>\n<p>Egy eml\u00e9kezetes esem\u00e9ny megszervez\u00e9se gondos egyens\u00falyt ig\u00e9nyel t\u00f6bb kulcselem k\u00f6z\u00f6tt. <strong>Catering, zene \u00e9s anim\u00e1ci\u00f3<\/strong> alapvet\u0151 pill\u00e9reket jelentenek, amelyekre vend\u00e9geid \u00e9lm\u00e9ny\u00e9t \u00e9p\u00edtheted. K\u00e9pzeld el, hogy meglepheted r\u00e9sztvev\u0151idet \u00edzletes \u00e9telekkel, amelyeket tapasztalt s\u00e9fek k\u00e9sz\u00edtenek, egy hangulathoz t\u00f6k\u00e9letesen ill\u0151 zenei al\u00e1fest\u00e9ssel, valamint olyan sz\u00f3rakoztat\u00e1ssal, amely tart\u00f3s nyomot hagy. K\u00e9ts\u00e9gtelen, hogy mindegyik aspektust apr\u00f3l\u00e9kosan kell kidolgozni, hogy az esem\u00e9nyed kit\u0171nj\u00f6n \u00e9s mindenki elv\u00e1r\u00e1sainak megfeleljen.<\/p>\n<h3>Catering, zene \u00e9s anim\u00e1ci\u00f3 kulcspontjai:<\/h3>\n<ul>\n<li>A ChiaraB Events szem\u00e9lyre szabott catering szolg\u00e1ltat\u00e1st k\u00edn\u00e1l, amely minden t\u00edpus\u00fa esem\u00e9nyhez \u00e9s \u00edzl\u00e9shez illik.<\/li>\n<li>A zene alapvet\u0151 eleme az esem\u00e9nyek hangulat\u00e1nak, \u00e9s a ChiaraB Events szakemberekkel dolgozik egy\u00fctt, hogy magas sz\u00ednvonal\u00fa sz\u00f3rakoztat\u00e1st biztos\u00edtson.<\/li>\n<li>Az anim\u00e1ci\u00f3t az esem\u00e9ny t\u00edpus\u00e1hoz \u00e9s a k\u00f6z\u00f6ns\u00e9ghez igaz\u00edtj\u00e1k, hogy bevonj\u00e1k a vend\u00e9geket \u00e9s felejthetetlenn\u00e9 tegy\u00e9k az \u00e9lm\u00e9nyt.<\/li>\n<li>A ChiaraB Events minden szervez\u00e9si r\u00e9szlettel foglalkozik, az el\u0151zetes tervez\u00e9st\u0151l a megval\u00f3s\u00edt\u00e1sig, hogy stresszmentes esem\u00e9nyt biztos\u00edtson.<\/li>\n<li>A szem\u00e9lyre szab\u00e1s a siker kulcsa: minden esem\u00e9ny egyedi, \u00e9s a ChiaraB Events szorosan egy\u00fcttm\u0171k\u00f6dik az \u00fcgyfelekkel, hogy megval\u00f3s\u00edtsa elk\u00e9pzel\u00e9seiket.<\/li>\n<\/ul>\n<h2>A felejthetetlen \u00e9lm\u00e9nyek m\u0171v\u00e9szete<\/h2>\n<p>Az eml\u00e9kezetes \u00e9lm\u00e9nyek megteremt\u00e9se t\u00falmutat az egyszer\u0171 rendezv\u00e9nyszervez\u00e9sen. Minden r\u00e9szletnek harmonikusan kell \u00f6sszefon\u00f3dnia, hogy nyomot hagyjon a vend\u00e9gek sz\u00edv\u00e9ben. A ChiaraB Events elk\u00f6telezett amellett, hogy minden \u00fcnnepl\u00e9st \u00e9rzelmi utaz\u00e1ss\u00e1 alak\u00edtson, ahol a r\u00e9szletekre val\u00f3 odafigyel\u00e9s, a zenev\u00e1laszt\u00e1s \u00e9s a gasztron\u00f3miai aj\u00e1nlatok egyar\u00e1nt meglepet\u00e9st \u00e9s \u00f6r\u00f6met okoznak. K\u00e9pzeld el, hogy a nagy napodat a toszk\u00e1n dombok l\u00e9legzetel\u00e1ll\u00edt\u00f3 panor\u00e1m\u00e1ja k\u00f6zepette \u00fcnnepled, minden k\u00e9nyelmet \u00e9s eleganci\u00e1t \u00e9lvezve, amit csak egy exkluz\u00edv esem\u00e9ny ny\u00fajthat. I <a href=\"https:\/\/chiarabevents.com\/hu\/luxus-eskuvo-a-chiantiban-szoloultetvenyek-villak-es-filmes-panorama\/\">luxus esk\u00fcv\u0151k a Chiantiban<\/a> a kifinomults\u00e1g cs\u00facs\u00e1t k\u00e9pviselik, ahol minden elem arra szolg\u00e1l, hogy var\u00e1zslatos \u00e9s id\u0151tlen l\u00e9gk\u00f6rt teremtsen. Szak\u00e9rt\u0151 csapatunkkal minden pillanatot a legapr\u00f3bb r\u00e9szletekig gondozunk, hogy az elk\u00e9pzel\u00e9sed val\u00f3s\u00e1gg\u00e1 v\u00e1ljon.<\/p>\n<h3>A ChiaraB Events filoz\u00f3fi\u00e1ja<\/h3>\n<p>A ChiaraB Events filoz\u00f3fi\u00e1ja azon az elk\u00e9pzel\u00e9sen alapul, hogy minden esem\u00e9ny egyedi \u00e9s meg\u00e9rdemli a dedik\u00e1lt tervez\u00e9st. Az ig\u00e9nyeid \u00e9s v\u00e1gyaid meg\u00e9rt\u00e9se az els\u0151 l\u00e9p\u00e9s a var\u00e1zslatos pillanatok megteremt\u00e9s\u00e9hez. Nap mint nap a csapat \u00faj \u00f6tleteket \u00e9s trendeket kutat fel, hogy innovat\u00edv megold\u00e1sokat k\u00edn\u00e1ljon.<\/p>\n<h3>A szem\u00e9lyre szabott megk\u00f6zel\u00edt\u00e9s fontoss\u00e1ga<\/h3>\n<p>A szem\u00e9lyre szabott megk\u00f6zel\u00edt\u00e9s lehet\u0151v\u00e9 teszi olyan esem\u00e9nyek l\u00e9trehoz\u00e1s\u00e1t, amelyek val\u00f3ban t\u00fckr\u00f6zik a st\u00edlusodat \u00e9s szem\u00e9lyis\u00e9gedet. A ChiaraB Events elemzi a k\u00f6rnyezetet, meghallgatja az el\u0151nyben r\u00e9szes\u00edtett dolgokat, \u00e9s testreszabott megold\u00e1sokat javasol, hogy minden aspektus, a men\u00fcv\u00e1laszt\u00e1st\u00f3l az anim\u00e1ci\u00f3ig, r\u00f3lad sz\u00f3ljon.<\/p>\n<p>Befektetni egy szem\u00e9lyre szabott megk\u00f6zel\u00edt\u00e9sbe azt jelenti, hogy m\u00e9ly kapcsolatot teremtesz a vend\u00e9g \u00e9s az esem\u00e9ny k\u00f6z\u00f6tt. Minden interakci\u00f3 \u00fagy van megtervezve, hogy megfeleljen az egyedi ig\u00e9nyeidnek. K\u00e9pzeld el, hogy egy \u00e9vfordul\u00f3t szeretn\u00e9l \u00fcnnepelni; a dekor\u00e1ci\u00f3k, a men\u00fc \u00edzei \u00e9s a zene kiv\u00e1laszt\u00e1sa k\u00fcl\u00f6nleges eml\u00e9keket id\u00e9zhet fel. Ez a r\u00e9szletekre val\u00f3 odafigyel\u00e9s nemcsak meglepi a vend\u00e9geidet, hanem az eg\u00e9sz \u00e9lm\u00e9nyt eml\u00e9kezetess\u00e9 \u00e9s hiteless\u00e9 teszi, tart\u00f3s nyomot hagyva az eml\u00e9keikben.<\/p>\n<h2>Gasztron\u00f3mia \u00e9s esem\u00e9nyek: t\u00f6k\u00e9letes p\u00e1ros\u00edt\u00e1s<\/h2>\n<p>A gasztron\u00f3mia alapvet\u0151 szerepet j\u00e1tszik a felejthetetlen esem\u00e9nyek szervez\u00e9s\u00e9ben. Nem csup\u00e1n \u00e9telr\u0151l van sz\u00f3, hanem egy \u00e9rz\u00e9kszervi \u00e9lm\u00e9ny megteremt\u00e9s\u00e9r\u0151l, amely bevonja a vend\u00e9geidet. Minden esem\u00e9ny \u00edzorgi\u00e1v\u00e1 v\u00e1lhat, szem\u00e9lyre szabott men\u00fckkel \u00e9s apr\u00f3l\u00e9kosan kidolgozott \u00e9telekkel. A min\u0151s\u00e9gi catering kiv\u00e1laszt\u00e1sa elengedhetetlen a tart\u00f3s benyom\u00e1s \u00e9s a legig\u00e9nyesebb \u00edzl\u00e9sek kiel\u00e9g\u00edt\u00e9se \u00e9rdek\u00e9ben.<\/p>\n<h3>Men\u00fck kiv\u00e1laszt\u00e1sa \u00e9s kiv\u00e1l\u00f3 p\u00e1ros\u00edt\u00e1sok<\/h3>\n<p>A men\u00fck kiv\u00e1laszt\u00e1sa m\u0171v\u00e9szet, amely figyelmet \u00e9s kreativit\u00e1st ig\u00e9nyel. V\u00e1laszthatsz hagyom\u00e1nyos, innovat\u00edv vagy ezek kombin\u00e1ci\u00f3j\u00e1b\u00f3l, \u00fcgyelve arra, hogy minden fog\u00e1s t\u00f6k\u00e9letesen illeszkedjen az esem\u00e9ny t\u00e9m\u00e1j\u00e1hoz. Sz\u00e1mos lehet\u0151s\u00e9g k\u00f6z\u00fcl v\u00e1laszthatsz, hogy minden vend\u00e9get leny\u0171g\u00f6zz, figyelembe v\u00e9ve az el\u0151ny\u00f6ket \u00e9s az \u00e9telallergi\u00e1kat.<\/p>\n<h3>A t\u00e1lal\u00e1s hat\u00e1sa a catering szolg\u00e1ltat\u00e1sban<\/h3>\n<p>Az \u00e9telek t\u00e1lal\u00e1sa d\u00f6nt\u0151 szerepet j\u00e1tszik a catering szolg\u00e1ltat\u00e1sban. Egy j\u00f3l t\u00e1lalt \u00e9tel nemcsak \u00e9tv\u00e1gygerjeszt\u0151, hanem az esem\u00e9ny r\u00e9szleteire val\u00f3 odafigyel\u00e9st \u00e9s gondoskod\u00e1st is kommunik\u00e1lja. \u00c9l\u00e9nk sz\u00ednek, kreat\u00edv t\u00e1lal\u00e1sok \u00e9s vir\u00e1gd\u00edszek egy egyszer\u0171 men\u00fct is l\u00e9legzetel\u00e1ll\u00edt\u00f3 vizu\u00e1lis \u00e9lm\u00e9nny\u00e9 var\u00e1zsolhatnak.<\/p>\n<p>Fontold meg, hogy a <strong>67%<\/strong> vend\u00e9gek els\u0151sorban az \u00e9tel vizu\u00e1lis megjelen\u00e9s\u00e9re eml\u00e9keznek, \u00e9s ez befoly\u00e1solja az \u00e1ltal\u00e1nos \u00e9lm\u00e9nyt. Eleg\u00e1ns t\u00e1ny\u00e9rok, kifinomult ter\u00edt\u00e9kek \u00e9s vonz\u00f3 b\u00fcf\u00e9 kialak\u00edt\u00e1sa emelheti az esem\u00e9ny eg\u00e9sz hangulat\u00e1t. Soha ne becs\u00fcld al\u00e1 a gondos t\u00e1lal\u00e1s erej\u00e9t; ez egy\u00e9rtelm\u0171 jele a professzionalizmusnak \u00e9s az elk\u00f6telezetts\u00e9gnek, amit a vend\u00e9geid biztosan \u00e9szrevesznek.<\/p>\n<h2>Zene, amely \u00e9letet ad minden alkalomnak<\/h2>\n<p>A zene minden esem\u00e9ny lelke, k\u00e9pes \u00e1talak\u00edtani a hangulatot \u00e9s felejthetetlen \u00e9lm\u00e9nny\u00e9 var\u00e1zsolni a vend\u00e9geket. A ChiaraB Events seg\u00edts\u00e9g\u00e9vel szem\u00e9lyre szabott zenei v\u00e1logat\u00e1sra sz\u00e1m\u00edthatsz, amely t\u00fckr\u00f6zi az esem\u00e9nyed t\u00e9m\u00e1j\u00e1t \u00e9s a r\u00e9sztvev\u0151k preferenci\u00e1it. Minden hangjegyet gondosan v\u00e1lasztunk ki, hogy minden pillanat var\u00e1zslatos legyen, \u00edgy minden \u00fcnnepl\u00e9s egyedi \u00e9s \u00e9l\u00e9nk marad.<\/p>\n<h3>M\u0171fajv\u00e1laszt\u00e1s: Hogyan Tal\u00e1ljuk Meg a Vend\u00e9gek Elv\u00e1r\u00e1sait<\/h3>\n<p>A megfelel\u0151 zenei m\u0171faj azonos\u00edt\u00e1sa alapvet\u0151 a vend\u00e9gek elv\u00e1r\u00e1sainak kiel\u00e9g\u00edt\u00e9s\u00e9hez. Legyen sz\u00f3 popr\u00f3l, jazzr\u0151l, rockr\u00f3l vagy klasszikus zen\u00e9r\u0151l, a ChiaraB Events felt\u00e9rk\u00e9pezi a k\u00f6z\u00f6ns\u00e9ged preferenci\u00e1it, hogy olyan l\u00e9gk\u00f6rt teremtsen, amelyben j\u00f3l \u00e9rzik magukat \u00e9s bevon\u00f3dnak. A st\u00edlusok \u00e9s ritmusok sokf\u00e9les\u00e9ge biztos\u00edtja, hogy mindenki tal\u00e1ljon kedv\u00e9re val\u00f3t, \u00edgy az \u00fcnnepl\u00e9sed eml\u00e9kezetes lesz.<\/p>\n<h3>Egy\u00fcttm\u0171k\u00f6d\u00e9s Helyi M\u0171v\u00e9szekkel \u00e9s Szakmai Szak\u00e9rt\u0151kkel<\/h3>\n<p>A helyi m\u0171v\u00e9szekkel \u00e9s szakmai szak\u00e9rt\u0151kkel val\u00f3 egy\u00fcttm\u0171k\u00f6d\u00e9s a ChiaraB Events egyik megk\u00fcl\u00f6nb\u00f6ztet\u0151 jellemz\u0151je. Ezeknek a partners\u00e9geknek k\u00f6sz\u00f6nhet\u0151en egyedi tehets\u00e9gekhez \u00e9s exkluz\u00edv el\u0151ad\u00e1sokhoz f\u00e9rhetsz hozz\u00e1, amelyek gazdag\u00edtj\u00e1k az esem\u00e9nyedet. A k\u00f6z\u00f6ss\u00e9ged m\u0171v\u00e9szeinek t\u00e1mogat\u00e1sa nemcsak hiteles kapcsolatot teremt, hanem lehet\u0151s\u00e9get k\u00edn\u00e1l \u00faj hangz\u00e1sok \u00e9s zenei st\u00edlusok felfedez\u00e9s\u00e9re, amelyeket a vend\u00e9geid im\u00e1dni fognak.<\/p>\n<p>Ezek az egy\u00fcttm\u0171k\u00f6d\u00e9sek nem korl\u00e1toz\u00f3dnak csup\u00e1n egyszer\u0171 fell\u00e9p\u00e9sekre; sokszor a helyi zen\u00e9szek olyan t\u00f6rt\u00e9neteket \u00e9s hagyom\u00e1nyokat hoznak magukkal, amelyek gazdag\u00edtj\u00e1k az eg\u00e9sz \u00e9lm\u00e9nyt. P\u00e9ld\u00e1ul \u00e9lvezheted egy von\u00f3sn\u00e9gyes el\u0151ad\u00e1s\u00e1t, amely ismer\u0151s dallamokat j\u00e1tszik, vagy felfedezhetsz egy zenekart, amely innovat\u00edv m\u00f3don keveri a m\u0171fajokat. Ezek az emberi \u00e9s m\u0171v\u00e9szi interakci\u00f3k nemcsak \u00fcnnepl\u00e9si pillanatokk\u00e1 teszik a bulidat, hanem lehet\u0151s\u00e9get adnak arra, hogy elmer\u00fclj a helyi zenei kult\u00far\u00e1ban \u00e9s maradand\u00f3 eml\u00e9keket teremts.<\/p>\n<h2>Anim\u00e1ci\u00f3: A Vend\u00e9gek Akt\u00edv R\u00e9sztvev\u0151kk\u00e9 Alak\u00edt\u00e1sa<\/h2>\n<p>Egy esem\u00e9ny val\u00f3di sikere abban rejlik, hogy <strong>a vend\u00e9geket akt\u00edv r\u00e9sztvev\u0151kk\u00e9 alak\u00edtsuk<\/strong>. Hat\u00e9kony anim\u00e1ci\u00f3 r\u00e9v\u00e9n k\u00fcl\u00f6nleges kapcsolat j\u00f6n l\u00e9tre, amely lehet\u0151v\u00e9 teszi a tart\u00f3zkod\u00e1s lek\u00fczd\u00e9s\u00e9t, \u00e9s mindenkit bevon egy sz\u00f3rakoztat\u00f3 \u00e9s megoszt\u00f3 l\u00e9gk\u00f6rbe. Az interakt\u00edv \u00e9s dinamikus tev\u00e9kenys\u00e9gek lelkesed\u00e9st keltenek, \u00edgy minden egy\u00e9n \u00fagy \u00e9rzi, hogy valami nagyobb r\u00e9szese.<\/p>\n<h3>\u00c9rdekes Tev\u00e9kenys\u00e9gek K\u00fcl\u00f6nb\u00f6z\u0151 Koroszt\u00e1lyok Sz\u00e1m\u00e1ra<\/h3>\n<p>\u00c9rdekes tev\u00e9kenys\u00e9gek tervez\u00e9se k\u00fcl\u00f6nb\u00f6z\u0151 koroszt\u00e1lyok sz\u00e1m\u00e1ra alapvet\u0151 annak biztos\u00edt\u00e1s\u00e1hoz, hogy minden vend\u00e9g bevonva \u00e9rezze mag\u00e1t. A gyerekek sz\u00e1m\u00e1ra kreat\u00edv m\u0171helyeket k\u00edn\u00e1lva, k\u00e9zm\u0171ves \u00e9s j\u00e1t\u00e9kos tev\u00e9kenys\u00e9gekkel, a feln\u0151tteknek pedig kv\u00edzeket \u00e9s t\u00e1rsasj\u00e1t\u00e9kokat, minden javaslatnak figyelembe kell vennie a k\u00fcl\u00f6nb\u00f6z\u0151 ig\u00e9nyeket. Ez a soksz\u00edn\u0171s\u00e9gre val\u00f3 odafigyel\u00e9s seg\u00edt l\u00e9trehozni <strong>egy \u00e1ltal\u00e1nos \u00fcnnepi hangulatot<\/strong> ahol mindenki j\u00f3l \u00e9rezheti mag\u00e1t.<\/p>\n<h3>Eml\u00e9kezetes Pillanatok Teremt\u00e9se Csoportdinamik\u00e1val<\/h3>\n<p>A csoportdinamika kulcsfontoss\u00e1g\u00fa elem az eml\u00e9kezetes \u00e9lm\u00e9nyek megteremt\u00e9s\u00e9ben. Olyan tev\u00e9kenys\u00e9gek be\u00e9p\u00edt\u00e9s\u00e9vel, amelyek el\u0151seg\u00edtik a <strong>egy\u00fcttm\u0171k\u00f6d\u00e9st \u00e9s a csapatmunk\u00e1t<\/strong>, mint p\u00e9ld\u00e1ul f\u0151z\u0151versenyek vagy kincskeres\u00e9sek, \u00f6szt\u00f6nz\u00f6d a vend\u00e9gek k\u00f6z\u00f6tti t\u00e1rsas kapcsolatok \u00e9s p\u00e1rbesz\u00e9d kialakul\u00e1s\u00e1t. Ezek a pillanatok nemcsak a kreativit\u00e1st t\u00e1mogatj\u00e1k, hanem \u00f6sszetartoz\u00e1s \u00e9s egys\u00e9g \u00e9rz\u00e9s\u00e9t keltik, \u00edgy minden r\u00e9sztvev\u0151 pozit\u00edv \u00e9s tart\u00f3s eml\u00e9kkel t\u00e1vozhat az esem\u00e9nyr\u0151l.<\/p>\n<h2>T\u00f6k\u00e9letes Logisztika: A Szervez\u00e9s Motorja<\/h2>\n<p>A hib\u00e1tlan logisztika alapvet\u0151 egy sikeres esem\u00e9nyhez. A besz\u00e1ll\u00edt\u00f3k koordin\u00e1l\u00e1sa, a helysz\u00edn el\u0151k\u00e9sz\u00edt\u00e9se \u00e9s annak biztos\u00edt\u00e1sa, hogy minden r\u00e9szlet a hely\u00e9n legyen, bonyolultnak t\u0171nhet, de ez az a motor, amely lehet\u0151v\u00e9 teszi, hogy minden z\u00f6kken\u0151mentesen m\u0171k\u00f6dj\u00f6n. Minden elemet, a vend\u00e9gek \u00e9rkez\u00e9s\u00e9t\u0151l a felszerel\u00e9sek kezel\u00e9s\u00e9ig, gondosan meg kell tervezni. A ChiaraB Events minden aspektus\u00e1val foglalkozik, hogy eml\u00e9kezetes \u00e9lm\u00e9nyt biztos\u00edtson.<\/p>\n<h3>Z\u00f6kken\u0151mentes Esem\u00e9nyek Tervez\u00e9se \u00e9s Koordin\u00e1l\u00e1sa<\/h3>\n<p>A v\u00e1ratlan esem\u00e9nyek elker\u00fcl\u00e9s\u00e9nek kulcsa a r\u00e9szletes tervez\u00e9s. Az esem\u00e9nyed minden szakasza, a helysz\u00edn kiv\u00e1laszt\u00e1s\u00e1t\u00f3l a catering szolg\u00e1ltat\u00e1sig, prec\u00edzen koordin\u00e1lt. Modern eszk\u00f6z\u00f6ket haszn\u00e1lunk a hat\u00e1rid\u0151k nyomon k\u00f6vet\u00e9s\u00e9re \u00e9s annak biztos\u00edt\u00e1s\u00e1ra, hogy a terv minden r\u00e9sze megval\u00f3suljon, mik\u00f6zben folyamatosan kommunik\u00e1lunk a besz\u00e1ll\u00edt\u00f3iddal \u00e9s a csapatoddal.<\/p>\n<h3>Alkalmazkod\u00f3k\u00e9pess\u00e9g \u00e9s Probl\u00e9mamegold\u00e1s: A V\u00e1ratlan Esem\u00e9nyek Kezel\u00e9se<\/h3>\n<p>Az esem\u00e9nyek vil\u00e1g\u00e1ban a v\u00e1ratlan helyzetek mindennaposak. A gyors alkalmazkod\u00e1s \u00e9s a kreat\u00edv megold\u00e1sok megtal\u00e1l\u00e1sa az, ami megk\u00fcl\u00f6nb\u00f6zteti a sikeres esem\u00e9nyt a katasztrof\u00e1list\u00f3l. Amikor probl\u00e9m\u00e1k mer\u00fclnek fel, csapatunk gyorsan \u00e9s hozz\u00e1\u00e9rt\u0151en reag\u00e1l, biztos\u00edtva, hogy a legnehezebb helyzeteket is kezelj\u00fck an\u00e9lk\u00fcl, hogy az esem\u00e9ny min\u0151s\u00e9ge csorbulna.<\/p>\n<p>P\u00e9ld\u00e1ul, ha egy besz\u00e1ll\u00edt\u00f3 nem tudja biztos\u00edtani a sz\u00fcks\u00e9ges felszerel\u00e9st, csapatunk m\u00e1r rendelkezik egy alternat\u00edv cselekv\u00e9si tervvel. Tapasztalatunk lehet\u0151v\u00e9 teszi, hogy el\u0151re l\u00e1ssuk a probl\u00e9m\u00e1kat, \u00e9s tartal\u00e9k strat\u00e9gi\u00e1kat dolgozzunk ki. Egy j\u00f3l ki\u00e9p\u00edtett kapcsolati h\u00e1l\u00f3zatot haszn\u00e1lunk, hogy minden v\u00e1ratlan esem\u00e9nyt a lehet\u0151 leghat\u00e9konyabban kezelj\u00fcnk. \u00cdgy nyugodtan \u00e9lvezheted az esem\u00e9nyedet, tudva, hogy minden potenci\u00e1lis probl\u00e9m\u00e1t professzion\u00e1lisan kezelnek.<\/p>\n<h2>\u00d6sszefoglal\u00f3 a ChiaraB Events cateringj\u00e9r\u0151l, zen\u00e9j\u00e9r\u0151l \u00e9s anim\u00e1ci\u00f3j\u00e1r\u00f3l<\/h2>\n<p>\u00d6sszefoglalva, ha a ChiaraB Events-et v\u00e1lasztj\u00e1tok az esem\u00e9nyetekhez, biztosak lehettek egy teljes k\u00f6r\u0171 szolg\u00e1ltat\u00e1sban, amely mag\u00e1ban foglalja a cateringet, zen\u00e9t \u00e9s anim\u00e1ci\u00f3t, mindezt t\u00f6k\u00e9letesen \u00f6sszehangolva az ig\u00e9nyeitek kiel\u00e9g\u00edt\u00e9s\u00e9re. Az esem\u00e9ny minden aspektus\u00e1t szem\u00e9lyre szabhatj\u00e1tok, garant\u00e1lva egy egyedi \u00e9s eml\u00e9kezetes l\u00e9gk\u00f6rt nektek \u00e9s vend\u00e9geiteknek. A profi csapat tapasztalata l\u00e9p\u00e9sr\u0151l l\u00e9p\u00e9sre vezet majd benneteket, biztos\u00edtva, hogy minden r\u00e9szlet nagy gondoss\u00e1ggal legyen kezelve. B\u00edzz\u00e1tok a ChiaraB Events-re az esem\u00e9nyt, amely fel\u00fclm\u00falja az elv\u00e1r\u00e1saitokat.<\/p>\n<h2>GYIK \u2013 Catering, zene \u00e9s anim\u00e1ci\u00f3<\/h2>\n<h4>K: Milyen szolg\u00e1ltat\u00e1sokat k\u00edn\u00e1l a ChiaraB Events az esem\u00e9nyszervez\u00e9shez?<\/h4>\n<p>V: A ChiaraB Events cateringgel, zen\u00e9vel \u00e9s anim\u00e1ci\u00f3val foglalkozik, teljes k\u00f6r\u0171 szolg\u00e1ltat\u00e1st ny\u00fajtva, hogy az esem\u00e9ny minden r\u00e9szlete gondosan legyen kezelve. A men\u00fc kiv\u00e1laszt\u00e1s\u00e1t\u00f3l a sz\u00f3rakoztat\u00e1sig mindent elint\u00e9z\u00fcnk helyettetek.<\/p>\n<h4>K: Lehet-e szem\u00e9lyre szabni a catering men\u00fct?<\/h4>\n<p>V: Term\u00e9szetesen! A ChiaraB Events sz\u00e9les catering lehet\u0151s\u00e9geket k\u00edn\u00e1l, amelyeket az \u00fcgyfelek \u00edzl\u00e9se \u00e9s ig\u00e9nyei szerint szem\u00e9lyre lehet szabni. \u00d6r\u00f6mmel dolgozunk veletek egy olyan men\u00fc l\u00e9trehoz\u00e1s\u00e1n, amely t\u00fckr\u00f6zi a ti \u00e9s vend\u00e9geitek preferenci\u00e1it.<\/p>\n<h4>K: Milyen t\u00edpus\u00fa zene \u00e9rhet\u0151 el az esem\u00e9nyekhez?<\/h4>\n<p>V: Sz\u00e9les zenei v\u00e1laszt\u00e9kot k\u00edn\u00e1lunk, bele\u00e9rtve DJ-ket, \u00e9l\u0151 zenekarokat, sz\u00f3l\u00f3 el\u0151ad\u00f3kat \u00e9s h\u00e1tt\u00e9rzen\u00e9t. Az esem\u00e9ny t\u00e9m\u00e1j\u00e1hoz \u00e9s a vend\u00e9gek zenei \u00edzl\u00e9s\u00e9hez is igaz\u00edtjuk a zenei al\u00e1fest\u00e9st.<\/p>\n<h4>K: Hogyan kezelik az anim\u00e1ci\u00f3t az esem\u00e9ny sor\u00e1n?<\/h4>\n<p>V: Profi anim\u00e1tor csapatunk k\u00e9szen \u00e1ll arra, hogy sz\u00f3rakoztassa a vend\u00e9geket az esem\u00e9ny alatt interakt\u00edv \u00e9s sz\u00f3rakoztat\u00f3 tev\u00e9kenys\u00e9gekkel, minden koroszt\u00e1ly sz\u00e1m\u00e1ra megfelel\u0151en. A m\u0171v\u00e9szeti el\u0151ad\u00e1sokt\u00f3l az interakt\u00edv j\u00e1t\u00e9kokig mindig biztos\u00edtjuk, hogy valami izgalmas t\u00f6rt\u00e9njen.<\/p>\n<h4>K: Kaphatok \u00e1raj\u00e1nlatot az esem\u00e9nyszervez\u00e9sre?<\/h4>\n<p>V: Igen, ingyenes tan\u00e1csad\u00e1st k\u00edn\u00e1lunk, ahol megbesz\u00e9lj\u00fck az esem\u00e9ny r\u00e9szleteit \u00e9s r\u00e9szletes \u00e1raj\u00e1nlatot adunk. Csak vegy\u00e9tek fel vel\u00fcnk a kapcsolatot egy id\u0151pont egyeztet\u00e9s\u00e9hez, hogy egy\u00fctt meghat\u00e1rozzuk az ig\u00e9nyeiteket.<\/p>","protected":false},"excerpt":{"rendered":"<p>Introduzione Organizzare un evento memorabile richiede un attento equilibrio tra diversi elementi chiave. Catering, musica e animazione rappresentano pilastri fondamentali su cui costruire l&#8217;esperienza dei tuoi ospiti. Immagina di poter sorprendere i tuoi partecipanti con piatti deliziosi preparati da chef esperti, accompagnati da una colonna sonora che si adatta perfettamente all&#8217;atmosfera, e da intrattenimento coinvolgente che lascia [&hellip;]<\/p>","protected":false},"author":4,"featured_media":33451,"comment_status":"closed","ping_status":"closed","sticky":false,"template":"","format":"standard","meta":{"footnotes":""},"categories":[149],"tags":[245,243,244],"class_list":["post-33394","post","type-post","status-publish","format-standard","has-post-thumbnail","hentry","category-party","tag-animazione","tag-catering","tag-musica"],"yoast_head":"<!-- This site is optimized with the Yoast SEO Premium plugin v21.8 (Yoast SEO v27.3) - https:\/\/yoast.com\/product\/yoast-seo-premium-wordpress\/ -->\n<title>Catering Musica e Animazione Eventi ChiaraB Events Wedding Planner<\/title>\n<meta name=\"description\" content=\"Catering, musica e animazione rappresentano pilastri fondamentali su cui costruire l&#039;esperienza dei tuoi ospiti.\" \/>\n<meta name=\"robots\" content=\"index, follow, max-snippet:-1, max-image-preview:large, max-video-preview:-1\" \/>\n<link rel=\"canonical\" href=\"https:\/\/chiarabevents.com\/hu\/catering-zene-es-animacio-a-chiarab-events-teljes-koru-szervezese\/\" \/>\n<meta property=\"og:locale\" content=\"hu_HU\" \/>\n<meta property=\"og:type\" content=\"article\" \/>\n<meta property=\"og:title\" content=\"Catering, musica e animazione - l\u2019organizzazione completa di ChiaraB Events\" \/>\n<meta property=\"og:description\" content=\"Catering, musica e animazione rappresentano pilastri fondamentali su cui costruire l&#039;esperienza dei tuoi ospiti.\" \/>\n<meta property=\"og:url\" content=\"https:\/\/chiarabevents.com\/hu\/catering-zene-es-animacio-a-chiarab-events-teljes-koru-szervezese\/\" \/>\n<meta property=\"og:site_name\" content=\"ChiaraB Events Wedding Planner\" \/>\n<meta property=\"article:publisher\" content=\"https:\/\/www.facebook.com\/chiarabevent\" \/>\n<meta property=\"article:published_time\" content=\"2024-09-19T21:10:41+00:00\" \/>\n<meta property=\"article:modified_time\" content=\"2026-03-12T11:13:15+00:00\" \/>\n<meta property=\"og:image\" content=\"https:\/\/chiarabevents.com\/wp-content\/uploads\/2025\/07\/2149658375.jpg\" \/>\n\t<meta property=\"og:image:width\" content=\"1500\" \/>\n\t<meta property=\"og:image:height\" content=\"998\" \/>\n\t<meta property=\"og:image:type\" content=\"image\/jpeg\" \/>\n<meta name=\"author\" content=\"ChiaraB Blog\" \/>\n<meta name=\"twitter:card\" content=\"summary_large_image\" \/>\n<meta name=\"twitter:label1\" content=\"Written by\" \/>\n\t<meta name=\"twitter:data1\" content=\"ChiaraB Blog\" \/>\n\t<meta name=\"twitter:label2\" content=\"Est. reading time\" \/>\n\t<meta name=\"twitter:data2\" content=\"10 minutes\" \/>\n<script type=\"application\/ld+json\" class=\"yoast-schema-graph\">{\"@context\":\"https:\\\/\\\/schema.org\",\"@graph\":[{\"@type\":\"Article\",\"@id\":\"https:\\\/\\\/chiarabevents.com\\\/es\\\/catering-musica-y-entretenimiento-la-organizacion-completa-por-chiarab-events\\\/#article\",\"isPartOf\":{\"@id\":\"https:\\\/\\\/chiarabevents.com\\\/es\\\/catering-musica-y-entretenimiento-la-organizacion-completa-por-chiarab-events\\\/\"},\"author\":{\"name\":\"ChiaraB Blog\",\"@id\":\"https:\\\/\\\/chiarabevents.com\\\/#\\\/schema\\\/person\\\/bbb582cfce34a973ad4463736fd0b0f4\"},\"headline\":\"Catering, musica e animazione &#8211; l\u2019organizzazione completa di ChiaraB Events\",\"datePublished\":\"2024-09-19T21:10:41+00:00\",\"dateModified\":\"2026-03-12T11:13:15+00:00\",\"mainEntityOfPage\":{\"@id\":\"https:\\\/\\\/chiarabevents.com\\\/es\\\/catering-musica-y-entretenimiento-la-organizacion-completa-por-chiarab-events\\\/\"},\"wordCount\":1869,\"publisher\":{\"@id\":\"https:\\\/\\\/chiarabevents.com\\\/#organization\"},\"image\":{\"@id\":\"https:\\\/\\\/chiarabevents.com\\\/es\\\/catering-musica-y-entretenimiento-la-organizacion-completa-por-chiarab-events\\\/#primaryimage\"},\"thumbnailUrl\":\"https:\\\/\\\/chiarabevents.com\\\/wp-content\\\/uploads\\\/2025\\\/07\\\/2149658375.jpg\",\"keywords\":[\"Animazione\",\"Catering\",\"Musica\"],\"articleSection\":[\"Party\"],\"inLanguage\":\"hu-HU\"},{\"@type\":\"WebPage\",\"@id\":\"https:\\\/\\\/chiarabevents.com\\\/es\\\/catering-musica-y-entretenimiento-la-organizacion-completa-por-chiarab-events\\\/\",\"url\":\"https:\\\/\\\/chiarabevents.com\\\/es\\\/catering-musica-y-entretenimiento-la-organizacion-completa-por-chiarab-events\\\/\",\"name\":\"Catering Musica e Animazione Eventi ChiaraB Events Wedding Planner\",\"isPartOf\":{\"@id\":\"https:\\\/\\\/chiarabevents.com\\\/#website\"},\"primaryImageOfPage\":{\"@id\":\"https:\\\/\\\/chiarabevents.com\\\/es\\\/catering-musica-y-entretenimiento-la-organizacion-completa-por-chiarab-events\\\/#primaryimage\"},\"image\":{\"@id\":\"https:\\\/\\\/chiarabevents.com\\\/es\\\/catering-musica-y-entretenimiento-la-organizacion-completa-por-chiarab-events\\\/#primaryimage\"},\"thumbnailUrl\":\"https:\\\/\\\/chiarabevents.com\\\/wp-content\\\/uploads\\\/2025\\\/07\\\/2149658375.jpg\",\"datePublished\":\"2024-09-19T21:10:41+00:00\",\"dateModified\":\"2026-03-12T11:13:15+00:00\",\"description\":\"Catering, musica e animazione rappresentano pilastri fondamentali su cui costruire l'esperienza dei tuoi ospiti.\",\"breadcrumb\":{\"@id\":\"https:\\\/\\\/chiarabevents.com\\\/es\\\/catering-musica-y-entretenimiento-la-organizacion-completa-por-chiarab-events\\\/#breadcrumb\"},\"inLanguage\":\"hu-HU\",\"potentialAction\":[{\"@type\":\"ReadAction\",\"target\":[\"https:\\\/\\\/chiarabevents.com\\\/es\\\/catering-musica-y-entretenimiento-la-organizacion-completa-por-chiarab-events\\\/\"]}]},{\"@type\":\"ImageObject\",\"inLanguage\":\"hu-HU\",\"@id\":\"https:\\\/\\\/chiarabevents.com\\\/es\\\/catering-musica-y-entretenimiento-la-organizacion-completa-por-chiarab-events\\\/#primaryimage\",\"url\":\"https:\\\/\\\/chiarabevents.com\\\/wp-content\\\/uploads\\\/2025\\\/07\\\/2149658375.jpg\",\"contentUrl\":\"https:\\\/\\\/chiarabevents.com\\\/wp-content\\\/uploads\\\/2025\\\/07\\\/2149658375.jpg\",\"width\":1500,\"height\":998,\"caption\":\"Catering, Musica e Animazione\"},{\"@type\":\"BreadcrumbList\",\"@id\":\"https:\\\/\\\/chiarabevents.com\\\/es\\\/catering-musica-y-entretenimiento-la-organizacion-completa-por-chiarab-events\\\/#breadcrumb\",\"itemListElement\":[{\"@type\":\"ListItem\",\"position\":1,\"name\":\"Home\",\"item\":\"https:\\\/\\\/chiarabevents.com\\\/\"},{\"@type\":\"ListItem\",\"position\":2,\"name\":\"Catering, musica e animazione &#8211; l\u2019organizzazione completa di ChiaraB Events\"}]},{\"@type\":\"WebSite\",\"@id\":\"https:\\\/\\\/chiarabevents.com\\\/#website\",\"url\":\"https:\\\/\\\/chiarabevents.com\\\/\",\"name\":\"ChiaraB Events Wedding Planner\",\"description\":\"Un meraviglioso percorso fatto insieme\",\"publisher\":{\"@id\":\"https:\\\/\\\/chiarabevents.com\\\/#organization\"},\"potentialAction\":[{\"@type\":\"SearchAction\",\"target\":{\"@type\":\"EntryPoint\",\"urlTemplate\":\"https:\\\/\\\/chiarabevents.com\\\/?s={search_term_string}\"},\"query-input\":{\"@type\":\"PropertyValueSpecification\",\"valueRequired\":true,\"valueName\":\"search_term_string\"}}],\"inLanguage\":\"hu-HU\"},{\"@type\":\"Organization\",\"@id\":\"https:\\\/\\\/chiarabevents.com\\\/#organization\",\"name\":\"ChiaraB Events Wedding Planner\",\"url\":\"https:\\\/\\\/chiarabevents.com\\\/\",\"logo\":{\"@type\":\"ImageObject\",\"inLanguage\":\"hu-HU\",\"@id\":\"https:\\\/\\\/chiarabevents.com\\\/#\\\/schema\\\/logo\\\/image\\\/\",\"url\":\"https:\\\/\\\/chiarabevents.com\\\/wp-content\\\/uploads\\\/2023\\\/12\\\/cropped-Monogramma_chiarab.png\",\"contentUrl\":\"https:\\\/\\\/chiarabevents.com\\\/wp-content\\\/uploads\\\/2023\\\/12\\\/cropped-Monogramma_chiarab.png\",\"width\":512,\"height\":512,\"caption\":\"ChiaraB Events Wedding Planner\"},\"image\":{\"@id\":\"https:\\\/\\\/chiarabevents.com\\\/#\\\/schema\\\/logo\\\/image\\\/\"},\"sameAs\":[\"https:\\\/\\\/www.facebook.com\\\/chiarabevent\",\"https:\\\/\\\/www.instagram.com\\\/chiarab_events\\\/\"]},{\"@type\":\"Person\",\"@id\":\"https:\\\/\\\/chiarabevents.com\\\/#\\\/schema\\\/person\\\/bbb582cfce34a973ad4463736fd0b0f4\",\"name\":\"ChiaraB Blog\",\"image\":{\"@type\":\"ImageObject\",\"inLanguage\":\"hu-HU\",\"@id\":\"https:\\\/\\\/chiarabevents.com\\\/wp-content\\\/litespeed\\\/avatar\\\/1646323b4cbc3492de1328080709cacc.jpg?ver=1777061573\",\"url\":\"https:\\\/\\\/chiarabevents.com\\\/wp-content\\\/litespeed\\\/avatar\\\/1646323b4cbc3492de1328080709cacc.jpg?ver=1777061573\",\"contentUrl\":\"https:\\\/\\\/chiarabevents.com\\\/wp-content\\\/litespeed\\\/avatar\\\/1646323b4cbc3492de1328080709cacc.jpg?ver=1777061573\",\"caption\":\"ChiaraB Blog\"},\"url\":\"https:\\\/\\\/chiarabevents.com\\\/hu\\\/author\\\/chiarab-blog\\\/\"}]}<\/script>\n<!-- \/ Yoast SEO Premium plugin. -->","yoast_head_json":{"title":"Catering Zene \u00e9s Anim\u00e1ci\u00f3 Esem\u00e9nyek ChiaraB Events Esk\u00fcv\u0151szervez\u0151","description":"A catering, a zene \u00e9s az anim\u00e1ci\u00f3 alapvet\u0151 pill\u00e9rei annak, hogy megalkossuk vend\u00e9geid \u00e9lm\u00e9ny\u00e9t.","robots":{"index":"index","follow":"follow","max-snippet":"max-snippet:-1","max-image-preview":"max-image-preview:large","max-video-preview":"max-video-preview:-1"},"canonical":"https:\/\/chiarabevents.com\/hu\/catering-zene-es-animacio-a-chiarab-events-teljes-koru-szervezese\/","og_locale":"hu_HU","og_type":"article","og_title":"Catering, musica e animazione - l\u2019organizzazione completa di ChiaraB Events","og_description":"Catering, musica e animazione rappresentano pilastri fondamentali su cui costruire l'esperienza dei tuoi ospiti.","og_url":"https:\/\/chiarabevents.com\/hu\/catering-zene-es-animacio-a-chiarab-events-teljes-koru-szervezese\/","og_site_name":"ChiaraB Events Wedding Planner","article_publisher":"https:\/\/www.facebook.com\/chiarabevent","article_published_time":"2024-09-19T21:10:41+00:00","article_modified_time":"2026-03-12T11:13:15+00:00","og_image":[{"width":1500,"height":998,"url":"https:\/\/chiarabevents.com\/wp-content\/uploads\/2025\/07\/2149658375.jpg","type":"image\/jpeg"}],"author":"ChiaraB Blog","twitter_card":"summary_large_image","twitter_misc":{"Written by":"ChiaraB Blog","Est. reading time":"10 minutes"},"schema":{"@context":"https:\/\/schema.org","@graph":[{"@type":"Article","@id":"https:\/\/chiarabevents.com\/es\/catering-musica-y-entretenimiento-la-organizacion-completa-por-chiarab-events\/#article","isPartOf":{"@id":"https:\/\/chiarabevents.com\/es\/catering-musica-y-entretenimiento-la-organizacion-completa-por-chiarab-events\/"},"author":{"name":"ChiaraB Blog","@id":"https:\/\/chiarabevents.com\/#\/schema\/person\/bbb582cfce34a973ad4463736fd0b0f4"},"headline":"Catering, musica e animazione &#8211; l\u2019organizzazione completa di ChiaraB Events","datePublished":"2024-09-19T21:10:41+00:00","dateModified":"2026-03-12T11:13:15+00:00","mainEntityOfPage":{"@id":"https:\/\/chiarabevents.com\/es\/catering-musica-y-entretenimiento-la-organizacion-completa-por-chiarab-events\/"},"wordCount":1869,"publisher":{"@id":"https:\/\/chiarabevents.com\/#organization"},"image":{"@id":"https:\/\/chiarabevents.com\/es\/catering-musica-y-entretenimiento-la-organizacion-completa-por-chiarab-events\/#primaryimage"},"thumbnailUrl":"https:\/\/chiarabevents.com\/wp-content\/uploads\/2025\/07\/2149658375.jpg","keywords":["Animazione","Catering","Musica"],"articleSection":["Party"],"inLanguage":"hu-HU"},{"@type":"WebPage","@id":"https:\/\/chiarabevents.com\/es\/catering-musica-y-entretenimiento-la-organizacion-completa-por-chiarab-events\/","url":"https:\/\/chiarabevents.com\/es\/catering-musica-y-entretenimiento-la-organizacion-completa-por-chiarab-events\/","name":"Catering Zene \u00e9s Anim\u00e1ci\u00f3 Esem\u00e9nyek ChiaraB Events Esk\u00fcv\u0151szervez\u0151","isPartOf":{"@id":"https:\/\/chiarabevents.com\/#website"},"primaryImageOfPage":{"@id":"https:\/\/chiarabevents.com\/es\/catering-musica-y-entretenimiento-la-organizacion-completa-por-chiarab-events\/#primaryimage"},"image":{"@id":"https:\/\/chiarabevents.com\/es\/catering-musica-y-entretenimiento-la-organizacion-completa-por-chiarab-events\/#primaryimage"},"thumbnailUrl":"https:\/\/chiarabevents.com\/wp-content\/uploads\/2025\/07\/2149658375.jpg","datePublished":"2024-09-19T21:10:41+00:00","dateModified":"2026-03-12T11:13:15+00:00","description":"A catering, a zene \u00e9s az anim\u00e1ci\u00f3 alapvet\u0151 pill\u00e9rei annak, hogy megalkossuk vend\u00e9geid \u00e9lm\u00e9ny\u00e9t.","breadcrumb":{"@id":"https:\/\/chiarabevents.com\/es\/catering-musica-y-entretenimiento-la-organizacion-completa-por-chiarab-events\/#breadcrumb"},"inLanguage":"hu-HU","potentialAction":[{"@type":"ReadAction","target":["https:\/\/chiarabevents.com\/es\/catering-musica-y-entretenimiento-la-organizacion-completa-por-chiarab-events\/"]}]},{"@type":"ImageObject","inLanguage":"hu-HU","@id":"https:\/\/chiarabevents.com\/es\/catering-musica-y-entretenimiento-la-organizacion-completa-por-chiarab-events\/#primaryimage","url":"https:\/\/chiarabevents.com\/wp-content\/uploads\/2025\/07\/2149658375.jpg","contentUrl":"https:\/\/chiarabevents.com\/wp-content\/uploads\/2025\/07\/2149658375.jpg","width":1500,"height":998,"caption":"Catering, Musica e Animazione"},{"@type":"BreadcrumbList","@id":"https:\/\/chiarabevents.com\/es\/catering-musica-y-entretenimiento-la-organizacion-completa-por-chiarab-events\/#breadcrumb","itemListElement":[{"@type":"ListItem","position":1,"name":"Home","item":"https:\/\/chiarabevents.com\/"},{"@type":"ListItem","position":2,"name":"Catering, musica e animazione &#8211; l\u2019organizzazione completa di ChiaraB Events"}]},{"@type":"WebSite","@id":"https:\/\/chiarabevents.com\/#website","url":"https:\/\/chiarabevents.com\/","name":"ChiaraB Esem\u00e9nyek Esk\u00fcv\u0151szervez\u0151","description":"Egy csod\u00e1latos \u00fat egy\u00fctt megt\u00e9ve","publisher":{"@id":"https:\/\/chiarabevents.com\/#organization"},"potentialAction":[{"@type":"SearchAction","target":{"@type":"EntryPoint","urlTemplate":"https:\/\/chiarabevents.com\/?s={search_term_string}"},"query-input":{"@type":"PropertyValueSpecification","valueRequired":true,"valueName":"search_term_string"}}],"inLanguage":"hu-HU"},{"@type":"Organization","@id":"https:\/\/chiarabevents.com\/#organization","name":"ChiaraB Esem\u00e9nyek Esk\u00fcv\u0151szervez\u0151","url":"https:\/\/chiarabevents.com\/","logo":{"@type":"ImageObject","inLanguage":"hu-HU","@id":"https:\/\/chiarabevents.com\/#\/schema\/logo\/image\/","url":"https:\/\/chiarabevents.com\/wp-content\/uploads\/2023\/12\/cropped-Monogramma_chiarab.png","contentUrl":"https:\/\/chiarabevents.com\/wp-content\/uploads\/2023\/12\/cropped-Monogramma_chiarab.png","width":512,"height":512,"caption":"ChiaraB Events Wedding Planner"},"image":{"@id":"https:\/\/chiarabevents.com\/#\/schema\/logo\/image\/"},"sameAs":["https:\/\/www.facebook.com\/chiarabevent","https:\/\/www.instagram.com\/chiarab_events\/"]},{"@type":"Person","@id":"https:\/\/chiarabevents.com\/#\/schema\/person\/bbb582cfce34a973ad4463736fd0b0f4","name":"ChiaraB Blog","image":{"@type":"ImageObject","inLanguage":"hu-HU","@id":"https:\/\/chiarabevents.com\/wp-content\/litespeed\/avatar\/1646323b4cbc3492de1328080709cacc.jpg?ver=1777061573","url":"https:\/\/chiarabevents.com\/wp-content\/litespeed\/avatar\/1646323b4cbc3492de1328080709cacc.jpg?ver=1777061573","contentUrl":"https:\/\/chiarabevents.com\/wp-content\/litespeed\/avatar\/1646323b4cbc3492de1328080709cacc.jpg?ver=1777061573","caption":"ChiaraB Blog"},"url":"https:\/\/chiarabevents.com\/hu\/author\/chiarab-blog\/"}]}},"_links":{"self":[{"href":"https:\/\/chiarabevents.com\/hu\/wp-json\/wp\/v2\/posts\/33394","targetHints":{"allow":["GET"]}}],"collection":[{"href":"https:\/\/chiarabevents.com\/hu\/wp-json\/wp\/v2\/posts"}],"about":[{"href":"https:\/\/chiarabevents.com\/hu\/wp-json\/wp\/v2\/types\/post"}],"author":[{"embeddable":true,"href":"https:\/\/chiarabevents.com\/hu\/wp-json\/wp\/v2\/users\/4"}],"replies":[{"embeddable":true,"href":"https:\/\/chiarabevents.com\/hu\/wp-json\/wp\/v2\/comments?post=33394"}],"version-history":[{"count":0,"href":"https:\/\/chiarabevents.com\/hu\/wp-json\/wp\/v2\/posts\/33394\/revisions"}],"wp:featuredmedia":[{"embeddable":true,"href":"https:\/\/chiarabevents.com\/hu\/wp-json\/wp\/v2\/media\/33451"}],"wp:attachment":[{"href":"https:\/\/chiarabevents.com\/hu\/wp-json\/wp\/v2\/media?parent=33394"}],"wp:term":[{"taxonomy":"category","embeddable":true,"href":"https:\/\/chiarabevents.com\/hu\/wp-json\/wp\/v2\/categories?post=33394"},{"taxonomy":"post_tag","embeddable":true,"href":"https:\/\/chiarabevents.com\/hu\/wp-json\/wp\/v2\/tags?post=33394"}],"curies":[{"name":"wp","href":"https:\/\/api.w.org\/{rel}","templated":true}]}}