{"id":33466,"date":"2024-01-30T04:31:03","date_gmt":"2024-01-30T02:31:03","guid":{"rendered":"https:\/\/chiarabevents.com\/?p=33466"},"modified":"2026-03-12T10:33:59","modified_gmt":"2026-03-12T10:33:59","slug":"chiarab-events-a-koncepcio-mint-kulcselem-a-luxus-divatesemenyekhez","status":"publish","type":"post","link":"https:\/\/chiarabevents.com\/hu\/chiarab-events-a-koncepcio-mint-kulcselem-a-luxus-divatesemenyekhez\/","title":{"rendered":"ChiaraB Events \u2013 a koncepci\u00f3, mint kulcselem a divat \u00e9s luxus esem\u00e9nyekn\u00e9l"},"content":{"rendered":"<h2>Bevezet\u00e9s<\/h2>\n<p>A divat- \u00e9s luxusesem\u00e9nyek vil\u00e1g\u00e1ban a m\u00e1rka meg\u00edt\u00e9l\u00e9se alapvet\u0151 fontoss\u00e1g\u00fa. Minden r\u00e9szletnek, a berendez\u00e9st\u0151l a munkat\u00e1rsak kiv\u00e1laszt\u00e1s\u00e1ig, t\u00fckr\u00f6znie kell <strong>a m\u00e1rka l\u00e9nyeg\u00e9t<\/strong> \u00e9s felejthetetlen \u00e9lm\u00e9nyt kell teremtenie a vend\u00e9gek sz\u00e1m\u00e1ra. P\u00e9ld\u00e1ul egy olyan esem\u00e9ny, amely eleg\u00e1ns vil\u00e1g\u00edt\u00e1st, magas sz\u00ednvonal\u00fa cateringet \u00e9s exkluz\u00edv helysz\u00ednt \u00f6tv\u00f6z, k\u00f6zvetlen\u00fcl k\u00e9pes k\u00f6zvet\u00edteni a m\u00e1rka kulcs\u00fczeneteit. Fontold meg minden egyes elem fontoss\u00e1g\u00e1t, hiszen minden v\u00e1laszt\u00e1s hozz\u00e1j\u00e1rul egy \u00e1tfog\u00f3 k\u00e9p megalkot\u00e1s\u00e1hoz, amely emelheti m\u00e1rk\u00e1d h\u00edrnev\u00e9t \u00e9s tart\u00f3s nyomot hagyhat a r\u00e9sztvev\u0151k eml\u00e9kezet\u00e9ben.<\/p>\n<h3>F\u0151bb pontok:<\/h3>\n<ul>\n<li>A koncepci\u00f3 alapvet\u0151 a divat- \u00e9s luxusesem\u00e9nyek szervez\u00e9s\u00e9ben, mivel meghat\u00e1rozza az esem\u00e9ny identit\u00e1s\u00e1t \u00e9s \u00e9lm\u00e9ny\u00e9t.<\/li>\n<li>A ChiaraB Events kit\u0171nik azzal a k\u00e9pess\u00e9ggel, hogy \u00f6tleteket \u00e9s v\u00edzi\u00f3kat eml\u00e9kezetes esem\u00e9nyekk\u00e9 alak\u00edt \u00e1t, nagy figyelmet ford\u00edtva a r\u00e9szletekre.<\/li>\n<li>Az exkluz\u00edv helysz\u00ednek \u00e9s a kort\u00e1rs trendek haszn\u00e1lata hozz\u00e1j\u00e1rul ahhoz, hogy minden esem\u00e9ny egyedi \u00e9s kifinomult legyen.<\/li>\n<li>A szem\u00e9lyre szab\u00e1s elengedhetetlen; minden esem\u00e9nyt az \u00fcgyf\u00e9l \u00e9s a c\u00e9lk\u00f6z\u00f6ns\u00e9g specifikus ig\u00e9nyeihez igaz\u00edtanak.<\/li>\n<li>A kapcsolat\u00e9p\u00edt\u00e9s \u00e9s a neves m\u00e1rk\u00e1kkal val\u00f3 egy\u00fcttm\u0171k\u00f6d\u00e9s kulcsfontoss\u00e1g\u00fa elemei azoknak az esem\u00e9nyeknek, amelyek jelent\u0151s nyomot hagynak a divat- \u00e9s luxusszektorban.<\/li>\n<\/ul>\n<h2>A koncepci\u00f3 szerepe a divat- \u00e9s luxusszektorban<\/h2>\n<p>A divat \u00e9s luxus vil\u00e1g\u00e1ban a <strong>koncepci\u00f3<\/strong> nem csup\u00e1n kieg\u00e9sz\u00edt\u0151 elem, hanem minden eml\u00e9kezetes esem\u00e9ny alapja. Egy er\u0151s k\u00f6zponti \u00f6tlet vez\u00e9rli az eg\u00e9sz kreat\u00edv folyamatot a tervez\u00e9st\u0151l a megval\u00f3s\u00edt\u00e1sig, biztos\u00edtva az \u00f6sszhangot \u00e9s a vizu\u00e1lis hat\u00e1st. Ez a strat\u00e9giai megk\u00f6zel\u00edt\u00e9s lehet\u0151v\u00e9 teszi egyedi \u00e9s mag\u00e1val ragad\u00f3 \u00e9lm\u00e9nyek l\u00e9trehoz\u00e1s\u00e1t, amelyek maradand\u00f3 nyomot hagynak a vend\u00e9gek eml\u00e9kezet\u00e9ben.<\/p>\n<h3>A k\u00f6zponti \u00f6tlet fontoss\u00e1ga<\/h3>\n<p>Egy k\u00f6zponti \u00f6tlet meghat\u00e1rozza egy esem\u00e9ny hangulat\u00e1t \u00e9s ir\u00e1ny\u00e1t, ir\u00e1nyt\u0171k\u00e9nt szolg\u00e1l minden tervez\u00e9si d\u00f6nt\u00e9shez. Nemcsak a m\u00e1rka \u00fczenet\u00e9nek k\u00f6zvet\u00edt\u00e9s\u00e9ben seg\u00edt, hanem egy \u00f6sszhangban l\u00e9v\u0151 l\u00e9gk\u00f6r megteremt\u00e9s\u00e9ben is, amely rezon\u00e1l a k\u00f6z\u00f6ns\u00e9ggel. Egy vil\u00e1gos k\u00f6zponti \u00f6tlet n\u00e9lk\u00fcl fenn\u00e1ll a figyelem megoszl\u00e1s\u00e1nak \u00e9s az eg\u00e9sz \u00e9lm\u00e9ny hat\u00e9konys\u00e1g\u00e1nak cs\u00f6kken\u00e9s\u00e9nek kock\u00e1zata.<\/p>\n<h3>Hogyan ir\u00e1ny\u00edtja a koncepci\u00f3 a kreat\u00edv d\u00f6nt\u00e9seket<\/h3>\n<p>A koncepci\u00f3 minden kreat\u00edv d\u00f6nt\u00e9s ir\u00e1nyt\u0171jek\u00e9nt szolg\u00e1l az esem\u00e9ny sor\u00e1n. Meghat\u00e1rozza az <strong>eszt\u00e9tikai v\u00e1laszt\u00e1sokat<\/strong>, mint p\u00e9ld\u00e1ul a sz\u00ednpalett\u00e1t, a dekor\u00e1ci\u00f3kat \u00e9s ak\u00e1r a cateringet is. P\u00e9ld\u00e1ul, ha a koncepci\u00f3 a fenntarthat\u00f3s\u00e1gra \u00e9p\u00fcl, a v\u00e1laszt\u00e1sok term\u00e9szetesen k\u00f6rnyezetbar\u00e1t anyagokra \u00e9s k\u00f6rnyezetv\u00e9delmi szempontb\u00f3l felel\u0151s besz\u00e1ll\u00edt\u00f3kra ir\u00e1nyulnak. A koncepci\u00f3 \u00e9s a megval\u00f3s\u00edt\u00e1s k\u00f6z\u00f6tti \u00f6sszhang biztos\u00edtja, hogy az esem\u00e9ny minden aspektusa harmonikusan m\u0171k\u00f6dj\u00f6n egy\u00fctt egy er\u0151teljes \u00e9s vil\u00e1gos \u00fczenet k\u00f6zvet\u00edt\u00e9s\u00e9\u00e9rt.<\/p>\n<p>Konkr\u00e9tan a koncepci\u00f3 nem korl\u00e1toz\u00f3dik az eszt\u00e9tikai megjelen\u00e9s meghat\u00e1roz\u00e1s\u00e1ra; kiterjeszti befoly\u00e1s\u00e1t a r\u00e9sztvev\u0151k sz\u00e1m\u00e1ra k\u00edn\u00e1lt \u00e9rz\u00e9kszervi \u00e9lm\u00e9nyekre is. Egy luxusesem\u00e9nyen minden r\u00e9szletnek, az alkalmazott illatokt\u00f3l a vend\u00e9gek fogad\u00e1s\u00e1ig, t\u00fckr\u00f6znie kell a k\u00f6zponti \u00f6tletet. P\u00e9ld\u00e1ul egy magas divatm\u00e1rka interakt\u00edv divatbemutat\u00f3kat integr\u00e1lhat a romantika t\u00e9m\u00e1j\u00e1hoz kapcsol\u00f3dva, nemcsak vizu\u00e1lis show-t, hanem m\u00e9ly \u00e9rzelmi \u00e9lm\u00e9nyt teremtve vend\u00e9gei sz\u00e1m\u00e1ra. Ez a koncepci\u00f3 ir\u00e1nti figyelem nemcsak az esem\u00e9ny siker\u00e9t hat\u00e1rozza meg, hanem hozz\u00e1j\u00e1rul a m\u00e1rka \u00e9s k\u00f6z\u00f6ns\u00e9ge k\u00f6z\u00f6tti kapcsolat meger\u0151s\u00edt\u00e9s\u00e9hez.<\/p>\n<h2>A koncepci\u00f3 \u00e1talak\u00edt\u00e1sa vizu\u00e1lis \u00e9lm\u00e9nny\u00e9<\/h2>\n<p>A koncepci\u00f3 vizu\u00e1lis \u00e9lm\u00e9nny\u00e9 alak\u00edt\u00e1sa gondos tervez\u00e9st \u00e9s rendk\u00edv\u00fcli kreativit\u00e1st ig\u00e9nyel. Minden elemnek, a sz\u00ednekt\u0151l a berendez\u00e9sig, t\u00fckr\u00f6znie kell a m\u00e1rka identit\u00e1s\u00e1t \u00e9s k\u00f6zvet\u00edtenie kell a k\u00edv\u00e1nt \u00fczenetet. Az <strong>figyelemfelkelt\u0151 d\u00edsz\u00edt\u0151 \u00e9s vizu\u00e1lis elemek<\/strong>seg\u00edts\u00e9g\u00e9vel siker\u00fcl megragadni vend\u00e9geid figyelm\u00e9t, lehet\u0151v\u00e9 t\u00e9ve sz\u00e1mukra, hogy teljes m\u00e9rt\u00e9kben belemer\u00fcljenek a megteremteni k\u00edv\u00e1nt l\u00e9gk\u00f6rbe.<\/p>\n<h3>T\u00f6rt\u00e9netet mes\u00e9l\u0151 design \u00e9s berendez\u00e9sek<\/h3>\n<p>Egy j\u00f3l \u00e1tgondolt design k\u00e9pes izgalmas \u00e9s mag\u00e1val ragad\u00f3 t\u00f6rt\u00e9neteket mes\u00e9lni. A berendez\u00e9s minden aspektus\u00e1t \u00fagy kell megtervezni, hogy egy <strong>specifikus \u00e9rzelem<\/strong>, egy vezet\u0151 sz\u00e1lat teremtve, amely \u00f6sszek\u00f6ti a k\u00fcl\u00f6nb\u00f6z\u0151 elemeket. P\u00e9ld\u00e1ul a gondosan v\u00e1logatott anyagok \u00e9s egyedi r\u00e9szletek haszn\u00e1lata egy egyszer\u0171 teret a m\u00e1rka vizu\u00e1lis t\u00f6rt\u00e9net\u00e9v\u00e9 alak\u00edthat, megh\u00edvva a vend\u00e9geket, hogy fedezzenek fel egy \u00faj \u00e9rtelmez\u00e9st a luxusr\u00f3l.<\/p>\n<h3>Interaktivit\u00e1s \u00e9s k\u00f6z\u00f6ns\u00e9g bevon\u00e1sa<\/h3>\n<p>Az interaktivit\u00e1s be\u00e9p\u00edt\u00e9se az esem\u00e9nybe lehet\u0151v\u00e9 teszi a r\u00e9sztvev\u0151k sz\u00e1m\u00e1ra, hogy a narrat\u00edva f\u0151szerepl\u0151iv\u00e9 v\u00e1ljanak. Gyakorlati \u00e9lm\u00e9nyek \u00e9s k\u00f6zvetlen bevon\u00f3d\u00e1si pillanatok k\u00edn\u00e1l\u00e1s\u00e1val \u00f6szt\u00f6nz\u00f6d k\u00edv\u00e1ncsis\u00e1gukat \u00e9s akt\u00edv r\u00e9szv\u00e9tel\u00fcket. Olyan technol\u00f3gi\u00e1k haszn\u00e1lata, mint az alkalmaz\u00e1sok, kiterjesztett val\u00f3s\u00e1g vagy immersz\u00edv install\u00e1ci\u00f3k, egyediv\u00e9 teheti minden vend\u00e9g \u00e9lm\u00e9ny\u00e9t, m\u00e9lyebb kapcsolatot teremtve a m\u00e1rk\u00e1val.<\/p>\n<p>A k\u00f6z\u00f6ns\u00e9g bevon\u00f3d\u00e1s\u00e1nak meghosszabb\u00edt\u00e1sa azt is jelenti, hogy \u00f6szt\u00f6n\u00f6zni kell az \u00e9rzelmi r\u00e9szv\u00e9tel\u00fcket. M\u0171helymunk\u00e1k, kih\u00edv\u00e1sok vagy interakt\u00edv j\u00e1t\u00e9kok r\u00e9v\u00e9n eml\u00e9kezetess\u00e9 teheted az esem\u00e9nyt. P\u00e9ld\u00e1ul szervezhetsz egy interakt\u00edv kifut\u00f3t, ahol a vend\u00e9gek kiv\u00e1lasztott ruhadarabokat viselnek, vagy egy fot\u00f3z\u00e1si alkalmat, ahol kreat\u00edv m\u00e1rk\u00e1hoz kapcsol\u00f3d\u00f3 elemekkel p\u00f3zolhatnak. Ezek a tev\u00e9kenys\u00e9gek nemcsak sz\u00f3rakoztatnak, hanem szem\u00e9lyre szabott \u00e9lm\u00e9nyeken kereszt\u00fcl er\u0151s\u00edtik a m\u00e1rka identit\u00e1s\u00e1t, megoszt\u00e1sokat gener\u00e1lva a k\u00f6z\u00f6ss\u00e9gi m\u00e9di\u00e1ban \u00e9s n\u00f6velve az esem\u00e9ny l\u00e1that\u00f3s\u00e1g\u00e1t.<\/p>\n<h2>A koncepci\u00f3 hat\u00e1sa a strat\u00e9giai tervez\u00e9sre<\/h2>\n<p>Egy esem\u00e9ny koncepci\u00f3ja alapvet\u0151 kiindul\u00f3pontk\u00e9nt szolg\u00e1l a strat\u00e9giai tervez\u00e9shez. Ha vil\u00e1gosan meghat\u00e1rozod az \u00fczenetet \u00e9s a hangulatot, amit k\u00f6zvet\u00edteni szeretn\u00e9l, minden d\u00f6nt\u00e9st ir\u00e1ny\u00edthatsz, a helysz\u00edn kiv\u00e1laszt\u00e1s\u00e1t\u00f3l a tev\u00e9kenys\u00e9gek megtervez\u00e9s\u00e9ig. Egy j\u00f3l kidolgozott koncepci\u00f3 nemcsak megk\u00f6nny\u00edti a kreat\u00edv folyamatot, hanem biztos\u00edtja az \u00f6sszhangot az esem\u00e9ny szervez\u00e9s\u00e9nek minden szakasz\u00e1ban.<\/p>\n<h3>\u00d6sszhang a marketing c\u00e9lokkal<\/h3>\n<p>Elengedhetetlen, hogy az esem\u00e9ny koncepci\u00f3ja szorosan \u00f6sszhangban legyen a marketing c\u00e9lokkal a siker \u00e9rdek\u00e9ben. Amikor az esem\u00e9ny \u00fczenete t\u00fckr\u00f6zi a m\u00e1rka identit\u00e1s\u00e1t \u00e9s prom\u00f3ci\u00f3s strat\u00e9gi\u00e1it, azonnali kapcsolat j\u00f6n l\u00e9tre a k\u00f6z\u00f6ns\u00e9ggel. Ez az \u00f6sszhang n\u00f6veli a m\u00e1rka felismerhet\u0151s\u00e9g\u00e9t \u00e9s feler\u0151s\u00edti a k\u00edv\u00e1nt hat\u00e1st.<\/p>\n<h3>Hogyan hat\u00e1rozza meg a koncepci\u00f3 a k\u00f6lts\u00e9gvet\u00e9si \u00e9s er\u0151forr\u00e1s-v\u00e1laszt\u00e1sokat<\/h3>\n<p>A koncepci\u00f3 k\u00f6zvetlen\u00fcl ir\u00e1ny\u00edtja a k\u00f6lts\u00e9gvet\u00e9si \u00e9s er\u0151forr\u00e1s-v\u00e1laszt\u00e1sokat az esem\u00e9ny megval\u00f3s\u00edt\u00e1s\u00e1hoz. P\u00e9ld\u00e1ul egy exkluz\u00edv, luxushoz k\u00f6t\u0151d\u0151 esem\u00e9ny magas sz\u00ednvonal\u00fa helysz\u00ednt \u00e9s pr\u00e9mium felszerel\u00e9seket ig\u00e9nyelhet, ami jelent\u0151sen befoly\u00e1solja a k\u00f6lts\u00e9geket. M\u00e1sr\u00e9szt egy hozz\u00e1f\u00e9rhet\u0151bb esem\u00e9ny kisebb k\u00f6lts\u00e9gvet\u00e9ssel is megval\u00f3s\u00edthat\u00f3, t\u00f6bb forr\u00e1st tartal\u00e9kolva a prom\u00f3ci\u00f3ra \u00e9s az interakt\u00edv tev\u00e9kenys\u00e9gekre.<\/p>\n<p>A k\u00f6lts\u00e9gvet\u00e9si \u00e9s er\u0151forr\u00e1s-d\u00f6nt\u00e9sek nem v\u00e1laszthat\u00f3k el a v\u00e1lasztott koncepcion\u00e1lis megk\u00f6zel\u00edt\u00e9st\u0151l. Ha p\u00e9ld\u00e1ul egy fenntarthat\u00f3s\u00e1g t\u00e9m\u00e1j\u00e1ra \u00e9p\u00fcl\u0151 esem\u00e9nyt ind\u00edtasz, folyamatosan ellen\u0151rizned kell a kiad\u00e1sok \u00f6sszhangj\u00e1t az \u00f6kol\u00f3giai gyakorlatokkal. Ebben az esetben befektethetsz olyan besz\u00e1ll\u00edt\u00f3kba, akik \u00fajrahasznos\u00edtott anyagokat haszn\u00e1lnak, vagy olyan helysz\u00edneket v\u00e1laszthatsz, amelyek z\u00f6ld megold\u00e1sokat k\u00edn\u00e1lnak. Minden v\u00e1laszt\u00e1snak \u00f6sszhangban kell lennie az alap koncepci\u00f3val az esem\u00e9ny hat\u00e1s\u00e1nak \u00e9s hiteless\u00e9g\u00e9nek biztos\u00edt\u00e1sa \u00e9rdek\u00e9ben.<\/p>\n<h2>Sikeres esettanulm\u00e1ny: ChiaraB Events p\u00e9ld\u00e1i<\/h2>\n<h3>Eml\u00e9kezetes esem\u00e9nyek \u00e9s a koncepci\u00f3 hat\u00e1sa<\/h3>\n<p>A ChiaraB Events eml\u00e9kezetes esem\u00e9nyeket val\u00f3s\u00edtott meg, amelyek maradand\u00f3 nyomot hagytak az ipar\u00e1gban. Minden projekt egy <strong>specifikus f\u00f3kusz a koncepci\u00f3n<\/strong>, egyedi hangulatokat \u00e9s mag\u00e1val ragad\u00f3 \u00e9lm\u00e9nyeket teremtve. A design, a helysz\u00edn \u00e9s a m\u00e1rka szinergi\u00e1ja nemcsak megragadja a figyelmet, hanem <strong>er\u0151s \u00e9rzelmi k\u00f6t\u0151d\u00e9st is el\u0151seg\u00edt<\/strong> a k\u00f6z\u00f6ns\u00e9ggel, minden tal\u00e1lkoz\u00f3t felejthetetlen luxus- \u00e9s divat\u00fcnnepp\u00e9 alak\u00edtva.<\/p>\n<h3>Egy ikonikus esem\u00e9ny elemz\u00e9se: strat\u00e9gi\u00e1k \u00e9s eredm\u00e9nyek<\/h3>\n<p>Egy jellegzetes p\u00e9lda egy exkluz\u00edv divatbemutat\u00f3, amelyet egy pr\u00e9mium m\u00e1rka sz\u00e1m\u00e1ra szerveztek, ahol minden r\u00e9szlet a koncepci\u00f3 szerint lett kidolgozva. A <strong>alkalmazott strat\u00e9gi\u00e1k<\/strong> jelent\u0151s n\u00f6veked\u00e9st eredm\u00e9nyeztek a m\u00e9dia l\u00e1that\u00f3s\u00e1g\u00e1ban \u00e9s a k\u00f6z\u00f6ss\u00e9gi interakci\u00f3kban, bizony\u00edtva egy j\u00f3l meghat\u00e1rozott terv hat\u00e9konys\u00e1g\u00e1t.<\/p>\n<p>Az ikonikus esem\u00e9ny sor\u00e1n a ChiaraB Events c\u00e9lzott strat\u00e9gi\u00e1kat alkalmazott, p\u00e9ld\u00e1ul egy dedik\u00e1lt #hashtag l\u00e9trehoz\u00e1s\u00e1t, amely t\u00f6bb mint <strong>2 milli\u00f3 megjelen\u00e9st gener\u00e1lt a k\u00f6z\u00f6ss\u00e9gi m\u00e9di\u00e1ban<\/strong>. Kreat\u00edv tehets\u00e9gek vettek r\u00e9szt m\u0171v\u00e9szeti install\u00e1ci\u00f3k l\u00e9trehoz\u00e1s\u00e1ban, amelyek a f\u0151 t\u00e9m\u00e1t \u00e1br\u00e1zolt\u00e1k, teljes \u00e9rz\u00e9kszervi \u00e9lm\u00e9nybe mer\u00edtve a vend\u00e9geket. Az ipar\u00e1gi influencerek jelenl\u00e9te tov\u00e1bb n\u00f6velte a hat\u00e1st, ami a m\u00e1rka elad\u00e1sainak k\u00f6r\u00fclbel\u00fcl <strong>30%<\/strong> az esem\u00e9nyt k\u00f6vet\u0151 h\u00f3napokban bek\u00f6vetkezett n\u00f6veked\u00e9s\u00e9ben nyilv\u00e1nult meg. Ezek az eredm\u00e9nyek azt bizony\u00edtj\u00e1k, hogy egy j\u00f3l fel\u00e9p\u00edtett koncepci\u00f3 k\u00e9pes egy esem\u00e9nyt egy <strong>hat\u00e9kony marketing- \u00e9s m\u00e1rka\u00e9p\u00edt\u00e9si eszk\u00f6zz\u00e9 alak\u00edtani<\/strong>.<\/p>\n<h2>Felt\u00f6rekv\u0151 trendek a divat- \u00e9s luxusesem\u00e9nyek diz\u00e1jnj\u00e1ban<\/h2>\n<p>A divat- \u00e9s luxusesem\u00e9nyek vil\u00e1ga gyorsan fejl\u0151dik, alkalmazkodva a r\u00e9sztvev\u0151k \u00faj elv\u00e1r\u00e1saihoz. Elengedhetetlen figyelemmel k\u00eds\u00e9rni a <strong>felt\u00f6rekv\u0151 trendeket<\/strong> amelyek form\u00e1lj\u00e1k az esem\u00e9nyek diz\u00e1jnj\u00e1t, mint p\u00e9ld\u00e1ul az immersz\u00edv terek integr\u00e1l\u00e1sa \u00e9s a multiszenzoros \u00e9lm\u00e9nyek haszn\u00e1lata. A technol\u00f3gia, az kiterjesztett val\u00f3s\u00e1g alkalmaz\u00e1s\u00e1t\u00f3l az interakt\u00edv install\u00e1ci\u00f3kig, kulcsszerepet j\u00e1tszik a figyelem felkelt\u00e9s\u00e9ben \u00e9s a vend\u00e9gek \u00e9lm\u00e9ny\u00e9nek gazdag\u00edt\u00e1s\u00e1ban, egyediv\u00e9 \u00e9s eml\u00e9kezetess\u00e9 t\u00e9ve minden esem\u00e9nyt.<\/p>\n<h3>Fenntarthat\u00f3s\u00e1g \u00e9s innov\u00e1ci\u00f3 a koncepcion\u00e1lis megk\u00f6zel\u00edt\u00e9sben<\/h3>\n<p>A fenntarthat\u00f3s\u00e1g m\u00e1r nem v\u00e1laszthat\u00f3 opci\u00f3, hanem elengedhetetlen sz\u00fcks\u00e9glet a divat- \u00e9s luxusesem\u00e9nyek eset\u00e9ben. Strat\u00e9gi\u00e1dnak tartalmaznia kell <strong>\u00f6kol\u00f3giai<\/strong>gyakorlatokat, mint p\u00e9ld\u00e1ul \u00fajrahasznos\u00edthat\u00f3 anyagok haszn\u00e1lata \u00e9s a hullad\u00e9k cs\u00f6kkent\u00e9se. Olyan helysz\u00ednek v\u00e1laszt\u00e1sa, amelyek tiszteletben tartj\u00e1k a fenntarthat\u00f3s\u00e1g elveit, valamint olyan besz\u00e1ll\u00edt\u00f3kkal val\u00f3 egy\u00fcttm\u0171k\u00f6d\u00e9s, akik elk\u00f6telezettek a k\u00f6rnyezetv\u00e9delem mellett, hozz\u00e1j\u00e1rul egy olyan esem\u00e9ny l\u00e9trehoz\u00e1s\u00e1hoz, amely nemcsak vonz\u00f3, hanem pozit\u00edv hat\u00e1st is hagy maga ut\u00e1n.<\/p>\n<h3>Az autentikuss\u00e1g \u00e9s a t\u00f6rt\u00e9netmes\u00e9l\u00e9s fontoss\u00e1ga<\/h3>\n<p>Egy autentikus \u00e9lm\u00e9ny l\u00e9trehoz\u00e1sa alapvet\u0151 a k\u00f6z\u00f6ns\u00e9g bevon\u00e1s\u00e1hoz. Minden esem\u00e9nynek olyan t\u00f6rt\u00e9netet kell mes\u00e9lnie, amely rezon\u00e1l a r\u00e9sztvev\u0151kkel, t\u00fckr\u00f6zve a m\u00e1rka \u00e9rt\u00e9keit \u00e9s identit\u00e1s\u00e1t. Vizu\u00e1lis, hang- \u00e9s \u00e9rz\u00e9kszervi elemek haszn\u00e1lata a t\u00f6rt\u00e9neted elmes\u00e9l\u00e9s\u00e9hez gazdag\u00edtja az esem\u00e9nyt jelent\u00e9ssel \u00e9s eml\u00e9kezetess\u00e9 teszi.<\/p>\n<p>A divat \u00e9s luxus vil\u00e1g\u00e1ban az autentikuss\u00e1g az, ami megk\u00fcl\u00f6nb\u00f6zteti az esem\u00e9nyeket egym\u00e1st\u00f3l. Szem\u00e9lyre szabott tartalmak \u00e9s olyan t\u00f6rt\u00e9netek k\u00edn\u00e1l\u00e1s\u00e1val, amelyek megsz\u00f3l\u00edtj\u00e1k a r\u00e9sztvev\u0151ket, m\u00e9ly kapcsolatot \u00e9p\u00edthetsz ki. P\u00e9ld\u00e1ul a m\u00e1rka alap\u00edt\u00f3inak megosztott tapasztalatai vagy hiteles arcok haszn\u00e1lata val\u00f3di narrat\u00edv\u00e1t adhat. Az illati, vizu\u00e1lis \u00e9s tapint\u00e1si \u00e9rzelmek el\u0151seg\u00edthetik az autentikus k\u00f6t\u0151d\u00e9st, n\u00f6velve az esem\u00e9ny eml\u00e9kezetess\u00e9g\u00e9t \u00e9s hat\u00e1s\u00e1t. Ne feledd, hogy a k\u00f6z\u00f6ns\u00e9ged nem csup\u00e1n egy term\u00e9ket keres, hanem egy olyan \u00e9lm\u00e9nyt, amely t\u00fckr\u00f6zi \u00e9letst\u00edlusukat, \u00e9rt\u00e9keiket \u00e9s t\u00f6rekv\u00e9seiket.<\/p>\n<h2>\u00d6sszegz\u00e9s a ChiaraB Events-r\u0151l<\/h2>\n<p>\u00d6sszefoglalva, a ChiaraB Events v\u00e1laszt\u00e1s\u00e1val egy egyedi koncepci\u00f3ba fektetsz be, amely k\u00fcl\u00f6nbs\u00e9get tesz a divat- \u00e9s luxusesem\u00e9nyeidben. A diz\u00e1jn, a r\u00e9szletekre val\u00f3 odafigyel\u00e9s \u00e9s az innov\u00e1ci\u00f3 alapvet\u0151 elemek, amelyek lehet\u0151v\u00e9 teszik, hogy eml\u00e9kezetes \u00e9s megk\u00fcl\u00f6nb\u00f6ztet\u0151 \u00e9lm\u00e9nyeket hozz l\u00e9tre. Ha szak\u00e9rt\u0151kre b\u00edzod magad, esem\u00e9nyed \u00faj kiv\u00e1l\u00f3s\u00e1gi szintre emelheted, tart\u00f3s nyomot hagyva vend\u00e9geid eml\u00e9kezet\u00e9ben. Ne feledd, a sikered egy er\u0151s \u00f6tlettel \u00e9s hib\u00e1tlan kivitelez\u00e9ssel kezd\u0151dik.<\/p>\n<h2>GYIK<\/h2>\n<h4>K: Milyen t\u00edpus\u00fa esem\u00e9nyeket szervez a ChiaraB Events?<\/h4>\n<p>A: A ChiaraB Events a divat- \u00e9s luxus esem\u00e9nyek l\u00e9trehoz\u00e1s\u00e1ra \u00e9s kezel\u00e9s\u00e9re specializ\u00e1l\u00f3dott, bele\u00e9rtve divatbemutat\u00f3kat, exkluz\u00edv term\u00e9kbemutat\u00f3kat, magas kateg\u00f3ri\u00e1s m\u00e1rk\u00e1k priv\u00e1t esem\u00e9nyeit \u00e9s testreszabott bulikat ig\u00e9nyes \u00fcgyfelek sz\u00e1m\u00e1ra. Minden esem\u00e9ny \u00fagy van megtervezve, hogy t\u00fckr\u00f6zze a m\u00e1rka egyedi koncepci\u00f3j\u00e1t, \u00e9s felejthetetlen \u00e9lm\u00e9nyt ny\u00fajtson a vend\u00e9geknek. Ebben a kontextusban <a href=\"https:\/\/chiarabevents.com\/hu\/a-megkulonbozteto-koncepcio-fontossaga-a-luxus-esemenyeknel-a-chiarab-events-megkozelitese\/\">a koncepci\u00f3 fontoss\u00e1ga a luxus esem\u00e9nyekn\u00e9l<\/a> alapvet\u0151v\u00e9 v\u00e1lik, mivel minden r\u00e9szletnek \u00f6sszhangban kell lennie a m\u00e1rka v\u00edzi\u00f3j\u00e1val, hogy meglepje \u00e9s elb\u0171v\u00f6lje a vend\u00e9geket. Emellett szak\u00e9rt\u0151 csapatunk elk\u00f6telezett amellett, hogy minden aspektust gondosan kezeljen, a d\u00edszlettervez\u00e9st\u0151l a besz\u00e1ll\u00edt\u00f3k kiv\u00e1laszt\u00e1s\u00e1ig, ez\u00e1ltal biztos\u00edtva egy \u00f6sszef\u00fcgg\u0151 \u00e9s magas sz\u00ednvonal\u00fa \u00e9lm\u00e9nyt. Meggy\u0151z\u0151d\u00e9s\u00fcnk, hogy egy j\u00f3l megtervezett esem\u00e9ny nem csup\u00e1n egy \u00e1t\u00e9lend\u0151 pillanat, hanem lehet\u0151s\u00e9g a m\u00e1rka identit\u00e1s\u00e1nak meger\u0151s\u00edt\u00e9s\u00e9re \u00e9s tart\u00f3s kapcsolatok kialak\u00edt\u00e1s\u00e1ra.<\/p>\n<h4>K: Hogyan fejlesztik ki egy esem\u00e9ny koncepci\u00f3j\u00e1t?<\/h4>\n<p>V: Egy esem\u00e9ny koncepci\u00f3ja az els\u0151 alapvet\u0151 l\u00e9p\u00e9s. Egy\u00fcttm\u0171k\u00f6d\u00fcnk \u00fcgyfeleinkkel, hogy meg\u00e9rts\u00fck v\u00edzi\u00f3jukat, \u00e9rt\u00e9keiket \u00e9s az \u00fczenetet, amelyet k\u00f6zvet\u00edteni szeretn\u00e9nek. Kreat\u00edv \u00f6tletel\u00e9s \u00e9s piackutat\u00e1s r\u00e9v\u00e9n kidolgozunk egy koncepci\u00f3t, amely az esem\u00e9ny minden szakasz\u00e1nak vez\u00e9rfonala lesz, a dekor\u00e1ci\u00f3t\u00f3l a sz\u00f3rakoztat\u00e1sig.<\/p>\n<h4>K: Lehet-e az esem\u00e9nyeket az \u00fcgyf\u00e9l ig\u00e9nyeihez igaz\u00edtani?<\/h4>\n<p>V: Term\u00e9szetesen igen! Minden esem\u00e9ny az \u00fcgyf\u00e9l specifikus ig\u00e9nyeihez igazodik. A ChiaraB Events lehet\u0151s\u00e9get k\u00edn\u00e1l arra, hogy az esem\u00e9ny minden aspektus\u00e1t, a helysz\u00edn elrendez\u00e9s\u00e9t\u0151l \u00e9s dekor\u00e1ci\u00f3j\u00e1t\u00f3l kezdve a cateringig \u00e9s sz\u00f3rakoztat\u00e1sig, testre szabjuk, hogy az esem\u00e9ny t\u00fckr\u00f6zze a m\u00e1rka identit\u00e1s\u00e1t \u00e9s megfeleljen a vend\u00e9gek elv\u00e1r\u00e1sainak.<\/p>\n<h4>K: Mennyi az esem\u00e9nytervez\u00e9s \u00e1tlagos id\u0151tartama?<\/h4>\n<p>V: Az esem\u00e9nytervez\u00e9s \u00e1tlagos id\u0151tartama jelent\u0151sen v\u00e1ltozhat az esem\u00e9ny \u00f6sszetetts\u00e9g\u00e9t\u0151l \u00e9s m\u00e9ret\u00e9t\u0151l f\u00fcgg\u0151en. \u00c1ltal\u00e1ban azonban azt javasoljuk, hogy legal\u00e1bb 3-6 h\u00f3nappal az esem\u00e9ny el\u0151tt kezdj\u00e9k meg a tervez\u00e9st, hogy minden r\u00e9szletre legyen id\u0151, \u00e9s elegend\u0151 id\u0151 jusson a v\u00e1ratlan helyzetek kezel\u00e9s\u00e9re.<\/p>\n<h4>K: Hogyan biztos\u00edtj\u00e1k, hogy az esem\u00e9nyek fenntarthat\u00f3ak \u00e9s k\u00f6rnyezetbar\u00e1tok legyenek?<\/h4>\n<p>V: A ChiaraB Events elk\u00f6telezett a fenntarthat\u00f3 esem\u00e9nyek megval\u00f3s\u00edt\u00e1sa mellett, integr\u00e1lva az \u00f6kol\u00f3giai gyakorlatokat m\u0171k\u00f6d\u00e9s\u00fcnkbe. Ez mag\u00e1ban foglalja olyan besz\u00e1ll\u00edt\u00f3k v\u00e1laszt\u00e1s\u00e1t, akik \u00fajrahasznos\u00edtott anyagokat haszn\u00e1lnak, helyi alapanyag\u00fa catering lehet\u0151s\u00e9geket, valamint olyan technol\u00f3gi\u00e1k alkalmaz\u00e1s\u00e1t, amelyek cs\u00f6kkentik a k\u00f6rnyezeti hat\u00e1st. Ez lehet\u0151v\u00e9 teszi, hogy luxus esem\u00e9nyeket val\u00f3s\u00edtsunk meg an\u00e9lk\u00fcl, hogy kompromisszumot k\u00f6tn\u00e9nk a fenntarthat\u00f3s\u00e1g ter\u00e9n.<\/p>","protected":false},"excerpt":{"rendered":"<p>Introduzione Nel mondo degli eventi fashion e luxury, la percezione del brand \u00e8 fondamentale. Ogni dettaglio, dall&#8217;allestimento alla scelta dei collaboratori, deve riflettere l&#8217;essenza del marchio e creare un&#8217;esperienza indimenticabile per gli ospiti. Ad esempio, un evento che combina un&#8217;illuminazione elegante, un catering di alta classe e una location esclusiva riesce a trasmettere messaggi chiave del brand [&hellip;]<\/p>","protected":false},"author":4,"featured_media":33481,"comment_status":"closed","ping_status":"closed","sticky":false,"template":"","format":"standard","meta":{"footnotes":""},"categories":[1],"tags":[89,247,206],"class_list":["post-33466","post","type-post","status-publish","format-standard","has-post-thumbnail","hentry","category-non-categorizzato","tag-events","tag-fashion","tag-luxury"],"yoast_head":"<!-- This site is optimized with the Yoast SEO Premium plugin v21.8 (Yoast SEO v27.3) - https:\/\/yoast.com\/product\/yoast-seo-premium-wordpress\/ -->\n<title>Eventi Fashion e Luxury stilosi ed unici ChiaraB Events Wedding Planner<\/title>\n<meta name=\"description\" content=\"ChiaraB Events si specializza nella creazione e gestione di eventi fashion e luxury, inclusi sfilate di moda, presentazioni di prodotti\" \/>\n<meta name=\"robots\" content=\"index, follow, max-snippet:-1, max-image-preview:large, max-video-preview:-1\" \/>\n<link rel=\"canonical\" href=\"https:\/\/chiarabevents.com\/hu\/chiarab-events-a-koncepcio-mint-kulcselem-a-luxus-divatesemenyekhez\/\" \/>\n<meta property=\"og:locale\" content=\"hu_HU\" \/>\n<meta property=\"og:type\" content=\"article\" \/>\n<meta property=\"og:title\" content=\"ChiaraB Events - il concept come elemento chiave per eventi fashion luxury\" \/>\n<meta property=\"og:description\" content=\"ChiaraB Events si specializza nella creazione e gestione di eventi fashion e luxury, inclusi sfilate di moda, presentazioni di prodotti\" \/>\n<meta property=\"og:url\" content=\"https:\/\/chiarabevents.com\/hu\/chiarab-events-a-koncepcio-mint-kulcselem-a-luxus-divatesemenyekhez\/\" \/>\n<meta property=\"og:site_name\" content=\"ChiaraB Events Wedding Planner\" \/>\n<meta property=\"article:publisher\" content=\"https:\/\/www.facebook.com\/chiarabevent\" \/>\n<meta property=\"article:published_time\" content=\"2024-01-30T02:31:03+00:00\" \/>\n<meta property=\"article:modified_time\" content=\"2026-03-12T10:33:59+00:00\" \/>\n<meta property=\"og:image\" content=\"https:\/\/chiarabevents.com\/wp-content\/uploads\/2025\/07\/15319.jpg\" \/>\n\t<meta property=\"og:image:width\" content=\"1500\" \/>\n\t<meta property=\"og:image:height\" content=\"1001\" \/>\n\t<meta property=\"og:image:type\" content=\"image\/jpeg\" \/>\n<meta name=\"author\" content=\"ChiaraB Blog\" \/>\n<meta name=\"twitter:card\" content=\"summary_large_image\" \/>\n<meta name=\"twitter:label1\" content=\"Written by\" \/>\n\t<meta name=\"twitter:data1\" content=\"ChiaraB Blog\" \/>\n\t<meta name=\"twitter:label2\" content=\"Est. reading time\" \/>\n\t<meta name=\"twitter:data2\" content=\"11 minutes\" \/>\n<script type=\"application\/ld+json\" class=\"yoast-schema-graph\">{\"@context\":\"https:\\\/\\\/schema.org\",\"@graph\":[{\"@type\":\"Article\",\"@id\":\"https:\\\/\\\/chiarabevents.com\\\/hu\\\/chiarab-events-a-koncepcio-mint-kulcselem-a-luxus-divatesemenyekhez\\\/#article\",\"isPartOf\":{\"@id\":\"https:\\\/\\\/chiarabevents.com\\\/hu\\\/chiarab-events-a-koncepcio-mint-kulcselem-a-luxus-divatesemenyekhez\\\/\"},\"author\":{\"name\":\"ChiaraB Blog\",\"@id\":\"https:\\\/\\\/chiarabevents.com\\\/#\\\/schema\\\/person\\\/bbb582cfce34a973ad4463736fd0b0f4\"},\"headline\":\"ChiaraB Events &#8211; il concept come elemento chiave per eventi fashion luxury\",\"datePublished\":\"2024-01-30T02:31:03+00:00\",\"dateModified\":\"2026-03-12T10:33:59+00:00\",\"mainEntityOfPage\":{\"@id\":\"https:\\\/\\\/chiarabevents.com\\\/hu\\\/chiarab-events-a-koncepcio-mint-kulcselem-a-luxus-divatesemenyekhez\\\/\"},\"wordCount\":2086,\"publisher\":{\"@id\":\"https:\\\/\\\/chiarabevents.com\\\/#organization\"},\"image\":{\"@id\":\"https:\\\/\\\/chiarabevents.com\\\/hu\\\/chiarab-events-a-koncepcio-mint-kulcselem-a-luxus-divatesemenyekhez\\\/#primaryimage\"},\"thumbnailUrl\":\"https:\\\/\\\/chiarabevents.com\\\/wp-content\\\/uploads\\\/2025\\\/07\\\/15319.jpg\",\"keywords\":[\"events\",\"fashion\",\"luxury\"],\"articleSection\":[\"Non categorizzato\"],\"inLanguage\":\"hu-HU\"},{\"@type\":\"WebPage\",\"@id\":\"https:\\\/\\\/chiarabevents.com\\\/hu\\\/chiarab-events-a-koncepcio-mint-kulcselem-a-luxus-divatesemenyekhez\\\/\",\"url\":\"https:\\\/\\\/chiarabevents.com\\\/hu\\\/chiarab-events-a-koncepcio-mint-kulcselem-a-luxus-divatesemenyekhez\\\/\",\"name\":\"Eventi Fashion e Luxury stilosi ed unici ChiaraB Events Wedding Planner\",\"isPartOf\":{\"@id\":\"https:\\\/\\\/chiarabevents.com\\\/#website\"},\"primaryImageOfPage\":{\"@id\":\"https:\\\/\\\/chiarabevents.com\\\/hu\\\/chiarab-events-a-koncepcio-mint-kulcselem-a-luxus-divatesemenyekhez\\\/#primaryimage\"},\"image\":{\"@id\":\"https:\\\/\\\/chiarabevents.com\\\/hu\\\/chiarab-events-a-koncepcio-mint-kulcselem-a-luxus-divatesemenyekhez\\\/#primaryimage\"},\"thumbnailUrl\":\"https:\\\/\\\/chiarabevents.com\\\/wp-content\\\/uploads\\\/2025\\\/07\\\/15319.jpg\",\"datePublished\":\"2024-01-30T02:31:03+00:00\",\"dateModified\":\"2026-03-12T10:33:59+00:00\",\"description\":\"ChiaraB Events si specializza nella creazione e gestione di eventi fashion e luxury, inclusi sfilate di moda, presentazioni di prodotti\",\"breadcrumb\":{\"@id\":\"https:\\\/\\\/chiarabevents.com\\\/hu\\\/chiarab-events-a-koncepcio-mint-kulcselem-a-luxus-divatesemenyekhez\\\/#breadcrumb\"},\"inLanguage\":\"hu-HU\",\"potentialAction\":[{\"@type\":\"ReadAction\",\"target\":[\"https:\\\/\\\/chiarabevents.com\\\/hu\\\/chiarab-events-a-koncepcio-mint-kulcselem-a-luxus-divatesemenyekhez\\\/\"]}]},{\"@type\":\"ImageObject\",\"inLanguage\":\"hu-HU\",\"@id\":\"https:\\\/\\\/chiarabevents.com\\\/hu\\\/chiarab-events-a-koncepcio-mint-kulcselem-a-luxus-divatesemenyekhez\\\/#primaryimage\",\"url\":\"https:\\\/\\\/chiarabevents.com\\\/wp-content\\\/uploads\\\/2025\\\/07\\\/15319.jpg\",\"contentUrl\":\"https:\\\/\\\/chiarabevents.com\\\/wp-content\\\/uploads\\\/2025\\\/07\\\/15319.jpg\",\"width\":1500,\"height\":1001,\"caption\":\"eventi fashion e luxury\"},{\"@type\":\"BreadcrumbList\",\"@id\":\"https:\\\/\\\/chiarabevents.com\\\/hu\\\/chiarab-events-a-koncepcio-mint-kulcselem-a-luxus-divatesemenyekhez\\\/#breadcrumb\",\"itemListElement\":[{\"@type\":\"ListItem\",\"position\":1,\"name\":\"Home\",\"item\":\"https:\\\/\\\/chiarabevents.com\\\/\"},{\"@type\":\"ListItem\",\"position\":2,\"name\":\"ChiaraB Events &#8211; il concept come elemento chiave per eventi fashion luxury\"}]},{\"@type\":\"WebSite\",\"@id\":\"https:\\\/\\\/chiarabevents.com\\\/#website\",\"url\":\"https:\\\/\\\/chiarabevents.com\\\/\",\"name\":\"ChiaraB Events Wedding Planner\",\"description\":\"Un meraviglioso percorso fatto insieme\",\"publisher\":{\"@id\":\"https:\\\/\\\/chiarabevents.com\\\/#organization\"},\"potentialAction\":[{\"@type\":\"SearchAction\",\"target\":{\"@type\":\"EntryPoint\",\"urlTemplate\":\"https:\\\/\\\/chiarabevents.com\\\/?s={search_term_string}\"},\"query-input\":{\"@type\":\"PropertyValueSpecification\",\"valueRequired\":true,\"valueName\":\"search_term_string\"}}],\"inLanguage\":\"hu-HU\"},{\"@type\":\"Organization\",\"@id\":\"https:\\\/\\\/chiarabevents.com\\\/#organization\",\"name\":\"ChiaraB Events Wedding Planner\",\"url\":\"https:\\\/\\\/chiarabevents.com\\\/\",\"logo\":{\"@type\":\"ImageObject\",\"inLanguage\":\"hu-HU\",\"@id\":\"https:\\\/\\\/chiarabevents.com\\\/#\\\/schema\\\/logo\\\/image\\\/\",\"url\":\"https:\\\/\\\/chiarabevents.com\\\/wp-content\\\/uploads\\\/2023\\\/12\\\/cropped-Monogramma_chiarab.png\",\"contentUrl\":\"https:\\\/\\\/chiarabevents.com\\\/wp-content\\\/uploads\\\/2023\\\/12\\\/cropped-Monogramma_chiarab.png\",\"width\":512,\"height\":512,\"caption\":\"ChiaraB Events Wedding Planner\"},\"image\":{\"@id\":\"https:\\\/\\\/chiarabevents.com\\\/#\\\/schema\\\/logo\\\/image\\\/\"},\"sameAs\":[\"https:\\\/\\\/www.facebook.com\\\/chiarabevent\",\"https:\\\/\\\/www.instagram.com\\\/chiarab_events\\\/\"]},{\"@type\":\"Person\",\"@id\":\"https:\\\/\\\/chiarabevents.com\\\/#\\\/schema\\\/person\\\/bbb582cfce34a973ad4463736fd0b0f4\",\"name\":\"ChiaraB Blog\",\"image\":{\"@type\":\"ImageObject\",\"inLanguage\":\"hu-HU\",\"@id\":\"https:\\\/\\\/chiarabevents.com\\\/wp-content\\\/litespeed\\\/avatar\\\/1646323b4cbc3492de1328080709cacc.jpg?ver=1777061573\",\"url\":\"https:\\\/\\\/chiarabevents.com\\\/wp-content\\\/litespeed\\\/avatar\\\/1646323b4cbc3492de1328080709cacc.jpg?ver=1777061573\",\"contentUrl\":\"https:\\\/\\\/chiarabevents.com\\\/wp-content\\\/litespeed\\\/avatar\\\/1646323b4cbc3492de1328080709cacc.jpg?ver=1777061573\",\"caption\":\"ChiaraB Blog\"},\"url\":\"https:\\\/\\\/chiarabevents.com\\\/hu\\\/author\\\/chiarab-blog\\\/\"}]}<\/script>\n<!-- \/ Yoast SEO Premium plugin. -->","yoast_head_json":{"title":"St\u00edlusos \u00e9s egyedi Fashion \u00e9s Luxury esem\u00e9nyek ChiaraB Events Wedding Planner","description":"A ChiaraB Events a divat- \u00e9s luxuselemek esem\u00e9nyeinek l\u00e9trehoz\u00e1s\u00e1ra \u00e9s kezel\u00e9s\u00e9re specializ\u00e1l\u00f3dott, bele\u00e9rtve a divatbemutat\u00f3kat, term\u00e9kbemutat\u00f3kat","robots":{"index":"index","follow":"follow","max-snippet":"max-snippet:-1","max-image-preview":"max-image-preview:large","max-video-preview":"max-video-preview:-1"},"canonical":"https:\/\/chiarabevents.com\/hu\/chiarab-events-a-koncepcio-mint-kulcselem-a-luxus-divatesemenyekhez\/","og_locale":"hu_HU","og_type":"article","og_title":"ChiaraB Events - il concept come elemento chiave per eventi fashion luxury","og_description":"ChiaraB Events si specializza nella creazione e gestione di eventi fashion e luxury, inclusi sfilate di moda, presentazioni di prodotti","og_url":"https:\/\/chiarabevents.com\/hu\/chiarab-events-a-koncepcio-mint-kulcselem-a-luxus-divatesemenyekhez\/","og_site_name":"ChiaraB Events Wedding Planner","article_publisher":"https:\/\/www.facebook.com\/chiarabevent","article_published_time":"2024-01-30T02:31:03+00:00","article_modified_time":"2026-03-12T10:33:59+00:00","og_image":[{"width":1500,"height":1001,"url":"https:\/\/chiarabevents.com\/wp-content\/uploads\/2025\/07\/15319.jpg","type":"image\/jpeg"}],"author":"ChiaraB Blog","twitter_card":"summary_large_image","twitter_misc":{"Written by":"ChiaraB Blog","Est. reading time":"11 minutes"},"schema":{"@context":"https:\/\/schema.org","@graph":[{"@type":"Article","@id":"https:\/\/chiarabevents.com\/hu\/chiarab-events-a-koncepcio-mint-kulcselem-a-luxus-divatesemenyekhez\/#article","isPartOf":{"@id":"https:\/\/chiarabevents.com\/hu\/chiarab-events-a-koncepcio-mint-kulcselem-a-luxus-divatesemenyekhez\/"},"author":{"name":"ChiaraB Blog","@id":"https:\/\/chiarabevents.com\/#\/schema\/person\/bbb582cfce34a973ad4463736fd0b0f4"},"headline":"ChiaraB Events &#8211; il concept come elemento chiave per eventi fashion luxury","datePublished":"2024-01-30T02:31:03+00:00","dateModified":"2026-03-12T10:33:59+00:00","mainEntityOfPage":{"@id":"https:\/\/chiarabevents.com\/hu\/chiarab-events-a-koncepcio-mint-kulcselem-a-luxus-divatesemenyekhez\/"},"wordCount":2086,"publisher":{"@id":"https:\/\/chiarabevents.com\/#organization"},"image":{"@id":"https:\/\/chiarabevents.com\/hu\/chiarab-events-a-koncepcio-mint-kulcselem-a-luxus-divatesemenyekhez\/#primaryimage"},"thumbnailUrl":"https:\/\/chiarabevents.com\/wp-content\/uploads\/2025\/07\/15319.jpg","keywords":["events","fashion","luxury"],"articleSection":["Non categorizzato"],"inLanguage":"hu-HU"},{"@type":"WebPage","@id":"https:\/\/chiarabevents.com\/hu\/chiarab-events-a-koncepcio-mint-kulcselem-a-luxus-divatesemenyekhez\/","url":"https:\/\/chiarabevents.com\/hu\/chiarab-events-a-koncepcio-mint-kulcselem-a-luxus-divatesemenyekhez\/","name":"St\u00edlusos \u00e9s egyedi Fashion \u00e9s Luxury esem\u00e9nyek ChiaraB Events Wedding Planner","isPartOf":{"@id":"https:\/\/chiarabevents.com\/#website"},"primaryImageOfPage":{"@id":"https:\/\/chiarabevents.com\/hu\/chiarab-events-a-koncepcio-mint-kulcselem-a-luxus-divatesemenyekhez\/#primaryimage"},"image":{"@id":"https:\/\/chiarabevents.com\/hu\/chiarab-events-a-koncepcio-mint-kulcselem-a-luxus-divatesemenyekhez\/#primaryimage"},"thumbnailUrl":"https:\/\/chiarabevents.com\/wp-content\/uploads\/2025\/07\/15319.jpg","datePublished":"2024-01-30T02:31:03+00:00","dateModified":"2026-03-12T10:33:59+00:00","description":"A ChiaraB Events a divat- \u00e9s luxuselemek esem\u00e9nyeinek l\u00e9trehoz\u00e1s\u00e1ra \u00e9s kezel\u00e9s\u00e9re specializ\u00e1l\u00f3dott, bele\u00e9rtve a divatbemutat\u00f3kat, term\u00e9kbemutat\u00f3kat","breadcrumb":{"@id":"https:\/\/chiarabevents.com\/hu\/chiarab-events-a-koncepcio-mint-kulcselem-a-luxus-divatesemenyekhez\/#breadcrumb"},"inLanguage":"hu-HU","potentialAction":[{"@type":"ReadAction","target":["https:\/\/chiarabevents.com\/hu\/chiarab-events-a-koncepcio-mint-kulcselem-a-luxus-divatesemenyekhez\/"]}]},{"@type":"ImageObject","inLanguage":"hu-HU","@id":"https:\/\/chiarabevents.com\/hu\/chiarab-events-a-koncepcio-mint-kulcselem-a-luxus-divatesemenyekhez\/#primaryimage","url":"https:\/\/chiarabevents.com\/wp-content\/uploads\/2025\/07\/15319.jpg","contentUrl":"https:\/\/chiarabevents.com\/wp-content\/uploads\/2025\/07\/15319.jpg","width":1500,"height":1001,"caption":"eventi fashion e luxury"},{"@type":"BreadcrumbList","@id":"https:\/\/chiarabevents.com\/hu\/chiarab-events-a-koncepcio-mint-kulcselem-a-luxus-divatesemenyekhez\/#breadcrumb","itemListElement":[{"@type":"ListItem","position":1,"name":"Home","item":"https:\/\/chiarabevents.com\/"},{"@type":"ListItem","position":2,"name":"ChiaraB Events &#8211; il concept come elemento chiave per eventi fashion luxury"}]},{"@type":"WebSite","@id":"https:\/\/chiarabevents.com\/#website","url":"https:\/\/chiarabevents.com\/","name":"ChiaraB Esem\u00e9nyek Esk\u00fcv\u0151szervez\u0151","description":"Egy csod\u00e1latos \u00fat egy\u00fctt megt\u00e9ve","publisher":{"@id":"https:\/\/chiarabevents.com\/#organization"},"potentialAction":[{"@type":"SearchAction","target":{"@type":"EntryPoint","urlTemplate":"https:\/\/chiarabevents.com\/?s={search_term_string}"},"query-input":{"@type":"PropertyValueSpecification","valueRequired":true,"valueName":"search_term_string"}}],"inLanguage":"hu-HU"},{"@type":"Organization","@id":"https:\/\/chiarabevents.com\/#organization","name":"ChiaraB Esem\u00e9nyek Esk\u00fcv\u0151szervez\u0151","url":"https:\/\/chiarabevents.com\/","logo":{"@type":"ImageObject","inLanguage":"hu-HU","@id":"https:\/\/chiarabevents.com\/#\/schema\/logo\/image\/","url":"https:\/\/chiarabevents.com\/wp-content\/uploads\/2023\/12\/cropped-Monogramma_chiarab.png","contentUrl":"https:\/\/chiarabevents.com\/wp-content\/uploads\/2023\/12\/cropped-Monogramma_chiarab.png","width":512,"height":512,"caption":"ChiaraB Events Wedding Planner"},"image":{"@id":"https:\/\/chiarabevents.com\/#\/schema\/logo\/image\/"},"sameAs":["https:\/\/www.facebook.com\/chiarabevent","https:\/\/www.instagram.com\/chiarab_events\/"]},{"@type":"Person","@id":"https:\/\/chiarabevents.com\/#\/schema\/person\/bbb582cfce34a973ad4463736fd0b0f4","name":"ChiaraB Blog","image":{"@type":"ImageObject","inLanguage":"hu-HU","@id":"https:\/\/chiarabevents.com\/wp-content\/litespeed\/avatar\/1646323b4cbc3492de1328080709cacc.jpg?ver=1777061573","url":"https:\/\/chiarabevents.com\/wp-content\/litespeed\/avatar\/1646323b4cbc3492de1328080709cacc.jpg?ver=1777061573","contentUrl":"https:\/\/chiarabevents.com\/wp-content\/litespeed\/avatar\/1646323b4cbc3492de1328080709cacc.jpg?ver=1777061573","caption":"ChiaraB Blog"},"url":"https:\/\/chiarabevents.com\/hu\/author\/chiarab-blog\/"}]}},"_links":{"self":[{"href":"https:\/\/chiarabevents.com\/hu\/wp-json\/wp\/v2\/posts\/33466","targetHints":{"allow":["GET"]}}],"collection":[{"href":"https:\/\/chiarabevents.com\/hu\/wp-json\/wp\/v2\/posts"}],"about":[{"href":"https:\/\/chiarabevents.com\/hu\/wp-json\/wp\/v2\/types\/post"}],"author":[{"embeddable":true,"href":"https:\/\/chiarabevents.com\/hu\/wp-json\/wp\/v2\/users\/4"}],"replies":[{"embeddable":true,"href":"https:\/\/chiarabevents.com\/hu\/wp-json\/wp\/v2\/comments?post=33466"}],"version-history":[{"count":0,"href":"https:\/\/chiarabevents.com\/hu\/wp-json\/wp\/v2\/posts\/33466\/revisions"}],"wp:featuredmedia":[{"embeddable":true,"href":"https:\/\/chiarabevents.com\/hu\/wp-json\/wp\/v2\/media\/33481"}],"wp:attachment":[{"href":"https:\/\/chiarabevents.com\/hu\/wp-json\/wp\/v2\/media?parent=33466"}],"wp:term":[{"taxonomy":"category","embeddable":true,"href":"https:\/\/chiarabevents.com\/hu\/wp-json\/wp\/v2\/categories?post=33466"},{"taxonomy":"post_tag","embeddable":true,"href":"https:\/\/chiarabevents.com\/hu\/wp-json\/wp\/v2\/tags?post=33466"}],"curies":[{"name":"wp","href":"https:\/\/api.w.org\/{rel}","templated":true}]}}