{"id":33632,"date":"2023-07-20T04:51:58","date_gmt":"2023-07-20T02:51:58","guid":{"rendered":"https:\/\/chiarabevents.com\/sure-here-are-some-shortened-title-options-max-7-words-1-matrimoni-vip-sul-lago-di-como-2-celebrita-che-sposano-sul-lago-di-como-3-lago-di-como-nozze-da-star-4-coppie-famosissime-al-lago-di-como-5-mat\/"},"modified":"2026-03-12T10:35:58","modified_gmt":"2026-03-12T10:35:58","slug":"comoi-to-eskuvo-hiressegek-es-parok-akik-ezt-valasztottak","status":"publish","type":"post","link":"https:\/\/chiarabevents.com\/hu\/comoi-to-eskuvo-hiressegek-es-parok-akik-ezt-valasztottak\/","title":{"rendered":"Com\u00f3i-t\u00f3 Esk\u00fcv\u0151 \u2013 H\u00edress\u00e9gek \u00e9s P\u00e1rok, akik ezt v\u00e1lasztott\u00e1k"},"content":{"rendered":"<h3>Un\u2019ambientazione da sogno<\/h3>\n<p>Lago di Como \u00e8 rinomato per i suoi paesaggi mozzafiato e le sue ville storiche, rendendolo la scelta perfetta per il tuo matrimonio da favola. Le acque cristalline del lago e le maestose montagne circostanti offrono un ambiente incantevole, ideale per celebrare l\u2019amore. Qui, puoi immaginare il tuo giorno speciale circondato da uno scenario che ha attirato celebrit\u00e0 e coppie romantiche di tutto il mondo. Le ville come Villa Carlotta e Villa del Balbianello sono solo alcune delle location mozzafiato che possono diventare il teatro del tuo sogno matrimoniale.<\/p>\n<h3>Un luogo di celebrazione<\/h3>\n<p>Oltre alla bellezza naturale, il Lago di Como offre una ricca cultura e una gastronomia deliziosa, elementi che possono arricchire ulteriormente la tua celebrazione. Celebrit\u00e0 come George Clooney e John Legend hanno scelto questo luogo per celebrare i loro matrimoni, contribuendo a rendere il Lago di Como un simbolo di eleganza e raffinatezza. Questo non \u00e8 solo un luogo per dire \u201cs\u00ec\u201d, ma un\u2019esperienza che rester\u00e0 nei ricordi per sempre, trasformando il tuo matrimonio in un evento indimenticabile.<\/p>\n<h2>Lago di Como: Il Palcoscenico dei Sogni Romantici<\/h2>\n<h3>Caratteristiche Uniche del Lago di Como<\/h3>\n<p>Il Lago di Como si distingue non solo per la sua bellezza mozzafiato, ma anche per le sue caratteristiche uniche che lo rendono un luogo ideale per un matrimonio da sogno. Le sue acque calme, incorniciate da montagne verdi e pittoreschi villaggi, creano uno sfondo romantico senza pari. Ogni angolo offre un panorama sorprendente, permettendo agli sposi e agli ospiti di godere di un\u2019esperienza visiva straordinaria. Le ville storiche e i giardini lussureggianti che punteggiano il lago aggiungono un tocco di eleganza e storia, rendendo ogni cerimonia memorabile.<\/p>\n<p>La microclima del Lago di Como contribuisce alla sua singolarit\u00e0; le dolci temperature e i cieli sereni, specialmente durante la primavera e l\u2019estate, garantiscono condizioni ideali per eventi all\u2019aperto. Inoltre, la variet\u00e0 di opzioni di location, dalle affascinanti ville private ai resort di lusso, permette di personalizzare ogni dettaglio del vostro matrimonio, assicurando che rispecchi esattamente i vostri sogni e desideri.<\/p>\n<h3>Perch\u00e9 Scegliere il Lago di Como per il Vostro Matrimonio<\/h3>\n<p>Optare per il Lago di Como per il vostro matrimonio significa scegliere un luogo intriso di romanticismo e bellezza naturale. Qui, ogni cerimonia pu\u00f2 essere trasformata in un\u2019esperienza indimenticabile, grazie alla variet\u00e0 di location disponibili e alla possibilit\u00e0 di utilizzare il lago stesso come scenario per il rito nuziale. In aggiunta, molti servizi di catering, fioristi e planner locali offrono pacchetti personalizzabili che possono soddisfare le vostre esigenze specifiche, rendendo la pianificazione del matrimonio un processo pi\u00f9 fluido e piacevole.<\/p>\n<p>Ogni coppia sogna una celebrazione che rimanga impressa nel cuore degli ospiti. Il Lago di Como fornisce l\u2019atmosfera perfetta, dove amore e natura si fondono in un connubio sublime. Scegliere questo luogo significa anche avere l\u2019opportunit\u00e0 di unire il vostro giorno speciale a un viaggio romantico, permettendo alla vostra famiglia e ai vostri amici di esplorare le meraviglie locali e vivere un\u2019esperienza indimenticabile.<\/p>\n<h2>Celebrit\u00e0 Che Hanno Sposato a Como<\/h2>\n<h3>Le Scelte di Matrimonio di VIP Famosi<\/h3>\n<p>Il Lago di Como \u00e8 stato scelto da numerosi VIP per celebrare il loro grande giorno. Celebrit\u00e0 come George Clooney e Amal Alamuddin hanno trovato in quest\u2019area un luogo incantevole e romantico dove unire le loro vite. La villa Balbianello, in particolare, \u00e8 diventata un simbolo di matrimoni di lusso, attirando coppie che desiderano un\u2019atmosfera da sogno e una vista mozzafiato sui laghi e le montagne circostanti. La scelta di questi luoghi da parte di celebrit\u00e0 aggiunge un fascino unico a queste celebrazioni, rendendole ancora pi\u00f9 ambite e imitate.<\/p>\n<p>Altri nomi noti, come John Legend e Chrissy Teigen, hanno anch\u2019essi optato per il Lago di Como come scenario per dire \u201cs\u00ec\u201d. La sensazione di esclusivit\u00e0 e il backdrop naturale, con le sue ville storiche e giardini lussureggianti, sono elementi che rendono ogni matrimonio indimenticabile. Come potete immaginare, queste scelte influenzano fortemente le aspettative e i sogni di molte coppie, rendendo il lago un punto di riferimento per matrimoni da favola.<\/p>\n<h3>Come le Celebrit\u00e0 Influenzano le Tendenze Nuziali<\/h3>\n<p>Le scelte delle celebrit\u00e0 hanno un impatto decisivo sulle tendenze nuziali. Il matrimonio di Clooney e Alamuddin ha generato un\u2019ondata di richieste per cerimonie simili, con coppie che copiano non solo la location, ma anche lo stile e l\u2019estetica dei festeggiamenti. Le riviste e i social media amplificano queste tendenze, creando un effetto imitativo tra le coppie in cerca di ispirazione. La copertura mediatica di questi eventi rende il Lago di Como un\u2019opzione irresistibile per chi desidera un matrimonio che sia all\u2019altezza delle celebrazioni di alto profilo.<\/p>\n<p>Un matrimonio vip al Lago di Como non \u00e8 solo un evento, ma un vero e proprio trend che influenza giovanissimi sposi in tutto il mondo. Ogni anno, le location che sono state scelte da celebrit\u00e0 diventano mete preferite per coloro che cercano un\u2019esperienza di lusso. Vedere i luoghi, i temi e gli stili utilizzati da queste coppie sui social pu\u00f2 astutamente trasformarsi in una roadmap per le scelte di matrimoni futuri, rendendo evidente quanto la fama possa dettare moda e tradizione nel mondo nuziale.<\/p>\n<h2>Com\u00f3i-t\u00f3 Esk\u00fcv\u0151 \u2013 H\u00edress\u00e9gek \u00e9s P\u00e1rok, akik ezt v\u00e1lasztott\u00e1k<\/h2>\n<h3>Storie D\u2019Amore Iconiche: Coppie Celebri al Lago di Como<\/h3>\n<p>Il Lago di Como non \u00e8 solo un luogo di straordinaria bellezza, ma anche un palcoscenico per storie d\u2019amore iconiche. Celebrit\u00e0 da tutto il mondo hanno scelto queste sponde romantiche per dichiarare il loro amore eterno. Ad esempio, George Clooney e Amal Alamuddin hanno organizzato il loro matrimonio a Villa del Balbianello, un evento che ha fatto il giro del mondo e ha incantato i fan della coppia. La scenografia mozzafiato ha reso questo momento decisamente indimenticabile, dimostrando che il lago \u00e8 un vero rifugio per le coppie celebri. Scopri ulteriori dettagli su <a href=\"https:\/\/dwpinsider.com\/9-celebrities-who-said-i-do-at-heavenly-lake-como\/\" target=\"_blank\" rel=\"nofollow noopener noreferrer\">9 Celebrities Who Said \u2018I Do\u2019 at Heavenly Lake Como<\/a>.<\/p>\n<h3>Relazioni Celebri e i Loro Matrimoni<\/h3>\n<p>Coppie famose come Elton John e David Furnish hanno scelto il Lago di Como per celebrare il loro amore, creando una celebrazione che ha unito stile e lusso. I matrimoni si sono spesso svolti in storiche ville circondate da giardini fioriti e affacciate su acque limpide, rendendo ogni cerimonia unica e memorabile. Puoi solo immaginare l\u2019atmosfera magica in queste location incantevoli, dove il panorama si mescola con l\u2019emozione del matrimonio.<\/p>\n<h3>Momenti di Magia e Incanto sulle Sponde del Lago<\/h3>\n<p>Ogni matrimonio celebrato al Lago di Como \u00e8 carico di atmosfere da sogno e momenti che rimarranno impressi nella memoria degli sposi e degli ospiti. La luce del tramonto che si riflette sull\u2019acqua, le melodie dolci suonate da un quartetto d\u2019archi e il profumo dei fiori locali creano un\u2019esperienza sensoriale senza pari. Non \u00e8 raro vedere gli sposi che si scambiano promesse mentre una leggera brezza accarezza le acque, rendendo il tutto ancora pi\u00f9 romantico. <a href=\"https:\/\/chiarabevents.com\/hu\/sposarsi-sul-lago-di-como-ville-storiche-e-scenari-romantici\/\">Esk\u00fcv\u0151 a Com\u00f3i-t\u00f3n\u00e1l<\/a> jelent egyed\u00fcl\u00e1ll\u00f3 l\u00e9gk\u00f6rbe mer\u00fclni, ahol minden r\u00e9szlet gondosan van kidolgozva, hogy a nap felejthetetlen legyen. A csod\u00e1latos t\u00f6rt\u00e9nelmi kertek \u00e9s a t\u00f3 k\u00f6r\u00fcl elhelyezked\u0151 pomp\u00e1s vill\u00e1k k\u00e9peslapra ill\u0151 t\u00e1jakat k\u00edn\u00e1lnak, t\u00f6k\u00e9letesek az olyan f\u00e9nyk\u00e9pekhez, amelyek megragadj\u00e1k a pillanat l\u00e9nyeg\u00e9t. Ezenk\u00edv\u00fcl a menyasszony \u00e9s a v\u0151leg\u00e9ny egy poh\u00e1r helyi borral koccinthatnak a szerelm\u00fckre, teljesen elmer\u00fclve ennek a rendk\u00edv\u00fcli helysz\u00ednnek a sz\u00e9ps\u00e9g\u00e9ben \u00e9s var\u00e1zs\u00e1ban.<\/p>\n<h2>\u00c1lmodoz\u00e1sok \u00e9s gyakorlati tan\u00e1csok egy mes\u00e9s esk\u00fcv\u0151h\u00f6z<\/h2>\n<h3>A legjobb helysz\u00ednek \u00e9s lok\u00e1ci\u00f3k a Com\u00f3i-t\u00f3n\u00e1l<\/h3>\n<p>Sok menyasszony \u00e9s v\u0151leg\u00e9ny v\u00e1lasztja a Com\u00f3i-tavat id\u0151tlen var\u00e1zsa \u00e9s l\u00e9legzetel\u00e1ll\u00edt\u00f3 panor\u00e1m\u00e1i miatt. A legkeresettebb helysz\u00ednek k\u00f6z\u00f6tt t\u00f6rt\u00e9nelmi vill\u00e1k, mint a Villa del Balbianello \u00e9s a Villa Carlotta szerepelnek, amelyek mindketten \u00e1lomszer\u0171 h\u00e1tteret k\u00edn\u00e1lnak az esk\u00fcv\u0151 napj\u00e1ra. Az ide\u00e1lis helysz\u00edn kiv\u00e1laszt\u00e1s\u00e1n\u00e1l nemcsak a sz\u00e9ps\u00e9get, hanem a praktikuss\u00e1got is figyelembe kell venni, p\u00e9ld\u00e1ul a vend\u00e9gek sz\u00e1m\u00e1t \u00e9s a rendelkez\u00e9sre \u00e1ll\u00f3 l\u00e9tes\u00edtm\u00e9nyeket.<\/p>\n<p>T\u00f6rt\u00e9nelmi rezidenci\u00e1k vagy buja kertek felfedez\u00e9se lehet\u0151s\u00e9get ad arra, hogy var\u00e1zslatos sarkokat tal\u00e1lj az esk\u00fcv\u0151i cerem\u00f3nia megtart\u00e1s\u00e1ra. N\u00e9h\u00e1ny helysz\u00edn lehet\u0151s\u00e9get k\u00edn\u00e1l a helysz\u00edni sz\u00e1ll\u00e1sra is, ami k\u00e9nyelmesebb\u00e9 teszi az esem\u00e9nyt sz\u00e1modra \u00e9s vend\u00e9geid sz\u00e1m\u00e1ra. Ne felejtsd el megl\u00e1togatni a t\u00f3parti eleg\u00e1ns \u00e9ttermeket, amelyek k\u00fcl\u00f6nb\u00f6z\u0151 gasztron\u00f3miai ig\u00e9nyekhez igazodnak, biztos\u00edtva egy felejthetetlen lakom\u00e1t.<\/p>\n<h3>Szolg\u00e1ltat\u00e1sok \u00e9s besz\u00e1ll\u00edt\u00f3k, akiket \u00e9rdemes figyelembe venni az esk\u00fcv\u0151dh\u00f6z<\/h3>\n<p>A megfelel\u0151 szolg\u00e1ltat\u00f3k bevon\u00e1sa d\u00f6nt\u0151 lehet \u00e1lmaid esk\u00fcv\u0151j\u00e9nek megval\u00f3s\u00edt\u00e1s\u00e1ban a Com\u00f3i-t\u00f3n\u00e1l. A szakemberek k\u00f6z\u00f6tt ne feledkezz meg a tapasztalt fot\u00f3sokr\u00f3l, akik ismerik a legjobb f\u00e9nyeket \u00e9s sz\u00f6geket a t\u00e1j sz\u00e9ps\u00e9g\u00e9nek meg\u00f6r\u00f6k\u00edt\u00e9s\u00e9hez, valamint a vir\u00e1gk\u00f6t\u0151kr\u0151l, akik t\u00f6k\u00e9letes vir\u00e1gkompoz\u00edci\u00f3kat k\u00e9sz\u00edtenek az esem\u00e9ny hangulat\u00e1hoz. A konyha szint\u00e9n alapvet\u0151 szempont; a helyi tapasztalattal rendelkez\u0151 catering szolg\u00e1ltat\u00f3k friss \u00e9s \u00edzletes \u00e9teleket biztos\u00edtanak, amelyek leny\u0171g\u00f6zik a vend\u00e9geket.<\/p>\n<p>Fontold meg egy tapasztalt esk\u00fcv\u0151szervez\u0151 bevon\u00e1s\u00e1t, aki j\u00e1rtas a t\u00f3parti esk\u00fcv\u0151kben. Ez a szakember \u00e9rt\u00e9kes tan\u00e1csokkal szolg\u00e1lhat az id\u0151z\u00edt\u00e9sr\u0151l, dekor\u00e1ci\u00f3r\u00f3l \u00e9s logisztik\u00e1r\u00f3l, biztos\u00edtva, hogy minden r\u00e9szlet gondosan legyen kezelve. Emellett gondoskodj egy t\u00e1mogat\u00f3 csapatr\u00f3l az esk\u00fcv\u0151 napj\u00e1ra, hogy teljes m\u00e9rt\u00e9kben \u00e9lvezhesd a pillanatot agg\u00f3d\u00e1s n\u00e9lk\u00fcl.<\/p>\n<h2>Helyi hagyom\u00e1nyok \u00e9s jelent\u0151s\u00e9g\u00fck az esk\u00fcv\u0151n<\/h2>\n<h3>Kultur\u00e1lis elemek be\u00e9p\u00edt\u00e9se az esk\u00fcv\u0151t\u00f6kbe<\/h3>\n<p>A Com\u00f3i-t\u00f3 kultur\u00e1lis elemeinek be\u00e9p\u00edt\u00e9se az esk\u00fcv\u0151t\u00f6kbe nemcsak autentikus hangulatot k\u00f6lcs\u00f6n\u00f6z, hanem gazdag\u00edtja az \u00e9lm\u00e9nyt sz\u00e1motokra \u00e9s vend\u00e9geitek sz\u00e1m\u00e1ra is. P\u00e9ld\u00e1ul egy lakoma, amely helyi specialit\u00e1sokat, mint a s\u00fcg\u00e9rrel k\u00e9sz\u00fclt rizott\u00f3 vagy a misultin tartalmaz, \u00ednycsikland\u00f3 \u00e9lm\u00e9nyt ny\u00fajt \u00e9s kapcsolatot teremt a helyi gasztron\u00f3miai hagyom\u00e1nyokkal. Emellett a term\u00e9szetes anyagokb\u00f3l, p\u00e9ld\u00e1ul f\u00e1b\u00f3l \u00e9s k\u0151b\u0151l k\u00e9sz\u00fclt dekor\u00e1ci\u00f3k hozz\u00e1ad\u00e1sa, amelyek jellemz\u0151ek a t\u00e9rs\u00e9gre, m\u00e9g hangulatosabb\u00e1 teheti a l\u00e9gk\u00f6rt.<\/p>\n<p>A lombard hagyom\u00e1nyos zene, olyan hangszerekkel, mint a harmonika, gy\u00f6ny\u00f6r\u0171 al\u00e1fest\u00e9st ny\u00fajthat az esk\u00fcv\u0151i fogad\u00e1son, m\u00edg a vir\u00e1gszirom vagy rizs sz\u00f3r\u00e1sa meg\u00e9des\u00edti a cerem\u00f3nia fontos pillanatait. Minden r\u00e9szlet, a kiv\u00e1lasztott vir\u00e1gokt\u00f3l az megh\u00edv\u00f3k m\u00f3dj\u00e1ig, t\u00fckr\u00f6zheti a Com\u00f3i-t\u00f3 kultur\u00e1lis \u00f6r\u00f6ks\u00e9g\u00e9t, \u00edgy k\u00fcl\u00f6nlegess\u00e9 t\u00e9ve a napot, amely val\u00f3di tisztelg\u00e9s a helyi hagyom\u00e1nyok el\u0151tt.<\/p>\n<h3>Hogyan gazdag\u00edtj\u00e1k a hagyom\u00e1nyok az esk\u00fcv\u0151i \u00e9lm\u00e9nyt<\/h3>\n<p>A helyi hagyom\u00e1nyok m\u00e9ly \u00e9s szimbolikus jelent\u00e9st hordoznak, amely t\u00falmutat a puszta cerem\u00f3ni\u00e1n. Olyan szok\u00e1sok be\u00e9p\u00edt\u00e9se, mint a \u201ebor szertart\u00e1s\u201d, ahol a jegyesek ugyanabb\u00f3l a poh\u00e1rb\u00f3l isznak, az csal\u00e1dok \u00e9s sorsok egyes\u00fcl\u00e9s\u00e9t jelk\u00e9pezi. Minden hagyom\u00e1ny egy t\u00f6rt\u00e9netet, egy kapcsolatot hordoz, amely ha be\u00e9p\u00fcl az esk\u00fcv\u0151t\u00f6kbe, az \u00fcnnepl\u00e9st \u00e9rzelmes \u00e9s eml\u00e9kezetes pillanatt\u00e1 var\u00e1zsolja.<\/p>\n<p>Ez a fajta integr\u00e1ci\u00f3 seg\u00edt m\u00e9lyebb kapcsolatot teremteni a saj\u00e1t t\u00f6rt\u00e9netetekkel \u00e9s szeretteitekkel, \u00edgy az esk\u00fcv\u0151 napja nemcsak a szerelem \u00fcnnepl\u00e9se, hanem a kultur\u00e1lis gy\u00f6kerek \u00e9s k\u00f6z\u00f6s \u00e9lm\u00e9nyek tisztelete is. Egy hagyom\u00e1nyokat mag\u00e1ba \u00f6lel\u0151 esk\u00fcv\u0151 nemcsak egyedi, hanem lehet\u0151s\u00e9get ad arra is, hogy az \u00e9letetek egy darabj\u00e1t hiteles \u00e9s meghat\u00f3 m\u00f3don ossz\u00e1tok meg a vend\u00e9gekkel.<\/p>\n<p>P\u00e9ld\u00e1ul a Com\u00f3i-t\u00f3 k\u00f6rny\u00e9k\u00e9n t\u00f6bb cerem\u00f3ni\u00e1n is gyakori, hogy helyi zen\u00e9szek csoportja hagyom\u00e1nyos dalokat ad el\u0151, \u00e9rzelmeket keltve \u00e9s felejthetetlen eml\u00e9keket teremtve. Egy ilyen \u00e9lm\u00e9ny nem csup\u00e1n sz\u00f3rakoztat\u00e1s, hanem szerves r\u00e9sze annak, hogyan \u00e9rzik magukat a jegyesek \u00e9s vend\u00e9gek az adott napon, olyan eml\u00e9kekkel, amelyek gener\u00e1ci\u00f3kon \u00e1t fennmaradnak.<\/p>\n<h2>\u00d6sszegz\u00e9s: Com\u00f3i-t\u00f3 esk\u00fcv\u0151 \u2013 h\u00edress\u00e9gek \u00e9s p\u00e1rok, akik ezt v\u00e1lasztott\u00e1k<\/h2>\n<p>Ha a Com\u00f3i-tavat fontolgatod esk\u00fcv\u0151d helysz\u00edn\u00e9\u00fcl, kiv\u00e1l\u00f3 t\u00e1rsas\u00e1gban vagy. Sz\u00e1mos h\u00edress\u00e9g \u00e9s ismert p\u00e1r v\u00e1lasztotta ezt a gy\u00f6ny\u00f6r\u0171 helysz\u00ednt szerelm\u00fck meg\u00fcnnepl\u00e9s\u00e9re, \u00edgy a t\u00f3 az elegancia \u00e9s romantika szimb\u00f3lum\u00e1v\u00e1 v\u00e1lt. A term\u00e9szetes sz\u00e9ps\u00e9g \u00e9s az egyedi atmoszf\u00e9ra p\u00e1ratlan lehet\u0151s\u00e9get k\u00edn\u00e1l arra, hogy k\u00fcl\u00f6nleges napodat csal\u00e1doddal \u00e9s bar\u00e1taiddal oszd meg.<\/p>\n<p>A filmszt\u00e1rok \u00e9s nemzetk\u00f6zi ikonok jelenl\u00e9te nemcsak preszt\u00edzst ad v\u00e1laszt\u00e1sodnak, hanem inspir\u00e1l is, hogy eml\u00e9kezetes esem\u00e9nyt hozz l\u00e9tre. Ak\u00e1r t\u00f3parti vill\u00e1t, ak\u00e1r meghitt kertet keresel, a Com\u00f3i-t\u00f3 v\u00e1ltozatos lehet\u0151s\u00e9geket k\u00edn\u00e1l \u00e1lmaid cerem\u00f3ni\u00e1j\u00e1nak megval\u00f3s\u00edt\u00e1s\u00e1hoz, \u00edgy minden esk\u00fcv\u0151 egyedi \u00e9s szem\u00e9lyes lesz.<\/p>","protected":false},"excerpt":{"rendered":"<p>Un&#8217;ambientazione da sogno Lago di Como \u00e8 rinomato per i suoi paesaggi mozzafiato e le sue ville storiche, rendendolo la scelta perfetta per il tuo matrimonio da favola. Le acque cristalline del lago e le maestose montagne circostanti offrono un ambiente incantevole, ideale per celebrare l&#8217;amore. Qui, puoi immaginare il tuo giorno speciale circondato da uno scenario [&hellip;]<\/p>","protected":false},"author":4,"featured_media":33637,"comment_status":"closed","ping_status":"closed","sticky":false,"template":"","format":"standard","meta":{"footnotes":""},"categories":[145],"tags":[265,180,29],"class_list":["post-33632","post","type-post","status-publish","format-standard","has-post-thumbnail","hentry","category-wedding","tag-celebrita","tag-lago","tag-wedding"],"yoast_head":"<!-- This site is optimized with the Yoast SEO Premium plugin v21.8 (Yoast SEO v27.3) - https:\/\/yoast.com\/product\/yoast-seo-premium-wordpress\/ -->\n<title>Lago di Como Wedding - Celebrit\u00e0 e Coppie che lo Hanno Scelto - ChiaraB Events Wedding Planner<\/title>\n<meta name=\"description\" content=\"Lago di Como \u00e8 rinomato per i suoi paesaggi mozzafiato e le sue ville storiche, rendendolo la scelta perfetta per il tuo matrimonio da favola.\" \/>\n<meta name=\"robots\" content=\"index, follow, max-snippet:-1, max-image-preview:large, max-video-preview:-1\" \/>\n<link rel=\"canonical\" href=\"https:\/\/chiarabevents.com\/hu\/comoi-to-eskuvo-hiressegek-es-parok-akik-ezt-valasztottak\/\" \/>\n<meta property=\"og:locale\" content=\"hu_HU\" \/>\n<meta property=\"og:type\" content=\"article\" \/>\n<meta property=\"og:title\" content=\"Lago di Como Wedding - Celebrit\u00e0 e Coppie che lo Hanno Scelto\" \/>\n<meta property=\"og:description\" content=\"Lago di Como \u00e8 rinomato per i suoi paesaggi mozzafiato e le sue ville storiche, rendendolo la scelta perfetta per il tuo matrimonio da favola.\" \/>\n<meta property=\"og:url\" content=\"https:\/\/chiarabevents.com\/hu\/comoi-to-eskuvo-hiressegek-es-parok-akik-ezt-valasztottak\/\" \/>\n<meta property=\"og:site_name\" content=\"ChiaraB Events Wedding Planner\" \/>\n<meta property=\"article:publisher\" content=\"https:\/\/www.facebook.com\/chiarabevent\" \/>\n<meta property=\"article:published_time\" content=\"2023-07-20T02:51:58+00:00\" \/>\n<meta property=\"article:modified_time\" content=\"2026-03-12T10:35:58+00:00\" \/>\n<meta property=\"og:image\" content=\"https:\/\/chiarabevents.com\/wp-content\/uploads\/2025\/09\/confetti-2092583_1920.jpg\" \/>\n\t<meta property=\"og:image:width\" content=\"1920\" \/>\n\t<meta property=\"og:image:height\" content=\"1280\" \/>\n\t<meta property=\"og:image:type\" content=\"image\/jpeg\" \/>\n<meta name=\"author\" content=\"ChiaraB Blog\" \/>\n<meta name=\"twitter:card\" content=\"summary_large_image\" \/>\n<meta name=\"twitter:label1\" content=\"Written by\" \/>\n\t<meta name=\"twitter:data1\" content=\"ChiaraB Blog\" \/>\n\t<meta name=\"twitter:label2\" content=\"Est. reading time\" \/>\n\t<meta name=\"twitter:data2\" content=\"11 minutes\" \/>\n<script type=\"application\/ld+json\" class=\"yoast-schema-graph\">{\"@context\":\"https:\\\/\\\/schema.org\",\"@graph\":[{\"@type\":\"Article\",\"@id\":\"https:\\\/\\\/chiarabevents.com\\\/fr\\\/mariage-sur-le-lac-de-come-celebrites-et-couples-qui-lont-choisi\\\/#article\",\"isPartOf\":{\"@id\":\"https:\\\/\\\/chiarabevents.com\\\/fr\\\/mariage-sur-le-lac-de-come-celebrites-et-couples-qui-lont-choisi\\\/\"},\"author\":{\"name\":\"ChiaraB Blog\",\"@id\":\"https:\\\/\\\/chiarabevents.com\\\/#\\\/schema\\\/person\\\/bbb582cfce34a973ad4463736fd0b0f4\"},\"headline\":\"Lago di Como Wedding &#8211; Celebrit\u00e0 e Coppie che lo Hanno Scelto\",\"datePublished\":\"2023-07-20T02:51:58+00:00\",\"dateModified\":\"2026-03-12T10:35:58+00:00\",\"mainEntityOfPage\":{\"@id\":\"https:\\\/\\\/chiarabevents.com\\\/fr\\\/mariage-sur-le-lac-de-come-celebrites-et-couples-qui-lont-choisi\\\/\"},\"wordCount\":2012,\"publisher\":{\"@id\":\"https:\\\/\\\/chiarabevents.com\\\/#organization\"},\"image\":{\"@id\":\"https:\\\/\\\/chiarabevents.com\\\/fr\\\/mariage-sur-le-lac-de-come-celebrites-et-couples-qui-lont-choisi\\\/#primaryimage\"},\"thumbnailUrl\":\"https:\\\/\\\/chiarabevents.com\\\/wp-content\\\/uploads\\\/2025\\\/09\\\/confetti-2092583_1920.jpg\",\"keywords\":[\"Celebrit\u00e0\",\"Lago\",\"wedding\"],\"articleSection\":[\"Wedding\"],\"inLanguage\":\"hu-HU\"},{\"@type\":\"WebPage\",\"@id\":\"https:\\\/\\\/chiarabevents.com\\\/fr\\\/mariage-sur-le-lac-de-come-celebrites-et-couples-qui-lont-choisi\\\/\",\"url\":\"https:\\\/\\\/chiarabevents.com\\\/fr\\\/mariage-sur-le-lac-de-come-celebrites-et-couples-qui-lont-choisi\\\/\",\"name\":\"Lago di Como Wedding - Celebrit\u00e0 e Coppie che lo Hanno Scelto - ChiaraB Events Wedding Planner\",\"isPartOf\":{\"@id\":\"https:\\\/\\\/chiarabevents.com\\\/#website\"},\"primaryImageOfPage\":{\"@id\":\"https:\\\/\\\/chiarabevents.com\\\/fr\\\/mariage-sur-le-lac-de-come-celebrites-et-couples-qui-lont-choisi\\\/#primaryimage\"},\"image\":{\"@id\":\"https:\\\/\\\/chiarabevents.com\\\/fr\\\/mariage-sur-le-lac-de-come-celebrites-et-couples-qui-lont-choisi\\\/#primaryimage\"},\"thumbnailUrl\":\"https:\\\/\\\/chiarabevents.com\\\/wp-content\\\/uploads\\\/2025\\\/09\\\/confetti-2092583_1920.jpg\",\"datePublished\":\"2023-07-20T02:51:58+00:00\",\"dateModified\":\"2026-03-12T10:35:58+00:00\",\"description\":\"Lago di Como \u00e8 rinomato per i suoi paesaggi mozzafiato e le sue ville storiche, rendendolo la scelta perfetta per il tuo matrimonio da favola.\",\"breadcrumb\":{\"@id\":\"https:\\\/\\\/chiarabevents.com\\\/fr\\\/mariage-sur-le-lac-de-come-celebrites-et-couples-qui-lont-choisi\\\/#breadcrumb\"},\"inLanguage\":\"hu-HU\",\"potentialAction\":[{\"@type\":\"ReadAction\",\"target\":[\"https:\\\/\\\/chiarabevents.com\\\/fr\\\/mariage-sur-le-lac-de-come-celebrites-et-couples-qui-lont-choisi\\\/\"]}]},{\"@type\":\"ImageObject\",\"inLanguage\":\"hu-HU\",\"@id\":\"https:\\\/\\\/chiarabevents.com\\\/fr\\\/mariage-sur-le-lac-de-come-celebrites-et-couples-qui-lont-choisi\\\/#primaryimage\",\"url\":\"https:\\\/\\\/chiarabevents.com\\\/wp-content\\\/uploads\\\/2025\\\/09\\\/confetti-2092583_1920.jpg\",\"contentUrl\":\"https:\\\/\\\/chiarabevents.com\\\/wp-content\\\/uploads\\\/2025\\\/09\\\/confetti-2092583_1920.jpg\",\"width\":1920,\"height\":1280,\"caption\":\"Lago di Como Wedding\"},{\"@type\":\"BreadcrumbList\",\"@id\":\"https:\\\/\\\/chiarabevents.com\\\/fr\\\/mariage-sur-le-lac-de-come-celebrites-et-couples-qui-lont-choisi\\\/#breadcrumb\",\"itemListElement\":[{\"@type\":\"ListItem\",\"position\":1,\"name\":\"Home\",\"item\":\"https:\\\/\\\/chiarabevents.com\\\/\"},{\"@type\":\"ListItem\",\"position\":2,\"name\":\"Lago di Como Wedding &#8211; Celebrit\u00e0 e Coppie che lo Hanno Scelto\"}]},{\"@type\":\"WebSite\",\"@id\":\"https:\\\/\\\/chiarabevents.com\\\/#website\",\"url\":\"https:\\\/\\\/chiarabevents.com\\\/\",\"name\":\"ChiaraB Events Wedding Planner\",\"description\":\"Un meraviglioso percorso fatto insieme\",\"publisher\":{\"@id\":\"https:\\\/\\\/chiarabevents.com\\\/#organization\"},\"potentialAction\":[{\"@type\":\"SearchAction\",\"target\":{\"@type\":\"EntryPoint\",\"urlTemplate\":\"https:\\\/\\\/chiarabevents.com\\\/?s={search_term_string}\"},\"query-input\":{\"@type\":\"PropertyValueSpecification\",\"valueRequired\":true,\"valueName\":\"search_term_string\"}}],\"inLanguage\":\"hu-HU\"},{\"@type\":\"Organization\",\"@id\":\"https:\\\/\\\/chiarabevents.com\\\/#organization\",\"name\":\"ChiaraB Events Wedding Planner\",\"url\":\"https:\\\/\\\/chiarabevents.com\\\/\",\"logo\":{\"@type\":\"ImageObject\",\"inLanguage\":\"hu-HU\",\"@id\":\"https:\\\/\\\/chiarabevents.com\\\/#\\\/schema\\\/logo\\\/image\\\/\",\"url\":\"https:\\\/\\\/chiarabevents.com\\\/wp-content\\\/uploads\\\/2023\\\/12\\\/cropped-Monogramma_chiarab.png\",\"contentUrl\":\"https:\\\/\\\/chiarabevents.com\\\/wp-content\\\/uploads\\\/2023\\\/12\\\/cropped-Monogramma_chiarab.png\",\"width\":512,\"height\":512,\"caption\":\"ChiaraB Events Wedding Planner\"},\"image\":{\"@id\":\"https:\\\/\\\/chiarabevents.com\\\/#\\\/schema\\\/logo\\\/image\\\/\"},\"sameAs\":[\"https:\\\/\\\/www.facebook.com\\\/chiarabevent\",\"https:\\\/\\\/www.instagram.com\\\/chiarab_events\\\/\"]},{\"@type\":\"Person\",\"@id\":\"https:\\\/\\\/chiarabevents.com\\\/#\\\/schema\\\/person\\\/bbb582cfce34a973ad4463736fd0b0f4\",\"name\":\"ChiaraB Blog\",\"image\":{\"@type\":\"ImageObject\",\"inLanguage\":\"hu-HU\",\"@id\":\"https:\\\/\\\/chiarabevents.com\\\/wp-content\\\/litespeed\\\/avatar\\\/1646323b4cbc3492de1328080709cacc.jpg?ver=1777061573\",\"url\":\"https:\\\/\\\/chiarabevents.com\\\/wp-content\\\/litespeed\\\/avatar\\\/1646323b4cbc3492de1328080709cacc.jpg?ver=1777061573\",\"contentUrl\":\"https:\\\/\\\/chiarabevents.com\\\/wp-content\\\/litespeed\\\/avatar\\\/1646323b4cbc3492de1328080709cacc.jpg?ver=1777061573\",\"caption\":\"ChiaraB Blog\"},\"url\":\"https:\\\/\\\/chiarabevents.com\\\/hu\\\/author\\\/chiarab-blog\\\/\"}]}<\/script>\n<!-- \/ Yoast SEO Premium plugin. -->","yoast_head_json":{"title":"Como-t\u00f3 Esk\u00fcv\u0151 - H\u00edress\u00e9gek \u00e9s P\u00e1rok, akik ezt v\u00e1lasztott\u00e1k - ChiaraB Events Esk\u00fcv\u0151szervez\u0151","description":"A Com\u00f3i-t\u00f3 h\u00edres l\u00e9legzetel\u00e1ll\u00edt\u00f3 t\u00e1jair\u00f3l \u00e9s t\u00f6rt\u00e9nelmi vill\u00e1ir\u00f3l, \u00edgy t\u00f6k\u00e9letes v\u00e1laszt\u00e1s a mesebeli esk\u00fcv\u0151dh\u00f6z.","robots":{"index":"index","follow":"follow","max-snippet":"max-snippet:-1","max-image-preview":"max-image-preview:large","max-video-preview":"max-video-preview:-1"},"canonical":"https:\/\/chiarabevents.com\/hu\/comoi-to-eskuvo-hiressegek-es-parok-akik-ezt-valasztottak\/","og_locale":"hu_HU","og_type":"article","og_title":"Lago di Como Wedding - Celebrit\u00e0 e Coppie che lo Hanno Scelto","og_description":"Lago di Como \u00e8 rinomato per i suoi paesaggi mozzafiato e le sue ville storiche, rendendolo la scelta perfetta per il tuo matrimonio da favola.","og_url":"https:\/\/chiarabevents.com\/hu\/comoi-to-eskuvo-hiressegek-es-parok-akik-ezt-valasztottak\/","og_site_name":"ChiaraB Events Wedding Planner","article_publisher":"https:\/\/www.facebook.com\/chiarabevent","article_published_time":"2023-07-20T02:51:58+00:00","article_modified_time":"2026-03-12T10:35:58+00:00","og_image":[{"width":1920,"height":1280,"url":"https:\/\/chiarabevents.com\/wp-content\/uploads\/2025\/09\/confetti-2092583_1920.jpg","type":"image\/jpeg"}],"author":"ChiaraB Blog","twitter_card":"summary_large_image","twitter_misc":{"Written by":"ChiaraB Blog","Est. reading time":"11 minutes"},"schema":{"@context":"https:\/\/schema.org","@graph":[{"@type":"Article","@id":"https:\/\/chiarabevents.com\/fr\/mariage-sur-le-lac-de-come-celebrites-et-couples-qui-lont-choisi\/#article","isPartOf":{"@id":"https:\/\/chiarabevents.com\/fr\/mariage-sur-le-lac-de-come-celebrites-et-couples-qui-lont-choisi\/"},"author":{"name":"ChiaraB Blog","@id":"https:\/\/chiarabevents.com\/#\/schema\/person\/bbb582cfce34a973ad4463736fd0b0f4"},"headline":"Lago di Como Wedding &#8211; Celebrit\u00e0 e Coppie che lo Hanno Scelto","datePublished":"2023-07-20T02:51:58+00:00","dateModified":"2026-03-12T10:35:58+00:00","mainEntityOfPage":{"@id":"https:\/\/chiarabevents.com\/fr\/mariage-sur-le-lac-de-come-celebrites-et-couples-qui-lont-choisi\/"},"wordCount":2012,"publisher":{"@id":"https:\/\/chiarabevents.com\/#organization"},"image":{"@id":"https:\/\/chiarabevents.com\/fr\/mariage-sur-le-lac-de-come-celebrites-et-couples-qui-lont-choisi\/#primaryimage"},"thumbnailUrl":"https:\/\/chiarabevents.com\/wp-content\/uploads\/2025\/09\/confetti-2092583_1920.jpg","keywords":["Celebrit\u00e0","Lago","wedding"],"articleSection":["Wedding"],"inLanguage":"hu-HU"},{"@type":"WebPage","@id":"https:\/\/chiarabevents.com\/fr\/mariage-sur-le-lac-de-come-celebrites-et-couples-qui-lont-choisi\/","url":"https:\/\/chiarabevents.com\/fr\/mariage-sur-le-lac-de-come-celebrites-et-couples-qui-lont-choisi\/","name":"Como-t\u00f3 Esk\u00fcv\u0151 - H\u00edress\u00e9gek \u00e9s P\u00e1rok, akik ezt v\u00e1lasztott\u00e1k - ChiaraB Events Esk\u00fcv\u0151szervez\u0151","isPartOf":{"@id":"https:\/\/chiarabevents.com\/#website"},"primaryImageOfPage":{"@id":"https:\/\/chiarabevents.com\/fr\/mariage-sur-le-lac-de-come-celebrites-et-couples-qui-lont-choisi\/#primaryimage"},"image":{"@id":"https:\/\/chiarabevents.com\/fr\/mariage-sur-le-lac-de-come-celebrites-et-couples-qui-lont-choisi\/#primaryimage"},"thumbnailUrl":"https:\/\/chiarabevents.com\/wp-content\/uploads\/2025\/09\/confetti-2092583_1920.jpg","datePublished":"2023-07-20T02:51:58+00:00","dateModified":"2026-03-12T10:35:58+00:00","description":"A Com\u00f3i-t\u00f3 h\u00edres l\u00e9legzetel\u00e1ll\u00edt\u00f3 t\u00e1jair\u00f3l \u00e9s t\u00f6rt\u00e9nelmi vill\u00e1ir\u00f3l, \u00edgy t\u00f6k\u00e9letes v\u00e1laszt\u00e1s a mesebeli esk\u00fcv\u0151dh\u00f6z.","breadcrumb":{"@id":"https:\/\/chiarabevents.com\/fr\/mariage-sur-le-lac-de-come-celebrites-et-couples-qui-lont-choisi\/#breadcrumb"},"inLanguage":"hu-HU","potentialAction":[{"@type":"ReadAction","target":["https:\/\/chiarabevents.com\/fr\/mariage-sur-le-lac-de-come-celebrites-et-couples-qui-lont-choisi\/"]}]},{"@type":"ImageObject","inLanguage":"hu-HU","@id":"https:\/\/chiarabevents.com\/fr\/mariage-sur-le-lac-de-come-celebrites-et-couples-qui-lont-choisi\/#primaryimage","url":"https:\/\/chiarabevents.com\/wp-content\/uploads\/2025\/09\/confetti-2092583_1920.jpg","contentUrl":"https:\/\/chiarabevents.com\/wp-content\/uploads\/2025\/09\/confetti-2092583_1920.jpg","width":1920,"height":1280,"caption":"Lago di Como Wedding"},{"@type":"BreadcrumbList","@id":"https:\/\/chiarabevents.com\/fr\/mariage-sur-le-lac-de-come-celebrites-et-couples-qui-lont-choisi\/#breadcrumb","itemListElement":[{"@type":"ListItem","position":1,"name":"Home","item":"https:\/\/chiarabevents.com\/"},{"@type":"ListItem","position":2,"name":"Lago di Como Wedding &#8211; Celebrit\u00e0 e Coppie che lo Hanno Scelto"}]},{"@type":"WebSite","@id":"https:\/\/chiarabevents.com\/#website","url":"https:\/\/chiarabevents.com\/","name":"ChiaraB Esem\u00e9nyek Esk\u00fcv\u0151szervez\u0151","description":"Egy csod\u00e1latos \u00fat egy\u00fctt megt\u00e9ve","publisher":{"@id":"https:\/\/chiarabevents.com\/#organization"},"potentialAction":[{"@type":"SearchAction","target":{"@type":"EntryPoint","urlTemplate":"https:\/\/chiarabevents.com\/?s={search_term_string}"},"query-input":{"@type":"PropertyValueSpecification","valueRequired":true,"valueName":"search_term_string"}}],"inLanguage":"hu-HU"},{"@type":"Organization","@id":"https:\/\/chiarabevents.com\/#organization","name":"ChiaraB Esem\u00e9nyek Esk\u00fcv\u0151szervez\u0151","url":"https:\/\/chiarabevents.com\/","logo":{"@type":"ImageObject","inLanguage":"hu-HU","@id":"https:\/\/chiarabevents.com\/#\/schema\/logo\/image\/","url":"https:\/\/chiarabevents.com\/wp-content\/uploads\/2023\/12\/cropped-Monogramma_chiarab.png","contentUrl":"https:\/\/chiarabevents.com\/wp-content\/uploads\/2023\/12\/cropped-Monogramma_chiarab.png","width":512,"height":512,"caption":"ChiaraB Events Wedding Planner"},"image":{"@id":"https:\/\/chiarabevents.com\/#\/schema\/logo\/image\/"},"sameAs":["https:\/\/www.facebook.com\/chiarabevent","https:\/\/www.instagram.com\/chiarab_events\/"]},{"@type":"Person","@id":"https:\/\/chiarabevents.com\/#\/schema\/person\/bbb582cfce34a973ad4463736fd0b0f4","name":"ChiaraB Blog","image":{"@type":"ImageObject","inLanguage":"hu-HU","@id":"https:\/\/chiarabevents.com\/wp-content\/litespeed\/avatar\/1646323b4cbc3492de1328080709cacc.jpg?ver=1777061573","url":"https:\/\/chiarabevents.com\/wp-content\/litespeed\/avatar\/1646323b4cbc3492de1328080709cacc.jpg?ver=1777061573","contentUrl":"https:\/\/chiarabevents.com\/wp-content\/litespeed\/avatar\/1646323b4cbc3492de1328080709cacc.jpg?ver=1777061573","caption":"ChiaraB Blog"},"url":"https:\/\/chiarabevents.com\/hu\/author\/chiarab-blog\/"}]}},"_links":{"self":[{"href":"https:\/\/chiarabevents.com\/hu\/wp-json\/wp\/v2\/posts\/33632","targetHints":{"allow":["GET"]}}],"collection":[{"href":"https:\/\/chiarabevents.com\/hu\/wp-json\/wp\/v2\/posts"}],"about":[{"href":"https:\/\/chiarabevents.com\/hu\/wp-json\/wp\/v2\/types\/post"}],"author":[{"embeddable":true,"href":"https:\/\/chiarabevents.com\/hu\/wp-json\/wp\/v2\/users\/4"}],"replies":[{"embeddable":true,"href":"https:\/\/chiarabevents.com\/hu\/wp-json\/wp\/v2\/comments?post=33632"}],"version-history":[{"count":0,"href":"https:\/\/chiarabevents.com\/hu\/wp-json\/wp\/v2\/posts\/33632\/revisions"}],"wp:featuredmedia":[{"embeddable":true,"href":"https:\/\/chiarabevents.com\/hu\/wp-json\/wp\/v2\/media\/33637"}],"wp:attachment":[{"href":"https:\/\/chiarabevents.com\/hu\/wp-json\/wp\/v2\/media?parent=33632"}],"wp:term":[{"taxonomy":"category","embeddable":true,"href":"https:\/\/chiarabevents.com\/hu\/wp-json\/wp\/v2\/categories?post=33632"},{"taxonomy":"post_tag","embeddable":true,"href":"https:\/\/chiarabevents.com\/hu\/wp-json\/wp\/v2\/tags?post=33632"}],"curies":[{"name":"wp","href":"https:\/\/api.w.org\/{rel}","templated":true}]}}