{"id":34894,"date":"2022-06-02T02:02:19","date_gmt":"2022-06-02T00:02:19","guid":{"rendered":"https:\/\/chiarabevents.com\/"},"modified":"2026-03-12T10:35:45","modified_gmt":"2026-03-12T10:35:45","slug":"kozlekedes-es-parkolas-a-comoi-tonal-transzferjaratok-taxi-hajok-es-realis-idozitesek","status":"publish","type":"post","link":"https:\/\/chiarabevents.com\/hu\/kozlekedes-es-parkolas-a-comoi-tonal-transzferjaratok-taxi-hajok-es-realis-idozitesek\/","title":{"rendered":"K\u00f6zleked\u00e9s \u00e9s parkol\u00e1s a Com\u00f3i-t\u00f3n\u00e1l: transzferj\u00e1ratok, taxi haj\u00f3k \u00e9s re\u00e1lis id\u0151z\u00edt\u00e9sek"},"content":{"rendered":"<h2>K\u00f6zleked\u00e9s \u00e9s parkol\u00e1s a Com\u00f3i-t\u00f3n\u00e1l: mit v\u00e1rhatunk val\u00f3j\u00e1ban (\u00e9s mi\u00e9rt fontos)<\/h2>\n<p>Ha esem\u00e9nyt szervezel a Com\u00f3i-t\u00f3n\u00e1l, a \u201ek\u00f6zleked\u00e9s\u201d nem egy operat\u00edv r\u00e9szlet: ez az egyik t\u00e9nyez\u0151, amely meghat\u00e1rozza <strong>a pontoss\u00e1got, a vend\u00e9gek k\u00e9nyelm\u00e9t \u00e9s az \u00f6sszhangulatot.<\/strong>Itt a t\u00e1j leny\u0171g\u00f6z\u0151, de a f\u00f6ldrajz k\u00fcl\u00f6nleges: sz\u0171k utak, korl\u00e1tozott hozz\u00e1f\u00e9r\u00e9s\u0171 falvak, nem mindig azonnal el\u00e9rhet\u0151 parkol\u00f3k \u00e9s az id\u0151pontok nagyon v\u00e1ltoznak a nap, az \u00e9vszak \u00e9s az id\u0151szak szerint.<\/p>\n<p>Ez\u00e9rt fontos besz\u00e9lni a <strong>re\u00e1lis id\u0151z\u00edt\u00e9sr\u0151l<\/strong> (nem optimist\u00e1r\u00f3l) \u00e9s olyan megold\u00e1sokr\u00f3l, mint a <strong>esk\u00fcv\u0151i transzfer<\/strong> \u00e9s <strong>Como taxi haj\u00f3<\/strong> ez a legk\u00e9zzelfoghat\u00f3bb m\u00f3dja annak, hogy elker\u00fclj\u00fck a stresszt \u00e9s a nap programj\u00e1ra gyakorolt \u201edomino hat\u00e1st\u201d.<\/p>\n<p>Ez a cikk t\u00e1j\u00e9koztat\u00f3 jelleg\u0171, professzion\u00e1lis megk\u00f6zel\u00edt\u00e9ssel k\u00e9sz\u00fclt: seg\u00edt meg\u00e9rteni, <strong>hogyan \u00e9p\u00edts\u00fcnk fel eleg\u00e1ns logisztik\u00e1t<\/strong>, amely \u00f6sszhangban van egy destination esk\u00fcv\u0151vel, legyen az intim vagy luxus \u00edzl\u00e9s\u0171, an\u00e9lk\u00fcl, hogy az utaz\u00e1sokat id\u0151 elleni versenny\u00e9 alak\u00edtan\u00e1nk.<\/p>\n<h2>Com\u00f3i-t\u00f3 esk\u00fcv\u0151i k\u00f6zleked\u00e9s: c\u00e9l, st\u00edlus \u00e9s re\u00e1lis id\u0151z\u00edt\u00e9s<\/h2>\n<h3>C\u00e9l \u00e9s st\u00edlus: luxus, intim, destination (merevs\u00e9g n\u00e9lk\u00fcl)<\/h3>\n<p>Egy esk\u00fcv\u0151 a Com\u00f3i-t\u00f3n\u00e1l gyakran h\u00e1rom elemet kombin\u00e1l: vend\u00e9gek, akik k\u00edv\u00fclr\u0151l \u00e9rkeznek, panor\u00e1m\u00e1s helysz\u00ednek \u00e9s t\u00f6bb pont k\u00f6z\u00f6tt elosztott pillanatok (sz\u00e1lloda, cerem\u00f3nia, fogad\u00e1s, after party). A logisztik\u00e1nak ez\u00e9rt <strong>foly\u00e9konynak<\/strong> \u00e9s legf\u0151k\u00e9ppen <strong>l\u00e1thatatlannak<\/strong>: a vend\u00e9geknek vend\u00e9gszeretetet kell \u00e9rezni\u00fck, nem szervezetts\u00e9get. Emellett alapvet\u0151 fontoss\u00e1g\u00fa a <a href=\"https:\/\/chiarabevents.com\/hu\/eskuvoi-hajo-a-comoi-tavon-aperitif-hajozas-kozben-es-vendegbiztonsag\/\">biztons\u00e1g biztos\u00edt\u00e1sa a haj\u00f3s esk\u00fcv\u0151 alatt<\/a>, mivel sok ifj\u00fa p\u00e1r v\u00e1lasztja, hogy k\u00fcl\u00f6nleges pillanatokat v\u00edzen \u00fcnnepeljen. A szolg\u00e1ltat\u00f3k \u00e9s a sz\u00e1ll\u00edt\u00f3eszk\u00f6z\u00f6k kiv\u00e1laszt\u00e1s\u00e1t gondosan kell m\u00e9rlegelni a nyugodt \u00e9s probl\u00e9mamentes \u00e9lm\u00e9ny \u00e9rdek\u00e9ben. V\u00e9g\u00fcl a k\u00fcl\u00f6nb\u00f6z\u0151 szolg\u00e1ltat\u00f3k k\u00f6z\u00f6tti koordin\u00e1ci\u00f3 elengedhetetlen: egy \u00f6sszeszokott csapat d\u00f6nt\u0151 k\u00fcl\u00f6nbs\u00e9get jelenthet egy eml\u00e9kezetes \u00e9s egy kaotikus esem\u00e9ny k\u00f6z\u00f6tt.<\/p>\n<p>Gyakorlatilag ez azt jelenti, hogy az utaz\u00e1sokat az \u00e9lm\u00e9ny r\u00e9sz\u00e9nek kell tervezni: vil\u00e1gos \u00e9rkez\u00e9sek, cs\u00f6kkentett v\u00e1rakoz\u00e1si id\u0151k, k\u00e9szen \u00e1ll\u00f3 alternat\u00edv\u00e1k \u00e9s egyszer\u0171 kommunik\u00e1ci\u00f3. Ha sz\u00e9lesebb k\u00e9pet szeretn\u00e9l arr\u00f3l, hogyan illeszkedik minden \u00f6ssze, kezdhetsz innen <a href=\"https:\/\/chiarabevents.com\/hu\/chiarab-events-az-utmutatod-egy-eskuvohoz-a-comoi-tonal\/\">Esk\u00fcv\u0151 a Com\u00f3i-t\u00f3n\u00e1l: \u00fatmutat\u00f3<\/a>, amely seg\u00edt eligazodni a v\u00e1laszt\u00e1sok \u00e9s priorit\u00e1sok k\u00f6z\u00f6tt.<\/p>\n<h3>Mit v\u00e1rhatsz id\u0151ben \u00e9s logisztik\u00e1ban<\/h3>\n<p>A kulcspont ez: a Com\u00f3i-t\u00f3n\u00e1l <strong>az id\u0151 nem \u201eline\u00e1ris\u201d.<\/strong>Nem el\u00e9g csak egy t\u00e9rk\u00e9pre n\u00e9zni. A forgalom, a falvakhoz val\u00f3 hozz\u00e1f\u00e9r\u00e9s, a parkol\u00f3helyek el\u00e9rhet\u0151s\u00e9ge \u00e9s a besz\u00e1ll\u00e1si\/kisz\u00e1ll\u00e1si id\u0151k k\u00f6z\u00f6tt azonnal l\u00e1tszik a k\u00fcl\u00f6nbs\u00e9g egy j\u00f3l megtervezett \u00e9s egy improviz\u00e1lt terv k\u00f6z\u00f6tt.<\/p>\n<ul>\n<li><strong>Utak \u00e9s hozz\u00e1f\u00e9r\u00e9sek: egyes szakaszok bizonyos id\u0151pontokban \u00e9s h\u00e9tv\u00e9g\u00e9n lassabbak.<\/strong>: alcuni tratti sono pi\u00f9 lenti in certi orari e nei weekend.<\/li>\n<li><strong>\u00e9rtelmes id\u0151szakokban (\u00e9rkez\u00e9s, vacsora ut\u00e1ni id\u0151szak, buli v\u00e9ge).<\/strong>: nem mindig a helysz\u00edn bej\u00e1rat\u00e1hoz k\u00f6zel; n\u00e9ha r\u00f6vid s\u00e9ta vagy k\u00fcl\u00f6n transzfer sz\u00fcks\u00e9ges.<\/li>\n<li><strong>Haj\u00f3<\/strong>: l\u00e1tv\u00e1nyos \u00e9s gyakran hat\u00e9kony, de koordin\u00e1ci\u00f3t ig\u00e9nyel (besz\u00e1ll\u00e1si pontok, v\u00e1rakoz\u00e1si id\u0151k, id\u0151j\u00e1r\u00e1s).<\/li>\n<\/ul>\n<p>Az eredm\u00e9ny? Egy re\u00e1lis id\u0151z\u00edt\u00e9s mindig tartalmaz <strong>tartal\u00e9kokat<\/strong>, an\u00e9lk\u00fcl, hogy \u201eholt id\u0151ket\u201d \u00e9rezn\u00e9nek.<\/p>\n<h2>L\u00e9p\u00e9sr\u0151l l\u00e9p\u00e9sre tervez\u00e9s a transzferekhez, v\u00edzitaxikhoz \u00e9s parkol\u00f3khoz<\/h2>\n<h3>Re\u00e1lis id\u0151vonal (12-t\u0151l 2 h\u00f3nappal kor\u00e1bban)<\/h3>\n<p>A logisztika akkor m\u0171k\u00f6dik, ha el\u0151re megtervezik, nem pedig az utols\u00f3 pillanatban \u201eigaz\u00edtj\u00e1k\u201d. Egy gyakorlati \u00fctemez\u00e9s:<\/p>\n<ul>\n<li><strong>12\u20139 h\u00f3nappal kor\u00e1bban<\/strong>: hat\u00e1rozd meg a f\u0151 pontokat (sz\u00e1lloda\/cerem\u00f3nia\/vend\u00e9gfogad\u00e1s) \u00e9s a nap szerkezet\u00e9t. Ha v\u00edzi k\u00f6zleked\u00e9st tervezel, kezd el m\u00e9rlegelni a <strong>Como taxi haj\u00f3<\/strong> mint l\u00e1tv\u00e1nyos \u00e9s funkcion\u00e1lis elemet.<\/li>\n<li><strong>8\u20136 h\u00f3nappal kor\u00e1bban<\/strong>: t\u00e9rk\u00e9pezd fel a val\u00f3s hozz\u00e1f\u00e9r\u00e9si pontokat (hol \u00e9rkeznek aut\u00f3val, hol sz\u00e1llnak ki, hol parkolnak) \u00e9s d\u00f6ntsd el, hogy <strong>esk\u00fcv\u0151i transzfer<\/strong> minden \u00fatra vagy csak n\u00e9h\u00e1ny szakaszra haszn\u00e1lod.<\/li>\n<li><strong>: v\u00e1laszd ki a \u201ek\u00f6telez\u0151\u201d helysz\u00edneket, \u00e9s ellen\u0151rizd, hogy nyilv\u00e1nos, mag\u00e1n vagy int\u00e9zm\u00e9nyi kezel\u00e9s alatt \u00e1llnak-e. Ebben a szakaszban gy\u0171jts gyakorlati inform\u00e1ci\u00f3kat: bej\u00e1ratok, aj\u00e1nlott id\u0151szakok, esetleges korl\u00e1toz\u00e1sok.<\/strong>: k\u00e9sz\u00edts egy id\u0151tervezetet tartal\u00e9kokkal, beiktatva az \u00e9rkez\u00e9si id\u0151k eltol\u00e1s\u00e1t \u00e9s egy tervet esetleges k\u00e9s\u00e9sekre.<\/li>\n<li><strong>: hangold \u00f6ssze a fot\u00f3st\/vide\u00f3st \u00e9s az esk\u00fcv\u0151szervez\u0151t (ha van) az \u00fatvonalr\u00f3l, id\u0151pontokr\u00f3l \u00e9s helyv\u00e1ltoztat\u00e1sokr\u00f3l. Ha akad\u00e1lyok mer\u00fclnek fel, igaz\u00edtsd az \u00fatvonalat.<\/strong>: v\u00e9gleges\u00edtsd a vend\u00e9gek t\u00e1j\u00e9koztat\u00e1s\u00e1t (\u00fatmutat\u00f3k, gy\u00fclekez\u00e9si pontok, id\u0151pontok). Ha van esk\u00fcv\u0151i weboldalad, itt v\u00e1lik ez elengedhetetlenn\u00e9.<\/li>\n<\/ul>\n<p>Fontos megjegyz\u00e9s: ha egy r\u00e9szlet a v\u00e1lasztott szolg\u00e1ltat\u00e1st\u00f3l f\u00fcgg (j\u00e1rm\u0171vek sz\u00e1ma, besz\u00e1ll\u00e1si pontok, technikai id\u0151k), <strong>ellen\u0151rizd a term\u00e9k adatlapj\u00e1t<\/strong> vagy a szolg\u00e1ltat\u00f3 aj\u00e1nlat\u00e1ban, \u00edgy elker\u00fclheted a nem re\u00e1lis felt\u00e9telez\u00e9seket.<\/p>\n<h3>Fontos szolg\u00e1ltat\u00f3k ellen\u0151rz\u0151 list\u00e1ja (csak azok, akik val\u00f3ban hat\u00e1ssal vannak)<\/h3>\n<p>Nem kell tucatnyi kapcsolattart\u00f3: el\u00e9g a megfelel\u0151, \u00f6sszehangolt szem\u00e9lyek. A <strong>Como-t\u00f3 esk\u00fcv\u0151i sz\u00e1ll\u00edt\u00e1saihoz<\/strong>, a kulcsszerepl\u0151k\/szolg\u00e1ltat\u00f3k \u00e1ltal\u00e1ban:<\/p>\n<ul>\n<li><strong>Helysz\u00ednmenedzser<\/strong> a villa\/\u00e9p\u00fclet kapcsolattart\u00f3ja (hozz\u00e1f\u00e9r\u00e9sek, parkol\u00f3k, rakod\u00e1si\/lepakol\u00e1si pontok).<\/li>\n<li><strong>Transzfer szolg\u00e1ltat\u00e1s<\/strong> (ha van): menetrendek, meg\u00e1ll\u00f3k, tal\u00e1lkoz\u00e1si pontok, forgalomkezel\u00e9s.<\/li>\n<li><strong>Haj\u00f3s szolg\u00e1ltat\u00e1s<\/strong> (ha van): besz\u00e1ll\u00e1si\/kisz\u00e1ll\u00e1si pontok, koordin\u00e1ci\u00f3 zene\/fot\u00f3z\u00e1s, id\u0151j\u00e1r\u00e1si alternat\u00edv\u00e1k.<\/li>\n<li><strong>Helysz\u00edni tervez\u0151 vagy koordin\u00e1tor<\/strong>: egyetlen ir\u00e1ny\u00edt\u00e1s megakad\u00e1lyozza, hogy minden vend\u00e9g k\u00fcl\u00f6nb\u00f6z\u0151 emberekt\u0151l k\u00e9rdezzen.<\/li>\n<\/ul>\n<p>\u00c1ltal\u00e1nos szervez\u00e9si \u00fatmutat\u00f3hoz (nem csak sz\u00e1ll\u00edt\u00e1sokhoz) seg\u00edthet egy teljes ellen\u0151rz\u0151lista, mint p\u00e9ld\u00e1ul <a href=\"https:\/\/chiarabevents.com\/hu\/eskuvo-szervezese\/\">Esk\u00fcv\u0151szervez\u00e9s: ellen\u0151rz\u0151lista<\/a>, \u00edgy nem hagysz ki l\u00e9p\u00e9seket, mik\u00f6zben a logisztik\u00e1ra koncentr\u00e1lsz.<\/p>\n<h3>Vend\u00e9gkezel\u00e9s \u00e9s transzferek: hogyan ker\u00fclhet\u0151 el a k\u00e1osz \u00e9s a k\u00e9s\u00e9sek<\/h3>\n<p>A vend\u00e9gkezel\u00e9s nem az, hogy \u201ek\u00fcldj egy \u00fczenetet egy id\u0151ponttal\u201d. Ez egy folyamat megtervez\u00e9se:<\/p>\n<ul>\n<li><strong>\u00dctemezett \u00e9rkez\u00e9sek<\/strong>: cs\u00f6kkentik a sorokat \u00e9s a stresszt, k\u00fcl\u00f6n\u00f6sen, ha a bejut\u00e1s sz\u0171k\u00f6s vagy a parkol\u00f3 korl\u00e1tozott.<\/li>\n<li><strong>Vil\u00e1gos gy\u00fclekez\u00e9si pontok<\/strong>F\u0151 sz\u00e1lloda, k\u00f6zponti t\u00e9r, adott m\u00f3l\u00f3. Egyszer\u0171 \u00e9s egy\u00e9rtelm\u0171 nevek.<\/li>\n<li><strong>Egy kapcsolattart\u00f3 szem\u00e9ly<\/strong>Egy kapcsolat az utols\u00f3 pillanatos k\u00e9rd\u00e9sekhez (jobb, ha nem ti vagytok az ifj\u00fa p\u00e1r).<\/li>\n<li><strong>\u201eL\u00e1gy\u201d jelz\u00e9sek<\/strong>: eleg\u00e1ns \u00e9s diszkr\u00e9t \u00fatmutat\u00e1sok, az esem\u00e9ny st\u00edlus\u00e1val \u00f6sszhangban.<\/li>\n<\/ul>\n<p>Amikor a vend\u00e9gek nyugodtan mozognak, a nap is \u201eluxusabbnak\u201d t\u0171nik: nem az\u00e9rt, mert egy c\u00edmke mondja, hanem mert <strong>minden g\u00f6rd\u00fcl\u00e9kenyen megy<\/strong>.<\/p>\n<h2>Priorit\u00e1sok \u00e9s v\u00e1laszt\u00e1sok: hova \u00e9rdemes befektetni egy igaz\u00e1n l\u00e1tv\u00e1nyos logisztik\u00e1\u00e9rt<\/h2>\n<h3>F\u0151 t\u00e9telek (sz\u00e1mok n\u00e9lk\u00fcl)<\/h3>\n<p>A logisztik\u00e1hoz kapcsol\u00f3d\u00f3 k\u00f6lts\u00e9gek nagyon v\u00e1ltoz\u00f3ak lehetnek, de a legnagyobb t\u00e9telek \u00e1ltal\u00e1ban:<\/p>\n<ul>\n<li><strong>Csoportos transzferek<\/strong> (buszok) ism\u00e9tl\u0151d\u0151 \u00fatvonalakra \u00e9s az \u00e9rkez\u0151 aut\u00f3k sz\u00e1m\u00e1nak cs\u00f6kkent\u00e9s\u00e9re.<\/li>\n<li><strong>Haj\u00f3s transzferek<\/strong> ikonikus pillanatokhoz vagy t\u00f3parti pontok \u00f6sszek\u00f6t\u00e9s\u00e9re.<\/li>\n<li><strong>Koordin\u00e1ci\u00f3 \u00e9s seg\u00edts\u00e9gny\u00fajt\u00e1s<\/strong> (hostessek, koordin\u00e1torok, forgalomir\u00e1ny\u00edt\u00e1s).<\/li>\n<li><strong>Vend\u00e9gkommunik\u00e1ci\u00f3<\/strong> (esk\u00fcv\u0151i weboldal, t\u00e9rk\u00e9pek, esem\u00e9ny el\u0151tti \u00fczenetek).<\/li>\n<\/ul>\n<p>Az \u00e9rt\u00e9k nem az, hogy \u201et\u00f6bbet k\u00f6lts\u201d: hanem az, hogy <strong>ott k\u00f6lts, ahol cs\u00f6kkented a s\u00farl\u00f3d\u00e1sokat<\/strong> \u00e9s a legjobb \u00e9lm\u00e9nyt.<\/p>\n<h3>Hol \u00e9rdemes befektetni a l\u00e1tv\u00e1nyos hat\u00e1s maximaliz\u00e1l\u00e1sa \u00e9rdek\u00e9ben (an\u00e9lk\u00fcl, hogy bonyol\u00edtan\u00e1nk)<\/h3>\n<p>Ha eml\u00e9kezetes vizu\u00e1lis hat\u00e1st szeretn\u00e9l, gyakran egyetlen eszk\u00f6z van: <strong>az \u00e9rkez\u00e9s<\/strong>. A Com\u00f3i-t\u00f3n\u00e1l az \u00e9rkez\u00e9s az esem\u00e9ny narrat\u00edv\u00e1j\u00e1nak r\u00e9sze lehet.<\/p>\n<ul>\n<li><strong>\u00c9rkez\u00e9s haj\u00f3val egy kulcsmomentumhoz<\/strong>: p\u00e9ld\u00e1ul a menyasszony \u00e9s v\u0151leg\u00e9ny bevonul\u00e1sa vagy egy kiv\u00e1lasztott transzfer egy sz\u0171k csoport sz\u00e1m\u00e1ra. A <strong>Como taxi haj\u00f3<\/strong> eleg\u00e1ns megold\u00e1s lehet, felt\u00e9ve, hogy \u00f6sszehangolt az id\u0151z\u00edt\u00e9ssel \u00e9s az id\u0151j\u00e1r\u00e1ssal.<\/li>\n<li><strong>Transzfer a vend\u00e9geknek<\/strong>: kevesebb aut\u00f3, kevesebb parkol\u00f3hely keres\u00e9s, kevesebb k\u00e9s\u00e9s. A <strong>esk\u00fcv\u0151i transzfer<\/strong> gyakran a legink\u00e1bb \u201el\u00e1thatatlan\u201d v\u00e1laszt\u00e1s, \u00edgy kifinomultabb.<\/li>\n<li><strong>Fot\u00f3z\u00e1si id\u0151z\u00edt\u00e9s<\/strong>: ha naplementekor vagy egy panor\u00e1m\u00e1s ponton tervezel fot\u00f3kat, az utaz\u00e1sokat \u00fagy kell megtervezni, hogy ne vegyenek el id\u0151t a fogad\u00e1sr\u00f3l.<\/li>\n<\/ul>\n<p>Egy hasznos elv: <strong>egy l\u00e1tv\u00e1nyos v\u00e1laszt\u00e1snak egyszer\u0171s\u00edtenie is kell<\/strong>. Ha bonyol\u00edt, azt rendez\u00e9ssel \u00e9s tartal\u00e9kid\u0151kkel kell kompenz\u00e1lni.<\/p>\n<h3>Hib\u00e1k, amelyek n\u00f6velik a k\u00f6lts\u00e9geket (\u00e9s a stresszt) an\u00e9lk\u00fcl, hogy jav\u00edtan\u00e1k az esem\u00e9nyt<\/h3>\n<ul>\n<li><strong>T\u00fal szoros id\u0151beoszt\u00e1s<\/strong>: egy kis k\u00e9s\u00e9s l\u00e1ncreakci\u00f3t ind\u00edt el.<\/li>\n<li><strong>T\u00fal sok felv\u00e9teli pont<\/strong>: k\u00e9nyelmesnek t\u0171nik, de megsokszorozza az id\u0151t \u00e9s a hibalehet\u0151s\u00e9geket.<\/li>\n<li><strong>T\u00f6redezett kommunik\u00e1ci\u00f3<\/strong>: elt\u00e9r\u0151 inform\u00e1ci\u00f3k WhatsAppon, e-mailben \u00e9s megh\u00edv\u00f3kon zavart okoznak.<\/li>\n<li><strong>A parkol\u00e1s \u201emag\u00e1t\u00f3l \u00e9rtet\u0151d\u0151nek\u201d v\u00e9tele<\/strong>: ha meg\u00e9rkezel a helysz\u00ednre, \u00e9s kider\u00fcl, hogy a parkol\u00f3 messze van, az teljesen megv\u00e1ltoztatja a vend\u00e9gek \u00e9lm\u00e9ny\u00e9t.<\/li>\n<\/ul>\n<p>A jav\u00edt\u00e1s szinte mindig ugyanaz: <strong>egyszer\u0171s\u00edteni a folyamatot<\/strong> \u00e9s lehetetlenn\u00e9 tenni az utas\u00edt\u00e1sok f\u00e9lre\u00e9rt\u00e9s\u00e9t.<\/p>\n<h2>B terv a Com\u00f3i-t\u00f3n\u00e1l: id\u0151j\u00e1r\u00e1s, hozz\u00e1f\u00e9r\u00e9sek \u00e9s el\u0151re kezelend\u0151 kock\u00e1zatok<\/h2>\n<h3>Id\u0151j\u00e1r\u00e1s \u00e9s gyakorlati alternat\u00edv\u00e1k (st\u00edlusveszt\u00e9s n\u00e9lk\u00fcl)<\/h3>\n<p>Az id\u0151j\u00e1r\u00e1s a t\u00f3n\u00e1l v\u00e1ltozhat, \u00e9s ezzel egy\u00fctt bizonyos \u00e1tsz\u00e1ll\u00e1sok vagy szabadt\u00e9ri pillanatok megval\u00f3s\u00edthat\u00f3s\u00e1ga is. Egy j\u00f3 B terv nem m\u00e1sodlagos megold\u00e1s: egy alternat\u00edv verzi\u00f3, amelyet m\u00e1r eleve \u00fagy terveztek, hogy sz\u00e9p legyen.<\/p>\n<ul>\n<li><strong>Ha elmarad a haj\u00f3z\u00e1s<\/strong>: tervezz egy egyen\u00e9rt\u00e9k\u0171 sz\u00e1razf\u00f6ldi \u00fatvonalat, \u00e9s a megfelel\u0151 id\u0151ben csak egy \u201ehivatalos\u201d verzi\u00f3t k\u00f6z\u00f6lj a vend\u00e9gekkel.<\/li>\n<li><strong>Ha megv\u00e1ltozik az \u00e9rkez\u00e9si pont<\/strong>: gy\u0151z\u0151dj meg r\u00f3la, hogy az \u00faj pont k\u00f6nnyen megtal\u00e1lhat\u00f3, \u00e9s van valaki, aki fogadja a vend\u00e9geket.<\/li>\n<li><strong>Ha a cerem\u00f3nia szabadt\u00e9ren van<\/strong>: egyeztess a helysz\u00ednnel a belt\u00e9ri alternat\u00edv\u00e1r\u00f3l \u00e9s arr\u00f3l, hogyan befoly\u00e1solja az \u00e1tsz\u00e1ll\u00e1sokat.<\/li>\n<\/ul>\n<p>Specifikus szolg\u00e1ltat\u00e1shoz kapcsol\u00f3d\u00f3 operat\u00edv r\u00e9szletek\u00e9rt (p\u00e9ld\u00e1ul haszn\u00e1lati felt\u00e9telek), <strong>ellen\u0151rizd a term\u00e9k adatlapj\u00e1t<\/strong> vagy a szolg\u00e1ltat\u00f3 aj\u00e1nlat\u00e1ban.<\/p>\n<h3>Enged\u00e9lyek, helysz\u00edni korl\u00e1toz\u00e1sok \u00e9s hozz\u00e1f\u00e9r\u00e9sek: mit kell ellen\u0151rizni<\/h3>\n<p>Minden villa, hotel vagy rendezv\u00e9nyhelysz\u00edn rendelkezik hozz\u00e1f\u00e9r\u00e9si \u00e9s forgalomkezel\u00e9si szab\u00e1lyokkal. Ez nem \u201eb\u00fcrokratikus\u201d k\u00e9rd\u00e9s: ez hat\u00e1rozza meg, hogy a vend\u00e9gek nyugodtan vagy m\u00e1r f\u00e1radtan \u00e9rkeznek-e meg.<\/p>\n<p>Miel\u0151tt meger\u0151s\u00edted a logisztik\u00e1t, tiszt\u00e1zd:<\/p>\n<ul>\n<li><strong>Enged\u00e9lyezett id\u0151pontok<\/strong> az \u00e1ruk kirakod\u00e1s\u00e1ra\/felrakod\u00e1s\u00e1ra \u00e9s a besz\u00e1ll\u00edt\u00f3k \u00e9rkez\u00e9s\u00e9re.<\/li>\n<li><strong>Man\u0151verez\u00e9si helyek<\/strong> nagyobb j\u00e1rm\u0171vek sz\u00e1m\u00e1ra (ha el\u0151 van \u00edrva).<\/li>\n<li><strong>El\u00e9rhet\u0151 parkol\u00f3k<\/strong> \u00e9s a t\u00e9nyleges t\u00e1vols\u00e1g a bej\u00e1ratt\u00f3l.<\/li>\n<li><strong>Hozz\u00e1f\u00e9r\u00e9s a m\u00f3l\u00f3hoz<\/strong> (ha van) \u00e9s a besz\u00e1ll\u00e1sok kezel\u00e9si m\u00f3dja.<\/li>\n<\/ul>\n<p>Ha \u00e1ltal\u00e1nos t\u00e1j\u00e9koztat\u00e1sra van sz\u00fcks\u00e9ged a ter\u00fcletr\u0151l \u00e9s a t\u00f3 alakj\u00e1r\u00f3l, itt tal\u00e1lsz egy \u00f6sszefoglal\u00f3 hivatkoz\u00e1st: <a href=\"https:\/\/it.wikipedia.org\/wiki\/Lago_di_Como\" target=\"_blank\" rel=\"noopener noreferrer nofollow\">R\u00e9szletes inform\u00e1ci\u00f3: Com\u00f3i-t\u00f3 (Wikipedia)<\/a>.<\/p>\n<h3>Szerz\u0151d\u00e9sek \u00e9s el\u0151leg: hogyan v\u00e9dd meg az \u00fctemtervet<\/h3>\n<p>An\u00e9lk\u00fcl, hogy jogi vagy gazdas\u00e1gi szempontokat venn\u00e9nk figyelembe, a gyakorlati szab\u00e1ly az: minden, ami befoly\u00e1solja az id\u0151pontokat, vil\u00e1gosan le legyen \u00edrva. K\u00fcl\u00f6n\u00f6sen:<\/p>\n<ul>\n<li><strong>Id\u0151s\u00e1vok<\/strong> \u00e9s a szolg\u00e1ltat\u00e1s id\u0151tartama.<\/li>\n<li><strong>Felv\u00e9teli\/lead\u00e1si pontok<\/strong> v\u00e9gleges (c\u00edmekkel \u00e9s megjegyz\u00e9sekkel).<\/li>\n<li><strong>Felt\u00e9telek v\u00e1ltoz\u00e1sok eset\u00e9n<\/strong> (id\u0151j\u00e1r\u00e1s, k\u00e9s\u00e9sek, \u00fatvonal m\u00f3dos\u00edt\u00e1sok).<\/li>\n<\/ul>\n<p>Ha a dokumentumok vil\u00e1gosak, a v\u00e1ratlan helyzetek kezel\u00e9se is egyszer\u0171bb\u00e9 \u00e9s kev\u00e9sb\u00e9 \u00e9rzelmiv\u00e9 v\u00e1lik.<\/p>\n<h2>Vend\u00e9g\u00e9lm\u00e9ny: \u00fcdv\u00f6zl\u00e9s, vend\u00e9gl\u00e1t\u00e1s \u00e9s z\u00f6kken\u0151mentes k\u00f6zleked\u00e9s<\/h2>\n<h3>\u00dcdv\u00f6zl\u0151 pillanat, tev\u00e9kenys\u00e9gek \u00e9s fogadtat\u00e1s: a logisztika, mint \u201egondoskod\u00e1s\u201d<\/h3>\n<p>A vend\u00e9gek arra eml\u00e9keznek, hogyan \u00e9rezt\u00e9k magukat. \u00c9s gyakran a praktikus r\u00e9szletek miatt \u00e9rzik magukat fogadottnak: tudni, hov\u00e1 menjenek, k\u00e9nyelmes id\u0151beoszt\u00e1s, nem kell agg\u00f3dni az aut\u00f3 miatt egy koccint\u00e1s ut\u00e1n.<\/p>\n<p>N\u00e9h\u00e1ny nagy hat\u00e1s\u00fa (\u00e9s alacsony zajszint\u0171) \u00f6tlet:<\/p>\n<ul>\n<li><strong>\u00dcdv\u00f6zl\u0151 pillanat a sz\u00e1llod\u00e1ban<\/strong> egy\u00e9rtelm\u0171 \u00fatmutat\u00e1ssal az esem\u00e9ny napj\u00e1ra.<\/li>\n<li><strong>K\u00f6nny\u0171 tev\u00e9kenys\u00e9gek<\/strong> (s\u00e9ta, aperitif, l\u00e1togat\u00e1s) olyan id\u0151pontokkal, amelyek nem \u00fctk\u00f6znek a f\u0151 \u00e1tsz\u00e1ll\u00e1sokkal.<\/li>\n<li><strong>Diszkr\u00e9t seg\u00edts\u00e9gny\u00fajt\u00e1s<\/strong> \u00e1tkel\u0151helyeken (hall, m\u00f3l\u00f3, helysz\u00edn bej\u00e1rata).<\/li>\n<\/ul>\n<h3>K\u00f6zleked\u00e9s, shuttle buszok \u00e9s parkol\u00f3k: hogyan v\u00e1lasszuk ki a megfelel\u0151 kombin\u00e1ci\u00f3t<\/h3>\n<p>Nincs egyetlen megold\u00e1s. A legjobb kombin\u00e1ci\u00f3 att\u00f3l f\u00fcgg, hol alszanak a vend\u00e9gek, hol zajlanak az esem\u00e9ny pillanatai, \u00e9s mennyire szeretn\u00e9d \u201ek\u00f6zpontos\u00edtani\u201d az utaz\u00e1sokat.<\/p>\n<p>\u00cdme h\u00e1rom gyakori modell:<\/p>\n<ul>\n<li><strong>A modell: f\u0151 shuttle + korl\u00e1tozott parkol\u00e1s<\/strong><br \/>\nIde\u00e1lis, ha a vend\u00e9gek egy vagy n\u00e9h\u00e1ny sz\u00e1llod\u00e1ban vannak. Ezek <strong>esk\u00fcv\u0151i transzfer<\/strong> a nap gerinc\u00e9t k\u00e9pezik \u00e9s cs\u00f6kkentik a forgalom hat\u00e1s\u00e1t.<\/li>\n<li><strong>B modell: l\u00e1tv\u00e1nyos \u00e9rkez\u00e9s haj\u00f3val + visszat\u00e9r\u00e9s sz\u00e1razf\u00f6ld\u00f6n<\/strong><br \/>\nT\u00f6k\u00e9letes, ha ikonikus pillanatot szeretn\u00e9l an\u00e9lk\u00fcl, hogy teljesen a v\u00edzt\u0151l f\u00fcggn\u00e9l. A <strong>Como taxi haj\u00f3<\/strong> egy adott szakaszon haszn\u00e1lhat\u00f3, m\u00edg a visszat\u00e9r\u00e9s egyszer\u0171bb.<\/li>\n<li><strong>C modell: priv\u00e1t aut\u00f3k + kifog\u00e1stalan fogad\u00e1s \u00e9s utas\u00edt\u00e1sok<\/strong><br \/>\nKis csoportokn\u00e1l \u00e9s \u00f6n\u00e1ll\u00f3an k\u00f6zleked\u0151 vend\u00e9gekn\u00e9l m\u0171k\u00f6dik. Ugyanakkor <strong>egy\u00e9rtelm\u0171 parkol\u00f3kra<\/strong> \u00e9s egyszer\u0171 \u00fatmutat\u00e1sokra van sz\u00fcks\u00e9g, k\u00fcl\u00f6nben n\u0151 a k\u00e9s\u00e9sek kock\u00e1zata.<\/li>\n<\/ul>\n<p>B\u00e1rmely modellt is v\u00e1lasztod, a szab\u00e1ly: <strong>cs\u00f6kkentsd a vend\u00e9g \u00e1ltal hozott d\u00f6nt\u00e9seket<\/strong>. Kevesebb \u00f6n\u00e1ll\u00f3 v\u00e1laszt\u00e1s = t\u00f6bb pihen\u00e9s.<\/p>\n<h3>Vil\u00e1gos \u00fatmutat\u00e1sok \u00e9s esk\u00fcv\u0151i weboldal: mit \u00e9s mikor kommunik\u00e1ljunk<\/h3>\n<p>A kommunik\u00e1ci\u00f3 a logisztika r\u00e9sze. Ha a vend\u00e9gek nem \u00e9rtik, hov\u00e1 kell menni\u00fck, a legjobb terv is kudarcot vall.<\/p>\n<p>Egy esk\u00fcv\u0151i weboldalnak (vagy egy t\u00e1j\u00e9koztat\u00f3 oldalnak) tartalmaznia kell:<\/p>\n<ul>\n<li><strong>Hivatalos id\u0151pontok<\/strong> (kor\u00e1bbi \u00e9rkez\u00e9si k\u00e9relemmel a kezd\u00e9s el\u0151tt).<\/li>\n<li><strong>Tal\u00e1lkoz\u00e1si pontok<\/strong> egyszer\u0171 utas\u00edt\u00e1sokkal.<\/li>\n<li><strong>Aj\u00e1nlott parkol\u00f3k<\/strong> \u00e9s megjegyz\u00e9sek az esetleges gyalogos szakaszokr\u00f3l.<\/li>\n<li><strong>T\u00e1mogat\u00e1si kapcsolat<\/strong> az esem\u00e9ny napj\u00e1ra.<\/li>\n<li><strong>\u00d6lt\u00f6zk\u00f6d\u00e9si k\u00f3dex \u00e9s gyakorlati tan\u00e1csok<\/strong> (k\u00e9nyelmes cip\u0151 p\u00e9ld\u00e1ul l\u00e9pcs\u0151k vagy macskak\u0151 eset\u00e9n), an\u00e9lk\u00fcl, hogy megterheln\u00e9 a hangulatot.<\/li>\n<\/ul>\n<p>Egy hasznos \u00f3vint\u00e9zked\u00e9s: k\u00fcldj egy t\u00f6m\u00f6r eml\u00e9keztet\u0151t (ugyanazokkal a tartalmakkal) az esem\u00e9ny k\u00f6zel\u00e9ben, hogy az inform\u00e1ci\u00f3k frissek maradjanak.<\/p>\n<p><!--W4Y_BF_SUGGESTED_PRODUCTS--><\/p>\n<h2>Stresszmentes sz\u00e1ll\u00edt\u00e1s szervez\u00e9se a Com\u00f3i-t\u00f3n\u00e1l: egy egyszer\u0171 m\u00f3dszer<\/h2>\n<p>Ha mindent egy m\u00f3dszerre kellene reduk\u00e1lni, ez lenne az:<\/p>\n<ul>\n<li><strong>Hat\u00e1rozd meg a fix pontokat<\/strong> (sz\u00e1lloda, cerem\u00f3nia, fogad\u00e1s, after party).<\/li>\n<li><strong>V\u00e1lassz egy \u201ef\u0151 k\u00f6zleked\u00e9si eszk\u00f6zt\u201d<\/strong> (transzfer vagy aut\u00f3), \u00e9s haszn\u00e1ld a haj\u00f3t pluszk\u00e9nt, ne az egyetlen alappill\u00e9rk\u00e9nt.<\/li>\n<li><strong>Helyezz be id\u0151tartamokat<\/strong> az egyes esem\u00e9nyek k\u00f6z\u00f6tt, k\u00fcl\u00f6n\u00f6sen a cerem\u00f3nia el\u0151tt \u00e9s a fogad\u00e1sra \u00e9rkez\u00e9skor.<\/li>\n<li><strong>Kommunik\u00e1lj egyetlen verzi\u00f3t<\/strong> az utas\u00edt\u00e1sokr\u00f3l, vil\u00e1gosan \u00e9s k\u00f6vetkezetesen.<\/li>\n<li><strong>K\u00e9sz\u00edts egy B-tervet<\/strong> ami nem t\u0171nik v\u00e9szforgat\u00f3k\u00f6nyvnek, hanem egy eleg\u00e1ns alternat\u00edv\u00e1nak.<\/li>\n<\/ul>\n<p>Ha ezt a s\u00e9m\u00e1t betartj\u00e1k, a <strong>Como-t\u00f3 esk\u00fcv\u0151i sz\u00e1ll\u00edt\u00e1saihoz<\/strong> k\u00e9nyelmi \u00e9s st\u00edluselem lesz, nem pedig egy kezelend\u0151 probl\u00e9ma.<\/p>\n<h2>Teljes ir\u00e1ny\u00edt\u00e1st szeretn\u00e9l a k\u00f6zleked\u00e9s, az id\u0151z\u00edt\u00e9s \u00e9s a vend\u00e9gek sz\u00e1m\u00e1ra a Com\u00f3i-t\u00f3n\u00e1l?<\/h2>\n<p>Ha professzion\u00e1lis t\u00e1mogat\u00e1st szeretn\u00e9l az integr\u00e1l\u00e1shoz <strong>esk\u00fcv\u0151i transzfer<\/strong>, haj\u00f3s \u00e9rkez\u00e9sekhez \u00e9s parkol\u00e1skezel\u00e9shez egy g\u00f6rd\u00fcl\u00e9keny \u00fctemtervben (vend\u00e9gkommunik\u00e1ci\u00f3val \u00e9s B-tervvel), ismerd meg a <a href=\"https:\/\/chiarabevents.com\/hu\/chiarab-events-az-utmutatod-egy-eskuvohoz-a-comoi-tonal\/\">Esk\u00fcv\u0151 a Com\u00f3i-t\u00f3n\u00e1l: \u00fatmutat\u00f3<\/a> szolg\u00e1ltat\u00e1sokat, \u00e9s l\u00e9pj kapcsolatba vel\u00fcnk: eleg\u00e1ns, re\u00e1lis \u00e9s az esem\u00e9nyed st\u00edlus\u00e1hoz ill\u0151 logisztik\u00e1t \u00e9p\u00edt\u00fcnk.<\/p>\n<section class=\"w4y-bf-related-posts\"><h2>Kapcsol\u00f3d\u00f3 cikkek<\/h2><ul><li><a href=\"https:\/\/chiarabevents.com\/hu\/viragdekoraciok-a-comoi-tonal-elegans-palettak-es-evszakok\/\">Vir\u00e1gdekor\u00e1ci\u00f3k a Com\u00f3i-t\u00f3n\u00e1l: eleg\u00e1ns palett\u00e1k \u00e9s \u00e9vszakok<\/a><\/li><li><a href=\"https:\/\/chiarabevents.com\/hu\/hogyan-szervezzunk-eskuvoi-hetveget-a-comoi-tonal-udvozlo-vacsora-es-brunch\/\">Hogyan szervezz\u00fcnk esk\u00fcv\u0151i h\u00e9tv\u00e9g\u00e9t a Com\u00f3i-t\u00f3n\u00e1l: \u00fcdv\u00f6zl\u0151 vacsora \u00e9s brunch<\/a><\/li><li><a href=\"https:\/\/chiarabevents.com\/hu\/tortenelmi-villa-vs-luxusszalloda-a-comoi-tonal-melyik-valasztas-eri-meg-igazan\/\">T\u00f6rt\u00e9nelmi villa vs luxussz\u00e1lloda a Com\u00f3i-t\u00f3n\u00e1l: melyik v\u00e1laszt\u00e1s \u00e9ri meg igaz\u00e1n?<\/a><\/li><li><a href=\"https:\/\/chiarabevents.com\/hu\/mennyibe-kerul-valojaban-egy-eskuvo-a-comoi-tonal-koltsegvetesi-becslesek-es-tartomanyok\/\">Mennyibe ker\u00fcl val\u00f3j\u00e1ban egy esk\u00fcv\u0151 a Com\u00f3i-t\u00f3n\u00e1l: k\u00f6lts\u00e9gvet\u00e9si becsl\u00e9sek \u00e9s tartom\u00e1nyok<\/a><\/li><li><a href=\"https:\/\/chiarabevents.com\/hu\/hogyan-valasszuk-ki-a-megfelelo-villat-a-comoi-tonal-latogatasi-ellenorzolista-es-kulcskerdesek\/\">Hogyan v\u00e1lasszuk ki a megfelel\u0151 vill\u00e1t a Com\u00f3i-t\u00f3n\u00e1l: l\u00e1togat\u00e1si ellen\u0151rz\u0151lista \u00e9s kulcsk\u00e9rd\u00e9sek<\/a><\/li><li><a href=\"https:\/\/chiarabevents.com\/hu\/ceremonia-a-comoi-to-kertjeben-elrendezes-arnyekok-es-hokezeles\/\">Cerem\u00f3nia a Com\u00f3i-t\u00f3 kertj\u00e9ben: elrendez\u00e9s, \u00e1rny\u00e9kok \u00e9s h\u0151kezel\u00e9s<\/a><\/li><\/ul><\/section>\n<hr \/>\n<h2>GYIK<\/h2>\n<div class=\"w4y-faq\">\n<h3>Jobb a transzfer vagy a priv\u00e1t aut\u00f3 egy esk\u00fcv\u0151re a Com\u00f3i-t\u00f3n\u00e1l?<\/h3>\n<p>Att\u00f3l f\u00fcgg, hol sz\u00e1llnak meg a vend\u00e9gek \u00e9s h\u00e1ny esem\u00e9nypontod van. Az esk\u00fcv\u0151i transzferek cs\u00f6kkentik a k\u00e9s\u00e9seket \u00e9s a parkol\u00f3hely keres\u00e9s\u00e9t, m\u00edg a mag\u00e1naut\u00f3k jobban m\u0171k\u00f6dnek kis csoportokkal \u00e9s t\u00f6k\u00e9letes \u00fatmutat\u00e1ssal a bej\u00e1ratokhoz \u00e9s parkol\u00f3khoz.<\/p>\n<h3>A taxi haj\u00f3 Com\u00f3ban alkalmas vend\u00e9gek sz\u00e1m\u00e1ra is, nem csak az ifj\u00fa p\u00e1rnak?<\/h3>\n<p>Igen, haszn\u00e1lhat\u00f3 kis csoportok vagy meghat\u00e1rozott szakaszok eset\u00e9n, k\u00fcl\u00f6n\u00f6sen, ha egy l\u00e1tv\u00e1nyos pillanatot szeretn\u00e9l. \u00d6ssze kell hangolni a besz\u00e1ll\u00e1si\/kisz\u00e1ll\u00e1si pontokkal \u00e9s egy B tervvel v\u00e1ltoz\u00e9kony id\u0151j\u00e1r\u00e1s eset\u00e9re; a m\u0171k\u00f6d\u00e9si r\u00e9szletek\u00e9rt ellen\u0151rizd a term\u00e9k adatlapj\u00e1t vagy a szolg\u00e1ltat\u00f3 aj\u00e1nlat\u00e1t.<\/p>\n<h3>Hogyan ker\u00fclhet\u0151k el a k\u00e9s\u00e9sek a cerem\u00f3nia \u00e9s a fogad\u00e1s k\u00f6z\u00f6tti \u00e1tsz\u00e1ll\u00e1sokn\u00e1l?<\/h3>\n<p>A kulcs egy id\u0151vonal marg\u00f3kkal \u00e9s egyszer\u0171 folyamattal: kev\u00e9s felv\u00e9teli pont, hivatalos menetrendek k\u00f6vetkezetes kommunik\u00e1ci\u00f3ja \u00e9s egy helysz\u00edni kapcsolattart\u00f3 szem\u00e9ly. Az \u00e9rkez\u00e9sek \u00fctemez\u00e9se \u00e9s a vil\u00e1gos utas\u00edt\u00e1sok cs\u00f6kkentik a k\u00e9s\u00e9sek domin\u00f3hat\u00e1s\u00e1t.<\/p>\n<h3>Mit k\u00f6z\u00f6lj\u00fcnk a vend\u00e9gekkel a parkol\u00e1sr\u00f3l \u00e9s az \u00e1tsz\u00e1ll\u00edt\u00e1sr\u00f3l?<\/h3>\n<p>Jel\u00f6ld meg az id\u0151pontokat, tal\u00e1lkoz\u00e1si helyet, aj\u00e1nlott parkol\u00f3kat \u00e9s a bej\u00e1ratt\u00f3l val\u00f3 t\u00e9nyleges t\u00e1vols\u00e1got, valamint egy t\u00e1mogat\u00e1si el\u00e9rhet\u0151s\u00e9get az esem\u00e9ny napj\u00e1ra. Ha transzfereket vagy haj\u00f3kat haszn\u00e1lsz, add meg, hol kell megjelenni \u00e9s mennyi id\u0151vel el\u0151tte.<\/p>\n<h3>Sz\u00fcks\u00e9g van egy B-tervre a k\u00f6zleked\u00e9shez a Com\u00f3i-tavon?<\/h3>\n<p>Igen, k\u00fcl\u00f6n\u00f6sen, ha haj\u00f3z\u00e1st vagy szabadt\u00e9ri tev\u00e9kenys\u00e9geket tervezel. Egy j\u00f3 B-terv mag\u00e1ban foglal egy alternat\u00edv sz\u00e1razf\u00f6ldi \u00fatvonalat, k\u00f6nnyen megtal\u00e1lhat\u00f3 \u00e9rkez\u00e9si pontokat \u00e9s egyetlen, naprak\u00e9sz kommunik\u00e1ci\u00f3t a vend\u00e9gek fel\u00e9, an\u00e9lk\u00fcl, hogy t\u00fal sok verzi\u00f3val zavart okozna.<\/p>\n<\/div>\n<p><script type=\"application\/ld+json\">{\n    \"@context\": \"https:\\\/\\\/schema.org\",\n    \"@type\": \"FAQPage\",\n    \"mainEntity\": [\n        {\n            \"@type\": \"Question\",\n            \"name\": \"Meglio navette o auto private per un matrimonio sul Lago di Como?\",\n            \"acceptedAnswer\": {\n                \"@type\": \"Answer\",\n                \"text\": \"Dipende da dove alloggiano gli ospiti e da quanti punti evento hai. Le navette matrimonio riducono ritardi e ricerca parcheggio, mentre le auto private funzionano meglio con gruppi piccoli e indicazioni impeccabili su accessi e parcheggi.\"\n            }\n        },\n        {\n            \"@type\": \"Question\",\n            \"name\": \"Il taxi boat a Como \\u00e8 adatto anche per gli ospiti, non solo per gli sposi?\",\n            \"acceptedAnswer\": {\n                \"@type\": \"Answer\",\n                \"text\": \"S\\u00ec, pu\\u00f2 essere usato per piccoli gruppi o per tratte specifiche, soprattutto se vuoi un momento scenografico. Va coordinato con punti di imbarco\\\/sbarco e con un Piano B in caso di meteo variabile; per dettagli operativi verifica nella scheda prodotto o nella proposta del fornitore.\"\n            }\n        },\n        {\n            \"@type\": \"Question\",\n            \"name\": \"Come evitare ritardi negli spostamenti tra cerimonia e ricevimento?\",\n            \"acceptedAnswer\": {\n                \"@type\": \"Answer\",\n                \"text\": \"La chiave \\u00e8 una timeline con margini e un flusso semplice: pochi punti di pick-up, orari ufficiali comunicati in modo coerente e una persona di riferimento on-site. Arrivi scaglionati e istruzioni chiare riducono l\\u2019effetto domino dei ritardi.\"\n            }\n        },\n        {\n            \"@type\": \"Question\",\n            \"name\": \"Cosa comunicare agli ospiti su parcheggi e trasferimenti?\",\n            \"acceptedAnswer\": {\n                \"@type\": \"Answer\",\n                \"text\": \"Indica orari, punto di ritrovo, parcheggi consigliati e distanza reale dall\\u2019ingresso, oltre a un contatto di supporto per il giorno dell\\u2019evento. Se usi navette o barche, specifica dove presentarsi e con quanto anticipo.\"\n            }\n        },\n        {\n            \"@type\": \"Question\",\n            \"name\": \"Serve un Piano B per i trasporti sul Lago di Como?\",\n            \"acceptedAnswer\": {\n                \"@type\": \"Answer\",\n                \"text\": \"S\\u00ec, soprattutto se prevedi spostamenti in barca o momenti outdoor. Un buon Piano B include un percorso alternativo via terra, punti di arrivo facili da trovare e una comunicazione unica e aggiornata agli ospiti, senza creare confusione con troppe versioni.\"\n            }\n        }\n    ]\n}<\/script><\/p>","protected":false},"excerpt":{"rendered":"<p>Trasporti e parcheggi sul Lago di Como: cosa aspettarsi davvero (e perch\u00e9 conta) Se stai organizzando un evento sul Lago di Como, la parte \u201ctrasporti\u201d non \u00e8 un dettaglio operativo: \u00e8 uno dei fattori che determinano puntualit\u00e0, comfort degli ospiti e atmosfera complessiva. Qui il panorama \u00e8 spettacolare, ma la geografia \u00e8 particolare: strade strette, borghi con [&hellip;]<\/p>","protected":false},"author":4,"featured_media":35138,"comment_status":"closed","ping_status":"closed","sticky":false,"template":"","format":"standard","meta":{"footnotes":""},"categories":[369],"tags":[380,381,379],"class_list":["post-34894","post","type-post","status-publish","format-standard","has-post-thumbnail","hentry","category-lago-di-como","tag-navette-matrimonio","tag-taxi-boat-como","tag-trasporti-lago-di-como-matrimonio"],"yoast_head":"<!-- This site is optimized with the Yoast SEO Premium plugin v21.8 (Yoast SEO v27.3) - https:\/\/yoast.com\/product\/yoast-seo-premium-wordpress\/ -->\n<title>Trasporti e parcheggi sul Lago di Como: timing realistici | Chiar<\/title>\n<meta name=\"description\" content=\"Navette, taxi boat e parcheggi sul Lago di Como: come pianificare tempi realistici e trasferimenti ospiti per un matrimonio senza stress.\" \/>\n<meta name=\"robots\" content=\"index, follow, max-snippet:-1, max-image-preview:large, max-video-preview:-1\" \/>\n<link rel=\"canonical\" href=\"https:\/\/chiarabevents.com\/hu\/kozlekedes-es-parkolas-a-comoi-tonal-transzferjaratok-taxi-hajok-es-realis-idozitesek\/\" \/>\n<meta property=\"og:locale\" content=\"hu_HU\" \/>\n<meta property=\"og:type\" content=\"article\" \/>\n<meta property=\"og:title\" content=\"Trasporti e parcheggi sul Lago di Como: navette, taxi boat e timing realistici\" \/>\n<meta property=\"og:description\" content=\"Navette, taxi boat e parcheggi sul Lago di Como: come pianificare tempi realistici e trasferimenti ospiti per un matrimonio senza stress.\" \/>\n<meta property=\"og:url\" content=\"https:\/\/chiarabevents.com\/hu\/kozlekedes-es-parkolas-a-comoi-tonal-transzferjaratok-taxi-hajok-es-realis-idozitesek\/\" \/>\n<meta property=\"og:site_name\" content=\"ChiaraB Events Wedding Planner\" \/>\n<meta property=\"article:publisher\" content=\"https:\/\/www.facebook.com\/chiarabevent\" \/>\n<meta property=\"article:published_time\" content=\"2022-06-02T00:02:19+00:00\" \/>\n<meta property=\"article:modified_time\" content=\"2026-03-12T10:35:45+00:00\" \/>\n<meta property=\"og:image\" content=\"https:\/\/chiarabevents.com\/wp-content\/uploads\/2026\/03\/trasporti-e-parcheggi-sul-lago-di-como-navette-taxi-boat-e-timing-realistici-featured-20260308074239.png\" \/>\n\t<meta property=\"og:image:width\" content=\"1536\" \/>\n\t<meta property=\"og:image:height\" content=\"1024\" \/>\n\t<meta property=\"og:image:type\" content=\"image\/png\" \/>\n<meta name=\"author\" content=\"ChiaraB Blog\" \/>\n<meta name=\"twitter:card\" content=\"summary_large_image\" \/>\n<meta name=\"twitter:label1\" content=\"Written by\" \/>\n\t<meta name=\"twitter:data1\" content=\"ChiaraB Blog\" \/>\n\t<meta name=\"twitter:label2\" content=\"Est. reading time\" \/>\n\t<meta name=\"twitter:data2\" content=\"12 minutes\" \/>\n<script type=\"application\/ld+json\" class=\"yoast-schema-graph\">{\"@context\":\"https:\\\/\\\/schema.org\",\"@graph\":[{\"@type\":\"Article\",\"@id\":\"https:\\\/\\\/chiarabevents.com\\\/el\\\/%ce%bc%ce%b5%cf%84%ce%b1%cf%86%ce%bf%cf%81%ce%ad%cf%82-%ce%ba%ce%b1%ce%b9-%cf%80%ce%ac%cf%81%ce%ba%ce%b9%ce%bd%ce%b3%ce%ba-%cf%83%cf%84%ce%b7-%ce%bb%ce%af%ce%bc%ce%bd%ce%b7-%ce%ba%cf%8c%ce%bc%ce%bf\\\/#article\",\"isPartOf\":{\"@id\":\"https:\\\/\\\/chiarabevents.com\\\/el\\\/%ce%bc%ce%b5%cf%84%ce%b1%cf%86%ce%bf%cf%81%ce%ad%cf%82-%ce%ba%ce%b1%ce%b9-%cf%80%ce%ac%cf%81%ce%ba%ce%b9%ce%bd%ce%b3%ce%ba-%cf%83%cf%84%ce%b7-%ce%bb%ce%af%ce%bc%ce%bd%ce%b7-%ce%ba%cf%8c%ce%bc%ce%bf\\\/\"},\"author\":{\"name\":\"ChiaraB Blog\",\"@id\":\"https:\\\/\\\/chiarabevents.com\\\/#\\\/schema\\\/person\\\/bbb582cfce34a973ad4463736fd0b0f4\"},\"headline\":\"Trasporti e parcheggi sul Lago di Como: navette, taxi boat e timing realistici\",\"datePublished\":\"2022-06-02T00:02:19+00:00\",\"dateModified\":\"2026-03-12T10:35:45+00:00\",\"mainEntityOfPage\":{\"@id\":\"https:\\\/\\\/chiarabevents.com\\\/el\\\/%ce%bc%ce%b5%cf%84%ce%b1%cf%86%ce%bf%cf%81%ce%ad%cf%82-%ce%ba%ce%b1%ce%b9-%cf%80%ce%ac%cf%81%ce%ba%ce%b9%ce%bd%ce%b3%ce%ba-%cf%83%cf%84%ce%b7-%ce%bb%ce%af%ce%bc%ce%bd%ce%b7-%ce%ba%cf%8c%ce%bc%ce%bf\\\/\"},\"wordCount\":2210,\"publisher\":{\"@id\":\"https:\\\/\\\/chiarabevents.com\\\/#organization\"},\"image\":{\"@id\":\"https:\\\/\\\/chiarabevents.com\\\/el\\\/%ce%bc%ce%b5%cf%84%ce%b1%cf%86%ce%bf%cf%81%ce%ad%cf%82-%ce%ba%ce%b1%ce%b9-%cf%80%ce%ac%cf%81%ce%ba%ce%b9%ce%bd%ce%b3%ce%ba-%cf%83%cf%84%ce%b7-%ce%bb%ce%af%ce%bc%ce%bd%ce%b7-%ce%ba%cf%8c%ce%bc%ce%bf\\\/#primaryimage\"},\"thumbnailUrl\":\"https:\\\/\\\/chiarabevents.com\\\/wp-content\\\/uploads\\\/2026\\\/03\\\/trasporti-e-parcheggi-sul-lago-di-como-navette-taxi-boat-e-timing-realistici-featured-20260308074239.png\",\"keywords\":[\"navette matrimonio\",\"taxi boat como\",\"trasporti lago di como matrimonio\"],\"articleSection\":[\"Lago di Como\"],\"inLanguage\":\"hu-HU\"},{\"@type\":\"WebPage\",\"@id\":\"https:\\\/\\\/chiarabevents.com\\\/el\\\/%ce%bc%ce%b5%cf%84%ce%b1%cf%86%ce%bf%cf%81%ce%ad%cf%82-%ce%ba%ce%b1%ce%b9-%cf%80%ce%ac%cf%81%ce%ba%ce%b9%ce%bd%ce%b3%ce%ba-%cf%83%cf%84%ce%b7-%ce%bb%ce%af%ce%bc%ce%bd%ce%b7-%ce%ba%cf%8c%ce%bc%ce%bf\\\/\",\"url\":\"https:\\\/\\\/chiarabevents.com\\\/el\\\/%ce%bc%ce%b5%cf%84%ce%b1%cf%86%ce%bf%cf%81%ce%ad%cf%82-%ce%ba%ce%b1%ce%b9-%cf%80%ce%ac%cf%81%ce%ba%ce%b9%ce%bd%ce%b3%ce%ba-%cf%83%cf%84%ce%b7-%ce%bb%ce%af%ce%bc%ce%bd%ce%b7-%ce%ba%cf%8c%ce%bc%ce%bf\\\/\",\"name\":\"Trasporti e parcheggi sul Lago di Como: timing realistici | Chiar\",\"isPartOf\":{\"@id\":\"https:\\\/\\\/chiarabevents.com\\\/#website\"},\"primaryImageOfPage\":{\"@id\":\"https:\\\/\\\/chiarabevents.com\\\/el\\\/%ce%bc%ce%b5%cf%84%ce%b1%cf%86%ce%bf%cf%81%ce%ad%cf%82-%ce%ba%ce%b1%ce%b9-%cf%80%ce%ac%cf%81%ce%ba%ce%b9%ce%bd%ce%b3%ce%ba-%cf%83%cf%84%ce%b7-%ce%bb%ce%af%ce%bc%ce%bd%ce%b7-%ce%ba%cf%8c%ce%bc%ce%bf\\\/#primaryimage\"},\"image\":{\"@id\":\"https:\\\/\\\/chiarabevents.com\\\/el\\\/%ce%bc%ce%b5%cf%84%ce%b1%cf%86%ce%bf%cf%81%ce%ad%cf%82-%ce%ba%ce%b1%ce%b9-%cf%80%ce%ac%cf%81%ce%ba%ce%b9%ce%bd%ce%b3%ce%ba-%cf%83%cf%84%ce%b7-%ce%bb%ce%af%ce%bc%ce%bd%ce%b7-%ce%ba%cf%8c%ce%bc%ce%bf\\\/#primaryimage\"},\"thumbnailUrl\":\"https:\\\/\\\/chiarabevents.com\\\/wp-content\\\/uploads\\\/2026\\\/03\\\/trasporti-e-parcheggi-sul-lago-di-como-navette-taxi-boat-e-timing-realistici-featured-20260308074239.png\",\"datePublished\":\"2022-06-02T00:02:19+00:00\",\"dateModified\":\"2026-03-12T10:35:45+00:00\",\"description\":\"Navette, taxi boat e parcheggi sul Lago di Como: come pianificare tempi realistici e trasferimenti ospiti per un matrimonio senza stress.\",\"breadcrumb\":{\"@id\":\"https:\\\/\\\/chiarabevents.com\\\/el\\\/%ce%bc%ce%b5%cf%84%ce%b1%cf%86%ce%bf%cf%81%ce%ad%cf%82-%ce%ba%ce%b1%ce%b9-%cf%80%ce%ac%cf%81%ce%ba%ce%b9%ce%bd%ce%b3%ce%ba-%cf%83%cf%84%ce%b7-%ce%bb%ce%af%ce%bc%ce%bd%ce%b7-%ce%ba%cf%8c%ce%bc%ce%bf\\\/#breadcrumb\"},\"inLanguage\":\"hu-HU\",\"potentialAction\":[{\"@type\":\"ReadAction\",\"target\":[\"https:\\\/\\\/chiarabevents.com\\\/el\\\/%ce%bc%ce%b5%cf%84%ce%b1%cf%86%ce%bf%cf%81%ce%ad%cf%82-%ce%ba%ce%b1%ce%b9-%cf%80%ce%ac%cf%81%ce%ba%ce%b9%ce%bd%ce%b3%ce%ba-%cf%83%cf%84%ce%b7-%ce%bb%ce%af%ce%bc%ce%bd%ce%b7-%ce%ba%cf%8c%ce%bc%ce%bf\\\/\"]}]},{\"@type\":\"ImageObject\",\"inLanguage\":\"hu-HU\",\"@id\":\"https:\\\/\\\/chiarabevents.com\\\/el\\\/%ce%bc%ce%b5%cf%84%ce%b1%cf%86%ce%bf%cf%81%ce%ad%cf%82-%ce%ba%ce%b1%ce%b9-%cf%80%ce%ac%cf%81%ce%ba%ce%b9%ce%bd%ce%b3%ce%ba-%cf%83%cf%84%ce%b7-%ce%bb%ce%af%ce%bc%ce%bd%ce%b7-%ce%ba%cf%8c%ce%bc%ce%bf\\\/#primaryimage\",\"url\":\"https:\\\/\\\/chiarabevents.com\\\/wp-content\\\/uploads\\\/2026\\\/03\\\/trasporti-e-parcheggi-sul-lago-di-como-navette-taxi-boat-e-timing-realistici-featured-20260308074239.png\",\"contentUrl\":\"https:\\\/\\\/chiarabevents.com\\\/wp-content\\\/uploads\\\/2026\\\/03\\\/trasporti-e-parcheggi-sul-lago-di-como-navette-taxi-boat-e-timing-realistici-featured-20260308074239.png\",\"width\":1536,\"height\":1024,\"caption\":\"Servizi di trasporto e parcheggio per eventi e matrimoni sul Lago di Como.\"},{\"@type\":\"BreadcrumbList\",\"@id\":\"https:\\\/\\\/chiarabevents.com\\\/el\\\/%ce%bc%ce%b5%cf%84%ce%b1%cf%86%ce%bf%cf%81%ce%ad%cf%82-%ce%ba%ce%b1%ce%b9-%cf%80%ce%ac%cf%81%ce%ba%ce%b9%ce%bd%ce%b3%ce%ba-%cf%83%cf%84%ce%b7-%ce%bb%ce%af%ce%bc%ce%bd%ce%b7-%ce%ba%cf%8c%ce%bc%ce%bf\\\/#breadcrumb\",\"itemListElement\":[{\"@type\":\"ListItem\",\"position\":1,\"name\":\"Home\",\"item\":\"https:\\\/\\\/chiarabevents.com\\\/\"},{\"@type\":\"ListItem\",\"position\":2,\"name\":\"Trasporti e parcheggi sul Lago di Como: navette, taxi boat e timing realistici\"}]},{\"@type\":\"WebSite\",\"@id\":\"https:\\\/\\\/chiarabevents.com\\\/#website\",\"url\":\"https:\\\/\\\/chiarabevents.com\\\/\",\"name\":\"ChiaraB Events Wedding Planner\",\"description\":\"Un meraviglioso percorso fatto insieme\",\"publisher\":{\"@id\":\"https:\\\/\\\/chiarabevents.com\\\/#organization\"},\"potentialAction\":[{\"@type\":\"SearchAction\",\"target\":{\"@type\":\"EntryPoint\",\"urlTemplate\":\"https:\\\/\\\/chiarabevents.com\\\/?s={search_term_string}\"},\"query-input\":{\"@type\":\"PropertyValueSpecification\",\"valueRequired\":true,\"valueName\":\"search_term_string\"}}],\"inLanguage\":\"hu-HU\"},{\"@type\":\"Organization\",\"@id\":\"https:\\\/\\\/chiarabevents.com\\\/#organization\",\"name\":\"ChiaraB Events Wedding Planner\",\"url\":\"https:\\\/\\\/chiarabevents.com\\\/\",\"logo\":{\"@type\":\"ImageObject\",\"inLanguage\":\"hu-HU\",\"@id\":\"https:\\\/\\\/chiarabevents.com\\\/#\\\/schema\\\/logo\\\/image\\\/\",\"url\":\"https:\\\/\\\/chiarabevents.com\\\/wp-content\\\/uploads\\\/2023\\\/12\\\/cropped-Monogramma_chiarab.png\",\"contentUrl\":\"https:\\\/\\\/chiarabevents.com\\\/wp-content\\\/uploads\\\/2023\\\/12\\\/cropped-Monogramma_chiarab.png\",\"width\":512,\"height\":512,\"caption\":\"ChiaraB Events Wedding Planner\"},\"image\":{\"@id\":\"https:\\\/\\\/chiarabevents.com\\\/#\\\/schema\\\/logo\\\/image\\\/\"},\"sameAs\":[\"https:\\\/\\\/www.facebook.com\\\/chiarabevent\",\"https:\\\/\\\/www.instagram.com\\\/chiarab_events\\\/\"]},{\"@type\":\"Person\",\"@id\":\"https:\\\/\\\/chiarabevents.com\\\/#\\\/schema\\\/person\\\/bbb582cfce34a973ad4463736fd0b0f4\",\"name\":\"ChiaraB Blog\",\"image\":{\"@type\":\"ImageObject\",\"inLanguage\":\"hu-HU\",\"@id\":\"https:\\\/\\\/chiarabevents.com\\\/wp-content\\\/litespeed\\\/avatar\\\/1646323b4cbc3492de1328080709cacc.jpg?ver=1777061573\",\"url\":\"https:\\\/\\\/chiarabevents.com\\\/wp-content\\\/litespeed\\\/avatar\\\/1646323b4cbc3492de1328080709cacc.jpg?ver=1777061573\",\"contentUrl\":\"https:\\\/\\\/chiarabevents.com\\\/wp-content\\\/litespeed\\\/avatar\\\/1646323b4cbc3492de1328080709cacc.jpg?ver=1777061573\",\"caption\":\"ChiaraB Blog\"},\"url\":\"https:\\\/\\\/chiarabevents.com\\\/hu\\\/author\\\/chiarab-blog\\\/\"}]}<\/script>\n<!-- \/ Yoast SEO Premium plugin. -->","yoast_head_json":{"title":"K\u00f6zleked\u00e9s \u00e9s parkol\u00e1s a Com\u00f3i-t\u00f3n\u00e1l: re\u00e1lis id\u0151z\u00edt\u00e9sek | Chiar","description":"Shuttle-k, taxi haj\u00f3k \u00e9s parkol\u00f3k a Com\u00f3i-t\u00f3n\u00e1l: hogyan tervezz\u00fcnk re\u00e1lis id\u0151ket \u00e9s vend\u00e9gsz\u00e1ll\u00edt\u00e1sokat egy stresszmentes esk\u00fcv\u0151h\u00f6z.","robots":{"index":"index","follow":"follow","max-snippet":"max-snippet:-1","max-image-preview":"max-image-preview:large","max-video-preview":"max-video-preview:-1"},"canonical":"https:\/\/chiarabevents.com\/hu\/kozlekedes-es-parkolas-a-comoi-tonal-transzferjaratok-taxi-hajok-es-realis-idozitesek\/","og_locale":"hu_HU","og_type":"article","og_title":"Trasporti e parcheggi sul Lago di Como: navette, taxi boat e timing realistici","og_description":"Navette, taxi boat e parcheggi sul Lago di Como: come pianificare tempi realistici e trasferimenti ospiti per un matrimonio senza stress.","og_url":"https:\/\/chiarabevents.com\/hu\/kozlekedes-es-parkolas-a-comoi-tonal-transzferjaratok-taxi-hajok-es-realis-idozitesek\/","og_site_name":"ChiaraB Events Wedding Planner","article_publisher":"https:\/\/www.facebook.com\/chiarabevent","article_published_time":"2022-06-02T00:02:19+00:00","article_modified_time":"2026-03-12T10:35:45+00:00","og_image":[{"width":1536,"height":1024,"url":"https:\/\/chiarabevents.com\/wp-content\/uploads\/2026\/03\/trasporti-e-parcheggi-sul-lago-di-como-navette-taxi-boat-e-timing-realistici-featured-20260308074239.png","type":"image\/png"}],"author":"ChiaraB Blog","twitter_card":"summary_large_image","twitter_misc":{"Written by":"ChiaraB Blog","Est. reading time":"12 minutes"},"schema":{"@context":"https:\/\/schema.org","@graph":[{"@type":"Article","@id":"https:\/\/chiarabevents.com\/el\/%ce%bc%ce%b5%cf%84%ce%b1%cf%86%ce%bf%cf%81%ce%ad%cf%82-%ce%ba%ce%b1%ce%b9-%cf%80%ce%ac%cf%81%ce%ba%ce%b9%ce%bd%ce%b3%ce%ba-%cf%83%cf%84%ce%b7-%ce%bb%ce%af%ce%bc%ce%bd%ce%b7-%ce%ba%cf%8c%ce%bc%ce%bf\/#article","isPartOf":{"@id":"https:\/\/chiarabevents.com\/el\/%ce%bc%ce%b5%cf%84%ce%b1%cf%86%ce%bf%cf%81%ce%ad%cf%82-%ce%ba%ce%b1%ce%b9-%cf%80%ce%ac%cf%81%ce%ba%ce%b9%ce%bd%ce%b3%ce%ba-%cf%83%cf%84%ce%b7-%ce%bb%ce%af%ce%bc%ce%bd%ce%b7-%ce%ba%cf%8c%ce%bc%ce%bf\/"},"author":{"name":"ChiaraB Blog","@id":"https:\/\/chiarabevents.com\/#\/schema\/person\/bbb582cfce34a973ad4463736fd0b0f4"},"headline":"Trasporti e parcheggi sul Lago di Como: navette, taxi boat e timing realistici","datePublished":"2022-06-02T00:02:19+00:00","dateModified":"2026-03-12T10:35:45+00:00","mainEntityOfPage":{"@id":"https:\/\/chiarabevents.com\/el\/%ce%bc%ce%b5%cf%84%ce%b1%cf%86%ce%bf%cf%81%ce%ad%cf%82-%ce%ba%ce%b1%ce%b9-%cf%80%ce%ac%cf%81%ce%ba%ce%b9%ce%bd%ce%b3%ce%ba-%cf%83%cf%84%ce%b7-%ce%bb%ce%af%ce%bc%ce%bd%ce%b7-%ce%ba%cf%8c%ce%bc%ce%bf\/"},"wordCount":2210,"publisher":{"@id":"https:\/\/chiarabevents.com\/#organization"},"image":{"@id":"https:\/\/chiarabevents.com\/el\/%ce%bc%ce%b5%cf%84%ce%b1%cf%86%ce%bf%cf%81%ce%ad%cf%82-%ce%ba%ce%b1%ce%b9-%cf%80%ce%ac%cf%81%ce%ba%ce%b9%ce%bd%ce%b3%ce%ba-%cf%83%cf%84%ce%b7-%ce%bb%ce%af%ce%bc%ce%bd%ce%b7-%ce%ba%cf%8c%ce%bc%ce%bf\/#primaryimage"},"thumbnailUrl":"https:\/\/chiarabevents.com\/wp-content\/uploads\/2026\/03\/trasporti-e-parcheggi-sul-lago-di-como-navette-taxi-boat-e-timing-realistici-featured-20260308074239.png","keywords":["navette matrimonio","taxi boat como","trasporti lago di como matrimonio"],"articleSection":["Lago di Como"],"inLanguage":"hu-HU"},{"@type":"WebPage","@id":"https:\/\/chiarabevents.com\/el\/%ce%bc%ce%b5%cf%84%ce%b1%cf%86%ce%bf%cf%81%ce%ad%cf%82-%ce%ba%ce%b1%ce%b9-%cf%80%ce%ac%cf%81%ce%ba%ce%b9%ce%bd%ce%b3%ce%ba-%cf%83%cf%84%ce%b7-%ce%bb%ce%af%ce%bc%ce%bd%ce%b7-%ce%ba%cf%8c%ce%bc%ce%bf\/","url":"https:\/\/chiarabevents.com\/el\/%ce%bc%ce%b5%cf%84%ce%b1%cf%86%ce%bf%cf%81%ce%ad%cf%82-%ce%ba%ce%b1%ce%b9-%cf%80%ce%ac%cf%81%ce%ba%ce%b9%ce%bd%ce%b3%ce%ba-%cf%83%cf%84%ce%b7-%ce%bb%ce%af%ce%bc%ce%bd%ce%b7-%ce%ba%cf%8c%ce%bc%ce%bf\/","name":"K\u00f6zleked\u00e9s \u00e9s parkol\u00e1s a Com\u00f3i-t\u00f3n\u00e1l: re\u00e1lis id\u0151z\u00edt\u00e9sek | Chiar","isPartOf":{"@id":"https:\/\/chiarabevents.com\/#website"},"primaryImageOfPage":{"@id":"https:\/\/chiarabevents.com\/el\/%ce%bc%ce%b5%cf%84%ce%b1%cf%86%ce%bf%cf%81%ce%ad%cf%82-%ce%ba%ce%b1%ce%b9-%cf%80%ce%ac%cf%81%ce%ba%ce%b9%ce%bd%ce%b3%ce%ba-%cf%83%cf%84%ce%b7-%ce%bb%ce%af%ce%bc%ce%bd%ce%b7-%ce%ba%cf%8c%ce%bc%ce%bf\/#primaryimage"},"image":{"@id":"https:\/\/chiarabevents.com\/el\/%ce%bc%ce%b5%cf%84%ce%b1%cf%86%ce%bf%cf%81%ce%ad%cf%82-%ce%ba%ce%b1%ce%b9-%cf%80%ce%ac%cf%81%ce%ba%ce%b9%ce%bd%ce%b3%ce%ba-%cf%83%cf%84%ce%b7-%ce%bb%ce%af%ce%bc%ce%bd%ce%b7-%ce%ba%cf%8c%ce%bc%ce%bf\/#primaryimage"},"thumbnailUrl":"https:\/\/chiarabevents.com\/wp-content\/uploads\/2026\/03\/trasporti-e-parcheggi-sul-lago-di-como-navette-taxi-boat-e-timing-realistici-featured-20260308074239.png","datePublished":"2022-06-02T00:02:19+00:00","dateModified":"2026-03-12T10:35:45+00:00","description":"Shuttle-k, taxi haj\u00f3k \u00e9s parkol\u00f3k a Com\u00f3i-t\u00f3n\u00e1l: hogyan tervezz\u00fcnk re\u00e1lis id\u0151ket \u00e9s vend\u00e9gsz\u00e1ll\u00edt\u00e1sokat egy stresszmentes esk\u00fcv\u0151h\u00f6z.","breadcrumb":{"@id":"https:\/\/chiarabevents.com\/el\/%ce%bc%ce%b5%cf%84%ce%b1%cf%86%ce%bf%cf%81%ce%ad%cf%82-%ce%ba%ce%b1%ce%b9-%cf%80%ce%ac%cf%81%ce%ba%ce%b9%ce%bd%ce%b3%ce%ba-%cf%83%cf%84%ce%b7-%ce%bb%ce%af%ce%bc%ce%bd%ce%b7-%ce%ba%cf%8c%ce%bc%ce%bf\/#breadcrumb"},"inLanguage":"hu-HU","potentialAction":[{"@type":"ReadAction","target":["https:\/\/chiarabevents.com\/el\/%ce%bc%ce%b5%cf%84%ce%b1%cf%86%ce%bf%cf%81%ce%ad%cf%82-%ce%ba%ce%b1%ce%b9-%cf%80%ce%ac%cf%81%ce%ba%ce%b9%ce%bd%ce%b3%ce%ba-%cf%83%cf%84%ce%b7-%ce%bb%ce%af%ce%bc%ce%bd%ce%b7-%ce%ba%cf%8c%ce%bc%ce%bf\/"]}]},{"@type":"ImageObject","inLanguage":"hu-HU","@id":"https:\/\/chiarabevents.com\/el\/%ce%bc%ce%b5%cf%84%ce%b1%cf%86%ce%bf%cf%81%ce%ad%cf%82-%ce%ba%ce%b1%ce%b9-%cf%80%ce%ac%cf%81%ce%ba%ce%b9%ce%bd%ce%b3%ce%ba-%cf%83%cf%84%ce%b7-%ce%bb%ce%af%ce%bc%ce%bd%ce%b7-%ce%ba%cf%8c%ce%bc%ce%bf\/#primaryimage","url":"https:\/\/chiarabevents.com\/wp-content\/uploads\/2026\/03\/trasporti-e-parcheggi-sul-lago-di-como-navette-taxi-boat-e-timing-realistici-featured-20260308074239.png","contentUrl":"https:\/\/chiarabevents.com\/wp-content\/uploads\/2026\/03\/trasporti-e-parcheggi-sul-lago-di-como-navette-taxi-boat-e-timing-realistici-featured-20260308074239.png","width":1536,"height":1024,"caption":"Servizi di trasporto e parcheggio per eventi e matrimoni sul Lago di Como."},{"@type":"BreadcrumbList","@id":"https:\/\/chiarabevents.com\/el\/%ce%bc%ce%b5%cf%84%ce%b1%cf%86%ce%bf%cf%81%ce%ad%cf%82-%ce%ba%ce%b1%ce%b9-%cf%80%ce%ac%cf%81%ce%ba%ce%b9%ce%bd%ce%b3%ce%ba-%cf%83%cf%84%ce%b7-%ce%bb%ce%af%ce%bc%ce%bd%ce%b7-%ce%ba%cf%8c%ce%bc%ce%bf\/#breadcrumb","itemListElement":[{"@type":"ListItem","position":1,"name":"Home","item":"https:\/\/chiarabevents.com\/"},{"@type":"ListItem","position":2,"name":"Trasporti e parcheggi sul Lago di Como: navette, taxi boat e timing realistici"}]},{"@type":"WebSite","@id":"https:\/\/chiarabevents.com\/#website","url":"https:\/\/chiarabevents.com\/","name":"ChiaraB Esem\u00e9nyek Esk\u00fcv\u0151szervez\u0151","description":"Egy csod\u00e1latos \u00fat egy\u00fctt megt\u00e9ve","publisher":{"@id":"https:\/\/chiarabevents.com\/#organization"},"potentialAction":[{"@type":"SearchAction","target":{"@type":"EntryPoint","urlTemplate":"https:\/\/chiarabevents.com\/?s={search_term_string}"},"query-input":{"@type":"PropertyValueSpecification","valueRequired":true,"valueName":"search_term_string"}}],"inLanguage":"hu-HU"},{"@type":"Organization","@id":"https:\/\/chiarabevents.com\/#organization","name":"ChiaraB Esem\u00e9nyek Esk\u00fcv\u0151szervez\u0151","url":"https:\/\/chiarabevents.com\/","logo":{"@type":"ImageObject","inLanguage":"hu-HU","@id":"https:\/\/chiarabevents.com\/#\/schema\/logo\/image\/","url":"https:\/\/chiarabevents.com\/wp-content\/uploads\/2023\/12\/cropped-Monogramma_chiarab.png","contentUrl":"https:\/\/chiarabevents.com\/wp-content\/uploads\/2023\/12\/cropped-Monogramma_chiarab.png","width":512,"height":512,"caption":"ChiaraB Events Wedding Planner"},"image":{"@id":"https:\/\/chiarabevents.com\/#\/schema\/logo\/image\/"},"sameAs":["https:\/\/www.facebook.com\/chiarabevent","https:\/\/www.instagram.com\/chiarab_events\/"]},{"@type":"Person","@id":"https:\/\/chiarabevents.com\/#\/schema\/person\/bbb582cfce34a973ad4463736fd0b0f4","name":"ChiaraB Blog","image":{"@type":"ImageObject","inLanguage":"hu-HU","@id":"https:\/\/chiarabevents.com\/wp-content\/litespeed\/avatar\/1646323b4cbc3492de1328080709cacc.jpg?ver=1777061573","url":"https:\/\/chiarabevents.com\/wp-content\/litespeed\/avatar\/1646323b4cbc3492de1328080709cacc.jpg?ver=1777061573","contentUrl":"https:\/\/chiarabevents.com\/wp-content\/litespeed\/avatar\/1646323b4cbc3492de1328080709cacc.jpg?ver=1777061573","caption":"ChiaraB Blog"},"url":"https:\/\/chiarabevents.com\/hu\/author\/chiarab-blog\/"}]}},"_links":{"self":[{"href":"https:\/\/chiarabevents.com\/hu\/wp-json\/wp\/v2\/posts\/34894","targetHints":{"allow":["GET"]}}],"collection":[{"href":"https:\/\/chiarabevents.com\/hu\/wp-json\/wp\/v2\/posts"}],"about":[{"href":"https:\/\/chiarabevents.com\/hu\/wp-json\/wp\/v2\/types\/post"}],"author":[{"embeddable":true,"href":"https:\/\/chiarabevents.com\/hu\/wp-json\/wp\/v2\/users\/4"}],"replies":[{"embeddable":true,"href":"https:\/\/chiarabevents.com\/hu\/wp-json\/wp\/v2\/comments?post=34894"}],"version-history":[{"count":2,"href":"https:\/\/chiarabevents.com\/hu\/wp-json\/wp\/v2\/posts\/34894\/revisions"}],"predecessor-version":[{"id":35148,"href":"https:\/\/chiarabevents.com\/hu\/wp-json\/wp\/v2\/posts\/34894\/revisions\/35148"}],"wp:featuredmedia":[{"embeddable":true,"href":"https:\/\/chiarabevents.com\/hu\/wp-json\/wp\/v2\/media\/35138"}],"wp:attachment":[{"href":"https:\/\/chiarabevents.com\/hu\/wp-json\/wp\/v2\/media?parent=34894"}],"wp:term":[{"taxonomy":"category","embeddable":true,"href":"https:\/\/chiarabevents.com\/hu\/wp-json\/wp\/v2\/categories?post=34894"},{"taxonomy":"post_tag","embeddable":true,"href":"https:\/\/chiarabevents.com\/hu\/wp-json\/wp\/v2\/tags?post=34894"}],"curies":[{"name":"wp","href":"https:\/\/api.w.org\/{rel}","templated":true}]}}