{"id":34899,"date":"2021-01-01T01:06:47","date_gmt":"2020-12-31T23:06:47","guid":{"rendered":"https:\/\/chiarabevents.com\/"},"modified":"2026-03-08T10:39:17","modified_gmt":"2026-03-08T08:39:17","slug":"eso-a-comoi-tonal-belteri-b-terv-az-wow-hatas-elvesztese-nelkul","status":"publish","type":"post","link":"https:\/\/chiarabevents.com\/hu\/eso-a-comoi-tonal-belteri-b-terv-az-wow-hatas-elvesztese-nelkul\/","title":{"rendered":"Es\u0151 a Com\u00f3i-t\u00f3n\u00e1l: belt\u00e9ri B-terv az \u201ewow\u201d hat\u00e1s elveszt\u00e9se n\u00e9lk\u00fcl"},"content":{"rendered":"<h2>Es\u0151 a Com\u00f3i-t\u00f3n\u00e1l: hogyan menthetj\u00fck meg a st\u00edlust egy igaz\u00e1n \u201ewow\u201d belt\u00e9ri B tervvel<\/h2>\n<p>A Com\u00f3i-t\u00f3 filmes b\u00e1jt \u00e1raszt: t\u00f6rt\u00e9nelmi vill\u00e1k, v\u00edzre n\u00e9z\u0151 kertek, olyan l\u00e1tv\u00e1nyok, amelyek m\u00e1r sz\u00ednpadk\u00e9pk\u00e9nt hatnak. \u00c9ppen ez\u00e9rt, amikor az id\u0151j\u00e1r\u00e1s az utols\u00f3 pillanatban megv\u00e1ltozik, a csal\u00f3d\u00e1s k\u00e9tszeres lehet: nemcsak esik az es\u0151, hanem \u00fagy t\u0171nik, elvesz\u00edted azt a \u201ewow hat\u00e1st\u201d, amit a szabadban elk\u00e9pzelt\u00e9l.<\/p>\n<p>A j\u00f3 h\u00edr az, hogy egy <strong>es\u0151s B terv a Com\u00f3i-t\u00f3n\u00e1l<\/strong> nem kell, hogy csak tartal\u00e9k megold\u00e1s legyen. Ha ugyanazzal a gondoss\u00e1ggal tervezik, mint az A tervet, m\u00e9g intimebb\u00e9, eleg\u00e1nsabb\u00e1 \u00e9s az esem\u00e9ny st\u00edlus\u00e1hoz m\u00e9g ink\u00e1bb ill\u0151 \u00e9lm\u00e9nny\u00e9 v\u00e1lhat. A kulcs, hogy ne \u00fagy tekints\u00fcnk a belt\u00e9rre, mint egy \u201eb\u00e1rmilyen bels\u0151 t\u00e9rre\u201d, hanem kezdj\u00fck el \u00fagy kezelni, mint egy d\u00edszletet: f\u00e9ny, t\u00e9r, \u00fatvonalak, hangulat.<\/p>\n<p>Ebben a cikkben egy gyakorlati (\u00e9s re\u00e1lis) megk\u00f6zel\u00edt\u00e9st tal\u00e1lsz arra, hogyan \u00e9p\u00edts fel egy belt\u00e9ri B tervet a Com\u00f3i-t\u00f3n\u00e1l an\u00e9lk\u00fcl, hogy lemondan\u00e1l a diz\u00e1jnr\u00f3l, a k\u00e9nyelemr\u0151l \u00e9s az eml\u00e9kezetes fot\u00f3kr\u00f3l, k\u00fcl\u00f6n\u00f6s tekintettel a <strong>belt\u00e9ri megold\u00e1sokra<\/strong> \u00e9s <strong>eleg\u00e1ns s\u00e1torszerkezetekre<\/strong> amikor a helysz\u00edn engedi.<\/p>\n<h2>Belt\u00e9ri B terv a Com\u00f3i-t\u00f3n\u00e1l: c\u00e9l, st\u00edlus \u00e9s logisztika (improviz\u00e1ci\u00f3 n\u00e9lk\u00fcl)<\/h2>\n<h3>C\u00e9l \u00e9s st\u00edlus: luxus, intim, \u00fati c\u00e9l<\/h3>\n<p>Egy hat\u00e9kony B terv nem m\u00e1solja az A tervet: azt <strong>\u00e9rtelmezi<\/strong>. Ha kertben tervezt\u00e9l cerem\u00f3ni\u00e1t, a belt\u00e9r nem v\u00e1lhat egy gyorsan \u201emegt\u00f6lt\u00f6tt\u201d teremm\u00e9. Pontosan megtervezett eszt\u00e9tikai rendez\u00e9sre van sz\u00fcks\u00e9g: paletta, anyagok, vir\u00e1gok, f\u00e9nyek \u00e9s vend\u00e9gelrendez\u00e9s egy z\u00e1rt t\u00e9rhez igaz\u00edtva.<\/p>\n<p>A Com\u00f3i-t\u00f3 kontextus\u00e1ban az esem\u00e9ny identit\u00e1sa gyakran \u00fati c\u00e9l: t\u00e1volr\u00f3l \u00e9rkez\u0151 vend\u00e9gek, magas elv\u00e1r\u00e1sok, r\u00e9szletekre val\u00f3 odafigyel\u00e9s. A luxus hangulat (m\u00e9g a minimalista is) meg\u0151rz\u00e9s\u00e9hez nagyon j\u00f3l m\u0171k\u00f6dnek:<\/p>\n<ul>\n<li><strong>f\u00fcgg\u0151leges dekor\u00e1ci\u00f3k<\/strong> (\u00f6ssze\u00e1ll\u00edt\u00e1sok, amelyek a tekintetet felfel\u00e9 ir\u00e1ny\u00edtj\u00e1k, hasznosak, ha a t\u00e9r sz\u0171kebb);<\/li>\n<li><strong>Meleg \u00e9s r\u00e9tegzett vil\u00e1g\u00edt\u00e1s<\/strong> (gyerty\u00e1k, f\u00e9nypontok, csill\u00e1rok, ellenf\u00e9ny a m\u00e9lyebb fot\u00f3khoz);<\/li>\n<li><strong>Egy \u201eh\u0151s\u201d pont<\/strong> (egy h\u00e1tt\u00e9r, egy l\u00e1tv\u00e1nyos cs\u00e1sz\u00e1ri asztal, egy sarok a koccint\u00e1shoz), amely helyettes\u00edti a t\u00f3 horizontj\u00e1t.<\/li>\n<\/ul>\n<p>Ha a helysz\u00edn rendelkezik fedett, \u00fcvegezett vagy v\u00edzre n\u00e9z\u0151 terekkel, a B terv ak\u00e1r ki is emelheti az id\u0151j\u00e1r\u00e1st: az es\u0151 text\u00far\u00e1v\u00e1 \u00e9s hangulatt\u00e1 v\u00e1lik, nem probl\u00e9m\u00e1v\u00e1.<\/p>\n<h3>Mit v\u00e1rhatsz id\u0151ben \u00e9s logisztik\u00e1ban<\/h3>\n<p>Az \u201eok\u00e9\u201d \u00e9s a \u201ewow\u201d B terv k\u00f6z\u00f6tti k\u00fcl\u00f6nbs\u00e9g a logisztik\u00e1ban rejlik: <strong>\u00e1t\u00e1ll\u00e1si id\u0151k<\/strong>, technikai bej\u00e1ratok, vend\u00e9g\u00fatvonalak \u00e9s besz\u00e1ll\u00edt\u00f3k kezel\u00e9se. A Com\u00f3i-t\u00f3n\u00e1l, a sz\u0171k utc\u00e1k, v\u00edzi megk\u00f6zel\u00edt\u00e9sek \u00e9s a helysz\u00edni t\u00e9rbeli korl\u00e1tok miatt el\u0151re kell tervezni:<\/p>\n<ul>\n<li>Egy <strong>teljes belt\u00e9ri elrendez\u00e9s<\/strong> (cerem\u00f3nia, aperitif, vacsora, buli) k\u00e9szen \u00e1ll az aktiv\u00e1l\u00e1sra;<\/li>\n<li>Egy <strong>mozgat\u00e1si terv<\/strong> (mi mozog, mikor, ki \u00e1ltal, \u00e9s hol t\u00e1rolj\u00e1k);<\/li>\n<li>Vil\u00e1gos ir\u00e1ny\u00edt\u00e1s az \u00e1tfed\u00e9sek elker\u00fcl\u00e9se \u00e9rdek\u00e9ben a catering, vir\u00e1gk\u00f6t\u00e9szet, hang\/f\u00e9ny \u00e9s fot\u00f3\/vide\u00f3 k\u00f6z\u00f6tt.<\/li>\n<\/ul>\n<p>Amikor lehets\u00e9ges, \u00e9rt\u00e9kelje <strong>eleg\u00e1ns s\u00e1torszerkezetekre<\/strong> fedett terjeszked\u00e9sk\u00e9nt (p\u00e9ld\u00e1ul aperitif vagy vacsora ut\u00e1ni id\u0151szak eset\u00e9n) lehet\u0151v\u00e9 teszi az \u201eopen air\u201d \u00e9rz\u00e9s megtart\u00e1s\u00e1t es\u0151 eset\u00e9n is. Ellen\u0151rizze a term\u00e9k adatlapj\u00e1n a fel\u00fcleteket, \u00e1tl\u00e1tsz\u00f3s\u00e1gokat \u00e9s testreszab\u00e1si lehet\u0151s\u00e9geket: az eszt\u00e9tikai k\u00fcl\u00f6nbs\u00e9g gyakran itt rejlik.<\/p>\n<h2>L\u00e9p\u00e9sr\u0151l l\u00e9p\u00e9sre tervez\u00e9s: re\u00e1lis id\u0151vonal \u00e9s besz\u00e1ll\u00edt\u00f3i ellen\u0151rz\u0151lista<\/h2>\n<h3>Re\u00e1lis id\u0151vonal (12-t\u0151l 2 h\u00f3napig)<\/h3>\n<p>Egy belt\u00e9ri B tervet nem \u201eaz el\u0151z\u0151 h\u00e9ten\u201d d\u00f6nt\u00fcnk el. Ide\u00e1lisan a teljes koncepci\u00f3val egy\u00fctt kell megtervezni, hogy k\u00e9t koherens forgat\u00f3k\u00f6nyv legyen. \u00cdme egy konkr\u00e9t id\u0151vonal, hogy stressz n\u00e9lk\u00fcl k\u00e9sz\u00fclj\u00f6n el:<\/p>\n<ul>\n<li><strong>12\u201310 h\u00f3nap<\/strong>: helysz\u00edn kiv\u00e1laszt\u00e1sa \u00e9s els\u0151 helysz\u00edni szemle \u201eid\u0151j\u00e1r\u00e1si\u201d szemmel. Azonos\u00edtsa a haszn\u00e1lhat\u00f3 belt\u00e9ri tereket, \u00e9s k\u00e9rdezze meg, mely ter\u00fcletek rendezhet\u0151k gyorsan \u00fajra.<\/li>\n<li><strong>9\u20137 h\u00f3nap<\/strong>: A \u00e9s B elrendez\u00e9s meghat\u00e1roz\u00e1sa. Ebben a szakaszban eld\u00f6ntik, hogy integr\u00e1lj\u00e1k-e <strong>belt\u00e9ri megold\u00e1sokra<\/strong> a (termek, loggi\u00e1k, \u00fcvegh\u00e1zak) vagy k\u00fcls\u0151 fed\u00e9seket terveznek.<\/li>\n<li><strong>6\u20134 h\u00f3nap<\/strong>: alkalmazkod\u00f3 vil\u00e1g\u00edt\u00e1si \u00e9s vir\u00e1gdiz\u00e1jn projekt. A c\u00e9l egy olyan B terv elker\u00fcl\u00e9se, amely \u201ek\u00e9tszer annyi\u201d mindent ig\u00e9nyel, hanem modul\u00e1ris elemek megl\u00e9te.<\/li>\n<li><strong>3 h\u00f3nap<\/strong>: logisztikai fel\u00fclvizsg\u00e1lat a cateringgel \u00e9s a berendez\u0151kkel: fel\u00e1ll\u00edt\u00e1si id\u0151k, technikai ter\u00fcletek, sz\u00e1raz \u00fatvonalak vend\u00e9gek \u00e9s szem\u00e9lyzet sz\u00e1m\u00e1ra.<\/li>\n<li><strong>2 h\u00f3nap<\/strong>: kommunik\u00e1ci\u00f3 a vend\u00e9gek fel\u00e9 (praktikus \u00f6lt\u00f6zk\u00f6d\u00e9si k\u00f3d, cip\u0151k, esetleges transzferek) \u00e9s az id\u0151j\u00e1r\u00e1si d\u00f6nt\u00e9si protokoll meghat\u00e1roz\u00e1sa (ki d\u00f6nt, mikor, milyen krit\u00e9riumok alapj\u00e1n).<\/li>\n<\/ul>\n<p>Ha az esem\u00e9nyt null\u00e1r\u00f3l \u00e9p\u00edti fel, \u00e9s teljes k\u00e9pet szeretne a folyamatr\u00f3l, hasznos lehet ezt az id\u0151vonalat egy \u00e1tfog\u00f3bb \u00fatmutat\u00f3val p\u00e1rhuzamosan haszn\u00e1lni: <a href=\"https:\/\/chiarabevents.com\/hu\/eskuvo-szervezese\/\">Esk\u00fcv\u0151szervez\u00e9s: ellen\u0151rz\u0151lista<\/a>.<\/p>\n<h3>Alapvet\u0151 besz\u00e1ll\u00edt\u00f3i ellen\u0151rz\u0151lista (\u00e9s mit k\u00e9rj)<\/h3>\n<p>A B terv nem csak az \u201eahol az embereket elhelyezz\u00fck\u201d: ez egy rendszer. Vonja be a kulcsfontoss\u00e1g\u00fa besz\u00e1ll\u00edt\u00f3kat konkr\u00e9t k\u00e9rd\u00e9sekkel, hogy elker\u00fclje a meglepet\u00e9seket.<\/p>\n<ul>\n<li><strong>Helysz\u00edn<\/strong>: mely belt\u00e9ri terek \u00e1llnak val\u00f3ban rendelkez\u00e9sre? Mely ter\u00fcletek alkalmasak cerem\u00f3nia\/vacsora\/buli megtart\u00e1s\u00e1ra? Hol lehet biztons\u00e1gosan t\u00e1rolni az anyagokat?<\/li>\n<li><strong>Catering<\/strong>: hogyan v\u00e1ltozik a belt\u00e9ri szolg\u00e1ltat\u00e1s? \u00dajragondoland\u00f3 az aperitif (szigetek vs \u00e1thalad\u00e1s)? Melyek a legjobb \u00e1raml\u00e1sok a sorok elker\u00fcl\u00e9s\u00e9re?<\/li>\n<li><strong>Vir\u00e1gk\u00f6t\u00e9szet \u00e9s diz\u00e1jn<\/strong>: mely elemek modul\u00e1risak? Mely \u00f6ssze\u00e1ll\u00edt\u00e1sok m\u0171k\u00f6dnek jobban z\u00e1rt terekben (magass\u00e1g, illatok, s\u0171r\u0171s\u00e9g)?<\/li>\n<li><strong>Hang\/F\u00e9ny<\/strong>: mely f\u00e9nypontok emelik ki a belt\u00e9ri teret? Hogyan ker\u00fclhet\u0151 el a \u201elapos terem\u201d hat\u00e1s a fot\u00f3kon?<\/li>\n<li><strong>Fot\u00f3\/Vide\u00f3<\/strong>: mely belt\u00e9ri sarkok a legjobbak? Lehet-e dedik\u00e1lt portr\u00e9 szettet l\u00e9trehozni, ak\u00e1r es\u0151 h\u00e1tt\u00e9rrel?<\/li>\n<\/ul>\n<p>Ha k\u00fcls\u0151 fed\u00e9s is tervezett, k\u00e9rdezze meg gyakorlatiasan, hogyan illeszkedik a projekthez: bej\u00e1ratok, burkolatok, f\u00e9nypontok \u00e9s eszt\u00e9tikai megjelen\u00e9s. A <strong>eleg\u00e1ns s\u00e1torszerkezetekre<\/strong>term\u00e9k adatlapj\u00e1n ellen\u0151rizze az esetleges oldals\u00f3 z\u00e1r\u00e1si opci\u00f3kat, \u00e1tl\u00e1tsz\u00f3s\u00e1gokat \u00e9s fel\u00fcleteket.<\/p>\n<h3>Vend\u00e9gek \u00e9s transzferek kezel\u00e9se<\/h3>\n<p>Es\u0151 eset\u00e9n a komfort\u00e9rzet megv\u00e1ltozik: m\u00e9g egy r\u00f6vid \u00fat is k\u00e9nyelmetlenn\u00e9 v\u00e1lhat. A Com\u00f3i-t\u00f3n\u00e1l, ahol gyakran mozognak hotelek, vill\u00e1k \u00e9s haj\u00f3k k\u00f6z\u00f6tt, a B tervnek tartalmaznia kell egy \u201esz\u00e1raz\u201d tervet a vend\u00e9gek sz\u00e1m\u00e1ra:<\/p>\n<ul>\n<li><strong>\u00c1tv\u00e9teli pont<\/strong> vil\u00e1gos \u00e9s fedett (vagy a lehet\u0151 legk\u00f6zelebb a bej\u00e1rathoz);<\/li>\n<li><strong>Fedett \u00fatvonalak<\/strong> vagy fel\u00fcgyeltek (koordin\u00e1lt eserny\u0151k, k\u00eds\u00e9r\u0151 szem\u00e9lyzet);<\/li>\n<li><strong>Id\u0151z\u00edt\u00e9s<\/strong> l\u00e1gyabb: az es\u0151 lass\u00edt, m\u00e9g ha csak egy j\u00e1rm\u0171re val\u00f3 fel- vagy lesz\u00e1ll\u00e1sr\u00f3l van is sz\u00f3.<\/li>\n<\/ul>\n<p>Egy apr\u00f3s\u00e1g, ami sz\u00e1m\u00edt: el\u0151re t\u00e1j\u00e9koztatni a vend\u00e9geket, mire sz\u00e1m\u00edthatnak, p\u00e1nikkelt\u00e9s n\u00e9lk\u00fcl. Az \u00e9rz\u00e9s legyen \u201eminden el\u0151 van k\u00e9sz\u00edtve\u201d, ne \u201erem\u00e9lj\u00fck a legjobbakat\u201d.<\/p>\n<h2>K\u00f6lts\u00e9gvet\u00e9s \u00e9s priorit\u00e1sok: hol \u00e9rdemes befektetni a belt\u00e9ri l\u00e1tv\u00e1nyhat\u00e1s maximaliz\u00e1l\u00e1s\u00e1hoz<\/h2>\n<h3>F\u0151bb t\u00e9telek figyelembev\u00e9tele (an\u00e9lk\u00fcl, hogy mindent megism\u00e9teln\u00e9nk)<\/h3>\n<p>A B-terv tipikus kock\u00e1zata, hogy azt gondoljuk, \u201eegy m\u00e1sodik esk\u00fcv\u0151re\u201d van sz\u00fcks\u00e9g. Val\u00f3j\u00e1ban egy j\u00f3 terv olyan elemekre \u00e9p\u00edt, amelyek mindk\u00e9t forgat\u00f3k\u00f6nyvben m\u0171k\u00f6dnek. A legink\u00e1bb a belt\u00e9ri \u00e9lm\u00e9nyt befoly\u00e1sol\u00f3 t\u00e9telek:<\/p>\n<ul>\n<li><strong>F\u00e9nyek<\/strong> (hangulatot teremtenek \u00e9s kiemelik a tereket \u00e9s r\u00e9szleteket);<\/li>\n<li><strong>Asztalok dekor\u00e1ci\u00f3ja<\/strong> (text\u00far\u00e1k, magass\u00e1gok, asztald\u00edszek, amelyek \u00f6sszhangban vannak a t\u00e9rrel);<\/li>\n<li><strong>H\u00e1tt\u00e9r vagy cerem\u00f3nia ter\u00fclet<\/strong> (egy er\u0151s fot\u00f3pont helyettes\u00edti a panor\u00e1m\u00e1t);<\/li>\n<li><strong>T\u00e9rkezel\u00e9s<\/strong> (eleg\u00e1ns elv\u00e1laszt\u00e1sok, \u00fatvonalak, lounge ter\u00fcletek).<\/li>\n<\/ul>\n<p>Ha a helysz\u00edn lehet\u0151v\u00e9 tesz egy fedett k\u00fclt\u00e9ri ter\u00fcletet, azok <strong>eleg\u00e1ns s\u00e1torszerkezetekre<\/strong> strat\u00e9giai befektet\u00e9ss\u00e9 v\u00e1lhatnak, mert meg\u0151rzik a \u201et\u00f3parti esem\u00e9ny\u201d \u00e9rz\u00e9s\u00e9t akkor is, ha az \u00e9g nem kedvez.<\/p>\n<h3>Hol \u00e9rdemes befektetni a leny\u0171g\u00f6z\u0151 hat\u00e1s fenntart\u00e1s\u00e1hoz<\/h3>\n<p>A belt\u00e9r nem jelent kevesebb l\u00e1tv\u00e1nyoss\u00e1got: azt jelenti, hogy te teremted meg a d\u00edszletet. H\u00e1rom nagy hat\u00e1s\u00fa eszk\u00f6z:<\/p>\n<ul>\n<li><strong>L\u00e1tv\u00e1nyos vil\u00e1g\u00edt\u00e1s<\/strong>meleg f\u00e9nypontok, ellenf\u00e9ny a t\u00e1nct\u00e9rhez, gyerty\u00e1k \u00e9s csill\u00e1rok (amikor a t\u00e9r engedi) azonnal \u00e1talak\u00edtj\u00e1k a k\u00f6rnyezetet.<\/li>\n<li><strong>Eml\u00e9kezetes bej\u00e1rat<\/strong>egy vir\u00e1gos folyos\u00f3, egy gondosan kialak\u00edtott fogad\u00f3 sarok, egy fogadtat\u00e1s zene \u00e9s italok k\u00eds\u00e9ret\u00e9ben. Ez az els\u0151 k\u00e9p, amit a vend\u00e9gek \u201er\u00f6gz\u00edtenek\u201d.<\/li>\n<li><strong>Okos elrendez\u00e9s<\/strong>asztalok \u00e9s \u00fcl\u00e9sek elhelyez\u00e9se \u00fagy, hogy leveg\u0151t adjon, perspekt\u00edv\u00e1kat teremtsen \u00e9s vezesse a tekintetet. Egy kis terem is kifinomultnak t\u0171nhet, ha j\u00f3l van megtervezve.<\/li>\n<\/ul>\n<p>Amikor az es\u0151 er\u0151s, az esem\u00e9ny term\u00e9szetesen egyetlen helysz\u00ednre koncentr\u00e1l\u00f3dik. Ilyenkor az els\u0151dleges c\u00e9l az \u201e\u00f6sszez\u00e1rts\u00e1g\u201d elker\u00fcl\u00e9se: jobb mikroter\u00fcleteket tervezni (lounge, b\u00e1r, fot\u00f3z\u00e1si pont), amelyek elosztj\u00e1k az embereket \u00e9s g\u00f6rd\u00fcl\u00e9kenyebb\u00e9 teszik az \u00e9lm\u00e9nyt.<\/p>\n<h3>K\u00f6lts\u00e9gn\u00f6vel\u0151 hib\u00e1k (\u00e9s hogyan ker\u00fclhet\u0151k el)<\/h3>\n<ul>\n<li><strong>K\u00e9s\u0151i d\u00f6nt\u00e9s<\/strong>Az utols\u00f3 pillanatban t\u00f6bb munkaer\u0151re \u00e9s kev\u00e9sb\u00e9 eleg\u00e1ns megold\u00e1sokra van sz\u00fcks\u00e9g.<\/li>\n<li><strong>Ne legyen teljes B terv<\/strong>Ha a B terv csak annyi, hogy \u201ebentre k\u00f6lt\u00f6z\u00fcnk\u201d, akkor probl\u00e9m\u00e1k mer\u00fclnek fel a forgalom, a technikai helyek \u00e9s a kapacit\u00e1s \u00e9rz\u00e9kel\u00e9se ter\u00e9n.<\/li>\n<li><strong>Ne hagyd figyelmen k\u00edv\u00fcl a vil\u00e1g\u00edt\u00e1st<\/strong>Egy belt\u00e9ri helysz\u00edn vil\u00e1g\u00edt\u00e1si terv n\u00e9lk\u00fcl lapos lehet, \u00e9s azt\u00e1n megpr\u00f3b\u00e1lj\u00e1k \u201emegmenteni\u201d nem tervezett extra megold\u00e1sokkal.<\/li>\n<li><strong>Al\u00e1becs\u00fclni az \u00fatvonalakat<\/strong>Ha a vend\u00e9gek bej\u00f6vetelekor vagy mozg\u00e1s k\u00f6zben meg\u00e1zva \u00e9rkeznek, az \u00e9lm\u00e9ny sz\u00ednvonala cs\u00f6kken, m\u00e9g egy gy\u00f6ny\u00f6r\u0171 d\u00edszlet mellett is.<\/li>\n<\/ul>\n<h2>Como-t\u00f3 es\u0151 B terve: kock\u00e1zatkezel\u00e9s, belt\u00e9ri alternat\u00edv\u00e1k \u00e9s gyors d\u00f6nt\u00e9sek<\/h2>\n<h3>Id\u0151j\u00e1r\u00e1s \u00e9s alternat\u00edv megold\u00e1sok: belt\u00e9ri, fedett \u00e9s hibrid terek<\/h3>\n<p>Egy <strong>es\u0151s B terv a Com\u00f3i-t\u00f3n\u00e1l<\/strong> J\u00f3l fel\u00e9p\u00edtett terv sz\u00e1mol a forgat\u00f3k\u00f6nyvekkel. Nem kell meteorol\u00f3gusnak lenni: vil\u00e1gos \u00e9s aktiv\u00e1lhat\u00f3 opci\u00f3kra van sz\u00fcks\u00e9g. Gyakorlatilag h\u00e1rom szinten gondolkodhatsz:<\/p>\n<ul>\n<li><strong>Teljes belt\u00e9ri<\/strong>Szertart\u00e1s, aperitif \u00e9s vacsora bels\u0151 terekben. Ide\u00e1lis, ha az es\u0151 tart\u00f3s vagy a sz\u00e9l k\u00e9nyelmetlenn\u00e9 teszi a k\u00fclt\u00e9ri helysz\u00edneket.<\/li>\n<li><strong>Hibrid<\/strong>Belt\u00e9ri szertart\u00e1s \u00e9s fedett k\u00fclt\u00e9ri aperitif\/vacsora, vagy ford\u00edtva, a logisztik\u00e1t\u00f3l f\u00fcgg\u0151en.<\/li>\n<li><strong>V\u00e9dett k\u00fclt\u00e9ri<\/strong>Ha a helysz\u00edn engedi, fed\u00e9sek \u00e9s szerkezetek lehet\u0151v\u00e9 teszik, hogy a \u201et\u00f3parton\u201d maradjunk an\u00e9lk\u00fcl, hogy ki lenn\u00e9nk t\u00e9ve az id\u0151j\u00e1r\u00e1snak.<\/li>\n<\/ul>\n<p>A <strong>belt\u00e9ri megold\u00e1sokra<\/strong> A leghat\u00e9konyabbak azok a megold\u00e1sok, amelyek nem \u201eelrejtik\u201d a tavat, hanem keretezik: \u00fcvegfalak, torn\u00e1cok, kil\u00e1t\u00e1ssal rendelkez\u0151 termek. Ha viszont a bels\u0151 t\u00e9r semlegesebb, a designra \u00e9s a vil\u00e1g\u00edt\u00e1sra kell \u00e9p\u00edteni, hogy er\u0151s identit\u00e1st teremts\u00fcnk.<\/p>\n<p>Ha a keretet v\u00e1lasztod vagy meg akarod \u00e9rteni, hogyan \u00e9rt\u00e9keld a helysz\u00edneket \u00e9s alternat\u00edv\u00e1kat, hasznos lehet egy dedik\u00e1lt \u00e1ttekint\u00e9s: <a href=\"https:\/\/chiarabevents.com\/hu\/chiarab-events-az-utmutatod-egy-eskuvohoz-a-comoi-tonal\/\">Esk\u00fcv\u0151 a Com\u00f3i-t\u00f3n\u00e1l: \u00fatmutat\u00f3<\/a>\u00c1ltal\u00e1nos ter\u00fcleti kontextus\u00e9rt megtal\u00e1lod m\u00e9g <a href=\"https:\/\/it.wikipedia.org\/wiki\/Lago_di_Como\" target=\"_blank\" rel=\"noopener noreferrer nofollow\">R\u00e9szletes inform\u00e1ci\u00f3: Com\u00f3i-t\u00f3 (Wikipedia)<\/a>.<\/p>\n<h3>Helysz\u00edn enged\u00e9lyei \u00e9s korl\u00e1toz\u00e1sai: mit ellen\u0151rizz\u00fcnk el\u0151tte<\/h3>\n<p>Minden villa, hotel vagy t\u00f6rt\u00e9nelmi rezidencia rendelkezik szab\u00e1lyokkal \u00e9s m\u0171k\u00f6d\u00e9si korl\u00e1tokkal. An\u00e9lk\u00fcl, hogy technikai vagy szab\u00e1lyoz\u00e1si r\u00e9szletekbe menn\u00e9nk, a B terv szempontj\u00e1b\u00f3l fontos el\u0151re tiszt\u00e1zni:<\/p>\n<ul>\n<li><strong>Mely bels\u0151 terek<\/strong> val\u00f3ban haszn\u00e1lhat\u00f3k \u00e9s milyen id\u0151pontokban;<\/li>\n<li><strong>Bej\u00e1ratok \u00e9s teherb\u00edr\u00e1s<\/strong> a d\u00edszletek \u00e9s felszerel\u00e9sek sz\u00e1m\u00e1ra (\u00f6sszeszerel\u00e9s, \u00e1tj\u00e1r\u00f3k, kiszolg\u00e1l\u00f3 ter\u00fcletek);<\/li>\n<li><strong>Lehet\u0151s\u00e9g ideiglenes telep\u00edt\u00e9sekre<\/strong> kint (ha tervezett), \u00e9s hogyan illeszkednek a kerthez \u00e9s az utakhoz.<\/li>\n<\/ul>\n<p>Ha fed\u00e9seket vagy szerkezeteket fontolgatsz, mindig k\u00e9rj renderk\u00e9peket vagy hasonl\u00f3 berendez\u00e9si p\u00e9ld\u00e1kat, \u00e9s ha el\u00e9rhet\u0151, ellen\u0151rizd a term\u00e9k adatlapj\u00e1n az eszt\u00e9tikai r\u00e9szleteket \u00e9s a befejez\u00e9si opci\u00f3kat: ezek hat\u00e1rozz\u00e1k meg a \u201eeleg\u00e1ns\u201d \u00e9s nem \u201etechnikai\u201d hat\u00e1st.<\/p>\n<h3>Szerz\u0151d\u00e9sek \u00e9s el\u0151legek: hogyan tehet\u0151 val\u00f3ban aktiv\u00e1lhat\u00f3v\u00e1 a B terv<\/h3>\n<p>A B terv csak akkor l\u00e9tezik, ha az utols\u00f3 pillanatban t\u00f6rt\u00e9n\u0151 t\u00e1rgyal\u00e1sok n\u00e9lk\u00fcl aktiv\u00e1lhat\u00f3. A besz\u00e1ll\u00edt\u00f3kkal k\u00f6t\u00f6tt meg\u00e1llapod\u00e1sok sor\u00e1n hasznos mindent vil\u00e1gosan \u00edr\u00e1sban r\u00f6gz\u00edteni: mi t\u00f6rt\u00e9nik, ha belt\u00e9rbe kell menni, mely elemek tartoznak bele, melyek ig\u00e9nyelnek m\u00f3dos\u00edt\u00e1st, \u00e9s milyen id\u0151z\u00edt\u00e9ssel hozhat\u00f3 meg a d\u00f6nt\u00e9s.<\/p>\n<p>Ez nem bizalmatlans\u00e1g k\u00e9rd\u00e9se, hanem nyugalom\u00e9: es\u0151 eset\u00e9n a priorit\u00e1s, hogy a vend\u00e9gek z\u00f6kken\u0151mentes esem\u00e9nyt \u00e9ljenek \u00e1t. Ha minden d\u00f6nt\u00e9s s\u00fcrg\u0151s telefonh\u00edv\u00e1ss\u00e1 v\u00e1lik, az energia \u00e1ttev\u0151dik a diz\u00e1jnt\u00f3l a k\u00e1osz kezel\u00e9s\u00e9re.<\/p>\n<h2>Vend\u00e9g\u00e9lm\u00e9ny es\u0151ben: k\u00e9nyelem, utak \u00e9s r\u00e9szletek, amelyek emelik a sz\u00ednvonalat<\/h2>\n<h3>\u00dcdv\u00f6zl\u0151 pillanat, tev\u00e9kenys\u00e9gek \u00e9s vend\u00e9gl\u00e1t\u00e1s<\/h3>\n<p>Es\u0151ben a vend\u00e9gek gyakran f\u00e1radtabbak: eserny\u0151vel s\u00e9t\u00e1ltak, kezelt\u00e9k a csomagokat, v\u00e1rtak a transzferre. A hangulat \u201evissza\u00e1ll\u00edt\u00e1s\u00e1nak\u201d legjobb m\u00f3dja egy j\u00f3l \u00e1tgondolt fogadtat\u00e1s.<\/p>\n<ul>\n<li><strong>\u00dcdv\u00f6zl\u0151 sarok<\/strong> sz\u00e1raz \u00e9s rendezett: egy pont, ahol letehetik a kab\u00e1tokat\/eserny\u0151ket, \u00e9s azonnal otthon \u00e9rezhetik magukat.<\/li>\n<li><strong>Zene<\/strong> m\u00e1r a bej\u00e1ratn\u00e1l jelen van: egy eleg\u00e1ns h\u00e1tt\u00e9rzene is megv\u00e1ltoztatja a t\u00e9r \u00e9rz\u00e9kel\u00e9s\u00e9t.<\/li>\n<li><strong>Mikro-pillanatok<\/strong>: egy \u00fcdv\u00f6zl\u0151 koccint\u00e1s, egy fot\u00f3sarok, egy kis nyit\u00f3 ritu\u00e1l\u00e9. A belt\u00e9r jobban kontroll\u00e1lja az id\u0151z\u00edt\u00e9st \u00e9s a hangulatot.<\/li>\n<\/ul>\n<p>Ha a program szabadt\u00e9ri tev\u00e9kenys\u00e9geket tartalmazott, \u00e9rt\u00e9kelj koherens belt\u00e9ri alternat\u00edv\u00e1kat: nem a \u201ekit\u00f6lt\u00e9s\u201d a c\u00e9l, hanem az \u00e9lm\u00e9ny megteremt\u00e9se. N\u00e9ha el\u00e9g egy t\u00f6rt\u00e9netmes\u00e9l\u0151 \u00fatvonal (fot\u00f3k, helyi r\u00e9szletek, dedik\u00e1lt sarkok) a desztin\u00e1ci\u00f3 dimenzi\u00f3j\u00e1nak meg\u0151rz\u00e9s\u00e9hez.<\/p>\n<h3>Sz\u00e1ll\u00edt\u00e1s, transzferek \u00e9s parkol\u00f3k: a folyamatoss\u00e1g mindenekel\u0151tt<\/h3>\n<p>A Com\u00f3i-t\u00f3 csod\u00e1latos, de nem mindig egyszer\u0171: panor\u00e1m\u00e1s, de sz\u0171k utak, v\u00e1ltoz\u00f3 id\u0151z\u00edt\u00e9sek, k\u00fcl\u00f6nleges behajt\u00e1sok. Es\u0151ben az \u00e1tj\u00e1rhat\u00f3s\u00e1g a tapasztalat szerves r\u00e9sz\u00e9v\u00e9 v\u00e1lik.<\/p>\n<ul>\n<li><strong>Eltolt id\u0151pontok<\/strong> hogy elker\u00fclj\u00fck a t\u00f6meges \u00e9rkez\u00e9seket;<\/li>\n<li><strong>Tal\u00e1lkoz\u00e1si pontok<\/strong> vil\u00e1gosan kommunik\u00e1lva (\u00e9s k\u00f6nnyen el\u00e9rhet\u0151ek);<\/li>\n<li><strong>Koordin\u00e1ci\u00f3s szem\u00e9lyzet<\/strong> jelen a kritikus pillanatokban (\u00e9rkez\u00e9s, helysz\u00ednv\u00e1lt\u00e1s, visszat\u00e9r\u00e9s).<\/li>\n<\/ul>\n<p>Egy praktikus tan\u00e1cs: tervezz extra id\u0151t a f\u0151bb pillanatok k\u00f6z\u00f6tt. Ez nem \u201el\u00e1tszik\u201d a programban, de nagyon \u00e9rezhet\u0151 az esem\u00e9ny min\u0151s\u00e9g\u00e9ben.<\/p>\n<h3>Vil\u00e1gos \u00fatmutat\u00e1sok \u00e9s esk\u00fcv\u0151i weboldal: kevesebb k\u00e9rd\u00e9s, t\u00f6bb var\u00e1zslat<\/h3>\n<p>Es\u0151 eset\u00e9n n\u0151 a k\u00e9rd\u00e9sek sz\u00e1ma: \u201eHol l\u00e9pek be?\u201d, \u201eHol hagyhatom az eserny\u0151t?\u201d, \u201eA cerem\u00f3nia bent vagy kint lesz?\u201d, \u201eHogyan k\u00f6zlekedjek?\u201d. Ha eleg\u00e1ns hangnemet szeretn\u00e9l meg\u0151rizni, a v\u00e1lasz nem a folyamatos bejelent\u00e9sek: az a <strong>el\u0151re l\u00e1ss\u00e1k<\/strong> inform\u00e1ci\u00f3k.<\/p>\n<ul>\n<li><strong>Esk\u00fcv\u0151i weboldal<\/strong> vagy inform\u00e1ci\u00f3s oldal gyors friss\u00edt\u00e9sekkel;<\/li>\n<li><strong>Diszkr\u00e9t jelz\u00e9sek<\/strong> de vil\u00e1gos (\u00fatvonalak, szolg\u00e1ltat\u00e1sok, ruhat\u00e1r);<\/li>\n<li><strong>R\u00f6vid \u00fczenetek<\/strong> az esem\u00e9ny napj\u00e1n: egyetlen koordin\u00e1lt kommunik\u00e1ci\u00f3 t\u00f6bbet \u00e9r t\u00edz k\u00fcl\u00f6n\u00e1ll\u00f3 cseveg\u00e9sn\u00e9l.<\/li>\n<\/ul>\n<p>\u00cdgy a vend\u00e9g magabiztosan mozog, \u00e9s te meg\u0151rz\u00f6d a \u201eminden ellen\u0151rz\u00e9s alatt\u201d \u00e9rz\u00e9s\u00e9t, ami a luxus val\u00f3di meghat\u00e1roz\u00e1sa.<\/p>\n<p><!--W4Y_BF_SUGGESTED_PRODUCTS--><\/p>\n<h2>Gyakran ism\u00e9telt k\u00e9rd\u00e9sek a Como-t\u00f3 belt\u00e9ri B terv\u00e9r\u0151l (an\u00e9lk\u00fcl, hogy elvesz\u00edten\u00e9nk a wow hat\u00e1st)<\/h2>\n<p>Az al\u00e1bbiakban megtal\u00e1lod a leggyakrabban feltett k\u00e9rd\u00e9sekre adott v\u00e1laszokat, amikor belt\u00e9ri B tervet tervezel a Como-t\u00f3n\u00e1l. Ha szeretn\u00e9d, ezeket a v\u00e1laszokat szem\u00e9lyre szabott m\u0171veleti tervv\u00e9 alak\u00edthatjuk a helysz\u00ednedre \u00e9s st\u00edlusodra szabva.<\/p>\n<h2>Egy utols\u00f3 l\u00e9p\u00e9s: a B tervet a projekt r\u00e9sz\u00e9v\u00e9 alak\u00edtani (nem v\u00e9szhelyzett\u00e9)<\/h2>\n<p>Az es\u0151 a Como-t\u00f3n\u00e1l nem veheti el a var\u00e1zst: hozz\u00e1adhat hangulatot, intimit\u00e1st \u00e9s kifinomult eszt\u00e9tik\u00e1t, ha a B tervet ugyanazzal a gondoss\u00e1ggal tervezik, mint az A tervet. Ha teljes k\u00f6r\u0171 rendez\u00e9st szeretn\u00e9l \u2014 a helysz\u00edn kiv\u00e1laszt\u00e1s\u00e1t\u00f3l a tervez\u00e9sig <strong>belt\u00e9ri megold\u00e1sokra<\/strong> \u00e9s eleg\u00e1ns alternat\u00edv\u00e1kig \u2014 fedezd fel a dedik\u00e1lt r\u00e9szt, \u00e9s hagyd, hogy vezessen: az esem\u00e9nyed minden helyzetben eml\u00e9kezetes maradhat.<\/p>\n<section class=\"w4y-bf-related-posts\"><h2>Kapcsol\u00f3d\u00f3 cikkek<\/h2><ul><li><a href=\"https:\/\/chiarabevents.com\/hu\/viragdekoraciok-a-comoi-tonal-elegans-palettak-es-evszakok\/\">Vir\u00e1gdekor\u00e1ci\u00f3k a Com\u00f3i-t\u00f3n\u00e1l: eleg\u00e1ns palett\u00e1k \u00e9s \u00e9vszakok<\/a><\/li><li><a href=\"https:\/\/chiarabevents.com\/hu\/hogyan-szervezzunk-eskuvoi-hetveget-a-comoi-tonal-udvozlo-vacsora-es-brunch\/\">Hogyan szervezz\u00fcnk esk\u00fcv\u0151i h\u00e9tv\u00e9g\u00e9t a Com\u00f3i-t\u00f3n\u00e1l: \u00fcdv\u00f6zl\u0151 vacsora \u00e9s brunch<\/a><\/li><li><a href=\"https:\/\/chiarabevents.com\/hu\/tortenelmi-villa-vs-luxusszalloda-a-comoi-tonal-melyik-valasztas-eri-meg-igazan\/\">T\u00f6rt\u00e9nelmi villa vs luxussz\u00e1lloda a Com\u00f3i-t\u00f3n\u00e1l: melyik v\u00e1laszt\u00e1s \u00e9ri meg igaz\u00e1n?<\/a><\/li><li><a href=\"https:\/\/chiarabevents.com\/hu\/kozlekedes-es-parkolas-a-comoi-tonal-transzferjaratok-taxi-hajok-es-realis-idozitesek\/\">K\u00f6zleked\u00e9s \u00e9s parkol\u00e1s a Com\u00f3i-t\u00f3n\u00e1l: transzferj\u00e1ratok, taxi haj\u00f3k \u00e9s re\u00e1lis id\u0151z\u00edt\u00e9sek<\/a><\/li><li><a href=\"https:\/\/chiarabevents.com\/hu\/mennyibe-kerul-valojaban-egy-eskuvo-a-comoi-tonal-koltsegvetesi-becslesek-es-tartomanyok\/\">Mennyibe ker\u00fcl val\u00f3j\u00e1ban egy esk\u00fcv\u0151 a Com\u00f3i-t\u00f3n\u00e1l: k\u00f6lts\u00e9gvet\u00e9si becsl\u00e9sek \u00e9s tartom\u00e1nyok<\/a><\/li><li><a href=\"https:\/\/chiarabevents.com\/hu\/hogyan-valasszuk-ki-a-megfelelo-villat-a-comoi-tonal-latogatasi-ellenorzolista-es-kulcskerdesek\/\">Hogyan v\u00e1lasszuk ki a megfelel\u0151 vill\u00e1t a Com\u00f3i-t\u00f3n\u00e1l: l\u00e1togat\u00e1si ellen\u0151rz\u0151lista \u00e9s kulcsk\u00e9rd\u00e9sek<\/a><\/li><\/ul><\/section>\n<hr \/>\n<h2>GYIK<\/h2>\n<div class=\"w4y-faq\">\n<h3>Mikor d\u00f6nt\u00fcnk \u00fagy, hogy aktiv\u00e1ljuk a B tervet a Como-t\u00f3 belt\u00e9ri r\u00e9sz\u00e9n?<\/h3>\n<p>Ide\u00e1lisan el\u0151re meghat\u00e1roznak egy d\u00f6nt\u00e9si id\u0151ablakot (helysz\u00ednnel \u00e9s szolg\u00e1ltat\u00f3kkal), \u00e9s eld\u00f6ntik, ki hozza meg a d\u00f6nt\u00e9st. Gyakorlatban \u00e9rdemes olyan id\u0151pontot v\u00e1lasztani, amikor a berendez\u00e9sek \u00e9s a logisztika m\u00e9g stressz n\u00e9lk\u00fcl v\u00e1ltoztathat\u00f3k, \u00edgy az \u00e9lm\u00e9ny z\u00f6kken\u0151mentes marad a vend\u00e9gek \u00e9s a szem\u00e9lyzet sz\u00e1m\u00e1ra.<\/p>\n<h3>Lehet egy belt\u00e9ri B terv olyan eleg\u00e1ns, mint egy k\u00fclt\u00e9ri berendez\u00e9s?<\/h3>\n<p>Igen, ha \u00fagy tervezt\u00e9k, mint egy k\u00e9szletet: elrendez\u00e9s, vil\u00e1g\u00edt\u00e1s, egy f\u0151 d\u00edszletpont \u00e9s gondosan kialak\u00edtott vend\u00e9g\u00fatvonalak. A belt\u00e9ri t\u00e9rnek nem szabad lem\u00e1solnia a k\u00fclt\u00e9rit, hanem \u00fajra kell \u00e9rtelmeznie azt anyagokkal, magass\u00e1gokkal \u00e9s vil\u00e1g\u00edt\u00e1ssal, amelyeket z\u00e1rt t\u00e9rre terveztek.<\/p>\n<h3>Melyek a leghat\u00e9konyabb belt\u00e9ri megold\u00e1sok es\u0151 eset\u00e9n a Com\u00f3i-t\u00f3n\u00e1l?<\/h3>\n<p>Nagyon j\u00f3l m\u0171k\u00f6dnek a t\u00f3ra n\u00e9z\u0151 teraszok, torn\u00e1cok, \u00fcvegh\u00e1zak vagy \u00fcvegfalas helyis\u00e9gek, amelyek meg\u0151rzik a vizu\u00e1lis kapcsolatot a t\u00f3val. Ha a bels\u0151 t\u00e9r semlegesebb, akkor \u00e9rdemes r\u00e9tegzett vil\u00e1g\u00edt\u00e1sra, f\u00fcgg\u0151leges elrendez\u00e9sekre \u00e9s er\u0151s fot\u00f3h\u00e1tt\u00e9rre t\u00f6rekedni.<\/p>\n<h3>Az eleg\u00e1ns fesz\u00edtett szerkezetek j\u00f3 alternat\u00edv\u00e1t jelentenek a teljesen belt\u00e9ri B tervhez?<\/h3>\n<p>Gyakran igen, mert lehet\u0151v\u00e9 teszik, hogy \u201eopen air\u201d k\u00f6rnyezetben maradjunk, mik\u00f6zben v\u00e9dettek vagyunk. Az eszt\u00e9tikai megjelen\u00e9s a kivitelez\u00e9st\u0151l \u00e9s a konfigur\u00e1ci\u00f3kt\u00f3l f\u00fcgg: ellen\u0151rizd a term\u00e9k adatlapj\u00e1n az olyan opci\u00f3kat, mint az \u00e1tl\u00e1tsz\u00f3s\u00e1g, oldals\u00f3 z\u00e1r\u00e1sok \u00e9s testreszab\u00e1si r\u00e9szletek.<\/p>\n<h3>Hogyan ker\u00fclhetj\u00fck el, hogy a vend\u00e9gek vizesek legyenek \u00e9s az \u00e9lm\u00e9ny sz\u00ednvonala cs\u00f6kkenjen?<\/h3>\n<p>Sz\u00fcks\u00e9g van egy \u00fatitervre: vil\u00e1gos \u00e9rkez\u00e9si pontok, fedett vagy lehet\u0151leg min\u00e9l k\u00f6zelebb l\u00e9v\u0151 bej\u00e1ratok, k\u00eds\u00e9r\u0151 szem\u00e9lyzet \u00e9s rugalmasabb \u00e1tsz\u00e1ll\u00e1si id\u0151k. Egy egyszer\u0171 \u00e9s el\u0151zetes kommunik\u00e1ci\u00f3 (esk\u00fcv\u0151i weboldal vagy koordin\u00e1lt \u00fczenet) szint\u00e9n cs\u00f6kkenti a zavart \u00e9s meg\u0151rzi az eleg\u00e1ns l\u00e9gk\u00f6rt.<\/p>\n<h3>Mely besz\u00e1ll\u00edt\u00f3kat kell bevonni a B terv aktiv\u00e1l\u00e1s\u00e1hoz?<\/h3>\n<p>Helysz\u00edn, catering, vir\u00e1gk\u00f6t\u00e9szet\/diz\u00e1jn, hang-f\u00e9ny \u00e9s fot\u00f3-vide\u00f3. Mindenkinek tudnia kell, hogyan v\u00e1ltozik a saj\u00e1t munk\u00e1ja belt\u00e9ren: elrendez\u00e9s, szolg\u00e1ltat\u00e1si folyamatok, f\u00e9nyforr\u00e1sok, fot\u00f3s sz\u00f6gek \u00e9s \u00f6sszeszerel\u00e9si id\u0151k. \u00cdgy a B tervre val\u00f3 \u00e1t\u00e1ll\u00e1s rendez\u0151v\u00e1lt\u00e1s lesz, nem pedig v\u00e9szhelyzet.<\/p>\n<\/div>\n<p><script type=\"application\/ld+json\">{\n    \"@context\": \"https:\\\/\\\/schema.org\",\n    \"@type\": \"FAQPage\",\n    \"mainEntity\": [\n        {\n            \"@type\": \"Question\",\n            \"name\": \"Quando si decide di attivare il piano B indoor sul Lago di Como?\",\n            \"acceptedAnswer\": {\n                \"@type\": \"Answer\",\n                \"text\": \"Idealmente si definisce una finestra decisionale in anticipo (con location e fornitori) e si stabilisce chi prende la decisione. In pratica, conviene scegliere un momento in cui allestimenti e logistica possono ancora cambiare senza stress, cos\\u00ec l\\u2019esperienza resta fluida per ospiti e staff.\"\n            }\n        },\n        {\n            \"@type\": \"Question\",\n            \"name\": \"Un piano B indoor pu\\u00f2 essere elegante quanto un allestimento all\\u2019aperto?\",\n            \"acceptedAnswer\": {\n                \"@type\": \"Answer\",\n                \"text\": \"S\\u00ec, se viene progettato come un set: layout, luci, un punto scenografico principale e percorsi ospiti curati. L\\u2019indoor non deve copiare l\\u2019outdoor, ma reinterpretarlo con materiali, altezze e illuminazione pensati per uno spazio chiuso.\"\n            }\n        },\n        {\n            \"@type\": \"Question\",\n            \"name\": \"Quali sono le soluzioni indoor pi\\u00f9 efficaci in caso di pioggia sul Lago di Como?\",\n            \"acceptedAnswer\": {\n                \"@type\": \"Answer\",\n                \"text\": \"Funzionano molto bene sale con affaccio, porticati, serre o ambienti con vetrate che mantengono il legame visivo con il lago. Se lo spazio interno \\u00e8 pi\\u00f9 neutro, si pu\\u00f2 puntare su illuminazione stratificata, allestimenti verticali e un backdrop fotografico forte.\"\n            }\n        },\n        {\n            \"@type\": \"Question\",\n            \"name\": \"Le tensostrutture eleganti sono una buona alternativa al piano B totalmente indoor?\",\n            \"acceptedAnswer\": {\n                \"@type\": \"Answer\",\n                \"text\": \"Spesso s\\u00ec, perch\\u00e9 permettono di restare in un contesto \\u201copen air\\u201d pur essendo protetti. La resa estetica dipende da finiture e configurazioni: verifica nella scheda prodotto opzioni come trasparenze, chiusure laterali e dettagli di personalizzazione.\"\n            }\n        },\n        {\n            \"@type\": \"Question\",\n            \"name\": \"Come evitare che gli ospiti si bagnino e che l\\u2019esperienza perda livello?\",\n            \"acceptedAnswer\": {\n                \"@type\": \"Answer\",\n                \"text\": \"Serve un piano percorsi: punti di arrivo chiari, ingressi riparati o il pi\\u00f9 possibile vicini, staff che accompagna e tempi pi\\u00f9 morbidi per i trasferimenti. Anche una comunicazione semplice e anticipata (wedding website o messaggio coordinato) riduce confusione e mantiene l\\u2019atmosfera elegante.\"\n            }\n        },\n        {\n            \"@type\": \"Question\",\n            \"name\": \"Quali fornitori devono essere coinvolti per rendere attivabile il piano B?\",\n            \"acceptedAnswer\": {\n                \"@type\": \"Answer\",\n                \"text\": \"Location, catering, fiorista\\\/design, audio-luci e foto-video. Ognuno deve sapere come cambia il proprio lavoro in indoor: layout, flussi di servizio, punti luce, angoli fotografici e tempi di montaggio. Cos\\u00ec il passaggio al piano B diventa un cambio di regia, non un\\u2019emergenza.\"\n            }\n        }\n    ]\n}<\/script><\/p>","protected":false},"excerpt":{"rendered":"<p>Pioggia sul Lago di Como: come salvare lo stile con un piano B indoor davvero \u201cwow\u201d Il Lago di Como ha un fascino cinematografico: ville storiche, giardini affacciati sull\u2019acqua, scorci che sembrano gi\u00e0 una scenografia. Proprio per questo, quando il meteo cambia idea all\u2019ultimo, la delusione pu\u00f2 essere doppia: non solo piove, ma sembra di perdere anche [&hellip;]<\/p>","protected":false},"author":4,"featured_media":35161,"comment_status":"closed","ping_status":"closed","sticky":false,"template":"","format":"standard","meta":{"footnotes":""},"categories":[369],"tags":[394,395,396],"class_list":["post-34899","post","type-post","status-publish","format-standard","has-post-thumbnail","hentry","category-lago-di-como","tag-piano-b-pioggia-lago-di-como","tag-soluzioni-indoor","tag-tensostrutture-eleganti"],"yoast_head":"<!-- This site is optimized with the Yoast SEO Premium plugin v21.8 (Yoast SEO v27.3) - https:\/\/yoast.com\/product\/yoast-seo-premium-wordpress\/ -->\n<title>Pioggia sul Lago di Como: piano B indoor wow | Chiara B Events<\/title>\n<meta name=\"description\" content=\"Idee e strategie per un piano B indoor sul Lago di Como: soluzioni eleganti, logistica, esperienza ospiti e tensostrutture per non perdere l\u2019effetto wow.\" \/>\n<meta name=\"robots\" content=\"index, follow, max-snippet:-1, max-image-preview:large, max-video-preview:-1\" \/>\n<link rel=\"canonical\" href=\"https:\/\/chiarabevents.com\/hu\/eso-a-comoi-tonal-belteri-b-terv-az-wow-hatas-elvesztese-nelkul\/\" \/>\n<meta property=\"og:locale\" content=\"hu_HU\" \/>\n<meta property=\"og:type\" content=\"article\" \/>\n<meta property=\"og:title\" content=\"Pioggia sul Lago di Como: piano B indoor senza perdere l\u2019effetto wow\" \/>\n<meta property=\"og:description\" content=\"Idee e strategie per un piano B indoor sul Lago di Como: soluzioni eleganti, logistica, esperienza ospiti e tensostrutture per non perdere l\u2019effetto wow.\" \/>\n<meta property=\"og:url\" content=\"https:\/\/chiarabevents.com\/hu\/eso-a-comoi-tonal-belteri-b-terv-az-wow-hatas-elvesztese-nelkul\/\" \/>\n<meta property=\"og:site_name\" content=\"ChiaraB Events Wedding Planner\" \/>\n<meta property=\"article:publisher\" content=\"https:\/\/www.facebook.com\/chiarabevent\" \/>\n<meta property=\"article:published_time\" content=\"2020-12-31T23:06:47+00:00\" \/>\n<meta property=\"article:modified_time\" content=\"2026-03-08T08:39:17+00:00\" \/>\n<meta property=\"og:image\" content=\"https:\/\/chiarabevents.com\/wp-content\/uploads\/2026\/03\/pioggia-sul-lago-di-como-piano-b-indoor-senza-perdere-leffetto-wow-featured-20260308074921.png\" \/>\n\t<meta property=\"og:image:width\" content=\"1536\" \/>\n\t<meta property=\"og:image:height\" content=\"1024\" \/>\n\t<meta property=\"og:image:type\" content=\"image\/png\" \/>\n<meta name=\"author\" content=\"ChiaraB Blog\" \/>\n<meta name=\"twitter:card\" content=\"summary_large_image\" \/>\n<meta name=\"twitter:label1\" content=\"Written by\" \/>\n\t<meta name=\"twitter:data1\" content=\"ChiaraB Blog\" \/>\n\t<meta name=\"twitter:label2\" content=\"Est. reading time\" \/>\n\t<meta name=\"twitter:data2\" content=\"14 minutes\" \/>\n<script type=\"application\/ld+json\" class=\"yoast-schema-graph\">{\"@context\":\"https:\\\/\\\/schema.org\",\"@graph\":[{\"@type\":\"Article\",\"@id\":\"https:\\\/\\\/chiarabevents.com\\\/pioggia-sul-lago-di-como-piano-b-indoor-senza-perdere-leffetto-wow\\\/#article\",\"isPartOf\":{\"@id\":\"https:\\\/\\\/chiarabevents.com\\\/pioggia-sul-lago-di-como-piano-b-indoor-senza-perdere-leffetto-wow\\\/\"},\"author\":{\"name\":\"ChiaraB Blog\",\"@id\":\"https:\\\/\\\/chiarabevents.com\\\/#\\\/schema\\\/person\\\/bbb582cfce34a973ad4463736fd0b0f4\"},\"headline\":\"Pioggia sul Lago di Como: piano B indoor senza perdere l\u2019effetto wow\",\"datePublished\":\"2020-12-31T23:06:47+00:00\",\"dateModified\":\"2026-03-08T08:39:17+00:00\",\"mainEntityOfPage\":{\"@id\":\"https:\\\/\\\/chiarabevents.com\\\/pioggia-sul-lago-di-como-piano-b-indoor-senza-perdere-leffetto-wow\\\/\"},\"wordCount\":2456,\"publisher\":{\"@id\":\"https:\\\/\\\/chiarabevents.com\\\/#organization\"},\"image\":{\"@id\":\"https:\\\/\\\/chiarabevents.com\\\/pioggia-sul-lago-di-como-piano-b-indoor-senza-perdere-leffetto-wow\\\/#primaryimage\"},\"thumbnailUrl\":\"https:\\\/\\\/chiarabevents.com\\\/wp-content\\\/uploads\\\/2026\\\/03\\\/pioggia-sul-lago-di-como-piano-b-indoor-senza-perdere-leffetto-wow-featured-20260308074921.png\",\"keywords\":[\"piano b pioggia lago di como\",\"soluzioni indoor\",\"tensostrutture eleganti\"],\"articleSection\":[\"Lago di Como\"],\"inLanguage\":\"hu-HU\"},{\"@type\":\"WebPage\",\"@id\":\"https:\\\/\\\/chiarabevents.com\\\/pioggia-sul-lago-di-como-piano-b-indoor-senza-perdere-leffetto-wow\\\/\",\"url\":\"https:\\\/\\\/chiarabevents.com\\\/pioggia-sul-lago-di-como-piano-b-indoor-senza-perdere-leffetto-wow\\\/\",\"name\":\"Pioggia sul Lago di Como: piano B indoor wow | Chiara B Events\",\"isPartOf\":{\"@id\":\"https:\\\/\\\/chiarabevents.com\\\/#website\"},\"primaryImageOfPage\":{\"@id\":\"https:\\\/\\\/chiarabevents.com\\\/pioggia-sul-lago-di-como-piano-b-indoor-senza-perdere-leffetto-wow\\\/#primaryimage\"},\"image\":{\"@id\":\"https:\\\/\\\/chiarabevents.com\\\/pioggia-sul-lago-di-como-piano-b-indoor-senza-perdere-leffetto-wow\\\/#primaryimage\"},\"thumbnailUrl\":\"https:\\\/\\\/chiarabevents.com\\\/wp-content\\\/uploads\\\/2026\\\/03\\\/pioggia-sul-lago-di-como-piano-b-indoor-senza-perdere-leffetto-wow-featured-20260308074921.png\",\"datePublished\":\"2020-12-31T23:06:47+00:00\",\"dateModified\":\"2026-03-08T08:39:17+00:00\",\"description\":\"Idee e strategie per un piano B indoor sul Lago di Como: soluzioni eleganti, logistica, esperienza ospiti e tensostrutture per non perdere l\u2019effetto wow.\",\"breadcrumb\":{\"@id\":\"https:\\\/\\\/chiarabevents.com\\\/pioggia-sul-lago-di-como-piano-b-indoor-senza-perdere-leffetto-wow\\\/#breadcrumb\"},\"inLanguage\":\"hu-HU\",\"potentialAction\":[{\"@type\":\"ReadAction\",\"target\":[\"https:\\\/\\\/chiarabevents.com\\\/pioggia-sul-lago-di-como-piano-b-indoor-senza-perdere-leffetto-wow\\\/\"]}]},{\"@type\":\"ImageObject\",\"inLanguage\":\"hu-HU\",\"@id\":\"https:\\\/\\\/chiarabevents.com\\\/pioggia-sul-lago-di-como-piano-b-indoor-senza-perdere-leffetto-wow\\\/#primaryimage\",\"url\":\"https:\\\/\\\/chiarabevents.com\\\/wp-content\\\/uploads\\\/2026\\\/03\\\/pioggia-sul-lago-di-como-piano-b-indoor-senza-perdere-leffetto-wow-featured-20260308074921.png\",\"contentUrl\":\"https:\\\/\\\/chiarabevents.com\\\/wp-content\\\/uploads\\\/2026\\\/03\\\/pioggia-sul-lago-di-como-piano-b-indoor-senza-perdere-leffetto-wow-featured-20260308074921.png\",\"width\":1536,\"height\":1024,\"caption\":\"Elegante gazebo in vetro sul Lago di Como, perfetto per matrimoni e eventi, con vista mozzafiato e opzione indoor in caso di pioggia, garantendo un effetto wow senza compromessi.\"},{\"@type\":\"BreadcrumbList\",\"@id\":\"https:\\\/\\\/chiarabevents.com\\\/pioggia-sul-lago-di-como-piano-b-indoor-senza-perdere-leffetto-wow\\\/#breadcrumb\",\"itemListElement\":[{\"@type\":\"ListItem\",\"position\":1,\"name\":\"Home\",\"item\":\"https:\\\/\\\/chiarabevents.com\\\/\"},{\"@type\":\"ListItem\",\"position\":2,\"name\":\"Pioggia sul Lago di Como: piano B indoor senza perdere l\u2019effetto wow\"}]},{\"@type\":\"WebSite\",\"@id\":\"https:\\\/\\\/chiarabevents.com\\\/#website\",\"url\":\"https:\\\/\\\/chiarabevents.com\\\/\",\"name\":\"ChiaraB Events Wedding Planner\",\"description\":\"Un meraviglioso percorso fatto insieme\",\"publisher\":{\"@id\":\"https:\\\/\\\/chiarabevents.com\\\/#organization\"},\"potentialAction\":[{\"@type\":\"SearchAction\",\"target\":{\"@type\":\"EntryPoint\",\"urlTemplate\":\"https:\\\/\\\/chiarabevents.com\\\/?s={search_term_string}\"},\"query-input\":{\"@type\":\"PropertyValueSpecification\",\"valueRequired\":true,\"valueName\":\"search_term_string\"}}],\"inLanguage\":\"hu-HU\"},{\"@type\":\"Organization\",\"@id\":\"https:\\\/\\\/chiarabevents.com\\\/#organization\",\"name\":\"ChiaraB Events Wedding Planner\",\"url\":\"https:\\\/\\\/chiarabevents.com\\\/\",\"logo\":{\"@type\":\"ImageObject\",\"inLanguage\":\"hu-HU\",\"@id\":\"https:\\\/\\\/chiarabevents.com\\\/#\\\/schema\\\/logo\\\/image\\\/\",\"url\":\"https:\\\/\\\/chiarabevents.com\\\/wp-content\\\/uploads\\\/2023\\\/12\\\/cropped-Monogramma_chiarab.png\",\"contentUrl\":\"https:\\\/\\\/chiarabevents.com\\\/wp-content\\\/uploads\\\/2023\\\/12\\\/cropped-Monogramma_chiarab.png\",\"width\":512,\"height\":512,\"caption\":\"ChiaraB Events Wedding Planner\"},\"image\":{\"@id\":\"https:\\\/\\\/chiarabevents.com\\\/#\\\/schema\\\/logo\\\/image\\\/\"},\"sameAs\":[\"https:\\\/\\\/www.facebook.com\\\/chiarabevent\",\"https:\\\/\\\/www.instagram.com\\\/chiarab_events\\\/\"]},{\"@type\":\"Person\",\"@id\":\"https:\\\/\\\/chiarabevents.com\\\/#\\\/schema\\\/person\\\/bbb582cfce34a973ad4463736fd0b0f4\",\"name\":\"ChiaraB Blog\",\"image\":{\"@type\":\"ImageObject\",\"inLanguage\":\"hu-HU\",\"@id\":\"https:\\\/\\\/chiarabevents.com\\\/wp-content\\\/litespeed\\\/avatar\\\/1646323b4cbc3492de1328080709cacc.jpg?ver=1777061573\",\"url\":\"https:\\\/\\\/chiarabevents.com\\\/wp-content\\\/litespeed\\\/avatar\\\/1646323b4cbc3492de1328080709cacc.jpg?ver=1777061573\",\"contentUrl\":\"https:\\\/\\\/chiarabevents.com\\\/wp-content\\\/litespeed\\\/avatar\\\/1646323b4cbc3492de1328080709cacc.jpg?ver=1777061573\",\"caption\":\"ChiaraB Blog\"},\"url\":\"https:\\\/\\\/chiarabevents.com\\\/hu\\\/author\\\/chiarab-blog\\\/\"}]}<\/script>\n<!-- \/ Yoast SEO Premium plugin. -->","yoast_head_json":{"title":"Es\u0151 a Com\u00f3i-tavon: B terv belt\u00e9ri wow | Chiara B Events","description":"\u00d6tletek \u00e9s strat\u00e9gi\u00e1k egy belt\u00e9ri B-tervhez a Com\u00f3i-t\u00f3n\u00e1l: eleg\u00e1ns megold\u00e1sok, logisztika, vend\u00e9g\u00e9lm\u00e9ny \u00e9s fesz\u00edtett szerkezetek, hogy ne vesz\u00edts\u00fck el a wow-hat\u00e1st.","robots":{"index":"index","follow":"follow","max-snippet":"max-snippet:-1","max-image-preview":"max-image-preview:large","max-video-preview":"max-video-preview:-1"},"canonical":"https:\/\/chiarabevents.com\/hu\/eso-a-comoi-tonal-belteri-b-terv-az-wow-hatas-elvesztese-nelkul\/","og_locale":"hu_HU","og_type":"article","og_title":"Pioggia sul Lago di Como: piano B indoor senza perdere l\u2019effetto wow","og_description":"Idee e strategie per un piano B indoor sul Lago di Como: soluzioni eleganti, logistica, esperienza ospiti e tensostrutture per non perdere l\u2019effetto wow.","og_url":"https:\/\/chiarabevents.com\/hu\/eso-a-comoi-tonal-belteri-b-terv-az-wow-hatas-elvesztese-nelkul\/","og_site_name":"ChiaraB Events Wedding Planner","article_publisher":"https:\/\/www.facebook.com\/chiarabevent","article_published_time":"2020-12-31T23:06:47+00:00","article_modified_time":"2026-03-08T08:39:17+00:00","og_image":[{"width":1536,"height":1024,"url":"https:\/\/chiarabevents.com\/wp-content\/uploads\/2026\/03\/pioggia-sul-lago-di-como-piano-b-indoor-senza-perdere-leffetto-wow-featured-20260308074921.png","type":"image\/png"}],"author":"ChiaraB Blog","twitter_card":"summary_large_image","twitter_misc":{"Written by":"ChiaraB Blog","Est. reading time":"14 minutes"},"schema":{"@context":"https:\/\/schema.org","@graph":[{"@type":"Article","@id":"https:\/\/chiarabevents.com\/pioggia-sul-lago-di-como-piano-b-indoor-senza-perdere-leffetto-wow\/#article","isPartOf":{"@id":"https:\/\/chiarabevents.com\/pioggia-sul-lago-di-como-piano-b-indoor-senza-perdere-leffetto-wow\/"},"author":{"name":"ChiaraB Blog","@id":"https:\/\/chiarabevents.com\/#\/schema\/person\/bbb582cfce34a973ad4463736fd0b0f4"},"headline":"Pioggia sul Lago di Como: piano B indoor senza perdere l\u2019effetto wow","datePublished":"2020-12-31T23:06:47+00:00","dateModified":"2026-03-08T08:39:17+00:00","mainEntityOfPage":{"@id":"https:\/\/chiarabevents.com\/pioggia-sul-lago-di-como-piano-b-indoor-senza-perdere-leffetto-wow\/"},"wordCount":2456,"publisher":{"@id":"https:\/\/chiarabevents.com\/#organization"},"image":{"@id":"https:\/\/chiarabevents.com\/pioggia-sul-lago-di-como-piano-b-indoor-senza-perdere-leffetto-wow\/#primaryimage"},"thumbnailUrl":"https:\/\/chiarabevents.com\/wp-content\/uploads\/2026\/03\/pioggia-sul-lago-di-como-piano-b-indoor-senza-perdere-leffetto-wow-featured-20260308074921.png","keywords":["piano b pioggia lago di como","soluzioni indoor","tensostrutture eleganti"],"articleSection":["Lago di Como"],"inLanguage":"hu-HU"},{"@type":"WebPage","@id":"https:\/\/chiarabevents.com\/pioggia-sul-lago-di-como-piano-b-indoor-senza-perdere-leffetto-wow\/","url":"https:\/\/chiarabevents.com\/pioggia-sul-lago-di-como-piano-b-indoor-senza-perdere-leffetto-wow\/","name":"Es\u0151 a Com\u00f3i-tavon: B terv belt\u00e9ri wow | Chiara B Events","isPartOf":{"@id":"https:\/\/chiarabevents.com\/#website"},"primaryImageOfPage":{"@id":"https:\/\/chiarabevents.com\/pioggia-sul-lago-di-como-piano-b-indoor-senza-perdere-leffetto-wow\/#primaryimage"},"image":{"@id":"https:\/\/chiarabevents.com\/pioggia-sul-lago-di-como-piano-b-indoor-senza-perdere-leffetto-wow\/#primaryimage"},"thumbnailUrl":"https:\/\/chiarabevents.com\/wp-content\/uploads\/2026\/03\/pioggia-sul-lago-di-como-piano-b-indoor-senza-perdere-leffetto-wow-featured-20260308074921.png","datePublished":"2020-12-31T23:06:47+00:00","dateModified":"2026-03-08T08:39:17+00:00","description":"\u00d6tletek \u00e9s strat\u00e9gi\u00e1k egy belt\u00e9ri B-tervhez a Com\u00f3i-t\u00f3n\u00e1l: eleg\u00e1ns megold\u00e1sok, logisztika, vend\u00e9g\u00e9lm\u00e9ny \u00e9s fesz\u00edtett szerkezetek, hogy ne vesz\u00edts\u00fck el a wow-hat\u00e1st.","breadcrumb":{"@id":"https:\/\/chiarabevents.com\/pioggia-sul-lago-di-como-piano-b-indoor-senza-perdere-leffetto-wow\/#breadcrumb"},"inLanguage":"hu-HU","potentialAction":[{"@type":"ReadAction","target":["https:\/\/chiarabevents.com\/pioggia-sul-lago-di-como-piano-b-indoor-senza-perdere-leffetto-wow\/"]}]},{"@type":"ImageObject","inLanguage":"hu-HU","@id":"https:\/\/chiarabevents.com\/pioggia-sul-lago-di-como-piano-b-indoor-senza-perdere-leffetto-wow\/#primaryimage","url":"https:\/\/chiarabevents.com\/wp-content\/uploads\/2026\/03\/pioggia-sul-lago-di-como-piano-b-indoor-senza-perdere-leffetto-wow-featured-20260308074921.png","contentUrl":"https:\/\/chiarabevents.com\/wp-content\/uploads\/2026\/03\/pioggia-sul-lago-di-como-piano-b-indoor-senza-perdere-leffetto-wow-featured-20260308074921.png","width":1536,"height":1024,"caption":"Elegante gazebo in vetro sul Lago di Como, perfetto per matrimoni e eventi, con vista mozzafiato e opzione indoor in caso di pioggia, garantendo un effetto wow senza compromessi."},{"@type":"BreadcrumbList","@id":"https:\/\/chiarabevents.com\/pioggia-sul-lago-di-como-piano-b-indoor-senza-perdere-leffetto-wow\/#breadcrumb","itemListElement":[{"@type":"ListItem","position":1,"name":"Home","item":"https:\/\/chiarabevents.com\/"},{"@type":"ListItem","position":2,"name":"Pioggia sul Lago di Como: piano B indoor senza perdere l\u2019effetto wow"}]},{"@type":"WebSite","@id":"https:\/\/chiarabevents.com\/#website","url":"https:\/\/chiarabevents.com\/","name":"ChiaraB Esem\u00e9nyek Esk\u00fcv\u0151szervez\u0151","description":"Egy csod\u00e1latos \u00fat egy\u00fctt megt\u00e9ve","publisher":{"@id":"https:\/\/chiarabevents.com\/#organization"},"potentialAction":[{"@type":"SearchAction","target":{"@type":"EntryPoint","urlTemplate":"https:\/\/chiarabevents.com\/?s={search_term_string}"},"query-input":{"@type":"PropertyValueSpecification","valueRequired":true,"valueName":"search_term_string"}}],"inLanguage":"hu-HU"},{"@type":"Organization","@id":"https:\/\/chiarabevents.com\/#organization","name":"ChiaraB Esem\u00e9nyek Esk\u00fcv\u0151szervez\u0151","url":"https:\/\/chiarabevents.com\/","logo":{"@type":"ImageObject","inLanguage":"hu-HU","@id":"https:\/\/chiarabevents.com\/#\/schema\/logo\/image\/","url":"https:\/\/chiarabevents.com\/wp-content\/uploads\/2023\/12\/cropped-Monogramma_chiarab.png","contentUrl":"https:\/\/chiarabevents.com\/wp-content\/uploads\/2023\/12\/cropped-Monogramma_chiarab.png","width":512,"height":512,"caption":"ChiaraB Events Wedding Planner"},"image":{"@id":"https:\/\/chiarabevents.com\/#\/schema\/logo\/image\/"},"sameAs":["https:\/\/www.facebook.com\/chiarabevent","https:\/\/www.instagram.com\/chiarab_events\/"]},{"@type":"Person","@id":"https:\/\/chiarabevents.com\/#\/schema\/person\/bbb582cfce34a973ad4463736fd0b0f4","name":"ChiaraB Blog","image":{"@type":"ImageObject","inLanguage":"hu-HU","@id":"https:\/\/chiarabevents.com\/wp-content\/litespeed\/avatar\/1646323b4cbc3492de1328080709cacc.jpg?ver=1777061573","url":"https:\/\/chiarabevents.com\/wp-content\/litespeed\/avatar\/1646323b4cbc3492de1328080709cacc.jpg?ver=1777061573","contentUrl":"https:\/\/chiarabevents.com\/wp-content\/litespeed\/avatar\/1646323b4cbc3492de1328080709cacc.jpg?ver=1777061573","caption":"ChiaraB Blog"},"url":"https:\/\/chiarabevents.com\/hu\/author\/chiarab-blog\/"}]}},"_links":{"self":[{"href":"https:\/\/chiarabevents.com\/hu\/wp-json\/wp\/v2\/posts\/34899","targetHints":{"allow":["GET"]}}],"collection":[{"href":"https:\/\/chiarabevents.com\/hu\/wp-json\/wp\/v2\/posts"}],"about":[{"href":"https:\/\/chiarabevents.com\/hu\/wp-json\/wp\/v2\/types\/post"}],"author":[{"embeddable":true,"href":"https:\/\/chiarabevents.com\/hu\/wp-json\/wp\/v2\/users\/4"}],"replies":[{"embeddable":true,"href":"https:\/\/chiarabevents.com\/hu\/wp-json\/wp\/v2\/comments?post=34899"}],"version-history":[{"count":2,"href":"https:\/\/chiarabevents.com\/hu\/wp-json\/wp\/v2\/posts\/34899\/revisions"}],"predecessor-version":[{"id":35169,"href":"https:\/\/chiarabevents.com\/hu\/wp-json\/wp\/v2\/posts\/34899\/revisions\/35169"}],"wp:featuredmedia":[{"embeddable":true,"href":"https:\/\/chiarabevents.com\/hu\/wp-json\/wp\/v2\/media\/35161"}],"wp:attachment":[{"href":"https:\/\/chiarabevents.com\/hu\/wp-json\/wp\/v2\/media?parent=34899"}],"wp:term":[{"taxonomy":"category","embeddable":true,"href":"https:\/\/chiarabevents.com\/hu\/wp-json\/wp\/v2\/categories?post=34899"},{"taxonomy":"post_tag","embeddable":true,"href":"https:\/\/chiarabevents.com\/hu\/wp-json\/wp\/v2\/tags?post=34899"}],"curies":[{"name":"wp","href":"https:\/\/api.w.org\/{rel}","templated":true}]}}