{"id":34905,"date":"2022-01-08T09:53:00","date_gmt":"2022-01-08T07:53:00","guid":{"rendered":"https:\/\/chiarabevents.com\/"},"modified":"2026-03-08T10:37:19","modified_gmt":"2026-03-08T08:37:19","slug":"firenze-polgari-szertartas-a-varosban-es-fogadas-villaban-idovonal-es-szallitas","status":"publish","type":"post","link":"https:\/\/chiarabevents.com\/hu\/firenze-polgari-szertartas-a-varosban-es-fogadas-villaban-idovonal-es-szallitas\/","title":{"rendered":"Firenze: polg\u00e1ri szertart\u00e1s a v\u00e1rosban \u00e9s fogad\u00e1s vill\u00e1ban (id\u0151vonal \u00e9s sz\u00e1ll\u00edt\u00e1s)"},"content":{"rendered":"<h2>Mi\u00e9rt v\u00e1lasszuk Firenz\u00e9t: polg\u00e1ri szertart\u00e1s a v\u00e1rosban \u00e9s fogad\u00e1s egy vill\u00e1ban<\/h2>\n<p>A form\u00e1tum <strong>polg\u00e1ri szertart\u00e1s Firenze belv\u00e1ros\u00e1ban + fogad\u00e1s egy toszk\u00e1n vill\u00e1ban<\/strong> ez az egyik legkeresettebb azok sz\u00e1m\u00e1ra, akik <strong>esk\u00fcv\u0151t Firenz\u00e9ben<\/strong> eleg\u00e1ns, l\u00e1tv\u00e1nyos \u00e9s j\u00f3l szervezett. K\u00e9t kieg\u00e9sz\u00edt\u0151 lelket egyes\u00edt: a v\u00e1ros energi\u00e1j\u00e1t (k\u00f6nny\u0171 szolg\u00e1ltat\u00e1sokhoz, sz\u00e1llod\u00e1khoz \u00e9s k\u00f6zleked\u00e9shez) \u00e9s a dombok nyitottabb sz\u00e9ps\u00e9g\u00e9t (t\u00e9r, f\u00e9ny, term\u00e9szet, mag\u00e1n\u00e9let).<\/p>\n<p>K\u00fcl\u00f6n\u00f6sen j\u00f3l m\u0171k\u00f6dik azoknak a p\u00e1roknak, akik egy st\u00edlust keresnek <strong>c\u00e9l\u00e1llom\u00e1s<\/strong> de nem akarj\u00e1k t\u00fal bonyol\u00edtani a logisztik\u00e1t, vagy akik egy intim \u00e9s gondosan megtervezett esem\u00e9nyt szeretn\u00e9nek, elk\u00fcl\u00f6n\u00fclt pillanatokkal \u00e9s vil\u00e1gos rendez\u00e9ssel. Ha sz\u00e9lesebb kiindul\u00f3pontot szeretn\u00e9l, olvashatod m\u00e9g: <a href=\"https:\/\/chiarabevents.com\/hu\/eskuvo-firenzeben\/\">Esk\u00fcv\u0151 Firenz\u00e9ben: \u00fatmutat\u00f3<\/a>.<\/p>\n<h3>C\u00e9l \u00e9s st\u00edlus: luxus, intim, \u00fati c\u00e9l<\/h3>\n<p>Ez a s\u00e9ma lehet\u0151v\u00e9 teszi, hogy \u201efejezetekre\u201d bontott \u00e9lm\u00e9nyt \u00e9p\u00edts\u00fcnk, ahol minden szakasznak pontos hangulata van:<\/p>\n<ul>\n<li><strong>A v\u00e1rosban<\/strong>: polg\u00e1ri szertart\u00e1s az ikonikus k\u00f6rnyezetben \u00e9rkez\u0151 vend\u00e9gekkel, t\u00f6k\u00e9letes fot\u00f3khoz \u00e9s egy els\u0151 koccint\u00e1shoz.<\/li>\n<li><strong>Vill\u00e1ban<\/strong>fogad\u00e1s hosszabb \u00e9s elm\u00e9ly\u00fcltebb, aperitif, vacsora \u00e9s buli vend\u00e9gszeretetre tervezett helysz\u00edneken.<\/li>\n<\/ul>\n<p>Az eredm\u00e9ny egy dinamikus, de koherens nap, felt\u00e9ve, hogy j\u00f3l megtervezz\u00fck <strong>id\u0151vonalra<\/strong> \u00e9s <strong>vend\u00e9gek sz\u00e1ll\u00edt\u00e1sa Firenz\u00e9be<\/strong>, elker\u00fclve az \u00fcresj\u00e1ratokat vagy zavaros \u00e1tsz\u00e1ll\u00e1sokat.<\/p>\n<h3>Mit v\u00e1rhatsz id\u0151ben \u00e9s logisztik\u00e1ban<\/h3>\n<p>A legfontosabb v\u00e1ltoz\u00f3 a szertart\u00e1s helysz\u00edne \u00e9s a villa k\u00f6z\u00f6tti t\u00e1vols\u00e1g. M\u00e9g akkor is, ha a k\u00e9t helysz\u00edn \u201ek\u00f6zelinek\u201d t\u0171nik, Firenze val\u00f3s\u00e1ga (belv\u00e1rosi behajt\u00e1s, forgalom, korl\u00e1tozott ter\u00fcletek, rakod\u00e1si pontok) befoly\u00e1solhatja. Ez\u00e9rt a szab\u00e1ly: <strong>el\u0151sz\u00f6r megtervezz\u00fck az id\u0151vonalat, majd lefoglaljuk a sz\u00e1ll\u00edt\u00e1sokat \u00e9s a szolg\u00e1ltat\u00f3kat<\/strong>, nem ford\u00edtva.<\/p>\n<p>Egy j\u00f3 terv tartalmazza:<\/p>\n<ul>\n<li>re\u00e1lis id\u0151ablakokat az \u00e9rkez\u00e9sekhez \u00e9s fot\u00f3z\u00e1shoz;<\/li>\n<li>egy vend\u00e9gsz\u00e1ll\u00edt\u00e1si tervet vil\u00e1gos gy\u00fclekez\u00e9si pontokkal;<\/li>\n<li>szoros koordin\u00e1ci\u00f3t a cerem\u00f3niamester\/vezet\u0151, fot\u00f3s\/vide\u00f3s, catering \u00e9s zene k\u00f6z\u00f6tt.<\/li>\n<\/ul>\n<p>Ha jobban szeretn\u00e9d kontextusba helyezni a v\u00e1rost (t\u00f6rt\u00e9nelem, ker\u00fcletek, f\u00f6ldrajz), itt tal\u00e1lsz egy \u00e1ltal\u00e1nos hivatkoz\u00e1st: <a href=\"https:\/\/it.wikipedia.org\/wiki\/Firenze\" target=\"_blank\" rel=\"noopener noreferrer nofollow\">R\u00e9szletes inform\u00e1ci\u00f3: Firenze (Wikipedia)<\/a>.<\/p>\n<h2>L\u00e9p\u00e9sr\u0151l l\u00e9p\u00e9sre tervez\u00e9s polg\u00e1ri szertart\u00e1shoz Firenz\u00e9ben \u00e9s villa fogad\u00e1shoz<\/h2>\n<p>Amikor a <strong>polg\u00e1ri szertart\u00e1s Firenze villa fogad\u00e1s<\/strong>, a tervez\u00e9s nem csak \u201ehelysz\u00edn \u00e9s szolg\u00e1ltat\u00f3k kiv\u00e1laszt\u00e1sa\u201d: els\u0151sorban <strong>ir\u00e1ny\u00edt\u00e1s<\/strong>. Lent tal\u00e1lsz egy gyakorlati \u00fatvonalat, amelyet az el\u0151re nem l\u00e1that\u00f3 esem\u00e9nyek cs\u00f6kkent\u00e9s\u00e9re \u00e9s a z\u00f6kken\u0151mentes \u00e9lm\u00e9ny biztos\u00edt\u00e1s\u00e1ra tervezt\u00fcnk nektek \u00e9s a vend\u00e9geknek.<\/p>\n<h3>Re\u00e1lis id\u0151vonal: 12-t\u0151l 2 h\u00f3nappal az esem\u00e9ny el\u0151tt<\/h3>\n<p><strong>12\u201310 h\u00f3nappal kor\u00e1bban<\/strong><\/p>\n<ul>\n<li>Koncepci\u00f3 meghat\u00e1roz\u00e1sa (st\u00edlus, hangulat, priorit\u00e1sok) \u00e9s hozz\u00e1vet\u0151leges vend\u00e9gsz\u00e1m.<\/li>\n<li>Helysz\u00edn kiv\u00e1laszt\u00e1sa: egy a v\u00e1rosi szertart\u00e1shoz \u00e9s egy villa a fogad\u00e1shoz.<\/li>\n<li>Els\u0151 id\u0151vonal-tervezet \u201et\u00e1g\u201d id\u0151pontokkal (percek n\u00e9lk\u00fcl).<\/li>\n<\/ul>\n<p><strong>9\u20137 h\u00f3nappal kor\u00e1bban<\/strong><\/p>\n<ul>\n<li>Kulcsszolg\u00e1ltat\u00f3k lefoglal\u00e1sa: catering (ha nem bels\u0151), fot\u00f3\/vide\u00f3, zene.<\/li>\n<li>Sz\u00e1ll\u00edt\u00e1si tervek: felv\u00e9teli pontok, esetleges transzferek, parkol\u00f3k.<\/li>\n<li>Sz\u00e1llodakeres\u00e9s \u00e9s szobabeoszt\u00e1si javaslat (ak\u00e1r csak szobablokkokra).<\/li>\n<\/ul>\n<p><strong>6\u20134 h\u00f3nappal kor\u00e1bban<\/strong><\/p>\n<ul>\n<li>Vend\u00e9g\u00e9lm\u00e9ny meghat\u00e1roz\u00e1sa: \u00fcdv\u00f6zl\u0151 pillanat, programok, after party.<\/li>\n<li>Dekor\u00e1ci\u00f3s terv (szertart\u00e1s, aperitif, vacsora, tortav\u00e1g\u00e1s, buli).<\/li>\n<li>Els\u0151 esk\u00fcv\u0151i weboldal vagy vend\u00e9ginform\u00e1ci\u00f3s dokumentum elk\u00e9sz\u00edt\u00e9se.<\/li>\n<\/ul>\n<p><strong>3\u20132 h\u00f3nappal kor\u00e1bban<\/strong><\/p>\n<ul>\n<li>R\u00e9szletes id\u0151vonal az \u00e1thelyez\u00e9si id\u0151kkel \u00e9s tartal\u00e9k id\u0151kkel.<\/li>\n<li>Logisztika meger\u0151s\u00edt\u00e9se: transzferek, sof\u0151r\u00f6k, felv\u00e9teli \u00e9s lead\u00e1si id\u0151pontok.<\/li>\n<li>V\u00e9gs\u0151 t\u00e1j\u00e9koztat\u00e1s a szolg\u00e1ltat\u00f3knak \u00e9s a \u201eki mit csin\u00e1l\u201d meghat\u00e1roz\u00e1sa a nap folyam\u00e1n.<\/li>\n<\/ul>\n<p>Teljes operat\u00edv \u00e1ttekint\u00e9shez (nagyon hasznos, ha tervez\u0151vel dolgoztok), megtekintheted <a href=\"https:\/\/chiarabevents.com\/hu\/eskuvo-szervezese\/\">Esk\u00fcv\u0151szervez\u00e9s: ellen\u0151rz\u0151lista<\/a>.<\/p>\n<h3>Alapvet\u0151 szolg\u00e1ltat\u00f3k ellen\u0151rz\u0151 list\u00e1ja (logisztikai f\u00f3kusz\u00fa)<\/h3>\n<p>A klasszikus szolg\u00e1ltat\u00f3kon t\u00fal ebben a form\u00e1tumban k\u00f6zponti szerepet kapnak azok, akik befoly\u00e1solj\u00e1k az id\u0151z\u00edt\u00e9st \u00e9s az \u00e1thelyez\u00e9seket:<\/p>\n<ul>\n<li><strong>Sz\u00e1ll\u00edt\u00e1s<\/strong>: transzferek, kisbuszok, aut\u00f3k sof\u0151rrel; kapacit\u00e1sok \u00e9s m\u0171szakok meghat\u00e1roz\u00e1sa.<\/li>\n<li><strong>Koordin\u00e1ci\u00f3<\/strong>: terepi koordin\u00e1ci\u00f3 az \u00e9rkez\u00e9sek, indul\u00e1sok \u00e9s v\u00e1ratlan esem\u00e9nyek kezel\u00e9s\u00e9re.<\/li>\n<li><strong>Fot\u00f3\/vide\u00f3<\/strong>: megtervezni, hol \u00e9s mikor k\u00e9sz\u00fcljenek portr\u00e9k an\u00e9lk\u00fcl, hogy t\u00fal sok\u00e1ig elt\u0171nn\u00e9tek.<\/li>\n<li><strong>Zene<\/strong>: az adott pillanatokhoz (aperitif, vacsora, buli) \u00e9s az audio logisztik\u00e1hoz illeszked\u0151 be\u00e1ll\u00edt\u00e1sok.<\/li>\n<li><strong>Dekor\u00e1ci\u00f3k<\/strong>: m\u00e9rlegelni, mi marad a v\u00e1rosban \u00e9s mi ker\u00fcl \u00e1t a vill\u00e1ba (\u00e9s hogyan).<\/li>\n<\/ul>\n<p>Ha a polg\u00e1ri szertart\u00e1s speci\u00e1lis l\u00e9p\u00e9seket vagy adminisztrat\u00edv id\u0151z\u00edt\u00e9st ig\u00e9nyel, \u00e9rdemes el\u0151re ellen\u0151rizni a r\u00e9szleteket \u00e9s hat\u00e1rid\u0151ket: <a href=\"https:\/\/chiarabevents.com\/hu\/polgari-eskuvo\/\">Polg\u00e1ri esk\u00fcv\u0151: k\u00f6vetelm\u00e9nyek \u00e9s id\u0151z\u00edt\u00e9s<\/a>.<\/p>\n<h3>Vend\u00e9gkezel\u00e9s \u00e9s transzferek: a t\u00e9rk\u00e9p a diz\u00e1jn el\u0151tt<\/h3>\n<p>Egy gyakori hiba, hogy beleszeret\u00fcnk egy dekor\u00e1ci\u00f3ba, \u00e9s csak ut\u00e1na k\u00e9rdezz\u00fck meg: \u201ehogyan jutnak el ide mindannyian?\u201d. Egy <strong>esk\u00fcv\u0151t Firenz\u00e9ben<\/strong> kett\u0151s helysz\u00edn eset\u00e9n az els\u0151dleges feladat egy <strong>vend\u00e9gt\u00e9rk\u00e9p<\/strong>:<\/p>\n<ul>\n<li>k\u00e9sz\u00edt\u00e9se<\/li>\n<li>ahol alszanak (sz\u00e1lloda a belv\u00e1rosban, vid\u00e9ken, vegyes);<\/li>\n<li>kinek vannak k\u00fcl\u00f6nleges ig\u00e9nyei (id\u0151sek, csal\u00e1dok, nemzetk\u00f6zi vend\u00e9gek);<\/li>\n<\/ul>\n<p>h\u00e1nyan \u00e9rkeznek saj\u00e1t aut\u00f3val, \u00e9s h\u00e1nyan prefer\u00e1lj\u00e1k a transzfert\/sof\u0151rt.<\/p>\n<h2>Innen indul egy re\u00e1lis sz\u00e1ll\u00edt\u00e1si terv, amely cs\u00f6kkenti a k\u00e9s\u00e9seket \u00e9s pr\u00e9mium \u00e9lm\u00e9nyt ny\u00fajt.<\/h2>\n<p>K\u00f6lts\u00e9gvet\u00e9s \u00e9s priorit\u00e1sok egy firenzei esk\u00fcv\u0151n a v\u00e1ros \u00e9s villa k\u00f6z\u00f6tt <strong>Ilyen esem\u00e9nyn\u00e9l a k\u00f6lts\u00e9gvet\u00e9st nem csak t\u00e9tel\u00f6sszegk\u00e9nt kell olvasni: ez egy v\u00e1laszt\u00e1s a<\/strong> \u00e9s a <strong>komfort<\/strong>sz\u00ednpadi priorit\u00e1sok k\u00f6z\u00f6tt<\/p>\n<h3>F\u0151bb szempontok, amelyeket figyelembe kell venni (meglepet\u00e9sek n\u00e9lk\u00fcl)<\/h3>\n<ul>\n<li><strong>Helysz\u00edn<\/strong>. A k\u00fcl\u00f6nbs\u00e9g egy \u201esz\u00e9p\u201d \u00e9s egy \u201eeml\u00e9kezetes\u201d nap k\u00f6z\u00f6tt gyakran a forr\u00e1sok helyes eloszt\u00e1s\u00e1n m\u00falik, k\u00fcl\u00f6n\u00f6sen a logisztika \u00e9s a hangulat ter\u00e9n.<\/li>\n<li><strong>Catering e beverage<\/strong>: cerem\u00f3nia a v\u00e1rosban + villa a fogad\u00e1sra (esetleges extra helysz\u00ednekkel B tervhez).<\/li>\n<li><strong>: szolg\u00e1ltat\u00e1si id\u0151k, mise en place, buli menedzsment.<\/strong>Vir\u00e1gdekor\u00e1ci\u00f3k \u00e9s dekor\u00e1ci\u00f3<\/li>\n<li><strong>Fot\u00f3\/vide\u00f3<\/strong>cerem\u00f3nia, asztalok, lounge ter\u00fcletek, vil\u00e1g\u00edt\u00e1s.<\/li>\n<li><strong>a nap lefed\u00e9se \u00e9s a mozg\u00e1sok kezel\u00e9se.<\/strong>Vend\u00e9gsz\u00e1ll\u00edt\u00e1s Firenz\u00e9ben<\/li>\n<li><strong>Sz\u00f3rakoztat\u00e1s<\/strong>transzferek, sof\u0151r\u00f6k, pick-up koordin\u00e1ci\u00f3.<\/li>\n<\/ul>\n<h3>Hol \u00e9rdemes befektetni a l\u00e1tv\u00e1nyos hat\u00e1s maximaliz\u00e1l\u00e1s\u00e1hoz<\/h3>\n<p>\u00e9l\u0151 zene vagy DJ, esetleges el\u0151ad\u00e1sok, hangrendszerek.<\/p>\n<ul>\n<li><strong>F\u00e9ny \u00e9s hangulat<\/strong>Ha a c\u00e9l egy eleg\u00e1ns \u00e9s koherens hat\u00e1s, a legink\u00e1bb \u201emeg\u00e9ri\u201d ter\u00fcletek a k\u00f6vetkez\u0151k:<\/li>\n<li><strong>vil\u00e1g\u00edt\u00e1s az aperitifhez \u00e9s vacsor\u00e1hoz, k\u00fcl\u00f6n\u00f6sen, ha az estig tart\u00f3 fogad\u00e1s folytat\u00f3dik.<\/strong>Egy al\u00e1\u00edr\u00e1si pillanat<\/li>\n<li><strong>Vend\u00e9gk\u00e9nyelem<\/strong>p\u00e9ld\u00e1ul egy gondosan elk\u00e9sz\u00edtett welcome drink, egy j\u00f3l megszervezett villa bej\u00e1rat, vagy egy tortav\u00e1g\u00e1s l\u00e1tv\u00e1nnyal.<\/li>\n<\/ul>\n<p>Gyakorlatilag: el\u0151sz\u00f6r biztos\u00edtjuk, hogy mindenki j\u00f3l legyen \u00e9s a nap z\u00f6kken\u0151mentesen teljen, majd hozz\u00e1adjuk a \u201ewow\u201d \u00e9lm\u00e9nyt.<\/p>\n<h3>K\u00f6lts\u00e9gn\u00f6vel\u0151 hib\u00e1k (\u00e9s hogyan ker\u00fclhet\u0151k el)<\/h3>\n<ul>\n<li><strong>Felesleges helysz\u00ednv\u00e1lt\u00e1sok<\/strong>t\u00fal sok \u00e1tsz\u00e1ll\u00e1s ugyanazon a napon n\u00f6veli a sz\u00e1ll\u00edt\u00e1si \u00e9s fel\u00e1ll\u00edt\u00e1si id\u0151ket.<\/li>\n<li><strong>T\u00fal szoros id\u0151vonal<\/strong>amikor siet\u00fcnk, extra futamokat, t\u00fal\u00f3r\u00e1kat, utols\u00f3 pillanatos megold\u00e1sokat adunk hozz\u00e1.<\/li>\n<li><strong>Duplik\u00e1lt berendez\u00e9sek<\/strong>\u00fajrahaszn\u00e1lhat\u00f3 elemek tervez\u00e9se a cerem\u00f3nia \u00e9s a villa k\u00f6z\u00f6tt cs\u00f6kkenti a pazarl\u00e1st \u00e9s az \u00f6sszetetts\u00e9get.<\/li>\n<li><strong>El\u00e9gtelen vend\u00e9gkommunik\u00e1ci\u00f3<\/strong>ha az emberek nem tudj\u00e1k, hova menjenek, elt\u00e9vednek, k\u00e9snek, \u00e9s \u201ejav\u00edtani kell\u201d.<\/li>\n<\/ul>\n<h2>B terv \u00e9s kock\u00e1zatkezel\u00e9s: id\u0151j\u00e1r\u00e1s, villa korl\u00e1toz\u00e1sok \u00e9s szerz\u0151d\u00e9sek<\/h2>\n<p>Egy v\u00e1rosi cerem\u00f3ni\u00e1val \u00e9s vill\u00e1ban tartott fogad\u00e1ssal rendelkez\u0151 esem\u00e9ny sok mozg\u00f3 r\u00e9szb\u0151l \u00e1ll. \u00c9ppen ez\u00e9rt egy j\u00f3 terv tartalmaz egy <strong>megb\u00edzhat\u00f3 B tervet<\/strong> \u00e9s egy kock\u00e1zatkezel\u00e9st, ami nem rontja az \u00e9lm\u00e9nyt.<\/p>\n<h3>Id\u0151j\u00e1r\u00e1s: eleg\u00e1ns alternat\u00edv\u00e1k, nem \u201ev\u00e9szhelyzeti\u201d megold\u00e1sok<\/h3>\n<p>Toszk\u00e1n\u00e1ban, m\u00e9g a legkedvez\u0151bb \u00e9vszakokban is b\u00f6lcs dolog alternat\u00edv\u00e1kat tervezni. A l\u00e9nyeg nem csak egy mened\u00e9k megl\u00e9te, hanem az esem\u00e9ny st\u00edlus\u00e1nak meg\u0151rz\u00e9se:<\/p>\n<ul>\n<li><strong>Cerem\u00f3nia<\/strong>egy bels\u0151 vagy fedett helysz\u00edn \u00e9rt\u00e9kel\u00e9se, amely fotog\u00e9n \u00e9s \u00f6sszhangban van.<\/li>\n<li><strong>Aperitif \u00e9s vacsora<\/strong>el\u0151re meghat\u00e1rozni a belt\u00e9ri elrendez\u00e9st \u00e9s a pillanatok k\u00f6z\u00f6tti \u00e1tmenetet.<\/li>\n<li><strong>Buli<\/strong>ellen\u0151rizni, hol zajl\u00f3dhat an\u00e9lk\u00fcl, hogy \u201eelnyomn\u00e1\u201d az este energi\u00e1j\u00e1t.<\/li>\n<\/ul>\n<p>Amikor a helysz\u00edn alternat\u00edv megold\u00e1sokat k\u00edn\u00e1l, <strong>ellen\u0151rizd a term\u00e9k adatlapj\u00e1t<\/strong> vagy a l\u00e9tes\u00edtm\u00e9ny \u00e1ltal megadott r\u00e9szletekben, hogy mely terek \u00e1llnak val\u00f3ban rendelkez\u00e9sre \u00e9s hogyan illeszkednek a cateringhez \u00e9s a zen\u00e9hez.<\/p>\n<h3>Helysz\u00edni enged\u00e9lyek \u00e9s korl\u00e1toz\u00e1sok: mit kell azonnal tiszt\u00e1zni<\/h3>\n<p>Minden villa \u00e9s v\u00e1rosi k\u00f6rnyezet m\u0171k\u00f6d\u00e9si szab\u00e1lyokkal rendelkezik. An\u00e9lk\u00fcl, hogy szab\u00e1lyoz\u00e1si r\u00e9szletekbe menn\u00e9nk, hasznos m\u00e1r az elej\u00e9n tiszt\u00e1zni:<\/p>\n<ul>\n<li>sz\u00e1ll\u00edt\u00f3k bel\u00e9p\u00e9si id\u0151pontjai \u00e9s fel\u00e1ll\u00edt\u00e1s\/bont\u00e1s ideje;<\/li>\n<li>a cerem\u00f3nia, vacsora, buli \u00e9s szolg\u00e1ltat\u00e1sok haszn\u00e1lhat\u00f3 terei;<\/li>\n<li>parkol\u00e1s \u00e9s rakod\u00f3helyek kezel\u00e9se;<\/li>\n<li>akusztikai terv \u00e9s zene elhelyez\u00e9se (k\u00fcl\u00f6n\u00f6sen, ha vannak k\u00fclt\u00e9ri ter\u00fcletek).<\/li>\n<\/ul>\n<p>Ezek az inform\u00e1ci\u00f3k k\u00f6zvetlen\u00fcl befoly\u00e1solj\u00e1k az \u00fctemtervet \u00e9s a sz\u00e1ll\u00edt\u00e1si tervet.<\/p>\n<h3>Szerz\u0151d\u00e9sek \u00e9s el\u0151leg: elv\u00e1r\u00e1sok \u00e9s felel\u0151ss\u00e9gek \u00f6sszehangol\u00e1sa<\/h3>\n<p>T\u00f6bb szolg\u00e1ltat\u00f3val \u00e9s k\u00e9t helysz\u00ednnel rendelkez\u0151 projekt eset\u00e9n a szerz\u0151d\u00e9ses tisztas\u00e1g elker\u00fcli a f\u00e9lre\u00e9rt\u00e9seket. A c\u00e9l, hogy mindenki tudja:<\/p>\n<ul>\n<li>szolg\u00e1ltat\u00e1si id\u0151pontok \u00e9s jelenl\u00e9t ideje;<\/li>\n<li>mi van benne \u00e9s mi extra;<\/li>\n<li>ki koordin\u00e1lja a szolg\u00e1ltat\u00f3kat \u00e9s ki hoz d\u00f6nt\u00e9seket tervv\u00e1ltoz\u00e1s eset\u00e9n.<\/li>\n<\/ul>\n<p>Egyetlen rendez\u00e9s (tervez\u0151 vagy koordin\u00e1tor) cs\u00f6kkenti az \u201e\u00fcresj\u00e1ratokat\u201d az egyes pillanatok k\u00f6z\u00f6tt, \u00e9s megk\u00f6nny\u00edti az esetleges v\u00e1ltoztat\u00e1sok kezel\u00e9s\u00e9t.<\/p>\n<h2>Vend\u00e9g\u00e9lm\u00e9ny Toszk\u00e1n\u00e1ban: fogadtat\u00e1s, sz\u00e1ll\u00edt\u00e1s \u00e9s vil\u00e1gos kommunik\u00e1ci\u00f3<\/h2>\n<p>Ennek a form\u00e1tumnak a siker\u00e9t az is m\u00e9rheti, hogy az megh\u00edvottak hogyan \u00e9rzik magukat: t\u00e1j\u00e9kozottak, fogadottak, k\u00eds\u00e9rtek. K\u00fcl\u00f6n\u00f6sen, ha nemzetk\u00f6zi vend\u00e9gek vagy v\u00e1rosi k\u00f6zleked\u00e9shez nem szokottak vannak, a t\u00e9ma <strong>vend\u00e9gek sz\u00e1ll\u00edt\u00e1sa Firenz\u00e9be<\/strong> a vend\u00e9gl\u00e1t\u00e1s szerves r\u00e9sz\u00e9v\u00e9 v\u00e1lik.<\/p>\n<h3>\u00dcdv\u00f6zl\u0151 pillanat, tev\u00e9kenys\u00e9gek \u00e9s vend\u00e9gl\u00e1t\u00e1s<\/h3>\n<p>Ha destination esk\u00fcv\u0151t szerveztek, \u00e9rdemes gondolkodni a f\u0151 nap \u201eel\u0151tti\u201d \u00e9s \u201eut\u00e1ni\u201d esem\u00e9nyeken. An\u00e9lk\u00fcl, hogy t\u00falterheln\u00e9tek a programot, n\u00e9h\u00e1ny magas \u00e9rt\u00e9k\u0171 \u00f6tlet:<\/p>\n<ul>\n<li><strong>\u00dcdv\u00f6zl\u0151 ital<\/strong> az el\u0151z\u0151 este, egy k\u00e9nyelmes helysz\u00ednen azoknak, akik a belv\u00e1rosban sz\u00e1llnak meg.<\/li>\n<li><strong>L\u00e1gy tev\u00e9kenys\u00e9gek<\/strong> (l\u00e1togat\u00e1sok, k\u00f3stol\u00f3k, s\u00e9t\u00e1k) azoknak, akik kor\u00e1bban \u00e9rkeznek.<\/li>\n<li><strong>Brunch vagy b\u00facs\u00faz\u00e1s<\/strong> a k\u00f6vetkez\u0151 nap, ha sok vend\u00e9g a villa k\u00f6zel\u00e9ben alszik.<\/li>\n<\/ul>\n<p>A titok az opci\u00f3k k\u00edn\u00e1l\u00e1sa, nem k\u00f6telezetts\u00e9gek: \u00edgy az \u00e9lm\u00e9ny k\u00f6nnyed \u00e9s kellemes marad.<\/p>\n<h3>Sz\u00e1ll\u00edt\u00e1s, shuttle \u00e9s parkol\u00e1s: hogyan tegy\u00fck egyszer\u0171v\u00e9<\/h3>\n<p>A z\u0171rzavar elker\u00fcl\u00e9se \u00e9rdek\u00e9ben \u00e9p\u00edtsd fel a sz\u00e1ll\u00edt\u00e1si tervet \u00fagy, mintha concierge szolg\u00e1ltat\u00e1s lenne. N\u00e9h\u00e1ny praktikus v\u00e1laszt\u00e1s, ami j\u00f3l m\u0171k\u00f6dik:<\/p>\n<ul>\n<li><strong>Fix felv\u00e9teli pontok<\/strong>: egy vagy k\u00e9t k\u00f6zponti pont, k\u00f6nnyen gyalogosan el\u00e9rhet\u0151 a sz\u00e1llod\u00e1kb\u00f3l.<\/li>\n<li><strong>Id\u0151ablakok<\/strong>: t\u00f6bb k\u00f6zeli j\u00e1rat egyetlen merev id\u0151pont helyett, ha lehets\u00e9ges.<\/li>\n<li><strong>Tervezett visszat\u00e9r\u00e9sek<\/strong>: legal\u00e1bb k\u00e9t opci\u00f3 (a buli el\u0151tt \u00e9s ut\u00e1n) azoknak, akik nem maradnak k\u00e9s\u0151 estig.<\/li>\n<li><strong>J\u00f3l kommunik\u00e1lt parkol\u00f3k<\/strong>: ha n\u00e9h\u00e1ny vend\u00e9g aut\u00f3val \u00e9rkezik, jelezni, hol lehet leparkolni \u00e9s hogyan lehet visszajutni.<\/li>\n<\/ul>\n<p>Ezenk\u00edv\u00fcl mindig sz\u00e1molj egy kis tartal\u00e9kkal: egy minim\u00e1lis k\u00e9s\u00e9s a v\u00e1rosban \u00e1tterjedhet a villa bej\u00e1rat\u00e1ig. Egy j\u00f3l megtervezett puffer l\u00e1thatatlan a vend\u00e9gek sz\u00e1m\u00e1ra, de megmenti a napot.<\/p>\n<h3>Vil\u00e1gos \u00fatmutat\u00e1sok \u00e9s esk\u00fcv\u0151i weboldal: kevesebb k\u00e9rd\u00e9s, t\u00f6bb pihen\u00e9s<\/h3>\n<p>A kommunik\u00e1ci\u00f3 a logisztika r\u00e9sze. Egy esk\u00fcv\u0151i weboldalnak (vagy egy j\u00f3l elk\u00e9sz\u00edtett digit\u00e1lis dokumentumnak) tartalmaznia kell:<\/p>\n<ul>\n<li>helysz\u00ednek c\u00edmei \u00e9s t\u00e9rk\u00e9pei;<\/li>\n<li>becs\u00fclt id\u0151pontok \u00e9s \u00f6lt\u00f6zk\u00f6d\u00e9si k\u00f3d;<\/li>\n<li>inform\u00e1ci\u00f3k a transzferekr\u0151l\/sof\u0151r\u00f6kr\u0151l \u00e9s a tal\u00e1lkoz\u00e1si pontr\u00f3l;<\/li>\n<li>hasznos kapcsolatok (koordin\u00e1tor vagy kapcsolattart\u00f3) v\u00e9szhelyzet eset\u00e9re az esem\u00e9ny napj\u00e1n.<\/li>\n<\/ul>\n<p>A hangnem legyen egyszer\u0171 \u00e9s megnyugtat\u00f3: a c\u00e9l, hogy mindenki \u201evezetve\u201d \u00e9rezze mag\u00e1t, an\u00e9lk\u00fcl, hogy az esem\u00e9nyt merev \u00fatitervv\u00e9 alak\u00edtan\u00e1nk.<\/p>\n<p><!--W4Y_BF_SUGGESTED_PRODUCTS--><\/p>\n<h2>Polg\u00e1ri szertart\u00e1s szervez\u00e9se Firenz\u00e9ben \u00e9s fogad\u00e1s vill\u00e1ban: a nap ir\u00e1ny\u00edt\u00e1sa<\/h2>\n<p>Akik eleg\u00e1ns \u00e9s stresszmentes esk\u00fcv\u0151t szeretn\u00e9nek, azoknak az ir\u00e1ny\u00edt\u00e1s a k\u00fcl\u00f6nbs\u00e9g: egy re\u00e1lis id\u0151vonal, a vend\u00e9geknek tervezett sz\u00e1ll\u00edt\u00e1si terv \u00e9s vil\u00e1gos kommunik\u00e1ci\u00f3. Ha egy egyedi projektet szeretn\u00e9l \u00e9p\u00edteni Toszk\u00e1n\u00e1ban, figyelemmel a st\u00edlusra \u00e9s a logisztik\u00e1ra, fedezd fel a szolg\u00e1ltat\u00e1sokat \u00e9s az inspir\u00e1ci\u00f3t a <a href=\"https:\/\/chiarabevents.com\/hu\/eskuvo-firenzeben\/\">Esk\u00fcv\u0151 Firenz\u00e9ben: \u00fatmutat\u00f3<\/a>.<\/p>\n<section class=\"w4y-bf-related-posts\"><h2>Kapcsol\u00f3d\u00f3 cikkek<\/h2><ul><li><a href=\"https:\/\/chiarabevents.com\/hu\/hogyan-valasszunk-cateringet-toszkanaban-kostolas-szezonalis-alapanyagok-es-allergiak\/\">Hogyan v\u00e1lasszunk cateringet Toszk\u00e1n\u00e1ban: k\u00f3stol\u00e1s, szezon\u00e1lis alapanyagok \u00e9s allergi\u00e1k<\/a><\/li><li><a href=\"https:\/\/chiarabevents.com\/hu\/eskuvoi-hetvege-toszkanaban-fogado-vacsora-medence-parti-es-bucsu-brunch\/\">Esk\u00fcv\u0151i h\u00e9tv\u00e9ge Toszk\u00e1n\u00e1ban: fogad\u00f3 vacsora, medence parti \u00e9s b\u00facs\u00fa brunch<\/a><\/li><li><a href=\"https:\/\/chiarabevents.com\/hu\/val-dorcia-ikonikus-helyszinek-es-tanacsok-a-golden-hour-fotokhoz\/\">Val d\u2019Orcia: ikonikus helysz\u00ednek \u00e9s tan\u00e1csok a \u201egolden hour\u201d fot\u00f3khoz<\/a><\/li><li><a href=\"https:\/\/chiarabevents.com\/hu\/magas-szintu-country-chic-hogyan-kerulhetjuk-el-a-rusztikus-hatast-es-maradhatunk-luxusok\/\">Magas szint\u0171 country-chic: hogyan ker\u00fclhetj\u00fck el a rusztikus hat\u00e1st \u00e9s maradhatunk luxusok<\/a><\/li><li><a href=\"https:\/\/chiarabevents.com\/hu\/chianti-eskuvo-hogyan-epitsunk-fel-egy-borparositott-menut-es-egy-gourmet-vendegelmenyt\/\">Chianti esk\u00fcv\u0151: hogyan \u00e9p\u00edts\u00fcnk fel egy borp\u00e1ros\u00edtott men\u00fct \u00e9s egy gourmet vend\u00e9g\u00e9lm\u00e9nyt<\/a><\/li><li><a href=\"https:\/\/chiarabevents.com\/hu\/eskuvo-az-olajfaligetben-ulesek-arnyekolas-es-fenyek-egy-tokeletes-esti-vacsorahoz\/\">Esk\u00fcv\u0151 az olajfaligetben: \u00fcl\u00e9sek, \u00e1rny\u00e9kol\u00e1s \u00e9s f\u00e9nyek egy t\u00f6k\u00e9letes esti vacsor\u00e1hoz<\/a><\/li><\/ul><\/section>\n<hr \/>\n<h2>GYIK<\/h2>\n<div class=\"w4y-faq\">\n<h3>Mennyi id\u0151t kell tervezni a polg\u00e1ri szertart\u00e1s Firenzei helysz\u00edne \u00e9s a villa \u00e9rkez\u00e9se k\u00f6z\u00f6tt a fogad\u00e1sra?<\/h3>\n<p>Ez a t\u00e9nyleges t\u00e1vols\u00e1gt\u00f3l, a k\u00f6zpont megk\u00f6zel\u00edthet\u0151s\u00e9g\u00e9t\u0151l \u00e9s a vend\u00e9gek indul\u00e1si pontj\u00e1t\u00f3l f\u00fcgg. \u00c1ltal\u00e1ban hasznos egy olyan id\u0151ablakot tervezni, amely lehet\u0151v\u00e9 teszi a cerem\u00f3nia befejez\u00e9s\u00e9t, gyors f\u00e9nyk\u00e9pez\u00e9st \u00e9s az \u00e1tsz\u00e1ll\u00edt\u00e1st, \u00edgy a villa el\u0151tti aperitif v\u00e1rakoz\u00e1s n\u00e9lk\u00fcl kezd\u0151dhet. Az \u00fctemtervet a transzferfelv\u00e9telek, lead\u00e1sok \u00e9s a shuttle \u00fatvonalak meghat\u00e1roz\u00e1sa ut\u00e1n kell elk\u00e9sz\u00edteni.<\/p>\n<h3>Jobb, ha a vend\u00e9geket transzferrel vagy saj\u00e1t aut\u00f3val sz\u00e1ll\u00edtj\u00e1k?<\/h3>\n<p>Egy g\u00f6rd\u00fcl\u00e9kenyebb \u00e9s \u201ec\u00e9l\u00e1llom\u00e1s\u201d \u00e9lm\u00e9ny\u00e9rt a transzfer cs\u00f6kkenti a k\u00e9s\u00e9seket, \u00e9s egyszer\u0171s\u00edti a parkol\u00e1st \u00e9s a visszat\u00e9r\u00e9st, k\u00fcl\u00f6n\u00f6sen, ha sokan a belv\u00e1rosban sz\u00e1llnak meg. A saj\u00e1t aut\u00f3k kis csoportok vagy helyi vend\u00e9gek sz\u00e1m\u00e1ra m\u0171k\u00f6dhetnek, de nagyon vil\u00e1gos parkol\u00e1si \u00fatmutat\u00e1st \u00e9s visszat\u00e9r\u00e9si tervet ig\u00e9nyelnek azoknak, akik nem vezetnek.<\/p>\n<h3>Hogyan kezelj\u00fck a vend\u00e9gsz\u00e1ll\u00edt\u00e1sokat Firenz\u00e9ben an\u00e9lk\u00fcl, hogy zavart okozn\u00e1nk?<\/h3>\n<p>J\u00f3l m\u0171k\u00f6dik n\u00e9h\u00e1ny pontos tal\u00e1lkoz\u00f3hely, pontosan kommunik\u00e1lva, \u00e9s t\u00f6bb j\u00e1rat id\u0151ablakokban egyetlen merev id\u0151pont helyett. Hasznos egy kapcsolattart\u00f3 (tervez\u0151\/koordin\u00e1tor) kinevez\u00e9se, valamint a c\u00edmek, t\u00e9rk\u00e9pek, t\u00e1j\u00e9koztat\u00f3 id\u0151pontok \u00e9s hasznos kapcsolatok megoszt\u00e1sa az esk\u00fcv\u0151i weboldalon.<\/p>\n<h3>Melyek a leggyakoribb hib\u00e1k a v\u00e1rosi cerem\u00f3nia + vill\u00e1ban tartott fogad\u00e1s csomagban?<\/h3>\n<p>A leggyakoribbak: t\u00fal szoros \u00fctemterv, a k\u00f6zpontb\u00f3l val\u00f3 kijut\u00e1si id\u0151k alulbecsl\u00e9se, hi\u00e1nyos vend\u00e9ginform\u00e1ci\u00f3k \u00e9s sz\u00fcks\u00e9gtelen\u00fcl duplik\u00e1lt berendez\u00e9sek. Egy hat\u00e9kony projekt a logisztik\u00e1val kezd\u0151dik (vend\u00e9gt\u00e9rk\u00e9p \u00e9s sz\u00e1ll\u00edt\u00e1sok), majd kialak\u00edtja a diz\u00e1jnt \u00e9s a jeleneteket.<\/p>\n<h3>Sz\u00fcks\u00e9g van B-tervre akkor is, ha a vill\u00e1nak bels\u0151 terei vannak?<\/h3>\n<p>Igen, mert a B-tervnek nemcsak el\u00e9rhet\u0151nek kell lennie, hanem \u00f6sszhangban kell \u00e1llnia a nap st\u00edlus\u00e1val \u00e9s folyamat\u00e1val is. Fontos el\u0151re ellen\u0151rizni, hogy mely bels\u0151 terek haszn\u00e1lhat\u00f3k val\u00f3ban a cerem\u00f3ni\u00e1hoz\/aperitifhez\/vacsor\u00e1hoz\/bulih\u00f6z, \u00e9s hogyan illeszkednek a cateringhez \u00e9s a zen\u00e9hez; a r\u00e9szletek\u00e9rt n\u00e9zd meg a helysz\u00edn term\u00e9koldal\u00e1t.<\/p>\n<\/div>\n<p><script type=\"application\/ld+json\">{\n    \"@context\": \"https:\\\/\\\/schema.org\",\n    \"@type\": \"FAQPage\",\n    \"mainEntity\": [\n        {\n            \"@type\": \"Question\",\n            \"name\": \"Quanto tempo prevedere tra cerimonia civile a Firenze e arrivo in villa per il ricevimento?\",\n            \"acceptedAnswer\": {\n                \"@type\": \"Answer\",\n                \"text\": \"Dipende da distanza reale, accessibilit\\u00e0 del centro e punto di partenza degli ospiti. In genere \\u00e8 utile prevedere una finestra con margine per uscita dalla cerimonia, foto rapide e trasferimento, cos\\u00ec l\\u2019aperitivo in villa pu\\u00f2 iniziare senza attese. La timeline va costruita dopo aver definito pick-up, drop-off e percorso delle navette.\"\n            }\n        },\n        {\n            \"@type\": \"Question\",\n            \"name\": \"\\u00c8 meglio far spostare gli ospiti con navetta o con auto proprie?\",\n            \"acceptedAnswer\": {\n                \"@type\": \"Answer\",\n                \"text\": \"Per un\\u2019esperienza pi\\u00f9 fluida e \\u201cdestination\\u201d, la navetta riduce ritardi e semplifica parcheggi e rientri, soprattutto se molti alloggiano in centro. Le auto proprie possono funzionare per piccoli gruppi o ospiti locali, ma richiedono indicazioni parcheggio molto chiare e un piano rientro per chi non guida.\"\n            }\n        },\n        {\n            \"@type\": \"Question\",\n            \"name\": \"Come gestire i trasporti ospiti a Firenze senza creare confusione?\",\n            \"acceptedAnswer\": {\n                \"@type\": \"Answer\",\n                \"text\": \"Funzionano bene pochi punti di ritrovo, comunicati con precisione, e pi\\u00f9 corse in finestre orarie invece di un unico orario rigido. \\u00c8 utile nominare un referente (planner\\\/coordinator) e condividere su wedding website indirizzi, mappe, orari indicativi e contatti utili.\"\n            }\n        },\n        {\n            \"@type\": \"Question\",\n            \"name\": \"Quali sono gli errori pi\\u00f9 comuni nella formula cerimonia in citt\\u00e0 + ricevimento in villa?\",\n            \"acceptedAnswer\": {\n                \"@type\": \"Answer\",\n                \"text\": \"I pi\\u00f9 frequenti sono: timeline troppo stretta, sottovalutazione dei tempi di uscita dal centro, indicazioni ospiti incomplete e allestimenti duplicati non necessari. Un progetto efficace parte dalla logistica (mappa ospiti e trasferimenti) e poi costruisce design e momenti scenici.\"\n            }\n        },\n        {\n            \"@type\": \"Question\",\n            \"name\": \"Serve un piano B anche se la villa ha spazi interni?\",\n            \"acceptedAnswer\": {\n                \"@type\": \"Answer\",\n                \"text\": \"S\\u00ec, perch\\u00e9 il piano B deve essere non solo disponibile, ma anche coerente con stile e flusso della giornata. \\u00c8 importante verificare in anticipo quali spazi interni siano realmente utilizzabili per cerimonia\\\/aperitivo\\\/cena\\\/party e come si integrino con catering e musica; per i dettagli, verifica nella scheda prodotto della location.\"\n            }\n        }\n    ]\n}<\/script><\/p>","protected":false},"excerpt":{"rendered":"<p>Perch\u00e9 scegliere Firenze: cerimonia civile in citt\u00e0 e ricevimento in villa Il format cerimonia civile in centro a Firenze + ricevimento in villa in Toscana \u00e8 uno dei pi\u00f9 richiesti da chi desidera un matrimonio a Firenze elegante, scenografico e ben organizzato. Unisce due anime complementari: l\u2019energia della citt\u00e0 (comoda per servizi, hotel e spostamenti) e la [&hellip;]<\/p>","protected":false},"author":4,"featured_media":35166,"comment_status":"closed","ping_status":"closed","sticky":false,"template":"","format":"standard","meta":{"footnotes":""},"categories":[400,413],"tags":[414,415,416],"class_list":["post-34905","post","type-post","status-publish","format-standard","has-post-thumbnail","hentry","category-toscana","category-toscana-firenze","tag-cerimonia-civile-firenze-ricevimento-villa","tag-matrimonio-a-firenze","tag-trasporti-ospiti-firenze"],"yoast_head":"<!-- This site is optimized with the Yoast SEO Premium plugin v21.8 (Yoast SEO v27.3) - https:\/\/yoast.com\/product\/yoast-seo-premium-wordpress\/ -->\n<title>Firenze: cerimonia civile e ricevimento in villa | Chiara B Event<\/title>\n<meta name=\"description\" content=\"Timeline e trasporti per cerimonia civile a Firenze e ricevimento in villa in Toscana: step, priorit\u00e0, piano B e guest experience.\" \/>\n<meta name=\"robots\" content=\"index, follow, max-snippet:-1, max-image-preview:large, max-video-preview:-1\" \/>\n<link rel=\"canonical\" href=\"https:\/\/chiarabevents.com\/hu\/firenze-polgari-szertartas-a-varosban-es-fogadas-villaban-idovonal-es-szallitas\/\" \/>\n<meta property=\"og:locale\" content=\"hu_HU\" \/>\n<meta property=\"og:type\" content=\"article\" \/>\n<meta property=\"og:title\" content=\"Firenze: cerimonia civile in citt\u00e0 e ricevimento in villa (timeline e trasporti)\" \/>\n<meta property=\"og:description\" content=\"Timeline e trasporti per cerimonia civile a Firenze e ricevimento in villa in Toscana: step, priorit\u00e0, piano B e guest experience.\" \/>\n<meta property=\"og:url\" content=\"https:\/\/chiarabevents.com\/hu\/firenze-polgari-szertartas-a-varosban-es-fogadas-villaban-idovonal-es-szallitas\/\" \/>\n<meta property=\"og:site_name\" content=\"ChiaraB Events Wedding Planner\" \/>\n<meta property=\"article:publisher\" content=\"https:\/\/www.facebook.com\/chiarabevent\" \/>\n<meta property=\"article:published_time\" content=\"2022-01-08T07:53:00+00:00\" \/>\n<meta property=\"article:modified_time\" content=\"2026-03-08T08:37:19+00:00\" \/>\n<meta property=\"og:image\" content=\"https:\/\/chiarabevents.com\/wp-content\/uploads\/2026\/03\/firenze-cerimonia-civile-in-citta-e-ricevimento-in-villa-timeline-e-trasporti-featured-20260308074932.png\" \/>\n\t<meta property=\"og:image:width\" content=\"1536\" \/>\n\t<meta property=\"og:image:height\" content=\"1024\" \/>\n\t<meta property=\"og:image:type\" content=\"image\/png\" \/>\n<meta name=\"author\" content=\"ChiaraB Blog\" \/>\n<meta name=\"twitter:card\" content=\"summary_large_image\" \/>\n<meta name=\"twitter:label1\" content=\"Written by\" \/>\n\t<meta name=\"twitter:data1\" content=\"ChiaraB Blog\" \/>\n\t<meta name=\"twitter:label2\" content=\"Est. reading time\" \/>\n\t<meta name=\"twitter:data2\" content=\"11 minutes\" \/>\n<script type=\"application\/ld+json\" class=\"yoast-schema-graph\">{\"@context\":\"https:\\\/\\\/schema.org\",\"@graph\":[{\"@type\":\"Article\",\"@id\":\"https:\\\/\\\/chiarabevents.com\\\/firenze-cerimonia-civile-in-citta-e-ricevimento-in-villa-timeline-e-trasporti\\\/#article\",\"isPartOf\":{\"@id\":\"https:\\\/\\\/chiarabevents.com\\\/firenze-cerimonia-civile-in-citta-e-ricevimento-in-villa-timeline-e-trasporti\\\/\"},\"author\":{\"name\":\"ChiaraB Blog\",\"@id\":\"https:\\\/\\\/chiarabevents.com\\\/#\\\/schema\\\/person\\\/bbb582cfce34a973ad4463736fd0b0f4\"},\"headline\":\"Firenze: cerimonia civile in citt\u00e0 e ricevimento in villa (timeline e trasporti)\",\"datePublished\":\"2022-01-08T07:53:00+00:00\",\"dateModified\":\"2026-03-08T08:37:19+00:00\",\"mainEntityOfPage\":{\"@id\":\"https:\\\/\\\/chiarabevents.com\\\/firenze-cerimonia-civile-in-citta-e-ricevimento-in-villa-timeline-e-trasporti\\\/\"},\"wordCount\":1964,\"publisher\":{\"@id\":\"https:\\\/\\\/chiarabevents.com\\\/#organization\"},\"image\":{\"@id\":\"https:\\\/\\\/chiarabevents.com\\\/firenze-cerimonia-civile-in-citta-e-ricevimento-in-villa-timeline-e-trasporti\\\/#primaryimage\"},\"thumbnailUrl\":\"https:\\\/\\\/chiarabevents.com\\\/wp-content\\\/uploads\\\/2026\\\/03\\\/firenze-cerimonia-civile-in-citta-e-ricevimento-in-villa-timeline-e-trasporti-featured-20260308074932.png\",\"keywords\":[\"cerimonia civile firenze ricevimento villa\",\"matrimonio a firenze\",\"trasporti ospiti firenze\"],\"articleSection\":[\"Toscana\",\"Toscana\\\/Firenze\"],\"inLanguage\":\"hu-HU\"},{\"@type\":\"WebPage\",\"@id\":\"https:\\\/\\\/chiarabevents.com\\\/firenze-cerimonia-civile-in-citta-e-ricevimento-in-villa-timeline-e-trasporti\\\/\",\"url\":\"https:\\\/\\\/chiarabevents.com\\\/firenze-cerimonia-civile-in-citta-e-ricevimento-in-villa-timeline-e-trasporti\\\/\",\"name\":\"Firenze: cerimonia civile e ricevimento in villa | Chiara B Event\",\"isPartOf\":{\"@id\":\"https:\\\/\\\/chiarabevents.com\\\/#website\"},\"primaryImageOfPage\":{\"@id\":\"https:\\\/\\\/chiarabevents.com\\\/firenze-cerimonia-civile-in-citta-e-ricevimento-in-villa-timeline-e-trasporti\\\/#primaryimage\"},\"image\":{\"@id\":\"https:\\\/\\\/chiarabevents.com\\\/firenze-cerimonia-civile-in-citta-e-ricevimento-in-villa-timeline-e-trasporti\\\/#primaryimage\"},\"thumbnailUrl\":\"https:\\\/\\\/chiarabevents.com\\\/wp-content\\\/uploads\\\/2026\\\/03\\\/firenze-cerimonia-civile-in-citta-e-ricevimento-in-villa-timeline-e-trasporti-featured-20260308074932.png\",\"datePublished\":\"2022-01-08T07:53:00+00:00\",\"dateModified\":\"2026-03-08T08:37:19+00:00\",\"description\":\"Timeline e trasporti per cerimonia civile a Firenze e ricevimento in villa in Toscana: step, priorit\u00e0, piano B e guest experience.\",\"breadcrumb\":{\"@id\":\"https:\\\/\\\/chiarabevents.com\\\/firenze-cerimonia-civile-in-citta-e-ricevimento-in-villa-timeline-e-trasporti\\\/#breadcrumb\"},\"inLanguage\":\"hu-HU\",\"potentialAction\":[{\"@type\":\"ReadAction\",\"target\":[\"https:\\\/\\\/chiarabevents.com\\\/firenze-cerimonia-civile-in-citta-e-ricevimento-in-villa-timeline-e-trasporti\\\/\"]}]},{\"@type\":\"ImageObject\",\"inLanguage\":\"hu-HU\",\"@id\":\"https:\\\/\\\/chiarabevents.com\\\/firenze-cerimonia-civile-in-citta-e-ricevimento-in-villa-timeline-e-trasporti\\\/#primaryimage\",\"url\":\"https:\\\/\\\/chiarabevents.com\\\/wp-content\\\/uploads\\\/2026\\\/03\\\/firenze-cerimonia-civile-in-citta-e-ricevimento-in-villa-timeline-e-trasporti-featured-20260308074932.png\",\"contentUrl\":\"https:\\\/\\\/chiarabevents.com\\\/wp-content\\\/uploads\\\/2026\\\/03\\\/firenze-cerimonia-civile-in-citta-e-ricevimento-in-villa-timeline-e-trasporti-featured-20260308074932.png\",\"width\":1536,\"height\":1024,\"caption\":\"Coppia di sposi in auto d'epoca con lo sfondo di Firenze, tra cui il Duomo, durante il loro matrimonio civile e ricevimento in una suggestiva villa toscana.\"},{\"@type\":\"BreadcrumbList\",\"@id\":\"https:\\\/\\\/chiarabevents.com\\\/firenze-cerimonia-civile-in-citta-e-ricevimento-in-villa-timeline-e-trasporti\\\/#breadcrumb\",\"itemListElement\":[{\"@type\":\"ListItem\",\"position\":1,\"name\":\"Home\",\"item\":\"https:\\\/\\\/chiarabevents.com\\\/\"},{\"@type\":\"ListItem\",\"position\":2,\"name\":\"Firenze: cerimonia civile in citt\u00e0 e ricevimento in villa (timeline e trasporti)\"}]},{\"@type\":\"WebSite\",\"@id\":\"https:\\\/\\\/chiarabevents.com\\\/#website\",\"url\":\"https:\\\/\\\/chiarabevents.com\\\/\",\"name\":\"ChiaraB Events Wedding Planner\",\"description\":\"Un meraviglioso percorso fatto insieme\",\"publisher\":{\"@id\":\"https:\\\/\\\/chiarabevents.com\\\/#organization\"},\"potentialAction\":[{\"@type\":\"SearchAction\",\"target\":{\"@type\":\"EntryPoint\",\"urlTemplate\":\"https:\\\/\\\/chiarabevents.com\\\/?s={search_term_string}\"},\"query-input\":{\"@type\":\"PropertyValueSpecification\",\"valueRequired\":true,\"valueName\":\"search_term_string\"}}],\"inLanguage\":\"hu-HU\"},{\"@type\":\"Organization\",\"@id\":\"https:\\\/\\\/chiarabevents.com\\\/#organization\",\"name\":\"ChiaraB Events Wedding Planner\",\"url\":\"https:\\\/\\\/chiarabevents.com\\\/\",\"logo\":{\"@type\":\"ImageObject\",\"inLanguage\":\"hu-HU\",\"@id\":\"https:\\\/\\\/chiarabevents.com\\\/#\\\/schema\\\/logo\\\/image\\\/\",\"url\":\"https:\\\/\\\/chiarabevents.com\\\/wp-content\\\/uploads\\\/2023\\\/12\\\/cropped-Monogramma_chiarab.png\",\"contentUrl\":\"https:\\\/\\\/chiarabevents.com\\\/wp-content\\\/uploads\\\/2023\\\/12\\\/cropped-Monogramma_chiarab.png\",\"width\":512,\"height\":512,\"caption\":\"ChiaraB Events Wedding Planner\"},\"image\":{\"@id\":\"https:\\\/\\\/chiarabevents.com\\\/#\\\/schema\\\/logo\\\/image\\\/\"},\"sameAs\":[\"https:\\\/\\\/www.facebook.com\\\/chiarabevent\",\"https:\\\/\\\/www.instagram.com\\\/chiarab_events\\\/\"]},{\"@type\":\"Person\",\"@id\":\"https:\\\/\\\/chiarabevents.com\\\/#\\\/schema\\\/person\\\/bbb582cfce34a973ad4463736fd0b0f4\",\"name\":\"ChiaraB Blog\",\"image\":{\"@type\":\"ImageObject\",\"inLanguage\":\"hu-HU\",\"@id\":\"https:\\\/\\\/chiarabevents.com\\\/wp-content\\\/litespeed\\\/avatar\\\/1646323b4cbc3492de1328080709cacc.jpg?ver=1777061573\",\"url\":\"https:\\\/\\\/chiarabevents.com\\\/wp-content\\\/litespeed\\\/avatar\\\/1646323b4cbc3492de1328080709cacc.jpg?ver=1777061573\",\"contentUrl\":\"https:\\\/\\\/chiarabevents.com\\\/wp-content\\\/litespeed\\\/avatar\\\/1646323b4cbc3492de1328080709cacc.jpg?ver=1777061573\",\"caption\":\"ChiaraB Blog\"},\"url\":\"https:\\\/\\\/chiarabevents.com\\\/hu\\\/author\\\/chiarab-blog\\\/\"}]}<\/script>\n<!-- \/ Yoast SEO Premium plugin. -->","yoast_head_json":{"title":"Firenze: polg\u00e1ri szertart\u00e1s \u00e9s fogad\u00e1s vill\u00e1ban | Chiara B Event","description":"Id\u0151vonal \u00e9s sz\u00e1ll\u00edt\u00e1s polg\u00e1ri szertart\u00e1shoz Firenz\u00e9ben \u00e9s fogad\u00e1s egy toszk\u00e1n vill\u00e1ban: l\u00e9p\u00e9sek, priorit\u00e1sok, B-terv \u00e9s vend\u00e9g\u00e9lm\u00e9ny.","robots":{"index":"index","follow":"follow","max-snippet":"max-snippet:-1","max-image-preview":"max-image-preview:large","max-video-preview":"max-video-preview:-1"},"canonical":"https:\/\/chiarabevents.com\/hu\/firenze-polgari-szertartas-a-varosban-es-fogadas-villaban-idovonal-es-szallitas\/","og_locale":"hu_HU","og_type":"article","og_title":"Firenze: cerimonia civile in citt\u00e0 e ricevimento in villa (timeline e trasporti)","og_description":"Timeline e trasporti per cerimonia civile a Firenze e ricevimento in villa in Toscana: step, priorit\u00e0, piano B e guest experience.","og_url":"https:\/\/chiarabevents.com\/hu\/firenze-polgari-szertartas-a-varosban-es-fogadas-villaban-idovonal-es-szallitas\/","og_site_name":"ChiaraB Events Wedding Planner","article_publisher":"https:\/\/www.facebook.com\/chiarabevent","article_published_time":"2022-01-08T07:53:00+00:00","article_modified_time":"2026-03-08T08:37:19+00:00","og_image":[{"width":1536,"height":1024,"url":"https:\/\/chiarabevents.com\/wp-content\/uploads\/2026\/03\/firenze-cerimonia-civile-in-citta-e-ricevimento-in-villa-timeline-e-trasporti-featured-20260308074932.png","type":"image\/png"}],"author":"ChiaraB Blog","twitter_card":"summary_large_image","twitter_misc":{"Written by":"ChiaraB Blog","Est. reading time":"11 minutes"},"schema":{"@context":"https:\/\/schema.org","@graph":[{"@type":"Article","@id":"https:\/\/chiarabevents.com\/firenze-cerimonia-civile-in-citta-e-ricevimento-in-villa-timeline-e-trasporti\/#article","isPartOf":{"@id":"https:\/\/chiarabevents.com\/firenze-cerimonia-civile-in-citta-e-ricevimento-in-villa-timeline-e-trasporti\/"},"author":{"name":"ChiaraB Blog","@id":"https:\/\/chiarabevents.com\/#\/schema\/person\/bbb582cfce34a973ad4463736fd0b0f4"},"headline":"Firenze: cerimonia civile in citt\u00e0 e ricevimento in villa (timeline e trasporti)","datePublished":"2022-01-08T07:53:00+00:00","dateModified":"2026-03-08T08:37:19+00:00","mainEntityOfPage":{"@id":"https:\/\/chiarabevents.com\/firenze-cerimonia-civile-in-citta-e-ricevimento-in-villa-timeline-e-trasporti\/"},"wordCount":1964,"publisher":{"@id":"https:\/\/chiarabevents.com\/#organization"},"image":{"@id":"https:\/\/chiarabevents.com\/firenze-cerimonia-civile-in-citta-e-ricevimento-in-villa-timeline-e-trasporti\/#primaryimage"},"thumbnailUrl":"https:\/\/chiarabevents.com\/wp-content\/uploads\/2026\/03\/firenze-cerimonia-civile-in-citta-e-ricevimento-in-villa-timeline-e-trasporti-featured-20260308074932.png","keywords":["cerimonia civile firenze ricevimento villa","matrimonio a firenze","trasporti ospiti firenze"],"articleSection":["Toscana","Toscana\/Firenze"],"inLanguage":"hu-HU"},{"@type":"WebPage","@id":"https:\/\/chiarabevents.com\/firenze-cerimonia-civile-in-citta-e-ricevimento-in-villa-timeline-e-trasporti\/","url":"https:\/\/chiarabevents.com\/firenze-cerimonia-civile-in-citta-e-ricevimento-in-villa-timeline-e-trasporti\/","name":"Firenze: polg\u00e1ri szertart\u00e1s \u00e9s fogad\u00e1s vill\u00e1ban | Chiara B Event","isPartOf":{"@id":"https:\/\/chiarabevents.com\/#website"},"primaryImageOfPage":{"@id":"https:\/\/chiarabevents.com\/firenze-cerimonia-civile-in-citta-e-ricevimento-in-villa-timeline-e-trasporti\/#primaryimage"},"image":{"@id":"https:\/\/chiarabevents.com\/firenze-cerimonia-civile-in-citta-e-ricevimento-in-villa-timeline-e-trasporti\/#primaryimage"},"thumbnailUrl":"https:\/\/chiarabevents.com\/wp-content\/uploads\/2026\/03\/firenze-cerimonia-civile-in-citta-e-ricevimento-in-villa-timeline-e-trasporti-featured-20260308074932.png","datePublished":"2022-01-08T07:53:00+00:00","dateModified":"2026-03-08T08:37:19+00:00","description":"Id\u0151vonal \u00e9s sz\u00e1ll\u00edt\u00e1s polg\u00e1ri szertart\u00e1shoz Firenz\u00e9ben \u00e9s fogad\u00e1s egy toszk\u00e1n vill\u00e1ban: l\u00e9p\u00e9sek, priorit\u00e1sok, B-terv \u00e9s vend\u00e9g\u00e9lm\u00e9ny.","breadcrumb":{"@id":"https:\/\/chiarabevents.com\/firenze-cerimonia-civile-in-citta-e-ricevimento-in-villa-timeline-e-trasporti\/#breadcrumb"},"inLanguage":"hu-HU","potentialAction":[{"@type":"ReadAction","target":["https:\/\/chiarabevents.com\/firenze-cerimonia-civile-in-citta-e-ricevimento-in-villa-timeline-e-trasporti\/"]}]},{"@type":"ImageObject","inLanguage":"hu-HU","@id":"https:\/\/chiarabevents.com\/firenze-cerimonia-civile-in-citta-e-ricevimento-in-villa-timeline-e-trasporti\/#primaryimage","url":"https:\/\/chiarabevents.com\/wp-content\/uploads\/2026\/03\/firenze-cerimonia-civile-in-citta-e-ricevimento-in-villa-timeline-e-trasporti-featured-20260308074932.png","contentUrl":"https:\/\/chiarabevents.com\/wp-content\/uploads\/2026\/03\/firenze-cerimonia-civile-in-citta-e-ricevimento-in-villa-timeline-e-trasporti-featured-20260308074932.png","width":1536,"height":1024,"caption":"Coppia di sposi in auto d'epoca con lo sfondo di Firenze, tra cui il Duomo, durante il loro matrimonio civile e ricevimento in una suggestiva villa toscana."},{"@type":"BreadcrumbList","@id":"https:\/\/chiarabevents.com\/firenze-cerimonia-civile-in-citta-e-ricevimento-in-villa-timeline-e-trasporti\/#breadcrumb","itemListElement":[{"@type":"ListItem","position":1,"name":"Home","item":"https:\/\/chiarabevents.com\/"},{"@type":"ListItem","position":2,"name":"Firenze: cerimonia civile in citt\u00e0 e ricevimento in villa (timeline e trasporti)"}]},{"@type":"WebSite","@id":"https:\/\/chiarabevents.com\/#website","url":"https:\/\/chiarabevents.com\/","name":"ChiaraB Esem\u00e9nyek Esk\u00fcv\u0151szervez\u0151","description":"Egy csod\u00e1latos \u00fat egy\u00fctt megt\u00e9ve","publisher":{"@id":"https:\/\/chiarabevents.com\/#organization"},"potentialAction":[{"@type":"SearchAction","target":{"@type":"EntryPoint","urlTemplate":"https:\/\/chiarabevents.com\/?s={search_term_string}"},"query-input":{"@type":"PropertyValueSpecification","valueRequired":true,"valueName":"search_term_string"}}],"inLanguage":"hu-HU"},{"@type":"Organization","@id":"https:\/\/chiarabevents.com\/#organization","name":"ChiaraB Esem\u00e9nyek Esk\u00fcv\u0151szervez\u0151","url":"https:\/\/chiarabevents.com\/","logo":{"@type":"ImageObject","inLanguage":"hu-HU","@id":"https:\/\/chiarabevents.com\/#\/schema\/logo\/image\/","url":"https:\/\/chiarabevents.com\/wp-content\/uploads\/2023\/12\/cropped-Monogramma_chiarab.png","contentUrl":"https:\/\/chiarabevents.com\/wp-content\/uploads\/2023\/12\/cropped-Monogramma_chiarab.png","width":512,"height":512,"caption":"ChiaraB Events Wedding Planner"},"image":{"@id":"https:\/\/chiarabevents.com\/#\/schema\/logo\/image\/"},"sameAs":["https:\/\/www.facebook.com\/chiarabevent","https:\/\/www.instagram.com\/chiarab_events\/"]},{"@type":"Person","@id":"https:\/\/chiarabevents.com\/#\/schema\/person\/bbb582cfce34a973ad4463736fd0b0f4","name":"ChiaraB Blog","image":{"@type":"ImageObject","inLanguage":"hu-HU","@id":"https:\/\/chiarabevents.com\/wp-content\/litespeed\/avatar\/1646323b4cbc3492de1328080709cacc.jpg?ver=1777061573","url":"https:\/\/chiarabevents.com\/wp-content\/litespeed\/avatar\/1646323b4cbc3492de1328080709cacc.jpg?ver=1777061573","contentUrl":"https:\/\/chiarabevents.com\/wp-content\/litespeed\/avatar\/1646323b4cbc3492de1328080709cacc.jpg?ver=1777061573","caption":"ChiaraB Blog"},"url":"https:\/\/chiarabevents.com\/hu\/author\/chiarab-blog\/"}]}},"_links":{"self":[{"href":"https:\/\/chiarabevents.com\/hu\/wp-json\/wp\/v2\/posts\/34905","targetHints":{"allow":["GET"]}}],"collection":[{"href":"https:\/\/chiarabevents.com\/hu\/wp-json\/wp\/v2\/posts"}],"about":[{"href":"https:\/\/chiarabevents.com\/hu\/wp-json\/wp\/v2\/types\/post"}],"author":[{"embeddable":true,"href":"https:\/\/chiarabevents.com\/hu\/wp-json\/wp\/v2\/users\/4"}],"replies":[{"embeddable":true,"href":"https:\/\/chiarabevents.com\/hu\/wp-json\/wp\/v2\/comments?post=34905"}],"version-history":[{"count":2,"href":"https:\/\/chiarabevents.com\/hu\/wp-json\/wp\/v2\/posts\/34905\/revisions"}],"predecessor-version":[{"id":35175,"href":"https:\/\/chiarabevents.com\/hu\/wp-json\/wp\/v2\/posts\/34905\/revisions\/35175"}],"wp:featuredmedia":[{"embeddable":true,"href":"https:\/\/chiarabevents.com\/hu\/wp-json\/wp\/v2\/media\/35166"}],"wp:attachment":[{"href":"https:\/\/chiarabevents.com\/hu\/wp-json\/wp\/v2\/media?parent=34905"}],"wp:term":[{"taxonomy":"category","embeddable":true,"href":"https:\/\/chiarabevents.com\/hu\/wp-json\/wp\/v2\/categories?post=34905"},{"taxonomy":"post_tag","embeddable":true,"href":"https:\/\/chiarabevents.com\/hu\/wp-json\/wp\/v2\/tags?post=34905"}],"curies":[{"name":"wp","href":"https:\/\/api.w.org\/{rel}","templated":true}]}}