{"id":34924,"date":"2026-03-02T10:11:51","date_gmt":"2026-03-02T08:11:51","guid":{"rendered":"https:\/\/chiarabevents.com\/"},"modified":"2026-03-10T02:32:22","modified_gmt":"2026-03-10T00:32:22","slug":"costa-smeralda-eskuvo-maganelet-koltsegvetes-es-szolgaltatokezeles","status":"publish","type":"post","link":"https:\/\/chiarabevents.com\/hu\/costa-smeralda-eskuvo-maganelet-koltsegvetes-es-szolgaltatokezeles\/","title":{"rendered":"Costa Smeralda esk\u00fcv\u0151: mag\u00e1n\u00e9let, k\u00f6lts\u00e9gvet\u00e9s \u00e9s szolg\u00e1ltat\u00f3kezel\u00e9s"},"content":{"rendered":"<h2>Costa Smeralda esk\u00fcv\u0151i mag\u00e1n\u00e9let: mi\u00e9rt v\u00e1lasszunk egy z\u00e1rt \u00e9s gondosan kidolgozott form\u00e1tumot<\/h2>\n<p>Egy <strong>Costa Smeralda esk\u00fcv\u0151<\/strong> nem csup\u00e1n st\u00edlusv\u00e1laszt\u00e1s: ez egy vend\u00e9gl\u00e1t\u00e1si, im\u00e1zs- \u00e9s koordin\u00e1ci\u00f3s projekt. Akik Szard\u00edni\u00e1t \u00e1lmodj\u00e1k meg saj\u00e1t \u201edestination wedding\u201d helysz\u00ednk\u00e9nt, gyakran h\u00e1rom nagyon pontos dolgot keresnek: <strong>mag\u00e1n\u00e9letet<\/strong>, hib\u00e1tlan eszt\u00e9tik\u00e1t \u00e9s azt az \u00e9rz\u00e9st, hogy minden r\u00e9szlet \u201eegyszer\u0171\u201d a vend\u00e9gek sz\u00e1m\u00e1ra, m\u00e9g akkor is, ha m\u00f6g\u00f6tte \u00f6sszetett rendez\u00e9s \u00e1ll.<\/p>\n<p>Amikor a f\u00f3kusz a <strong>costa smeralda esk\u00fcv\u0151i mag\u00e1n\u00e9let<\/strong> m\u0171k\u00f6d\u00e9si priorit\u00e1ss\u00e1 v\u00e1lik: ez azt jelenti, hogy ellen\u0151rizni kell a bejut\u00e1sokat \u00e9s a forgalmat, korl\u00e1tozni a k\u00fcls\u0151 zavar\u00f3 t\u00e9nyez\u0151ket, v\u00e9deni a p\u00e1r \u00e9s a vend\u00e9gek idej\u00e9t \u00e9s ter\u00e9t. Egy ikonikus \u00e9s nagyon keresett k\u00f6rnyezetben a diszkr\u00e9ci\u00f3 nem improviz\u00e1lhat\u00f3: helysz\u00ednnel, szem\u00e9lyzettel \u00e9s szolg\u00e1ltat\u00f3kkal egy\u00fctt kell megtervezni.<\/p>\n<p>Ha sz\u00e9lesebb k\u00f6r\u0171 helyi kontextust szeretn\u00e9l, kezdhetsz a <a href=\"https:\/\/it.wikipedia.org\/wiki\/Costa_Smeralda\" target=\"_blank\" rel=\"noopener noreferrer nofollow\">R\u00e9szletes inform\u00e1ci\u00f3: Costa Smeralda (Wikipedia)<\/a> oldaln\u00e1l, majd az inspir\u00e1ci\u00f3t gyakorlati d\u00f6nt\u00e9sekre ford\u00edthatod: megfelel\u0151 helysz\u00ednek, fenntarthat\u00f3 logisztika \u00e9s egy csapat, amely k\u00e9pes kezelni az id\u0151z\u00edt\u00e9st, a bejut\u00e1st \u00e9s a kommunik\u00e1ci\u00f3t.<\/p>\n<h3>C\u00e9l \u00e9s st\u00edlus: luxus, intim, destination (merevs\u00e9g n\u00e9lk\u00fcl)<\/h3>\n<p>A Costa Smerald\u00e1n legink\u00e1bb keresett form\u00e1tum egyens\u00falyra t\u00f6rekszik: hangulat <strong>luxus<\/strong> de nem hivalkod\u00f3, pillanatok <strong>\u00e9s ak\u00e1r m\u00e9g ink\u00e1bb a kontextusokhoz is<\/strong> m\u00e9g sok vend\u00e9ggel is, \u00e9s egy \u201edestination\u201d jelleg, amely \u00e9rt\u00e9keli Szard\u00edni\u00e1t an\u00e9lk\u00fcl, hogy az esk\u00fcv\u0151t kimer\u00edt\u0151 t\u00far\u00e1v\u00e1 v\u00e1ltoztatn\u00e1.<\/p>\n<p>Ahhoz, hogy ide eljuss, \u00e9rdemes azonnal meghat\u00e1rozni:<\/p>\n<ul>\n<li><strong>A vend\u00e9gek sz\u00e1ma \u00e9s profilja<\/strong> (csal\u00e1dok, bar\u00e1tok, nemzetk\u00f6zi kever\u00e9k).<\/li>\n<li><strong>Az esem\u00e9ny st\u00edlusa<\/strong> (minimalista chic, mediterr\u00e1n, klasszikus, kort\u00e1rs).<\/li>\n<li><strong>A k\u00edv\u00e1nt mag\u00e1n\u00e9let szintje<\/strong> (exkluz\u00edv terek, z\u00e1rt id\u0151z\u00edt\u00e9s, fot\u00f3\/vide\u00f3 kezel\u00e9s).<\/li>\n<li><strong>A h\u00e9tv\u00e9ge ritmusa<\/strong> (egy nap vagy t\u00f6bb \u00f6sszehangolt esem\u00e9ny).<\/li>\n<\/ul>\n<h3>Id\u0151z\u00edt\u00e9s \u00e9s logisztika: mire sz\u00e1m\u00edthatunk val\u00f3j\u00e1ban<\/h3>\n<p>Szard\u00edni\u00e1n, k\u00fcl\u00f6n\u00f6sen a Costa Smerald\u00e1n a logisztika ugyanolyan fontos, mint az eszt\u00e9tika. Az utaz\u00e1sok, bejut\u00e1sok, a sz\u00e1ll\u00e1sok \u00e9s helysz\u00ednek k\u00f6z\u00f6tti t\u00e1vols\u00e1gok, a szolg\u00e1ltat\u00e1sok el\u00e9rhet\u0151s\u00e9ge bizonyos id\u0151szakokban: mindez befoly\u00e1solja a sikeress\u00e9get. A j\u00f3 tervez\u00e9s azt jelenti, hogy <strong>elker\u00fclj\u00fck a sz\u0171k keresztmetszeteket<\/strong> (egyszerre \u00e9rkez\u0151k, v\u00e1rakoz\u00e1sok, szervezetlen \u00e1tsz\u00e1ll\u00e1sok) \u00e9s megv\u00e9dj\u00fck a vend\u00e9gek nyugalm\u00e1t.<\/p>\n<p>Hat\u00e9kony megk\u00f6zel\u00edt\u00e9s a \u201eforgalom\u201d szerinti gondolkod\u00e1s: ki mikor \u00e9rkezik, hol parkol vagy sz\u00e1ll\u00edtj\u00e1k, milyen \u00fatvonalat k\u00f6vet, ki fogadja, \u00e9s hogyan kommunik\u00e1lj\u00e1k az egyes l\u00e9p\u00e9seket.<\/p>\n<h2>L\u00e9p\u00e9sr\u0151l l\u00e9p\u00e9sre tervez\u00e9s egy esk\u00fcv\u0151h\u00f6z a Costa Smerald\u00e1n<\/h2>\n<p>A tervez\u00e9s akkor m\u0171k\u00f6dik, ha k\u00e9zzelfoghat\u00f3: n\u00e9h\u00e1ny kulcsfontoss\u00e1g\u00fa d\u00f6nt\u00e9s kor\u00e1n meghozva \u00e9s egy sor ir\u00e1ny\u00edtott mikrov\u00e1laszt\u00e1s. Nem az a l\u00e9nyeg, hogy egy v\u00e9gtelen ellen\u0151rz\u0151list\u00e1t t\u00f6lts\u00fcnk ki, hanem egy olyan rendszert \u00e9p\u00edts\u00fcnk, amelyben <strong>minden szolg\u00e1ltat\u00f3 tudja, mit kell tennie<\/strong>, mikor \u00e9s milyen korl\u00e1tok k\u00f6z\u00f6tt.<\/p>\n<h3>Re\u00e1lis \u00fctemterv: a v\u00edzi\u00f3t\u00f3l az operat\u00edv koordin\u00e1ci\u00f3ig<\/h3>\n<p>Minden esem\u00e9nynek megvan a maga t\u00f6rt\u00e9nete, de egy \u201ere\u00e1lis\u201d \u00fctemterv a Costa Smerald\u00e1n \u00e1ltal\u00e1ban ezt a ritmust k\u00f6veti:<\/p>\n<ul>\n<li><strong>12\u20139 h\u00f3nappal kor\u00e1bban<\/strong>: koncepci\u00f3 meghat\u00e1roz\u00e1sa, helysz\u00edn kiv\u00e1laszt\u00e1sa, strat\u00e9giai d\u00e1tumok lefoglal\u00e1sa, els\u0151 k\u00f6lts\u00e9gvet\u00e9si tervezet \u00e9s priorit\u00e1sok.<\/li>\n<li><strong>9\u20136 h\u00f3nappal kor\u00e1bban<\/strong>: f\u0151 szolg\u00e1ltat\u00f3k kiv\u00e1laszt\u00e1sa (catering\/bankett, fot\u00f3\/vide\u00f3, zene), vend\u00e9gek \u00e9s sz\u00e1ll\u00e1sok logisztik\u00e1j\u00e1nak be\u00e1ll\u00edt\u00e1sa.<\/li>\n<li><strong>6\u20134 h\u00f3nappal kor\u00e1bban<\/strong>: design projekt (vir\u00e1gok, vil\u00e1g\u00edt\u00e1s, mise en place), helysz\u00edni bej\u00e1r\u00e1sok, folyamatok \u00e9s id\u0151z\u00edt\u00e9s meghat\u00e1roz\u00e1sa.<\/li>\n<li><strong>4\u20132 h\u00f3nappal kor\u00e1bban<\/strong>: operat\u00edv meger\u0151s\u00edt\u00e9sek, sz\u00e1ll\u00edt\u00e1si terv, vend\u00e9gek t\u00e1j\u00e9koztat\u00e1sa, cerem\u00f3nia r\u00e9szletei \u00e9s k\u00fcl\u00f6nleges pillanatok.<\/li>\n<li><strong>Utols\u00f3 hetek<\/strong>: v\u00e9gs\u0151 h\u00edv\u00f3lista, szolg\u00e1ltat\u00f3k koordin\u00e1ci\u00f3ja, technikai pr\u00f3b\u00e1k, B terv id\u0151j\u00e1r\u00e1s eset\u00e9re, szem\u00e9lyzet eligaz\u00edt\u00e1sa.<\/li>\n<\/ul>\n<p>Ennek az \u00fctemez\u00e9snek az el\u0151nye, hogy lehet\u0151v\u00e9 teszi, hogy megv\u00e9dd a val\u00f3ban \u201ek\u00f6lts\u00e9ges\u201d d\u00f6nt\u00e9seket (id\u0151 \u00e9s stressz szempontj\u00e1b\u00f3l), \u00e9s a t\u00f6bbit egy olyan f\u00e1zisra hagyd, amikor minden vil\u00e1gosabb.<\/p>\n<h3>Alapvet\u0151 szolg\u00e1ltat\u00f3i ellen\u0151rz\u0151lista: kikre van val\u00f3ban sz\u00fcks\u00e9g (\u00e9s mikor)<\/h3>\n<p>A \u201ewedding Sardegna\u201d szolg\u00e1ltat\u00f3k hat\u00e9kony kezel\u00e9s\u00e9hez <strong>\u00e9rdemes megk\u00fcl\u00f6nb\u00f6ztetni a \u201ecore team\u201d-et \u00e9s a \u201et\u00e1mogat\u00e1st\u201d. A core team az, amely hat\u00e1ssal van az \u00e9lm\u00e9nyre, eszt\u00e9tik\u00e1ra \u00e9s id\u0151z\u00edt\u00e9sre; a t\u00e1mogat\u00e1s kieg\u00e9sz\u00edt \u00e9s finom\u00edt.<\/strong> Tipikus core team<\/p>\n<p><strong>Helysz\u00edn \u00e9s operat\u00edv kapcsolattart\u00f3<\/strong>:<\/p>\n<ul>\n<li>Catering\/bankett \u00e9s szolg\u00e1ltat\u00e1s<\/li>\n<li>T\u00e1mogat\u00e1s (a projektt\u0151l f\u00fcgg\u0151en)<\/li>\n<li>Esk\u00fcv\u0151szervez\u0151\/koordin\u00e1ci\u00f3<\/li>\n<li>Fot\u00f3k \u00e9s vide\u00f3k<\/li>\n<li>Zene\/sz\u00f3rakoztat\u00e1s<\/li>\n<\/ul>\n<p><strong>Vir\u00e1gtervez\u00e9s \u00e9s styling<\/strong>:<\/p>\n<ul>\n<li>Sz\u00e1ll\u00edt\u00e1s \u00e9s vend\u00e9gl\u00e1t\u00e1s<\/li>\n<li>Vil\u00e1g\u00edt\u00e1stervez\u00e9s<\/li>\n<li>Speci\u00e1lis dekor\u00e1ci\u00f3k \u00e9s d\u00edszletek<\/li>\n<li>Sz\u00e9ps\u00e9gcsapat \u00e9s \u00f6lt\u00f6ztet\u00e9si seg\u00edts\u00e9g<\/li>\n<li>A krit\u00e9rium nem az \u201ehozz\u00e1ad\u00e1s\u201d, hanem<\/li>\n<\/ul>\n<p>: kevesebb l\u00e9p\u00e9s, t\u00f6bb tisztas\u00e1g. Egy karcs\u00fa \u00e9s j\u00f3l koordin\u00e1lt csapat gyakran g\u00f6rd\u00fcl\u00e9kenyebb\u00e9 \u00e9s eleg\u00e1nsabb\u00e1 teszi az esem\u00e9nyt. <strong>egyszer\u0171s\u00edtenie kell<\/strong>: meno passaggi, pi\u00f9 chiarezza. Un team snello e ben coordinato spesso rende l\u2019evento pi\u00f9 fluido e pi\u00f9 elegante.<\/p>\n<h3>Vend\u00e9gek \u00e9s transzferek kezel\u00e9se: a l\u00e1thatatlan ir\u00e1ny\u00edt\u00e1s, ami mindent megv\u00e1ltoztat<\/h3>\n<p>Egy destination wedding eset\u00e9n a meg\u00edt\u00e9lt min\u0151s\u00e9g nagyban att\u00f3l f\u00fcgg, hogy a vend\u00e9geknek mit nem kell csin\u00e1lniuk: nem kell \u00fatbaigaz\u00edt\u00e1st keresni\u00fck, nem kell \u00e9rteni\u00fck, hov\u00e1 menjenek, nem kell v\u00e1rakozniuk an\u00e9lk\u00fcl, hogy tudn\u00e1k, mi t\u00f6rt\u00e9nik. A vend\u00e9gkezel\u00e9s el\u0151rel\u00e1t\u00f3 munka: ig\u00e9nyek \u00f6sszegy\u0171jt\u00e9se, vil\u00e1gos kommunik\u00e1ci\u00f3, \u00e9s egy a programmal \u00f6sszhangban l\u00e9v\u0151 transzfer rendszer.<\/p>\n<p>N\u00e9h\u00e1ny v\u00e1laszt\u00e1s, ami seg\u00edt:<\/p>\n<ul>\n<li><strong>\u00dctemezett \u00e9rkez\u00e9sek<\/strong> vagy aj\u00e1nlott bejelentkez\u00e9si id\u0151s\u00e1vok.<\/li>\n<li><strong>\u00e9rdemes a transzfereket az \u00e9lm\u00e9ny r\u00e9sz\u00e9nek tekinteni, nem pedig technikai r\u00e9szletnek:<\/strong> egyszer\u0171 \u00e9s felismerhet\u0151.<\/li>\n<li><strong>Hostess vagy dedik\u00e1lt szem\u00e9lyzet<\/strong> kritikus pillanatokban (\u00fcdv\u00f6zl\u00e9s, cerem\u00f3nia, az este v\u00e9ge).<\/li>\n<li><strong>R\u00f6vid kommunik\u00e1ci\u00f3k<\/strong> (l\u00e9nyeges \u00fczenetek, t\u00e9rk\u00e9pek, menetrendek).<\/li>\n<\/ul>\n<h2>Costa Smeralda k\u00f6lts\u00e9gvet\u00e9s: hogyan hat\u00e1rozzuk meg a priorit\u00e1sokat kontrollveszt\u00e9s n\u00e9lk\u00fcl<\/h2>\n<p>A t\u00e9ma <strong>Costa Smeralda k\u00f6lts\u00e9gvet\u00e9s<\/strong> m\u00f3dszeresen kell kezelni, nem szorong\u00e1ssal. Ebben az \u00fati c\u00e9lban a legfontosabb v\u00e1ltoz\u00f3 nem az, hogy \u201emennyi a k\u00f6lt\u00e9s\u201d, hanem <strong>hol fektess\u00fcnk be<\/strong> a k\u00edv\u00e1nt hat\u00e1s el\u00e9r\u00e9se \u00e9s az esem\u00e9ny kezelhet\u0151s\u00e9g\u00e9nek meg\u0151rz\u00e9se \u00e9rdek\u00e9ben.<\/p>\n<p>Egy k\u00f6lts\u00e9gvet\u00e9s akkor m\u0171k\u00f6dik, ha t\u00e9rk\u00e9p: megmutatja, mi elengedhetetlen, mi t\u00e1rgyalhat\u00f3 \u00e9s mi felesleges a c\u00e9lodhoz k\u00e9pest (mag\u00e1n\u00e9let, hangulat, vend\u00e9gk\u00e9nyelem, eszt\u00e9tika).<\/p>\n<h3>F\u0151 t\u00e9telek: mi sz\u00e1m\u00edt igaz\u00e1n a tervez\u00e9sben<\/h3>\n<p>Sz\u00e1mok n\u00e9lk\u00fcl, a makrot\u00e9telek, amelyek legink\u00e1bb befoly\u00e1solj\u00e1k egy Costa Smeralda-i esk\u00fcv\u0151t, a k\u00f6vetkez\u0151k:<\/p>\n<ul>\n<li><strong>Vend\u00e9gl\u00e1t\u00e1s \u00e9s sz\u00e1ll\u00edt\u00e1s<\/strong> (bele\u00e9rtve a korl\u00e1toz\u00e1sokat, id\u0151pontokat, haszn\u00e1lhat\u00f3 ter\u00fcleteket).<\/li>\n<li><strong>\u00c9tel \u00e9s ital<\/strong> \u00e9s a kapcsol\u00f3d\u00f3 szolg\u00e1ltat\u00e1s.<\/li>\n<li><strong>Dekor\u00e1ci\u00f3k<\/strong>: vir\u00e1gok, berendez\u00e9sek, ter\u00edt\u00e9k, d\u00edszletek.<\/li>\n<li><strong>Hang, f\u00e9ny \u00e9s produkci\u00f3<\/strong> (alapvet\u0151 a hangulat \u00e9s az id\u0151z\u00edt\u00e9s szempontj\u00e1b\u00f3l).<\/li>\n<li><strong>Logisztika<\/strong>: transzferek, vend\u00e9gl\u00e1t\u00e1s, \u00e1raml\u00e1skezel\u00e9s.<\/li>\n<li><strong>Kreat\u00edv csapat<\/strong>: fot\u00f3z\u00e1s\/vide\u00f3z\u00e1s \u00e9s sz\u00f3rakoztat\u00e1s.<\/li>\n<\/ul>\n<p>A kulcspont, hogy ezek a t\u00e9telek nem f\u00fcggetlenek egym\u00e1st\u00f3l: egy helysz\u00ednv\u00e1laszt\u00e1s egyszer\u0171s\u00edtheti (vagy bonyol\u00edthatja) a logisztik\u00e1t, a berendez\u00e9seket \u00e9s a produkci\u00f3t.<\/p>\n<h3>Hol \u00e9rdemes befektetni a l\u00e1tv\u00e1ny maximaliz\u00e1l\u00e1s\u00e1hoz (t\u00falz\u00e1sok n\u00e9lk\u00fcl)<\/h3>\n<p>Costa Smerald\u00e1ban a l\u00e1tv\u00e1nyos hat\u00e1s gyakran egy kever\u00e9kb\u0151l sz\u00e1rmazik <strong>term\u00e9szetes k\u00f6rnyezet<\/strong> \u00e9s <strong>ir\u00e1ny\u00edt\u00e1s<\/strong>. A j\u00f3 befektet\u00e9s azt jelenti, hogy \u00e9rt\u00e9kelj\u00fck, ami m\u00e1r l\u00e9tezik, \u00e9s koherens keretet \u00e9p\u00edt\u00fcnk, elker\u00fclve a \u201eharcot\u201d a helysz\u00ednnel.<\/p>\n<p>\u00c1ltal\u00e1ban nagyon j\u00f3l m\u0171k\u00f6dnek:<\/p>\n<ul>\n<li><strong>Vil\u00e1g\u00edt\u00e1s<\/strong> azt a c\u00e9lt szolg\u00e1lja, hogy a tereket napnyugt\u00e1t\u00f3l estig \u00e1talak\u00edtsa.<\/li>\n<li><strong>C\u00e9lzott dekor\u00e1ci\u00f3k<\/strong> f\u00f3kuszpontokon (cerem\u00f3nia, f\u0151asztal vagy asztalok, buli ter\u00fclet).<\/li>\n<li><strong>Vend\u00e9g\u00e9lm\u00e9ny<\/strong>: fogad\u00e1s, k\u00e9nyelem, mozg\u00e1s foly\u00e9konys\u00e1ga.<\/li>\n<li><strong>Zene<\/strong> egy nap ritmus\u00e1ra \u00e9p\u00edtett \u00fctemtervvel.<\/li>\n<\/ul>\n<p>Amikor a befektet\u00e9st egy\u00e9rtelm\u0171 priorit\u00e1s vez\u00e9rli, az esem\u00e9ny \u201emagasabb\u201d szint\u0171 lesz an\u00e9lk\u00fcl, hogy minden sarkot t\u00falzs\u00fafoln\u00e1nk.<\/p>\n<h3>K\u00f6lts\u00e9gn\u00f6vel\u0151 hib\u00e1k (\u00e9s hogyan ker\u00fclhet\u0151k el)<\/h3>\n<p>N\u00e9h\u00e1ny tipikus hiba n\u00f6veli a k\u00f6lts\u00e9gvet\u00e9st an\u00e9lk\u00fcl, hogy jav\u00edtan\u00e1 a tapasztalatot. \u00cdme n\u00e9h\u00e1ny, okosabb alternat\u00edv\u00e1kkal:<\/p>\n<ul>\n<li><strong>K\u00e9s\u0151i d\u00f6nt\u00e9sek<\/strong>: k\u00e9nyszer\u00edtett d\u00f6nt\u00e9sekhez \u00e9s kev\u00e9sb\u00e9 hat\u00e9kony megold\u00e1sokhoz vezetnek. Jobb kor\u00e1n lefektetni az alapokat.<\/li>\n<li><strong>T\u00fal sok, egym\u00e1st\u00f3l f\u00fcggetlen szolg\u00e1ltat\u00f3<\/strong>: t\u00f6bb l\u00e9p\u00e9s, t\u00f6bb kock\u00e1zat. Jobb az egys\u00e9ges koordin\u00e1ci\u00f3 \u00e9s a k\u00f6z\u00f6s eligaz\u00edt\u00e1s.<\/li>\n<li><strong>T\u00fal s\u0171r\u0171 program<\/strong>: t\u00f6bb \u00e1tsz\u00e1ll\u00e1s \u00e9s t\u00f6bb holtid\u0151. Jobb n\u00e9h\u00e1ny j\u00f3l megtervezett pillanat.<\/li>\n<li><strong>A helysz\u00ednekhez nem illeszked\u0151 dekor\u00e1ci\u00f3k<\/strong>: korrekci\u00f3kat \u00e9s alkalmazkod\u00e1st ig\u00e9nyelnek. Jobb \u201ehelyspecifikusan\u201d tervezni.<\/li>\n<\/ul>\n<p>Egy j\u00f3 m\u00f3dszer, ha minden t\u00e9teln\u00e9l megk\u00e9rdezz\u00fck: \u201eVal\u00f3ban n\u00f6veli a vend\u00e9gek \u00e1ltal \u00e9rz\u00e9kelt min\u0151s\u00e9get?\u201d Ha a v\u00e1lasz bizonytalan, \u00e9rdemes \u00fajragondolni a priorit\u00e1st.<\/p>\n<h2>B-terv \u00e9s kock\u00e1zatkezel\u00e9s Szard\u00edni\u00e1n: id\u0151j\u00e1r\u00e1s, korl\u00e1toz\u00e1sok \u00e9s meg\u00e1llapod\u00e1sok<\/h2>\n<p>Egy ikonikus helysz\u00ednen rendezett esem\u00e9ny megfelel\u0151 kock\u00e1zatkezel\u00e9st ig\u00e9nyel. Ez nem pesszimizmus: gondoskod\u00e1s. A B-terv nem lehet a A-terv \u201ecs\u00fanya\u201d v\u00e1ltozata, hanem egy alternat\u00edva <strong>\u00f6sszhangban van<\/strong> st\u00edlusosan, m\u00e1r a tervez\u00e9s \u00e9s az id\u0151z\u00edt\u00e9s sor\u00e1n \u00e1tgondolva.<\/p>\n<h3>Id\u0151j\u00e1r\u00e1s \u00e9s alternat\u00edv megold\u00e1sok: elegancia akkor is, ha v\u00e1ltozik a sz\u00e9l<\/h3>\n<p>Szard\u00edni\u00e1n az id\u0151j\u00e1r\u00e1s gyorsan v\u00e1ltozhat, \u00e9s bizonyos t\u00e9nyez\u0151k (sz\u00e9l, p\u00e1ratartalom, esti h\u0151m\u00e9rs\u00e9kletingadoz\u00e1sok) befoly\u00e1solj\u00e1k a k\u00e9nyelmet \u00e9s a dekor\u00e1ci\u00f3t. A legjobb munka az, amit \u00e9szre sem vesznek: egy k\u00e9sz megold\u00e1s, amelyet a csapatnak kommunik\u00e1lnak, egy\u00e9rtelm\u0171 felel\u0151ss\u00e9gekkel.<\/p>\n<p>Egy hat\u00e9kony B-terv tartalmazza:<\/p>\n<ul>\n<li><strong>Alternat\u00edv terek<\/strong> m\u00e1r lefoglalt vagy el\u0151k\u00e9sz\u00edtett.<\/li>\n<li><strong>: id\u0151puffer ablakok tervez\u00e9se az \u00e1thelyez\u00e9sekhez \u00e9s be\u00e1ll\u00edt\u00e1shoz.<\/strong> (kezelhet\u0151 mikrocs\u00fasz\u00e1sok stressz n\u00e9lk\u00fcl).<\/li>\n<li><strong>Technikai v\u00e1laszt\u00e1sok kompatibilisek<\/strong> t\u00f6bb forgat\u00f3k\u00f6nyvvel (vil\u00e1g\u00edt\u00e1s, hang, elrendez\u00e9s).<\/li>\n<li><strong>Gyors kommunik\u00e1ci\u00f3<\/strong> vend\u00e9gek \u00e9s szolg\u00e1ltat\u00f3k sz\u00e1m\u00e1ra, egyetlen ir\u00e1ny\u00edt\u00e1si ponttal.<\/li>\n<\/ul>\n<h3>Helysz\u00edni enged\u00e9lyek \u00e9s korl\u00e1toz\u00e1sok: mit kell tiszt\u00e1zni el\u0151re<\/h3>\n<p>Minden helysz\u00ednnek megvannak a szab\u00e1lyai \u00e9s korl\u00e1tai: id\u0151pontok, hozz\u00e1f\u00e9rhet\u0151 ter\u00fcletek, zene kezel\u00e9se, technikai terhel\u00e9sek, j\u00e1rm\u0171vek \u00e9s szem\u00e9lyzet bej\u00e1ratai. Nem sz\u00fcks\u00e9ges itt szab\u00e1lyoz\u00e1si r\u00e9szletekbe bocs\u00e1tkozni: ami sz\u00e1m\u00edt, az <strong>\u00edr\u00e1sban tiszt\u00e1zni<\/strong> mi lehets\u00e9ges \u00e9s mi nem, \u00e9s a projektet ezekre a korl\u00e1tokra \u00e9p\u00edteni.<\/p>\n<p>Miel\u0151tt meger\u0151s\u00edten\u00e9d, egyeztess a helysz\u00ednnel:<\/p>\n<ul>\n<li>Haszn\u00e1lhat\u00f3 terek minden f\u00e1zisban (cerem\u00f3nia, aperitif, vacsora, buli)<\/li>\n<li>Felt\u00e9telek a berendez\u00e9sek fel- \u00e9s leszerel\u00e9s\u00e9hez<\/li>\n<li>Sz\u00e1ll\u00edt\u00f3k bej\u00e1ratai \u00e9s rakod\u00e1si id\u0151pontok<\/li>\n<li>Zenei \u00e9s sz\u00f3rakoztat\u00e1si korl\u00e1toz\u00e1sok<\/li>\n<\/ul>\n<p>Ha egy r\u00e9szlet nem biztos, <strong>ellen\u0151rizd a term\u00e9k adatlapj\u00e1t<\/strong> vagy a helysz\u00edn\/sz\u00e1ll\u00edt\u00f3 dokument\u00e1ci\u00f3j\u00e1ban, miel\u0151tt be\u00e1ll\u00edtan\u00e1d a projektet.<\/p>\n<h3>Szerz\u0151d\u00e9sek \u00e9s el\u0151legek: hogyan v\u00e9dj\u00fck a projektet (an\u00e9lk\u00fcl, hogy bonyol\u00edtan\u00e1nk)<\/h3>\n<p>A szerz\u0151d\u00e9skezel\u00e9s az ir\u00e1ny\u00edt\u00e1s r\u00e9sze: c\u00e9lja az f\u00e9lre\u00e9rt\u00e9sek elker\u00fcl\u00e9se \u00e9s a szolg\u00e1ltat\u00f3k munk\u00e1j\u00e1nak g\u00f6rd\u00fcl\u00e9kenyebb\u00e9 t\u00e9tele. A c\u00e9l vil\u00e1gos meg\u00e1llapod\u00e1sok el\u00e9r\u00e9se a sz\u00e1ll\u00edtand\u00f3kr\u00f3l, id\u0151z\u00edt\u00e9sr\u0151l, felel\u0151ss\u00e9gekr\u0151l \u00e9s v\u00e1ltoz\u00e1sok eset\u00e9n a felt\u00e9telekr\u0151l.<\/p>\n<p>Gyakorlatban hasznos, ha minden szolg\u00e1ltat\u00f3nak van:<\/p>\n<ul>\n<li><strong>\u00cdr\u00e1sos t\u00e1j\u00e9koztat\u00f3<\/strong> st\u00edlus, paletta, c\u00e9lok \u00e9s korl\u00e1tok szerint<\/li>\n<li><strong>Megosztott id\u0151z\u00edt\u00e9s<\/strong> (call sheet vagy m\u0171k\u00f6d\u00e9si \u00fctemterv)<\/li>\n<li><strong>Egyetlen kapcsolattart\u00f3<\/strong> j\u00f3v\u00e1hagy\u00e1sokhoz \u00e9s d\u00f6nt\u00e9sekhez<\/li>\n<\/ul>\n<h2>Vend\u00e9g\u00e9lm\u00e9ny a Costa Smerald\u00e1n: vend\u00e9gl\u00e1t\u00e1s, k\u00f6zleked\u00e9s \u00e9s kommunik\u00e1ci\u00f3<\/h2>\n<p>Egy esk\u00fcv\u0151 a Costa Smerald\u00e1n akkor siker\u00fcl igaz\u00e1n, ha a vend\u00e9gek otthon \u00e9rezhetik magukat \u00e9s ir\u00e1ny\u00edtva vannak, an\u00e9lk\u00fcl, hogy elvesz\u00edten\u00e9k a szabads\u00e1g \u00e9rzet\u00e9t. A vend\u00e9gl\u00e1t\u00e1s a k\u00fcl\u00f6nbs\u00e9g egy \u201esz\u00e9p\u201d esem\u00e9ny \u00e9s egy olyan esem\u00e9ny k\u00f6z\u00f6tt, amely eml\u00e9kezetes marad a <strong>gondoss\u00e1ggal kezelik<\/strong>.<\/p>\n<h3>\u00dcdv\u00f6zl\u0151 pillanat, tev\u00e9kenys\u00e9gek \u00e9s vend\u00e9gl\u00e1t\u00e1s: koherens h\u00e9tv\u00e9ge l\u00e9trehoz\u00e1sa<\/h3>\n<p>Ha az esem\u00e9ny t\u00f6bb napig tart, \u00e9rdemes egy vez\u00e9rfonalat kialak\u00edtani: egy inform\u00e1lis \u00fcdv\u00f6zl\u00e9s, a ter\u00fclet felfedez\u00e9s\u00e9nek pillanata, \u00e9s az esk\u00fcv\u0151 napja mint cs\u00facspont. M\u00e9g egyetlen nap eset\u00e9n is egy j\u00f3l megtervezett \u00fcdv\u00f6zl\u00e9s seg\u00edt oldani a t\u00e1vols\u00e1gokat \u00e9s megadni a hangulatot.<\/p>\n<p>N\u00e9h\u00e1ny be\u00e1ll\u00edt\u00e1si \u00f6tlet (an\u00e9lk\u00fcl, hogy k\u00f6telezetts\u00e9gg\u00e9 v\u00e1ln\u00e1nak):<\/p>\n<ul>\n<li><strong>\u00dcdv\u00f6zl\u0151 pillanat<\/strong> l\u00e9nyeges \u00fatmutat\u00e1sokkal \u00e9s egy vend\u00e9gszeret\u0151 gesztussal.<\/li>\n<li><strong>Opcion\u00e1lis tev\u00e9kenys\u00e9gek<\/strong> azoknak, akik kor\u00e1bban \u00e9rkeznek (k\u00f6nnyed temp\u00f3, ir\u00e1ny\u00edtott foglal\u00e1sok).<\/li>\n<li><strong>Diszkr\u00e9t seg\u00edts\u00e9gny\u00fajt\u00e1s<\/strong> k\u00fcl\u00f6nleges ig\u00e9nyekhez (csal\u00e1dok, nemzetk\u00f6zi vend\u00e9gek).<\/li>\n<\/ul>\n<p>A szab\u00e1ly egyszer\u0171: jobb n\u00e9h\u00e1ny vil\u00e1gos javaslat, mint egy zs\u00fafolt, de zavaros program.<\/p>\n<h3>Sz\u00e1ll\u00edt\u00e1s, transzfer \u00e9s parkol\u00e1s: az a r\u00e9sz, amit senkinek sem szabad \u00e9szrevennie<\/h3>\n<p>A sz\u00e1ll\u00edt\u00e1si logisztika az egyik ter\u00fclet, ahol a min\u0151s\u00e9g meg\u00edt\u00e9l\u00e9se m\u00falik. Ha a vend\u00e9gek nyugodtan \u00e9s pontosan \u00e9rkeznek, minden eleg\u00e1nsabbnak t\u0171nik. Ha k\u00e9snek vagy stresszesek, a legszebb dekor\u00e1ci\u00f3 is vesz\u00edt hat\u00e1s\u00e1b\u00f3l.<\/p>\n<p>A g\u00f6rd\u00fcl\u00e9keny kezel\u00e9s \u00e9rdek\u00e9ben:<\/p>\n<ul>\n<li><strong>Hat\u00e1rozz meg egy egys\u00e9ges tervet<\/strong> (transzferek, aut\u00f3k, tal\u00e1lkoz\u00e1si pontok) \u00e9s kommunik\u00e1ld egyszer\u0171en.<\/li>\n<li><strong>Cs\u00f6kkentsd a v\u00e1ltoz\u00f3kat<\/strong>kevesebb opci\u00f3, t\u00f6bb kontroll.<\/li>\n<li><strong>Sz\u00e1molj egy fel\u00fcgyelettel<\/strong> a cs\u00facsid\u0151szakokban (cerem\u00f3nia \u00e9rkez\u00e9se, buli v\u00e9ge).<\/li>\n<\/ul>\n<p>Ha a projekt a mag\u00e1n\u00e9letre t\u00f6rekszik, a transzferek a diszkr\u00e9ci\u00f3 eszk\u00f6z\u00e9v\u00e9 v\u00e1lnak: a hozz\u00e1f\u00e9r\u00e9sek \u00e9s id\u0151z\u00edt\u00e9sek kezel\u00e9se seg\u00edt elker\u00fclni az \u00e1tfed\u00e9seket \u00e9s a nem k\u00edv\u00e1nt jelenl\u00e9tet.<\/p>\n<h3>Vil\u00e1gos \u00fatmutat\u00e1sok \u00e9s esk\u00fcv\u0151i weboldal: eleg\u00e1ns kommunik\u00e1ci\u00f3, nulla k\u00e1osz<\/h3>\n<p>A vend\u00e9geknek sz\u00f3l\u00f3 kommunik\u00e1ci\u00f3nak \u00f6sszhangban kell lennie a st\u00edlussal: l\u00e9nyegre t\u00f6r\u0151, kellemes olvasni, azonnali. Egy esk\u00fcv\u0151i weboldal (vagy inform\u00e1ci\u00f3s k\u00f6zpont) \u00f6sszegy\u0171jtheti mindazt, amire sz\u00fcks\u00e9g van: id\u0151pontok, \u00f6lt\u00f6zk\u00f6d\u00e9si szab\u00e1lyok, t\u00e9rk\u00e9pek, hasznos kapcsolatok \u00e9s gyakorlati tan\u00e1csok.<\/p>\n<p>A z\u0171rzavar elker\u00fcl\u00e9se \u00e9rdek\u00e9ben tartalmazza:<\/p>\n<ul>\n<li><strong>Id\u0151pontok \u00e9s helysz\u00ednek<\/strong> egyszer\u0171 form\u00e1tumban<\/li>\n<li><strong>T\u00e9rk\u00e9pek \u00e9s \u00e9rkez\u00e9si pontok<\/strong> (parkol\u00e1si vagy lerakod\u00e1si \u00fatmutat\u00f3kkal)<\/li>\n<li><strong>Kapcsolattart\u00f3<\/strong> logisztikai k\u00e9rd\u00e9sekhez<\/li>\n<li><strong>St\u00edlusjegyzetek<\/strong> (v\u00e9gtelen list\u00e1k n\u00e9lk\u00fcl)<\/li>\n<\/ul>\n<p>Ha most kezded el fel\u00e9p\u00edteni a projektet, egy \u00e1tfog\u00f3 \u00fatmutat\u00f3 seg\u00edthet m\u00e1r az elej\u00e9t\u0151l rendet tenni: <a href=\"https:\/\/chiarabevents.com\/hu\/eskuvo-szervezese\/\">Hogyan szervezz\u00fcnk esk\u00fcv\u0151t<\/a>.<\/p>\n<p><!--W4Y_BF_SUGGESTED_PRODUCTS--><\/p>\n<h2>Esk\u00fcv\u0151i szolg\u00e1ltat\u00f3k szervez\u00e9se Szard\u00ednia: koordin\u00e1ci\u00f3, brief \u00e9s adatv\u00e9delem<\/h2>\n<p>Az ir\u00e1ny\u00edt\u00e1s <strong>\u00e9rdemes megk\u00fcl\u00f6nb\u00f6ztetni a \u201ecore team\u201d-et \u00e9s a \u201et\u00e1mogat\u00e1st\u201d. A core team az, amely hat\u00e1ssal van az \u00e9lm\u00e9nyre, eszt\u00e9tik\u00e1ra \u00e9s id\u0151z\u00edt\u00e9sre; a t\u00e1mogat\u00e1s kieg\u00e9sz\u00edt \u00e9s finom\u00edt.<\/strong> ez az a pont, ahol egy esk\u00fcv\u0151 a legjobb \u00e9rtelemben vett \u201eprodukci\u00f3v\u00e1\u201d v\u00e1lik: egy diszkr\u00e9t rendez\u00e9s, amely lehet\u0151v\u00e9 teszi a h\u00e1zasuland\u00f3k sz\u00e1m\u00e1ra, hogy probl\u00e9m\u00e1k megold\u00e1sa n\u00e9lk\u00fcl \u00e9lvezz\u00e9k a napot. Costa Smerald\u00e1ban ez dupl\u00e1n igaz, mert a helysz\u00edn \u00e9s a logisztika gyakran magasabb szint\u0171 koordin\u00e1ci\u00f3t ig\u00e9nyel.<\/p>\n<h3>Egyedi brief \u00e9s k\u00f6vetkezetes st\u00edlus: kevesebb \u00e1tdolgoz\u00e1s, t\u00f6bb min\u0151s\u00e9g<\/h3>\n<p>Annak elker\u00fcl\u00e9se \u00e9rdek\u00e9ben, hogy ugyanazt a koncepci\u00f3t k\u00fcl\u00f6nb\u00f6z\u0151k\u00e9ppen \u00e9rtelmezz\u00e9k, alapvet\u0151 fontoss\u00e1g\u00fa egy <strong>egyedi brief<\/strong> amelyet a f\u0151 szolg\u00e1ltat\u00f3kkal megosztanak: paletta, anyagok, hangulat, priorit\u00e1sok (adatv\u00e9delem, k\u00e9nyelem, id\u0151z\u00edt\u00e9s), \u00e9s mit kell elker\u00fclni. Egy j\u00f3l elk\u00e9sz\u00edtett brief cs\u00f6kkenti az \u00e1tdolgoz\u00e1sokat \u00e9s megk\u00f6nny\u00edti a vir\u00e1gok, f\u00e9nyek, grafika \u00e9s ter\u00edt\u00e9k k\u00f6z\u00f6tti k\u00f6vetkezetess\u00e9g fenntart\u00e1s\u00e1t.<\/p>\n<h3>Call sheet \u00e9s id\u0151z\u00edt\u00e9s: ki hol legyen, \u00e9s mikor<\/h3>\n<p>A call sheet a nap \u201et\u00e9rk\u00e9pe\u201d: \u00e9rkez\u00e9sek, fel\u00e1ll\u00edt\u00e1sok, pr\u00f3b\u00e1k, kulcspillanatok, kapcsolattart\u00f3k \u00e9s felel\u0151ss\u00e9gek. Nem kell bonyolultnak lennie, de egy\u00e9rtelm\u0171nek kell lennie. Amikor mindenki ugyanazon az id\u0151vonalon dolgozik, cs\u00f6kkennek a k\u00e9s\u00e9sek \u00e9s az \u00e1tfed\u00e9sek.<\/p>\n<h3>M\u0171k\u00f6d\u00e9si adatv\u00e9delem: hozz\u00e1f\u00e9r\u00e9sek, fot\u00f3k\/vide\u00f3k \u00e9s \u00e9rz\u00e9keny pillanatok kezel\u00e9se<\/h3>\n<p>Ha a priorit\u00e1s az <strong>costa smeralda esk\u00fcv\u0151i mag\u00e1n\u00e9let<\/strong>, az adatv\u00e9delmet gyakorlati int\u00e9zked\u00e9sekre kell leford\u00edtani. N\u00e9h\u00e1ny p\u00e9lda:<\/p>\n<ul>\n<li><strong>Ellen\u0151rz\u00f6tt hozz\u00e1f\u00e9r\u00e9sek<\/strong> (ki l\u00e9p be, honnan, milyen id\u0151ablakban).<\/li>\n<li><strong>Kiz\u00e1rt ter\u00fcletek<\/strong> a p\u00e1r el\u0151k\u00e9sz\u00fcleteihez \u00e9s sz\u00fcneteikhez.<\/li>\n<li><strong>Fot\u00f3\/vide\u00f3 kezel\u00e9s<\/strong> egy\u00e9rtelm\u0171 \u00fatmutat\u00e1sokkal arr\u00f3l, hogy mit lehet felvenni \u00e9s mikor.<\/li>\n<li><strong>Bels\u0151 kommunik\u00e1ci\u00f3<\/strong> a szolg\u00e1ltat\u00f3k k\u00f6z\u00f6tt, hogy elker\u00fclj\u00e9k a vend\u00e9gek el\u0151tti felesleges \u201ebejelent\u00e9seket\u201d.<\/li>\n<\/ul>\n<p>Az adatv\u00e9delem nem szabad, hogy elvegye a spontaneit\u00e1st: csak a fontos pillanatokat v\u00e9di \u00e9s k\u00e9nyelmesebb\u00e9 teszi az \u00e9lm\u00e9nyt.<\/p>\n<h2>\u00dczleti megkeres\u00e9s: hogyan v\u00e1lasszuk ki a megfelel\u0151 csapatot egy Costa Smeralda esk\u00fcv\u0151h\u00f6z<\/h2>\n<p>Amikor professzion\u00e1lis t\u00e1mogat\u00e1st \u00e9rt\u00e9kelsz, ne \u00e1llj meg a k\u00e9pekn\u00e9l: k\u00e9rdezd meg, hogyan kezelik a logisztik\u00e1t, hogyan koordin\u00e1lj\u00e1k a szolg\u00e1ltat\u00f3kat, \u00e9s hogyan v\u00e9dik az adatv\u00e9delmet. Egy Costa Smerald\u00e1hoz ill\u0151 csapat diszkr\u00e9ten dolgozik, el\u0151re l\u00e1tja a kritikus pontokat, \u00e9s fenntartja az eszt\u00e9tikai k\u00f6vetkezetess\u00e9get m\u00e9g korl\u00e1tok mellett is.<\/p>\n<p><strong>CTA<\/strong>: ha az \u00f6tletet konkr\u00e9t \u00e9s stresszmentes projektt\u00e9 szeretn\u00e9d alak\u00edtani, fedezd fel a <a href=\"https:\/\/chiarabevents.com\/hu\/eskuvo-szervezese\/\">Hogyan szervezz\u00fcnk esk\u00fcv\u0151t<\/a> Chiara B Events-szel k\u00f6z\u00f6s utat: a koncepci\u00f3t\u00f3l az esem\u00e9ny rendez\u00e9s\u00e9ig, figyelemmel az adatv\u00e9delemre, k\u00f6lts\u00e9gvet\u00e9sre \u00e9s a szolg\u00e1ltat\u00f3k koordin\u00e1ci\u00f3j\u00e1ra Szard\u00edni\u00e1n.<\/p>\n<section class=\"w4y-bf-related-posts\"><h2>Kapcsol\u00f3d\u00f3 cikkek<\/h2><ul><li><a href=\"https:\/\/chiarabevents.com\/hu\/b-terv-idojaras-eseten-szardinian-belteri-alternativak-tengerre-nezo-kilatas-elvesztese-nelkul\/\">B-terv id\u0151j\u00e1r\u00e1s eset\u00e9n Szard\u00edni\u00e1n: belt\u00e9ri alternat\u00edv\u00e1k tengerre n\u00e9z\u0151 kil\u00e1t\u00e1s elveszt\u00e9se n\u00e9lk\u00fcl<\/a><\/li><li><a href=\"https:\/\/chiarabevents.com\/hu\/eskuvo-szardinian-exkluziv-strand-vagy-udulohely-utmutato-a-valasztashoz\/\">Esk\u00fcv\u0151 Szard\u00edni\u00e1n: exkluz\u00edv strand vagy \u00fcd\u00fcl\u0151hely? \u00fatmutat\u00f3 a v\u00e1laszt\u00e1shoz<\/a><\/li><li><a href=\"https:\/\/chiarabevents.com\/hu\/elopement-szardinian-ceremonia-naplementekor-es-fotozas-sziklak-es-tenger-kozott\/\">Elopement Szard\u00edni\u00e1n: cerem\u00f3nia naplementekor \u00e9s fot\u00f3z\u00e1s szikl\u00e1k \u00e9s tenger k\u00f6z\u00f6tt<\/a><\/li><li><a href=\"https:\/\/chiarabevents.com\/hu\/mediterran-dekoraciok-szardinian-paletta-anyagok-es-szezonalis-viragok\/\">Mediterr\u00e1n dekor\u00e1ci\u00f3k Szard\u00edni\u00e1n: paletta, anyagok \u00e9s szezon\u00e1lis vir\u00e1gok<\/a><\/li><li><a href=\"https:\/\/chiarabevents.com\/hu\/szallitas-szardinian-az-eskuvoi-vendegek-szamara-repuloterek-transzferek-es-szallasok\/\">Sz\u00e1ll\u00edt\u00e1s Szard\u00edni\u00e1n az esk\u00fcv\u0151i vend\u00e9gek sz\u00e1m\u00e1ra: rep\u00fcl\u0151terek, transzferek \u00e9s sz\u00e1ll\u00e1sok<\/a><\/li><\/ul><\/section>\n<hr \/>\n<h2>GYIK<\/h2>\n<div class=\"w4y-faq\">\n<h3>Hogyan biztos\u00edtj\u00e1k a mag\u00e1n\u00e9let v\u00e9delm\u00e9t egy Costa Smeralda-i esk\u00fcv\u0151n?<\/h3>\n<p>A mag\u00e1n\u00e9letet operat\u00edv ir\u00e1ny\u00edt\u00e1ssal lehet biztos\u00edtani: meghat\u00e1rozott bel\u00e9p\u00e9sek \u00e9s id\u0151pontok, elk\u00fcl\u00f6n\u00edtett ter\u00fcletek az el\u0151k\u00e9sz\u00fcletekhez \u00e9s sz\u00fcnetekhez, a vend\u00e9gforgalom kezel\u00e9se \u00e9s egy\u00e9rtelm\u0171 utas\u00edt\u00e1sok a fot\u00f3z\u00e1sra\/vide\u00f3z\u00e1sra \u00e9s a szem\u00e9lyzetre vonatkoz\u00f3an. Hasznos, ha van egyetlen kapcsolattart\u00f3, aki koordin\u00e1lja a helysz\u00ednt \u00e9s a szolg\u00e1ltat\u00f3kat.<\/p>\n<h3>Mik a priorit\u00e1sok a Costa Smeralda k\u00f6lts\u00e9gvet\u00e9s\u00e9nek pazarl\u00e1s n\u00e9lk\u00fcli kezel\u00e9s\u00e9hez?<\/h3>\n<p>El\u0151sz\u00f6r hat\u00e1rozd meg a priorit\u00e1sokat (vend\u00e9gk\u00e9nyelem, esti hangulat, diz\u00e1jn), majd fektess be olyan elemekbe, amelyek val\u00f3ban megv\u00e1ltoztatj\u00e1k az \u00e9szlel\u00e9st: vil\u00e1g\u00edt\u00e1s, produkci\u00f3, \u00e1raml\u00e1sok \u00e9s a berendez\u00e9s f\u00f3kuszpontjai. Ker\u00fcld a k\u00e9s\u0151i d\u00f6nt\u00e9seket \u00e9s az \u00f6sszehangolatlan besz\u00e1ll\u00edt\u00f3kat, amelyek fel\u00fclvizsg\u00e1latokat \u00e9s komplik\u00e1ci\u00f3kat okoznak.<\/p>\n<h3>Hogyan v\u00e1lasszuk ki \u00e9s koordin\u00e1ljuk a szard\u00edniai esk\u00fcv\u0151i szolg\u00e1ltat\u00f3kat egy Costa Smeralda-i esem\u00e9nyhez?<\/h3>\n<p>V\u00e1lassz egy er\u0151s magcsapatot (helysz\u00edn, catering, fot\u00f3\/vide\u00f3, zene, koordin\u00e1ci\u00f3), \u00e9s k\u00e9sz\u00edts egy egyedi briefet k\u00f6z\u00f6s id\u0151z\u00edt\u00e9ssel (call sheet). A szolg\u00e1ltat\u00f3k k\u00f6z\u00f6tti \u00f6sszhangot egy k\u00f6zponti kapcsolattart\u00f3, c\u00e9lzott helysz\u00edni bej\u00e1r\u00e1sok \u00e9s vil\u00e1gos felel\u0151ss\u00e9gek biztos\u00edtj\u00e1k a fel\u00e1ll\u00edt\u00e1s, pr\u00f3b\u00e1k \u00e9s vend\u00e9gek kezel\u00e9se sor\u00e1n.<\/p>\n<h3>Sz\u00fcks\u00e9g van B-tervre egy esk\u00fcv\u0151h\u00f6z Szard\u00edni\u00e1n, m\u00e9g a f\u0151szezonban is?<\/h3>\n<p>Igen, mert a sz\u00e9l \u00e9s az id\u0151j\u00e1r\u00e1s v\u00e1ltoz\u00e1sai befoly\u00e1solhatj\u00e1k a cerem\u00f3ni\u00e1t \u00e9s a dekor\u00e1ci\u00f3kat. Egy hat\u00e9kony B-terv el\u0151re kialak\u00edtott alternat\u00edv helysz\u00edneket, kompatibilis technikai megold\u00e1sokat (hang\/vil\u00e1g\u00edt\u00e1s\/elrendez\u00e9s) \u00e9s gyors kommunik\u00e1ci\u00f3t jelent a vend\u00e9gek fel\u00e9 an\u00e9lk\u00fcl, hogy zavart okozna.<\/p>\n<h3>Mi a legegyszer\u0171bb m\u00f3dja annak, hogy a logisztik\u00e1t \u00e9s az id\u0151pontokat k\u00f6z\u00f6lj\u00fck a vend\u00e9gekkel?<\/h3>\n<p>K\u00f6zpontos\u00edtsd az inform\u00e1ci\u00f3kat egyetlen helyen (esk\u00fcv\u0151i weboldal vagy inform\u00e1ci\u00f3s k\u00f6zpont) az id\u0151pontokkal, t\u00e9rk\u00e9pekkel, \u00e9rkez\u00e9si pontokkal, kapcsolattart\u00f3val \u00e9s alapvet\u0151 megjegyz\u00e9sekkel. Tartsd a \u00fczeneteket r\u00f6viden \u00e9s az esem\u00e9ny st\u00edlus\u00e1hoz illeszked\u0151en.<\/p>\n<\/div>\n<p><script type=\"application\/ld+json\">{\n    \"@context\": \"https:\\\/\\\/schema.org\",\n    \"@type\": \"FAQPage\",\n    \"mainEntity\": [\n        {\n            \"@type\": \"Question\",\n            \"name\": \"Come si garantisce la privacy in un Costa Smeralda wedding?\",\n            \"acceptedAnswer\": {\n                \"@type\": \"Answer\",\n                \"text\": \"La privacy si ottiene con una regia operativa: accessi e orari definiti, aree riservate per preparazione e pause, gestione dei flussi ospiti e indicazioni chiare a foto\\\/video e staff. \\u00c8 utile avere un referente unico che coordini location e fornitori.\"\n            }\n        },\n        {\n            \"@type\": \"Question\",\n            \"name\": \"Quali sono le priorit\\u00e0 per gestire il budget Costa Smeralda senza sprechi?\",\n            \"acceptedAnswer\": {\n                \"@type\": \"Answer\",\n                \"text\": \"Definisci prima le priorit\\u00e0 (comfort ospiti, atmosfera serale, design), poi investi su elementi che cambiano davvero la percezione: luci, produzione, flussi e punti focali dell\\u2019allestimento. Evita decisioni tardive e fornitori non coordinati, che generano revisioni e complicazioni.\"\n            }\n        },\n        {\n            \"@type\": \"Question\",\n            \"name\": \"Come si selezionano e coordinano i fornitori wedding Sardegna per un evento in Costa Smeralda?\",\n            \"acceptedAnswer\": {\n                \"@type\": \"Answer\",\n                \"text\": \"Scegli un core team solido (location, catering, foto\\\/video, musica, coordinamento) e costruisci un brief unico con timing condiviso (call sheet). La coerenza tra fornitori si ottiene con un referente centrale, sopralluoghi mirati e responsabilit\\u00e0 chiare per montaggi, prove e gestione ospiti.\"\n            }\n        },\n        {\n            \"@type\": \"Question\",\n            \"name\": \"Serve un piano B per un matrimonio in Sardegna anche in alta stagione?\",\n            \"acceptedAnswer\": {\n                \"@type\": \"Answer\",\n                \"text\": \"S\\u00ec, perch\\u00e9 vento e cambi meteo possono influire su cerimonia e allestimenti. Un piano B efficace prevede spazi alternativi gi\\u00e0 predisposti, scelte tecniche compatibili (audio\\\/luci\\\/layout) e una comunicazione rapida agli ospiti senza creare confusione.\"\n            }\n        },\n        {\n            \"@type\": \"Question\",\n            \"name\": \"Qual \\u00e8 il modo pi\\u00f9 semplice per comunicare logistica e orari agli invitati?\",\n            \"acceptedAnswer\": {\n                \"@type\": \"Answer\",\n                \"text\": \"Centralizza le informazioni in un unico punto (wedding website o hub informativo) con orari, mappe, punti di arrivo, contatto di riferimento e note essenziali. Mantieni i messaggi brevi e coerenti con lo stile dell\\u2019evento.\"\n            }\n        }\n    ]\n}<\/script><\/p>","protected":false},"excerpt":{"rendered":"<p>Costa Smeralda wedding privacy: perch\u00e9 scegliere un format riservato e curato Un Costa Smeralda wedding non \u00e8 solo una scelta di stile: \u00e8 un progetto di ospitalit\u00e0, immagine e coordinamento. Chi sogna la Sardegna per il proprio \u201cdestination wedding\u201d cerca spesso tre cose molto precise: privacy, un\u2019estetica impeccabile e la sensazione che ogni dettaglio sia \u201csemplice\u201d per [&hellip;]<\/p>","protected":false},"author":4,"featured_media":35226,"comment_status":"closed","ping_status":"closed","sticky":false,"template":"","format":"standard","meta":{"footnotes":""},"categories":[467],"tags":[472,471,473],"class_list":["post-34924","post","type-post","status-publish","format-standard","has-post-thumbnail","hentry","category-sardegna","tag-budget-costa-smeralda","tag-costa-smeralda-wedding-privacy","tag-fornitori-wedding-sardegna"],"yoast_head":"<!-- This site is optimized with the Yoast SEO Premium plugin v21.8 (Yoast SEO v27.3) - https:\/\/yoast.com\/product\/yoast-seo-premium-wordpress\/ -->\n<title>Costa Smeralda Wedding: privacy, budget e fornitori | Chiara B Ev<\/title>\n<meta name=\"description\" content=\"Guida pro per un wedding in Costa Smeralda: privacy, budget, timeline e gestione fornitori in Sardegna. Consigli pratici per un evento impeccabile.\" \/>\n<meta name=\"robots\" content=\"index, follow, max-snippet:-1, max-image-preview:large, max-video-preview:-1\" \/>\n<link rel=\"canonical\" href=\"https:\/\/chiarabevents.com\/hu\/costa-smeralda-eskuvo-maganelet-koltsegvetes-es-szolgaltatokezeles\/\" \/>\n<meta property=\"og:locale\" content=\"hu_HU\" \/>\n<meta property=\"og:type\" content=\"article\" \/>\n<meta property=\"og:title\" content=\"Costa Smeralda Wedding: privacy, budget e gestione fornitori\" \/>\n<meta property=\"og:description\" content=\"Guida pro per un wedding in Costa Smeralda: privacy, budget, timeline e gestione fornitori in Sardegna. Consigli pratici per un evento impeccabile.\" \/>\n<meta property=\"og:url\" content=\"https:\/\/chiarabevents.com\/hu\/costa-smeralda-eskuvo-maganelet-koltsegvetes-es-szolgaltatokezeles\/\" \/>\n<meta property=\"og:site_name\" content=\"ChiaraB Events Wedding Planner\" \/>\n<meta property=\"article:publisher\" content=\"https:\/\/www.facebook.com\/chiarabevent\" \/>\n<meta property=\"article:published_time\" content=\"2026-03-02T08:11:51+00:00\" \/>\n<meta property=\"article:modified_time\" content=\"2026-03-10T00:32:22+00:00\" \/>\n<meta property=\"og:image\" content=\"https:\/\/chiarabevents.com\/wp-content\/uploads\/2026\/03\/costa-smeralda-wedding-privacy-budget-e-gestione-fornitori-featured-20260308081121.png\" \/>\n\t<meta property=\"og:image:width\" content=\"1536\" \/>\n\t<meta property=\"og:image:height\" content=\"1024\" \/>\n\t<meta property=\"og:image:type\" content=\"image\/png\" \/>\n<meta name=\"author\" content=\"ChiaraB Blog\" \/>\n<meta name=\"twitter:card\" content=\"summary_large_image\" \/>\n<meta name=\"twitter:label1\" content=\"Written by\" \/>\n\t<meta name=\"twitter:data1\" content=\"ChiaraB Blog\" \/>\n\t<meta name=\"twitter:label2\" content=\"Est. reading time\" \/>\n\t<meta name=\"twitter:data2\" content=\"13 minutes\" \/>\n<script type=\"application\/ld+json\" class=\"yoast-schema-graph\">{\"@context\":\"https:\\\/\\\/schema.org\",\"@graph\":[{\"@type\":\"Article\",\"@id\":\"https:\\\/\\\/chiarabevents.com\\\/sq\\\/costa-smeralda-wedding-privatesi-buxhet-dhe-menaxhim-i-furnizuesve\\\/#article\",\"isPartOf\":{\"@id\":\"https:\\\/\\\/chiarabevents.com\\\/sq\\\/costa-smeralda-wedding-privatesi-buxhet-dhe-menaxhim-i-furnizuesve\\\/\"},\"author\":{\"name\":\"ChiaraB Blog\",\"@id\":\"https:\\\/\\\/chiarabevents.com\\\/#\\\/schema\\\/person\\\/bbb582cfce34a973ad4463736fd0b0f4\"},\"headline\":\"Costa Smeralda Wedding: privacy, budget e gestione fornitori\",\"datePublished\":\"2026-03-02T08:11:51+00:00\",\"dateModified\":\"2026-03-10T00:32:22+00:00\",\"mainEntityOfPage\":{\"@id\":\"https:\\\/\\\/chiarabevents.com\\\/sq\\\/costa-smeralda-wedding-privatesi-buxhet-dhe-menaxhim-i-furnizuesve\\\/\"},\"wordCount\":2349,\"publisher\":{\"@id\":\"https:\\\/\\\/chiarabevents.com\\\/#organization\"},\"image\":{\"@id\":\"https:\\\/\\\/chiarabevents.com\\\/sq\\\/costa-smeralda-wedding-privatesi-buxhet-dhe-menaxhim-i-furnizuesve\\\/#primaryimage\"},\"thumbnailUrl\":\"https:\\\/\\\/chiarabevents.com\\\/wp-content\\\/uploads\\\/2026\\\/03\\\/costa-smeralda-wedding-privacy-budget-e-gestione-fornitori-featured-20260308081121.png\",\"keywords\":[\"budget costa smeralda\",\"costa smeralda wedding privacy\",\"fornitori wedding sardegna\"],\"articleSection\":[\"Sardegna\"],\"inLanguage\":\"hu-HU\"},{\"@type\":\"WebPage\",\"@id\":\"https:\\\/\\\/chiarabevents.com\\\/sq\\\/costa-smeralda-wedding-privatesi-buxhet-dhe-menaxhim-i-furnizuesve\\\/\",\"url\":\"https:\\\/\\\/chiarabevents.com\\\/sq\\\/costa-smeralda-wedding-privatesi-buxhet-dhe-menaxhim-i-furnizuesve\\\/\",\"name\":\"Costa Smeralda Wedding: privacy, budget e fornitori | Chiara B Ev\",\"isPartOf\":{\"@id\":\"https:\\\/\\\/chiarabevents.com\\\/#website\"},\"primaryImageOfPage\":{\"@id\":\"https:\\\/\\\/chiarabevents.com\\\/sq\\\/costa-smeralda-wedding-privatesi-buxhet-dhe-menaxhim-i-furnizuesve\\\/#primaryimage\"},\"image\":{\"@id\":\"https:\\\/\\\/chiarabevents.com\\\/sq\\\/costa-smeralda-wedding-privatesi-buxhet-dhe-menaxhim-i-furnizuesve\\\/#primaryimage\"},\"thumbnailUrl\":\"https:\\\/\\\/chiarabevents.com\\\/wp-content\\\/uploads\\\/2026\\\/03\\\/costa-smeralda-wedding-privacy-budget-e-gestione-fornitori-featured-20260308081121.png\",\"datePublished\":\"2026-03-02T08:11:51+00:00\",\"dateModified\":\"2026-03-10T00:32:22+00:00\",\"description\":\"Guida pro per un wedding in Costa Smeralda: privacy, budget, timeline e gestione fornitori in Sardegna. Consigli pratici per un evento impeccabile.\",\"breadcrumb\":{\"@id\":\"https:\\\/\\\/chiarabevents.com\\\/sq\\\/costa-smeralda-wedding-privatesi-buxhet-dhe-menaxhim-i-furnizuesve\\\/#breadcrumb\"},\"inLanguage\":\"hu-HU\",\"potentialAction\":[{\"@type\":\"ReadAction\",\"target\":[\"https:\\\/\\\/chiarabevents.com\\\/sq\\\/costa-smeralda-wedding-privatesi-buxhet-dhe-menaxhim-i-furnizuesve\\\/\"]}]},{\"@type\":\"ImageObject\",\"inLanguage\":\"hu-HU\",\"@id\":\"https:\\\/\\\/chiarabevents.com\\\/sq\\\/costa-smeralda-wedding-privatesi-buxhet-dhe-menaxhim-i-furnizuesve\\\/#primaryimage\",\"url\":\"https:\\\/\\\/chiarabevents.com\\\/wp-content\\\/uploads\\\/2026\\\/03\\\/costa-smeralda-wedding-privacy-budget-e-gestione-fornitori-featured-20260308081121.png\",\"contentUrl\":\"https:\\\/\\\/chiarabevents.com\\\/wp-content\\\/uploads\\\/2026\\\/03\\\/costa-smeralda-wedding-privacy-budget-e-gestione-fornitori-featured-20260308081121.png\",\"width\":1536,\"height\":1024,\"caption\":\"Scatto di una coppia di sposi sulla spiaggia della Costa Smeralda, simbolo di privacy e cura nei dettagli, ideale per matrimoni di lusso con gestione fornitori e rispetto del budget.\"},{\"@type\":\"BreadcrumbList\",\"@id\":\"https:\\\/\\\/chiarabevents.com\\\/sq\\\/costa-smeralda-wedding-privatesi-buxhet-dhe-menaxhim-i-furnizuesve\\\/#breadcrumb\",\"itemListElement\":[{\"@type\":\"ListItem\",\"position\":1,\"name\":\"Home\",\"item\":\"https:\\\/\\\/chiarabevents.com\\\/\"},{\"@type\":\"ListItem\",\"position\":2,\"name\":\"Costa Smeralda Wedding: privacy, budget e gestione fornitori\"}]},{\"@type\":\"WebSite\",\"@id\":\"https:\\\/\\\/chiarabevents.com\\\/#website\",\"url\":\"https:\\\/\\\/chiarabevents.com\\\/\",\"name\":\"ChiaraB Events Wedding Planner\",\"description\":\"Un meraviglioso percorso fatto insieme\",\"publisher\":{\"@id\":\"https:\\\/\\\/chiarabevents.com\\\/#organization\"},\"potentialAction\":[{\"@type\":\"SearchAction\",\"target\":{\"@type\":\"EntryPoint\",\"urlTemplate\":\"https:\\\/\\\/chiarabevents.com\\\/?s={search_term_string}\"},\"query-input\":{\"@type\":\"PropertyValueSpecification\",\"valueRequired\":true,\"valueName\":\"search_term_string\"}}],\"inLanguage\":\"hu-HU\"},{\"@type\":\"Organization\",\"@id\":\"https:\\\/\\\/chiarabevents.com\\\/#organization\",\"name\":\"ChiaraB Events Wedding Planner\",\"url\":\"https:\\\/\\\/chiarabevents.com\\\/\",\"logo\":{\"@type\":\"ImageObject\",\"inLanguage\":\"hu-HU\",\"@id\":\"https:\\\/\\\/chiarabevents.com\\\/#\\\/schema\\\/logo\\\/image\\\/\",\"url\":\"https:\\\/\\\/chiarabevents.com\\\/wp-content\\\/uploads\\\/2023\\\/12\\\/cropped-Monogramma_chiarab.png\",\"contentUrl\":\"https:\\\/\\\/chiarabevents.com\\\/wp-content\\\/uploads\\\/2023\\\/12\\\/cropped-Monogramma_chiarab.png\",\"width\":512,\"height\":512,\"caption\":\"ChiaraB Events Wedding Planner\"},\"image\":{\"@id\":\"https:\\\/\\\/chiarabevents.com\\\/#\\\/schema\\\/logo\\\/image\\\/\"},\"sameAs\":[\"https:\\\/\\\/www.facebook.com\\\/chiarabevent\",\"https:\\\/\\\/www.instagram.com\\\/chiarab_events\\\/\"]},{\"@type\":\"Person\",\"@id\":\"https:\\\/\\\/chiarabevents.com\\\/#\\\/schema\\\/person\\\/bbb582cfce34a973ad4463736fd0b0f4\",\"name\":\"ChiaraB Blog\",\"image\":{\"@type\":\"ImageObject\",\"inLanguage\":\"hu-HU\",\"@id\":\"https:\\\/\\\/chiarabevents.com\\\/wp-content\\\/litespeed\\\/avatar\\\/1646323b4cbc3492de1328080709cacc.jpg?ver=1777061573\",\"url\":\"https:\\\/\\\/chiarabevents.com\\\/wp-content\\\/litespeed\\\/avatar\\\/1646323b4cbc3492de1328080709cacc.jpg?ver=1777061573\",\"contentUrl\":\"https:\\\/\\\/chiarabevents.com\\\/wp-content\\\/litespeed\\\/avatar\\\/1646323b4cbc3492de1328080709cacc.jpg?ver=1777061573\",\"caption\":\"ChiaraB Blog\"},\"url\":\"https:\\\/\\\/chiarabevents.com\\\/hu\\\/author\\\/chiarab-blog\\\/\"}]}<\/script>\n<!-- \/ Yoast SEO Premium plugin. -->","yoast_head_json":{"title":"Costa Smeralda Esk\u00fcv\u0151: adatv\u00e9delem, k\u00f6lts\u00e9gvet\u00e9s \u00e9s szolg\u00e1ltat\u00f3k | Chiara B Ev","description":"Profi \u00fatmutat\u00f3 egy esk\u00fcv\u0151h\u00f6z a Costa Smerald\u00e1n: adatv\u00e9delem, k\u00f6lts\u00e9gvet\u00e9s, id\u0151vonal \u00e9s besz\u00e1ll\u00edt\u00f3k kezel\u00e9se Szard\u00edni\u00e1n. Gyakorlati tan\u00e1csok egy t\u00f6k\u00e9letes esem\u00e9nyhez.","robots":{"index":"index","follow":"follow","max-snippet":"max-snippet:-1","max-image-preview":"max-image-preview:large","max-video-preview":"max-video-preview:-1"},"canonical":"https:\/\/chiarabevents.com\/hu\/costa-smeralda-eskuvo-maganelet-koltsegvetes-es-szolgaltatokezeles\/","og_locale":"hu_HU","og_type":"article","og_title":"Costa Smeralda Wedding: privacy, budget e gestione fornitori","og_description":"Guida pro per un wedding in Costa Smeralda: privacy, budget, timeline e gestione fornitori in Sardegna. Consigli pratici per un evento impeccabile.","og_url":"https:\/\/chiarabevents.com\/hu\/costa-smeralda-eskuvo-maganelet-koltsegvetes-es-szolgaltatokezeles\/","og_site_name":"ChiaraB Events Wedding Planner","article_publisher":"https:\/\/www.facebook.com\/chiarabevent","article_published_time":"2026-03-02T08:11:51+00:00","article_modified_time":"2026-03-10T00:32:22+00:00","og_image":[{"width":1536,"height":1024,"url":"https:\/\/chiarabevents.com\/wp-content\/uploads\/2026\/03\/costa-smeralda-wedding-privacy-budget-e-gestione-fornitori-featured-20260308081121.png","type":"image\/png"}],"author":"ChiaraB Blog","twitter_card":"summary_large_image","twitter_misc":{"Written by":"ChiaraB Blog","Est. reading time":"13 minutes"},"schema":{"@context":"https:\/\/schema.org","@graph":[{"@type":"Article","@id":"https:\/\/chiarabevents.com\/sq\/costa-smeralda-wedding-privatesi-buxhet-dhe-menaxhim-i-furnizuesve\/#article","isPartOf":{"@id":"https:\/\/chiarabevents.com\/sq\/costa-smeralda-wedding-privatesi-buxhet-dhe-menaxhim-i-furnizuesve\/"},"author":{"name":"ChiaraB Blog","@id":"https:\/\/chiarabevents.com\/#\/schema\/person\/bbb582cfce34a973ad4463736fd0b0f4"},"headline":"Costa Smeralda Wedding: privacy, budget e gestione fornitori","datePublished":"2026-03-02T08:11:51+00:00","dateModified":"2026-03-10T00:32:22+00:00","mainEntityOfPage":{"@id":"https:\/\/chiarabevents.com\/sq\/costa-smeralda-wedding-privatesi-buxhet-dhe-menaxhim-i-furnizuesve\/"},"wordCount":2349,"publisher":{"@id":"https:\/\/chiarabevents.com\/#organization"},"image":{"@id":"https:\/\/chiarabevents.com\/sq\/costa-smeralda-wedding-privatesi-buxhet-dhe-menaxhim-i-furnizuesve\/#primaryimage"},"thumbnailUrl":"https:\/\/chiarabevents.com\/wp-content\/uploads\/2026\/03\/costa-smeralda-wedding-privacy-budget-e-gestione-fornitori-featured-20260308081121.png","keywords":["budget costa smeralda","costa smeralda wedding privacy","fornitori wedding sardegna"],"articleSection":["Sardegna"],"inLanguage":"hu-HU"},{"@type":"WebPage","@id":"https:\/\/chiarabevents.com\/sq\/costa-smeralda-wedding-privatesi-buxhet-dhe-menaxhim-i-furnizuesve\/","url":"https:\/\/chiarabevents.com\/sq\/costa-smeralda-wedding-privatesi-buxhet-dhe-menaxhim-i-furnizuesve\/","name":"Costa Smeralda Esk\u00fcv\u0151: adatv\u00e9delem, k\u00f6lts\u00e9gvet\u00e9s \u00e9s szolg\u00e1ltat\u00f3k | Chiara B Ev","isPartOf":{"@id":"https:\/\/chiarabevents.com\/#website"},"primaryImageOfPage":{"@id":"https:\/\/chiarabevents.com\/sq\/costa-smeralda-wedding-privatesi-buxhet-dhe-menaxhim-i-furnizuesve\/#primaryimage"},"image":{"@id":"https:\/\/chiarabevents.com\/sq\/costa-smeralda-wedding-privatesi-buxhet-dhe-menaxhim-i-furnizuesve\/#primaryimage"},"thumbnailUrl":"https:\/\/chiarabevents.com\/wp-content\/uploads\/2026\/03\/costa-smeralda-wedding-privacy-budget-e-gestione-fornitori-featured-20260308081121.png","datePublished":"2026-03-02T08:11:51+00:00","dateModified":"2026-03-10T00:32:22+00:00","description":"Profi \u00fatmutat\u00f3 egy esk\u00fcv\u0151h\u00f6z a Costa Smerald\u00e1n: adatv\u00e9delem, k\u00f6lts\u00e9gvet\u00e9s, id\u0151vonal \u00e9s besz\u00e1ll\u00edt\u00f3k kezel\u00e9se Szard\u00edni\u00e1n. Gyakorlati tan\u00e1csok egy t\u00f6k\u00e9letes esem\u00e9nyhez.","breadcrumb":{"@id":"https:\/\/chiarabevents.com\/sq\/costa-smeralda-wedding-privatesi-buxhet-dhe-menaxhim-i-furnizuesve\/#breadcrumb"},"inLanguage":"hu-HU","potentialAction":[{"@type":"ReadAction","target":["https:\/\/chiarabevents.com\/sq\/costa-smeralda-wedding-privatesi-buxhet-dhe-menaxhim-i-furnizuesve\/"]}]},{"@type":"ImageObject","inLanguage":"hu-HU","@id":"https:\/\/chiarabevents.com\/sq\/costa-smeralda-wedding-privatesi-buxhet-dhe-menaxhim-i-furnizuesve\/#primaryimage","url":"https:\/\/chiarabevents.com\/wp-content\/uploads\/2026\/03\/costa-smeralda-wedding-privacy-budget-e-gestione-fornitori-featured-20260308081121.png","contentUrl":"https:\/\/chiarabevents.com\/wp-content\/uploads\/2026\/03\/costa-smeralda-wedding-privacy-budget-e-gestione-fornitori-featured-20260308081121.png","width":1536,"height":1024,"caption":"Scatto di una coppia di sposi sulla spiaggia della Costa Smeralda, simbolo di privacy e cura nei dettagli, ideale per matrimoni di lusso con gestione fornitori e rispetto del budget."},{"@type":"BreadcrumbList","@id":"https:\/\/chiarabevents.com\/sq\/costa-smeralda-wedding-privatesi-buxhet-dhe-menaxhim-i-furnizuesve\/#breadcrumb","itemListElement":[{"@type":"ListItem","position":1,"name":"Home","item":"https:\/\/chiarabevents.com\/"},{"@type":"ListItem","position":2,"name":"Costa Smeralda Wedding: privacy, budget e gestione fornitori"}]},{"@type":"WebSite","@id":"https:\/\/chiarabevents.com\/#website","url":"https:\/\/chiarabevents.com\/","name":"ChiaraB Esem\u00e9nyek Esk\u00fcv\u0151szervez\u0151","description":"Egy csod\u00e1latos \u00fat egy\u00fctt megt\u00e9ve","publisher":{"@id":"https:\/\/chiarabevents.com\/#organization"},"potentialAction":[{"@type":"SearchAction","target":{"@type":"EntryPoint","urlTemplate":"https:\/\/chiarabevents.com\/?s={search_term_string}"},"query-input":{"@type":"PropertyValueSpecification","valueRequired":true,"valueName":"search_term_string"}}],"inLanguage":"hu-HU"},{"@type":"Organization","@id":"https:\/\/chiarabevents.com\/#organization","name":"ChiaraB Esem\u00e9nyek Esk\u00fcv\u0151szervez\u0151","url":"https:\/\/chiarabevents.com\/","logo":{"@type":"ImageObject","inLanguage":"hu-HU","@id":"https:\/\/chiarabevents.com\/#\/schema\/logo\/image\/","url":"https:\/\/chiarabevents.com\/wp-content\/uploads\/2023\/12\/cropped-Monogramma_chiarab.png","contentUrl":"https:\/\/chiarabevents.com\/wp-content\/uploads\/2023\/12\/cropped-Monogramma_chiarab.png","width":512,"height":512,"caption":"ChiaraB Events Wedding Planner"},"image":{"@id":"https:\/\/chiarabevents.com\/#\/schema\/logo\/image\/"},"sameAs":["https:\/\/www.facebook.com\/chiarabevent","https:\/\/www.instagram.com\/chiarab_events\/"]},{"@type":"Person","@id":"https:\/\/chiarabevents.com\/#\/schema\/person\/bbb582cfce34a973ad4463736fd0b0f4","name":"ChiaraB Blog","image":{"@type":"ImageObject","inLanguage":"hu-HU","@id":"https:\/\/chiarabevents.com\/wp-content\/litespeed\/avatar\/1646323b4cbc3492de1328080709cacc.jpg?ver=1777061573","url":"https:\/\/chiarabevents.com\/wp-content\/litespeed\/avatar\/1646323b4cbc3492de1328080709cacc.jpg?ver=1777061573","contentUrl":"https:\/\/chiarabevents.com\/wp-content\/litespeed\/avatar\/1646323b4cbc3492de1328080709cacc.jpg?ver=1777061573","caption":"ChiaraB Blog"},"url":"https:\/\/chiarabevents.com\/hu\/author\/chiarab-blog\/"}]}},"_links":{"self":[{"href":"https:\/\/chiarabevents.com\/hu\/wp-json\/wp\/v2\/posts\/34924","targetHints":{"allow":["GET"]}}],"collection":[{"href":"https:\/\/chiarabevents.com\/hu\/wp-json\/wp\/v2\/posts"}],"about":[{"href":"https:\/\/chiarabevents.com\/hu\/wp-json\/wp\/v2\/types\/post"}],"author":[{"embeddable":true,"href":"https:\/\/chiarabevents.com\/hu\/wp-json\/wp\/v2\/users\/4"}],"replies":[{"embeddable":true,"href":"https:\/\/chiarabevents.com\/hu\/wp-json\/wp\/v2\/comments?post=34924"}],"version-history":[{"count":2,"href":"https:\/\/chiarabevents.com\/hu\/wp-json\/wp\/v2\/posts\/34924\/revisions"}],"predecessor-version":[{"id":35235,"href":"https:\/\/chiarabevents.com\/hu\/wp-json\/wp\/v2\/posts\/34924\/revisions\/35235"}],"wp:featuredmedia":[{"embeddable":true,"href":"https:\/\/chiarabevents.com\/hu\/wp-json\/wp\/v2\/media\/35226"}],"wp:attachment":[{"href":"https:\/\/chiarabevents.com\/hu\/wp-json\/wp\/v2\/media?parent=34924"}],"wp:term":[{"taxonomy":"category","embeddable":true,"href":"https:\/\/chiarabevents.com\/hu\/wp-json\/wp\/v2\/categories?post=34924"},{"taxonomy":"post_tag","embeddable":true,"href":"https:\/\/chiarabevents.com\/hu\/wp-json\/wp\/v2\/tags?post=34924"}],"curies":[{"name":"wp","href":"https:\/\/api.w.org\/{rel}","templated":true}]}}