{"id":34929,"date":"2024-05-10T11:14:30","date_gmt":"2024-05-10T09:14:30","guid":{"rendered":"https:\/\/chiarabevents.com\/"},"modified":"2026-03-08T12:07:06","modified_gmt":"2026-03-08T10:07:06","slug":"eskuvo-romaban-ztl-kezeles-transzferek-es-realis-idobeosztas-fotokra-es-ceremoniara","status":"publish","type":"post","link":"https:\/\/chiarabevents.com\/hu\/eskuvo-romaban-ztl-kezeles-transzferek-es-realis-idobeosztas-fotokra-es-ceremoniara\/","title":{"rendered":"Esk\u00fcv\u0151 R\u00f3m\u00e1ban: ZTL-kezel\u00e9s, transzferek \u00e9s re\u00e1lis id\u0151beoszt\u00e1s fot\u00f3kra \u00e9s cerem\u00f3ni\u00e1ra"},"content":{"rendered":"<h2>R\u00f3mai esk\u00fcv\u0151i logisztika ZTL: mi v\u00e1ltozik val\u00f3j\u00e1ban az elk\u00e9pzel\u00e9s \u00e9s a val\u00f3s\u00e1g k\u00f6z\u00f6tt<\/h2>\n<p>Szervezni egy <strong>esk\u00fcv\u0151 R\u00f3ma<\/strong> ez egy rendk\u00edv\u00fcli \u00e9lm\u00e9ny, de pontos ir\u00e1ny\u00edt\u00e1st ig\u00e9nyel: kisz\u00e1m\u00edthatatlan forgalom, korl\u00e1tozott hozz\u00e1f\u00e9r\u00e9s\u0171 z\u00f3n\u00e1k, t\u00e1vols\u00e1gok, amelyek \u201ek\u00f6zelinek t\u0171nnek\u201d, de \u00e9rt\u00e9kes perceket vesznek el, valamint helysz\u00ednek speci\u00e1lis m\u0171k\u00f6d\u00e9si korl\u00e1toz\u00e1sokkal. A k\u00fcl\u00f6nbs\u00e9g egy g\u00f6rd\u00fcl\u00e9keny \u00e9s egy stresszes nap k\u00f6z\u00f6tt gyakran nem az eszt\u00e9tika, hanem a <strong>logisztika<\/strong>.<\/p>\n<p>Ez a cikk az\u00e9rt sz\u00fcletett, hogy seg\u00edtsen egy v\u00e1gyat (ikonikus fot\u00f3k, pontos cerem\u00f3nia, nyugodt vend\u00e9gek) konkr\u00e9t tervv\u00e9 alak\u00edtani. Besz\u00e9lni fogunk a <strong>ZTL kezel\u00e9s\u00e9r\u0151l<\/strong>, re\u00e1lis utaz\u00e1si id\u0151kr\u0151l, a szolg\u00e1ltat\u00f3k koordin\u00e1ci\u00f3j\u00e1r\u00f3l \u00e9s a <strong>vend\u00e9gek sz\u00e1ll\u00edt\u00e1s\u00e1r\u00f3l R\u00f3m\u00e1ban<\/strong> improviz\u00e1ci\u00f3 n\u00e9lk\u00fcl. A c\u00e9l egy vil\u00e1gos t\u00e9rk\u00e9p ad\u00e1sa: mit kell el\u0151re eld\u00f6nteni, mit ellen\u0151rizni a helysz\u00ednnel, \u00e9s hogyan \u00e9p\u00edts\u00fcnk fel egy id\u0151vonalat, amely akkor is m\u0171k\u00f6dik, amikor a v\u00e1ros v\u00e1rosk\u00e9nt viselkedik.<\/p>\n<p>\u00c1tfog\u00f3 k\u00e9p\u00e9rt a ker\u00fcletekr\u0151l, t\u00e1vols\u00e1gokr\u00f3l \u00e9s v\u00e1rosi k\u00f6rnyezetr\u0151l hasznos lehet ez is <a href=\"https:\/\/it.wikipedia.org\/wiki\/Roma\" target=\"_blank\" rel=\"noopener noreferrer nofollow\">M\u00e9lyebb betekint\u00e9s: R\u00f3ma (Wikipedia)<\/a>.<\/p>\n<h2>L\u00e9p\u00e9sr\u0151l l\u00e9p\u00e9sre tervez\u00e9s egy r\u00f3mai esk\u00fcv\u0151h\u00f6z: id\u0151vonal \u00e9s operat\u00edv priorit\u00e1sok<\/h2>\n<p>A hat\u00e9kony tervez\u00e9s nem egy v\u00e9gtelen teend\u0151lista: egy intelligens d\u00f6nt\u00e9ssorozat, amely cs\u00f6kkenti a kock\u00e1zatokat \u00e9s a holtid\u0151ket. Lent tal\u00e1lsz egy \u201e12-t\u0151l 2 h\u00f3napig\u201d tart\u00f3 \u00fatmutat\u00f3t azoknak, akik gondosan szervezett esk\u00fcv\u0151t szeretn\u00e9nek, kezelhet\u0151 utaz\u00e1sokkal \u00e9s vend\u00e9g\u00e9lm\u00e9nnyel.<\/p>\n<h3>12-t\u0151l 9 h\u00f3napig: helysz\u00ednv\u00e1laszt\u00e1s \u00e9s utaz\u00e1si t\u00e9rk\u00e9p<\/h3>\n<p>Miel\u0151tt meghat\u00e1rozn\u00e1d a vir\u00e1gst\u00edlust vagy a men\u00fct, \u00e9rdemes egy <strong>logisztikai t\u00e9rk\u00e9pet<\/strong>k\u00e9sz\u00edteni. Ebben a szakaszban a helyes k\u00e9rd\u00e9sek:<\/p>\n<ul>\n<li><strong>Hol zajlik a<\/strong> felk\u00e9sz\u00fcl\u00e9s, cerem\u00f3nia, fot\u00f3z\u00e1s \u00e9s fogad\u00e1s?<\/li>\n<li>Mely \u00fatvonalak ig\u00e9nyelnek \u00e1thalad\u00e1st k\u00f6zponti ter\u00fcleteken vagy ellen\u0151rz\u00f6tt hozz\u00e1f\u00e9r\u00e9seken?<\/li>\n<li>A vend\u00e9gek egyetlen ter\u00fcleten sz\u00e1llnak meg, vagy elosztva vannak a v\u00e1rosban?<\/li>\n<li>Van-e a helysz\u00ednnek korl\u00e1toz\u00e1sa a rakod\u00e1si\/lerakod\u00e1si id\u0151kre, j\u00e1rm\u0171hozz\u00e1f\u00e9r\u00e9sre, parkol\u00e1sra?<\/li>\n<\/ul>\n<p>Gyakorlatilag: min\u00e9l \u201eikonikusabb\u201d az \u00fatvonal, ann\u00e1l ink\u00e1bb sz\u00fcks\u00e9g van tervre. Ha k\u00f6zponti fot\u00f3kat \u00e9s a t\u00f6rt\u00e9nelmi sz\u00edv\u00e9n k\u00edv\u00fcli fogad\u00e1st \u00e1lmodsz meg, elengedhetetlen id\u0151puffer \u00e9s alternat\u00edv\u00e1k el\u0151re tervez\u00e9se, hogy a cerem\u00f3nia vagy az aperitif ne szoruljon \u00f6ssze. <strong>8-t\u00f3l 6 h\u00f3napig: alapvet\u0151 szolg\u00e1ltat\u00f3k \u00e9s ZTL koordin\u00e1ci\u00f3<\/strong> e alternative, cos\u00ec da non comprimere la cerimonia o l\u2019aperitivo.<\/p>\n<h3>Da 8 a 6 mesi: fornitori essenziali e coordinamento ZTL<\/h3>\n<p>Amikor a nap szerkezete meghat\u00e1roz\u00e1sra ker\u00fcl, \u00e1tt\u00e9r\u00fcnk azokra a szolg\u00e1ltat\u00f3kra, akik val\u00f3ban hat\u00e1ssal vannak a logisztik\u00e1ra:<\/p>\n<ul>\n<li><strong>Fot\u00f3 &amp; vide\u00f3<\/strong>: a fot\u00f3pontok \u00e9s a val\u00f3s (nem \u201eide\u00e1lis\u201d) id\u0151k meghat\u00e1roz\u00e1sa.<\/li>\n<li><strong>Sz\u00e1ll\u00edt\u00e1s<\/strong>: az ifj\u00fa p\u00e1r aut\u00f3ja, esetleges furgon\/minibusz, vend\u00e9gek sz\u00e1m\u00e1ra shuttle.<\/li>\n<li><strong>Dekor\u00e1ci\u00f3k<\/strong>: a fel- \u00e9s leszerel\u00e9s ideje \u00e9s a kapukhoz val\u00f3 hozz\u00e1f\u00e9r\u00e9s.<\/li>\n<li><strong>Zene \u00e9s sz\u00f3rakoztat\u00e1s<\/strong>: technikai sz\u00fcks\u00e9gletek \u00e9s be\u00e1ll\u00edt\u00e1si id\u0151k.<\/li>\n<\/ul>\n<p>Itt l\u00e9p be a k\u00e9pbe a <strong>logisztika esk\u00fcv\u0151 R\u00f3ma ZTL<\/strong>: nem el\u00e9g \u201efoglalni egy j\u00e1rm\u0171vet\u201d. El\u0151re ellen\u0151rizni kell, hogyan kezelik a hozz\u00e1f\u00e9r\u00e9seket, az operat\u00edv meg\u00e1ll\u00f3kat, az esetleges enged\u00e9lyeket, amelyeket a helysz\u00edn vagy a szolg\u00e1ltat\u00f3 k\u00e9r. Ha egy r\u00e9szlet nem biztos, k\u00e9rdezd meg <strong>ellen\u0151rizz\u00e9k a term\u00e9koldalon<\/strong> vagy a szolg\u00e1ltat\u00e1s dokument\u00e1ci\u00f3j\u00e1ban.<\/p>\n<h3>5-t\u0151l 3 h\u00f3napig: vend\u00e9gek kezel\u00e9se \u00e9s vend\u00e9gsz\u00e1ll\u00edt\u00e1s R\u00f3m\u00e1ban<\/h3>\n<p>A vend\u00e9geknek nem szabad \u201emagukra hagyatkozniuk\u201d hom\u00e1lyos utas\u00edt\u00e1sokkal. Ha pr\u00e9mium (ak\u00e1r intim) \u00e9lm\u00e9nyt szeretn\u00e9l, az egy szab\u00e1ly van: <strong>min\u00e9l kevesebb d\u00f6nt\u00e9st hagysz a vend\u00e9gekre, ann\u00e1l g\u00f6rd\u00fcl\u00e9kenyebb a nap<\/strong>. Ebben a szakaszban:<\/p>\n<ul>\n<li>Hat\u00e1rozz meg egy <strong>k\u00f6nnyen felismerhet\u0151 gy\u00fclekez\u00e9si pontot.<\/strong> (vagy t\u00f6bb pontot) \u00e9s egy vil\u00e1gos id\u0151pontot.<\/li>\n<li>\u00c1llap\u00edtsd meg, kinek van els\u0151bbs\u00e9ge a shuttle\/furgon haszn\u00e1lat\u00e1ban (csal\u00e1dok, id\u0151sek, nemzetk\u00f6zi vend\u00e9gek).<\/li>\n<li>Hangold \u00f6ssze a hotel bejelentkez\u00e9st \u00e9s a k\u00e9sz\u00fcl\u0151d\u00e9si id\u0151ket a val\u00f3s id\u0151vonal szerint.<\/li>\n<\/ul>\n<p>Az eset\u00e9ben <strong>vend\u00e9gek sz\u00e1ll\u00edt\u00e1s\u00e1r\u00f3l R\u00f3m\u00e1ban<\/strong>, a legjobb v\u00e1laszt\u00e1s gyakran egy hibrid rendszer: shuttle a kulcsfontoss\u00e1g\u00fa pillanatokra \u00e9s kontroll\u00e1lt szabads\u00e1g azoknak, akik ink\u00e1bb \u00f6n\u00e1ll\u00f3an mozogn\u00e1nak, de pontos utas\u00edt\u00e1sokkal.<\/p>\n<h3>2 h\u00f3napt\u00f3l 2 h\u00e9tig: a menetrend f\u0151pr\u00f3b\u00e1ja (\u00e9s a fot\u00f3z\u00e1si id\u0151k)<\/h3>\n<p>Ez az a szakasz, amikor \u201elez\u00e1rul a k\u00f6r\u201d: a menetrend tervezet\u00e9t meger\u0151s\u00edtik. A nagy hat\u00e1s\u00fa l\u00e9p\u00e9sek a k\u00f6vetkez\u0151k:<\/p>\n<ul>\n<li><strong>C\u00edmek \u00e9s hozz\u00e1f\u00e9r\u00e9sek meger\u0151s\u00edt\u00e9se<\/strong> minden szolg\u00e1ltat\u00f3val (nem csak az ifj\u00fa p\u00e1rral).<\/li>\n<li>Meghat\u00e1rozni <strong>a h\u00edv\u00e1si id\u0151pontokat<\/strong> \u00e9s kapcsolattart\u00f3k minden pontn\u00e1l (hotel, templom, helysz\u00edn).<\/li>\n<li>Adja meg <strong>pufferid\u0151k<\/strong> egy esem\u00e9ny \u00e9s a m\u00e1sik k\u00f6z\u00f6tt.<\/li>\n<li>\u00c1llap\u00edtson meg egy tervet esetleges k\u00e9s\u00e9sekre: ki \u00e9rtes\u00edt kit, \u00e9s hogyan lehet behozni a lemarad\u00e1st.<\/li>\n<\/ul>\n<p>Egy gyakorlati tan\u00e1cs: ha t\u00f6bb helysz\u00ednen szeretn\u00e9l fot\u00f3kat, fontold meg, hogy cs\u00f6kkented a fot\u00f3z\u00e1si helysz\u00ednek sz\u00e1m\u00e1t, \u00e9s n\u00f6veled az egyes helysz\u00edneken elt\u00f6lt\u00f6tt id\u0151 min\u0151s\u00e9g\u00e9t. Ez a v\u00e1laszt\u00e1s gyakran jav\u00edtja mind a k\u00e9peket, mind a nap hangulat\u00e1t.<\/p>\n<h2>Re\u00e1lis id\u0151keretek a cerem\u00f3ni\u00e1ra, fot\u00f3z\u00e1sra \u00e9s az \u00e1thelyezked\u00e9sre R\u00f3m\u00e1ban (stressz n\u00e9lk\u00fcl)<\/h2>\n<p>R\u00f3ma csod\u00e1latos, de ritk\u00e1n \u201egyors\u201d. Ez\u00e9rt egy hiteles id\u0151vonal nem kilom\u00e9terekben m\u00e9rt t\u00e1vols\u00e1gokon alapul, hanem <strong>id\u0151ablakokon<\/strong> \u00e9s azon, hogyan mozog val\u00f3j\u00e1ban a v\u00e1ros azon a napon \u00e9s id\u0151szakban.<\/p>\n<h3>El\u0151k\u00e9sz\u00fcletek: ne becs\u00fcld al\u00e1 a kis k\u00e9s\u00e9seket<\/h3>\n<p>Az el\u0151k\u00e9sz\u00fcletek idej\u00e9n gy\u0171lnek \u00f6ssze a l\u00e1thatatlan k\u00e9s\u00e9sek: sz\u00e1ll\u00edt\u00e1sok, utols\u00f3 r\u00e9szletek, bar\u00e1tok \u00e9s rokonok \u00e9rkez\u00e9se, apr\u00f3 v\u00e1ratlan esem\u00e9nyek. A megold\u00e1s nem a rohan\u00e1s, hanem <strong>struktur\u00e1l\u00e1s<\/strong>:<\/p>\n<ul>\n<li>Hat\u00e1rozz meg egy \u201eelk\u00e9sz\u00fcl\u00e9si v\u00e9ge\u201d id\u0151pontot, amely t\u00e1gabb, mint amit elk\u00e9pzelsz.<\/li>\n<li>Ha k\u00e9t hotel van, ellen\u0151rizd a besz\u00e1ll\u00edt\u00f3k bejut\u00e1s\u00e1nak \u00e9s parkol\u00e1s\u00e1nak kezel\u00e9s\u00e9t.<\/li>\n<li>Biztos\u00edts egy kapcsolattart\u00f3t, aki sz\u0171ri a h\u00edv\u00e1sokat \u00e9s k\u00e9r\u00e9seket az el\u0151k\u00e9sz\u00fcletek alatt.<\/li>\n<\/ul>\n<h3>Cerem\u00f3nia: a pontoss\u00e1g mint diz\u00e1jnv\u00e1laszt\u00e1s<\/h3>\n<p>A pontoss\u00e1g nem csak formalit\u00e1s: az \u00e9lm\u00e9ny r\u00e9sze. Ha a vend\u00e9gek t\u00fal sokat v\u00e1rnak, az energia cs\u00f6kken; ha a cerem\u00f3nia kapkodva kezd\u0151dik, minden m\u00e1s is \u00f6sszes\u0171r\u0171s\u00f6dik. A cerem\u00f3nia v\u00e9delme \u00e9rdek\u00e9ben:<\/p>\n<ul>\n<li>\u00c1ll\u00edts be egy <strong>vend\u00e9g\u00e9rkez\u00e9si id\u0151pontot<\/strong> a kezd\u00e9s el\u0151tt, ne \u201eegyet\u201d a kezd\u00e9ssel.<\/li>\n<li>Kommunik\u00e1lj egy <strong>\u00f6lt\u00f6zk\u00f6d\u00e9si k\u00f3dexet \u00e9s \u00fatmutat\u00e1sokat<\/strong> amelyek cs\u00f6kkentik a bizonytalans\u00e1got \u00e9s a k\u00e9s\u00e9seket.<\/li>\n<li>Ha a cerem\u00f3nia a belv\u00e1rosban van, vedd figyelembe, hogy a bejut\u00e1s kezel\u00e9se t\u00f6bb koordin\u00e1ci\u00f3t ig\u00e9nyelhet.<\/li>\n<\/ul>\n<h3>Fot\u00f3: az id\u0151 min\u0151s\u00e9ge, nem a helysz\u00ednek mennyis\u00e9ge<\/h3>\n<p>A legszebb fot\u00f3k akkor sz\u00fcletnek, amikor van id\u0151d l\u00e9legezni. R\u00f3m\u00e1ban k\u00f6nny\u0171 sok helysz\u00edn cs\u00e1b\u00edt\u00e1s\u00e1nak engedni, de minden \u00e1thelyezked\u00e9s v\u00e1ltoz\u00f3kat hoz be. Egy hat\u00e9kony strat\u00e9gia:<\/p>\n<ul>\n<li>V\u00e1lassz kev\u00e9s, az esk\u00fcv\u0151 st\u00edlus\u00e1hoz ill\u0151 helysz\u00ednt.<\/li>\n<li>Tervezd meg a fot\u00f3kat olyan id\u0151szakra, ami nem \u00e1ldozza fel az aperitifet vagy a terembe val\u00f3 bel\u00e9p\u00e9st.<\/li>\n<li>K\u00e9sz\u00fclj fel alternat\u00edv tervvel zs\u00fafolts\u00e1g vagy bonyolult bejut\u00e1s eset\u00e9re.<\/li>\n<\/ul>\n<p>Ha olyan ter\u00fcleteken szeretn\u00e9l k\u00e9peket, ahol szab\u00e1lyozott a bejut\u00e1s, \u00e9p\u00edtsd be a v\u00e1laszt\u00e1st a tervbe <strong>logisztika esk\u00fcv\u0151 R\u00f3ma ZTL<\/strong> m\u00e1r az elej\u00e9t\u0151l fogva, hogy ne kelljen mindent az utols\u00f3 pillanatban \"jav\u00edtani\".<\/p>\n<h3>\u00c1thelyezked\u00e9sek a cerem\u00f3nia \u00e9s a fogad\u00e1s k\u00f6z\u00f6tt: a legk\u00e9nyesebb pont<\/h3>\n<p>Ez az a szakasz, ahol a vend\u00e9gek el\u00e9gedetts\u00e9ge m\u00falik. Ha az ifj\u00fa p\u00e1r nagyon k\u00e9s\u0151n \u00e9rkezik, vagy a vend\u00e9gek nem tudj\u00e1k, hov\u00e1 menjenek, z\u0171rzavar keletkezik. J\u00f3 gyakorlatok:<\/p>\n<ul>\n<li>Hat\u00e1rozz meg egy <strong>indul\u00e1si sorrendet<\/strong> (el\u0151sz\u00f6r a vend\u00e9gek, majd az ifj\u00fa p\u00e1r, vagy ford\u00edtva) a fot\u00f3terv alapj\u00e1n.<\/li>\n<li>Rendelj egy <strong>koordin\u00e1tort<\/strong> a kil\u00e9p\u00e9si ponthoz (cerem\u00f3nia) \u00e9s egyet az \u00e9rkez\u00e9si ponthoz (helysz\u00edn).<\/li>\n<li>Kommunik\u00e1lj egy <strong>v\u00e1rhat\u00f3 \u00e9rkez\u00e9si id\u0151pontot<\/strong> \u00e9s hogy mi t\u00f6rt\u00e9nik a v\u00e1rakoz\u00e1s alatt (welcome drink, l\u00e1gy zene, lounge).<\/li>\n<\/ul>\n<h2>K\u00f6lts\u00e9gvet\u00e9s \u00e9s priorit\u00e1sok: hov\u00e1 fektess be a l\u00e1tv\u00e1nyos hat\u00e1s\u00e9rt pazarl\u00e1s n\u00e9lk\u00fcl<\/h2>\n<p>Egy r\u00f3mai esk\u00fcv\u0151n a k\u00f6lts\u00e9gvet\u00e9st nem v\u00e9letlenszer\u0171 v\u00e1g\u00e1sokkal optimaliz\u00e1ljuk, hanem ott fektet\u00fcnk be, ahol a legnagyobb a l\u00e1that\u00f3 hat\u00e1s \u00e9s ahol cs\u00f6kkennek a logisztikai kock\u00e1zatok. Itt nem sz\u00e1mokra van sz\u00fcks\u00e9g: hierarchi\u00e1ra van sz\u00fcks\u00e9g.<\/p>\n<h3>T\u00e9telek, amelyek val\u00f3ban befoly\u00e1solj\u00e1k az eredm\u00e9nyt (\u00e9s a nyugalmat)<\/h3>\n<p>N\u00e9h\u00e1ny d\u00f6nt\u00e9s pozit\u00edv domin\u00f3hat\u00e1ssal van az eg\u00e9sz napra:<\/p>\n<ul>\n<li><strong>Koordin\u00e1ci\u00f3 \u00e9s rendez\u00e9s<\/strong>: egy szem\u00e9ly, aki \u00f6sszekapcsolja a helysz\u00ednt, a szolg\u00e1ltat\u00f3kat \u00e9s a vend\u00e9geket.<\/li>\n<li><strong>Sz\u00e1ll\u00edt\u00e1s<\/strong>: megfelel\u0151 eszk\u00f6z\u00f6k \u00e9s vil\u00e1gos kommunik\u00e1ci\u00f3 az id\u0151pontokr\u00f3l.<\/li>\n<li><strong>Koh\u00e9zi\u00f3s dekor\u00e1ci\u00f3<\/strong>kevesebb elem, de j\u00f3l elhelyezve a kulcspontokon (bej\u00e1rat, cerem\u00f3nia, asztal, vil\u00e1g\u00edt\u00e1s).<\/li>\n<li><strong>Fot\u00f3\/vide\u00f3<\/strong>a fot\u00f3z\u00e1sok megtervez\u00e9se \u00e9s az id\u0151beoszt\u00e1s kezel\u00e9se, nem csak a \u201ejelenl\u00e9t\u201d.<\/li>\n<\/ul>\n<h3>Hol \u00e9rdemes befektetni a \u201eR\u00f3ma\u201d hat\u00e1s maximaliz\u00e1l\u00e1s\u00e1hoz<\/h3>\n<p>R\u00f3ma m\u00e1r \u00f6nmag\u00e1ban d\u00edszlet. Gyakran \u00e9rdemes okos v\u00e1laszt\u00e1sokkal kiemelni:<\/p>\n<ul>\n<li><strong>Id\u0151z\u00edt\u00e9s<\/strong>v\u00e1laszd ki a nap azon id\u0151szakait, amikor a f\u00e9ny \u00e9s a hangulat a legjobb.<\/li>\n<li><strong>Fogadtat\u00e1s<\/strong>gondosan megtervezett \u00fcdv\u00f6zl\u00e9s \u00e9s zavartalan vend\u00e9g\u00fat.<\/li>\n<li><strong>\u00c9lm\u00e9ny r\u00e9szletei<\/strong>eleg\u00e1ns jelz\u00e9sek, hostess szolg\u00e1ltat\u00e1s, v\u00e1rakoz\u00e1s kezel\u00e9se.<\/li>\n<\/ul>\n<p>Ez a megk\u00f6zel\u00edt\u00e9s t\u00f6k\u00e9letes egy intim esk\u00fcv\u0151h\u00f6z \u00e9s egy destination weddinghez is: a v\u00e1ros a t\u00f6rt\u00e9net r\u00e9sze lesz an\u00e9lk\u00fcl, hogy m\u0171k\u00f6d\u00e9si akad\u00e1lyt jelentene.<\/p>\n<h3>Hib\u00e1k, amelyek n\u00f6velik a k\u00f6lts\u00e9geket (\u00e9s fokozz\u00e1k a stresszt)<\/h3>\n<ul>\n<li><strong>T\u00fal sok helysz\u00ednv\u00e1lt\u00e1s<\/strong> ugyanazon a napon, k\u00fcl\u00f6n\u00f6sen kritikus id\u0151szakokban.<\/li>\n<li>K\u00e9s\u0151i d\u00f6nt\u00e9sek a sz\u00e1llod\u00e1r\u00f3l, gy\u00fclekez\u00e9si pontokr\u00f3l \u00e9s a transzferid\u0151kr\u0151l.<\/li>\n<li>Bonyolult dekor\u00e1ci\u00f3k ellen\u0151rz\u00e9s n\u00e9lk\u00fcl a bej\u00e1ratok, az \u00f6sszeszerel\u00e9si id\u0151k \u00e9s a helysz\u00edn korl\u00e1toz\u00e1sai tekintet\u00e9ben.<\/li>\n<li>T\u00f6redezett kommunik\u00e1ci\u00f3: szolg\u00e1ltat\u00f3k elt\u00e9r\u0151 vagy hi\u00e1nyos inform\u00e1ci\u00f3kat kapnak.<\/li>\n<\/ul>\n<h2>B terv \u00e9s kock\u00e1zatkezel\u00e9s R\u00f3m\u00e1ban: id\u0151j\u00e1r\u00e1s, helysz\u00edn korl\u00e1toz\u00e1sok \u00e9s szerz\u0151d\u00e9sek<\/h2>\n<p>A legjobb tervez\u00e9s az, amely akkor is m\u0171k\u00f6dik, ha valami v\u00e1ltozik. R\u00f3m\u00e1ban a leggyakoribb v\u00e1ltoz\u00f3k az id\u0151j\u00e1r\u00e1s, a forgalom \u00e9s a bej\u00e1ratok. Egy j\u00f3 B terv nem \u201erontja el\u201d a st\u00edlust: v\u00e9di azt.<\/p>\n<h3>Id\u0151j\u00e1r\u00e1s: alternat\u00edv\u00e1k, amelyek nem t\u0171nnek tartal\u00e9kmegold\u00e1snak<\/h3>\n<p>Ha a cerem\u00f3nia vagy a fogad\u00e1s egy r\u00e9sze szabadt\u00e9ren van, k\u00e9rdezd meg a helysz\u00ednt:<\/p>\n<ul>\n<li>Mi az alternat\u00edv belt\u00e9ri megold\u00e1s \u00e9s hogyan van berendezve.<\/li>\n<li>Ki d\u00f6nt \u00e9s mikor d\u00f6nt a B tervre val\u00f3 \u00e1t\u00e1ll\u00e1sr\u00f3l.<\/li>\n<li>Hogyan v\u00e1ltozik a vend\u00e9gforgalom (bej\u00e1ratok, ruhat\u00e1r, \u00fatvonalak).<\/li>\n<\/ul>\n<p>Hat\u00e9kony B terv az, amelynek <strong>id\u0151pontjai \u00e9s felel\u0151ss\u00e9gei<\/strong> meg vannak hat\u00e1rozva, nem csak egy \u201eel\u00e9rhet\u0151\u201d helysz\u00edn.<\/p>\n<h3>Helysz\u00edn enged\u00e9lyei \u00e9s korl\u00e1toz\u00e1sai: mit ellen\u0151rizz\u00fcnk el\u0151tte<\/h3>\n<p>Minden helysz\u00ednnek vannak m\u0171k\u00f6d\u00e9si szab\u00e1lyai: nyitvatart\u00e1si id\u0151, bel\u00e9p\u00e9s, zene, rakod\u00e1s\/lerakod\u00e1s, parkol\u00e1s. Nem kell jogszab\u00e1lyokba bonyol\u00f3dni: egy\u00e9rtelm\u0171s\u00e9gre van sz\u00fcks\u00e9g. Miel\u0151tt al\u00e1\u00edrsz vagy meger\u0151s\u00edtesz, k\u00e9rdezd meg:<\/p>\n<ul>\n<li>Milyen j\u00e1rm\u0171vek juthatnak be a bej\u00e1ratig \u00e9s milyen id\u0151pontokban.<\/li>\n<li>Ha vannak korl\u00e1toz\u00e1sok a dekor\u00e1ci\u00f3kra, vir\u00e1gokra, gyerty\u00e1kra, szerkezetekre, t\u00e1maszokra.<\/li>\n<li>Hogyan m\u0171k\u00f6dik a besz\u00e1ll\u00edt\u00f3k logisztik\u00e1ja (k\u00fcl\u00f6n bej\u00e1ratok, liftek, technikai \u00fatvonalak).<\/li>\n<\/ul>\n<p>Ha egy szolg\u00e1ltat\u00e1s tartalmaz v\u00e1ltoz\u00f3 opci\u00f3kat vagy felt\u00e9teleket, ne feledd, hogy <strong>ellen\u0151rizz\u00e9k a term\u00e9koldalon<\/strong> vagy a besz\u00e1ll\u00edt\u00f3 szerz\u0151d\u00e9s\u00e9ben.<\/p>\n<h3>Szerz\u0151d\u00e9sek \u00e9s el\u0151legek: az id\u0151vonal v\u00e9delme a k\u00f6lts\u00e9gvet\u00e9s mellett<\/h3>\n<p>Egy gyakran alul\u00e9rt\u00e9kelt szempont, hogy a szerz\u0151d\u00e9sek nem csak egy d\u00e1tum \u201elefoglal\u00e1s\u00e1ra\u201d szolg\u00e1lnak, hanem a nap megval\u00f3s\u00edthat\u00f3s\u00e1g\u00e1nak v\u00e9delm\u00e9re is. N\u00e9h\u00e1ny hasznos elem, amit tiszt\u00e1zni kell:<\/p>\n<ul>\n<li>Bel\u00e9p\u00e9si \u00e9s esem\u00e9nyz\u00e1r\u00e1si id\u0151pontok (\u00e9s mi t\u00f6rt\u00e9nik cs\u00fasz\u00e1s eset\u00e9n).<\/li>\n<li>Felel\u0151ss\u00e9g a fel\u00e1ll\u00edt\u00e1s, lebont\u00e1s \u00e9s anyagmeg\u0151rz\u00e9s sor\u00e1n.<\/li>\n<li>Id\u0151j\u00e1r\u00e1si v\u00e1ratlan esem\u00e9nyek \u00e9s a helysz\u00edn elrendez\u00e9s\u00e9nek m\u00f3dos\u00edt\u00e1sainak kezel\u00e9se.<\/li>\n<\/ul>\n<h2>Vend\u00e9g\u00e9lm\u00e9ny R\u00f3m\u00e1ban: kifog\u00e1stalan fogadtat\u00e1s, sz\u00e1ll\u00edt\u00e1s \u00e9s kommunik\u00e1ci\u00f3<\/h2>\n<p>Egy <strong>esk\u00fcv\u0151 R\u00f3ma<\/strong> Az eml\u00e9kezetes nem csak sz\u00e9p: k\u00f6nnyen \u00e9lvezhet\u0151. A vend\u00e9gek azt jegyzik meg, hogyan \u00e9rezt\u00e9k magukat, nem csak azt, mit l\u00e1ttak. Ez\u00e9rt a vend\u00e9gl\u00e1t\u00e1s a rendez\u00e9s k\u00f6zponti r\u00e9sze.<\/p>\n<h3>\u00dcdv\u00f6zl\u0151 pillanat \u00e9s tev\u00e9kenys\u00e9gek: \u00e9lvezni R\u00f3m\u00e1t kapkod\u00e1s n\u00e9lk\u00fcl<\/h3>\n<p>Ha vend\u00e9geid \u00e9rkeznek k\u00edv\u00fclr\u0151l, a leggyakoribb hiba t\u00falzs\u00fafolni a programot. Jobb n\u00e9h\u00e1ny j\u00f3l \u00e1tgondolt \u00e9lm\u00e9ny, amelyek illeszkednek a v\u00e1ros ritmus\u00e1hoz. N\u00e9h\u00e1ny \u201ealacsony stressz\u0171\u201d \u00f6tlet:<\/p>\n<ul>\n<li>\u00dcdv\u00f6zl\u0151 ital a sz\u00e1lloda k\u00f6rny\u00e9k\u00e9n rugalmas id\u0151pontokkal.<\/li>\n<li>Inform\u00e1lis k\u00f6sz\u00f6nt\u0151 pillanat az esk\u00fcv\u0151 napja el\u0151tt.<\/li>\n<li>\u00datmutat\u00e1s aj\u00e1nlott \u00fatvonalakr\u00f3l \u00e9s re\u00e1lis id\u0151kr\u0151l a k\u00f6zleked\u00e9shez.<\/li>\n<\/ul>\n<p>Ez cs\u00f6kkenti a nyom\u00e1st az esem\u00e9ny napj\u00e1n is: a vend\u00e9gek m\u00e1r t\u00e1j\u00e9koz\u00f3dtak \u00e9s nyugodtabban \u00e9rkeznek.<\/p>\n<h3>Sz\u00e1ll\u00edt\u00e1s, transzferek \u00e9s parkol\u00e1s: hogyan ker\u00fclj\u00fck el a zavart<\/h3>\n<p>A sz\u00e1ll\u00edt\u00e1s kezel\u00e9se a sz\u00edv\u00e9t k\u00e9pezi a <strong>vend\u00e9gek sz\u00e1ll\u00edt\u00e1s\u00e1r\u00f3l R\u00f3m\u00e1ban<\/strong>. Hogy egyszer\u0171 legyen:<\/p>\n<ul>\n<li>\u00c1ll\u00edts be egy <strong>felv\u00e9teli pontot<\/strong> intuit\u00edv \u00e9s k\u00f6nnyen el\u00e9rhet\u0151.<\/li>\n<li>Kommunik\u00e1lj vil\u00e1gos nyelvezettel az id\u0151pontokat: \u201ea transzfer indul\u2026\u201d, \u00e9s \u201eaz utols\u00f3 transzfer\u2026\u201d.<\/li>\n<li>Tervezd meg az \u00f6n\u00e1ll\u00f3an \u00e9rkez\u0151k sz\u00e1m\u00e1ra: hol parkoljanak, kit\u0151l k\u00e9rjenek seg\u00edts\u00e9get, hogyan \u00e9rj\u00e9k el a bej\u00e1ratot.<\/li>\n<\/ul>\n<p>Ha a helysz\u00edn a belv\u00e1rosban vagy ellen\u0151rz\u00f6tt hozz\u00e1f\u00e9r\u00e9s\u0171 ter\u00fcleten van, \u00e9p\u00edtsd be ezeket az inform\u00e1ci\u00f3kat a <strong>logisztika esk\u00fcv\u0151 R\u00f3ma ZTL<\/strong> \u00e9s oszd meg id\u0151ben a vend\u00e9gekkel \u00e9s a szolg\u00e1ltat\u00f3kkal.<\/p>\n<h3>Vil\u00e1gos \u00fatmutat\u00e1sok \u00e9s esk\u00fcv\u0151i weboldal: a k\u00fcl\u00f6nbs\u00e9g az eleg\u00e1ns \u00e9s a kaotikus k\u00f6z\u00f6tt<\/h3>\n<p>A kommunik\u00e1ci\u00f3 az \u00e9lm\u00e9ny r\u00e9sze. Egy j\u00f3l meg\u00edrt inform\u00e1ci\u00f3s csomag cs\u00f6kkenti a telefonh\u00edv\u00e1sokat, k\u00e9s\u00e9seket \u00e9s szorong\u00e1st. Mit tartalmazzon:<\/p>\n<ul>\n<li>Teljes c\u00edmek \u00e9s a helysz\u00edn pontos neve (taxi\/sof\u0151r sz\u00e1m\u00e1ra is).<\/li>\n<li>Aj\u00e1nlott \u00e9rkez\u00e9si id\u0151pontok \u00e9s a f\u0151bb esem\u00e9nyek v\u00e1rhat\u00f3 id\u0151tartama.<\/li>\n<li>\u00d6lt\u00f6zk\u00f6d\u00e9si k\u00f3d \u00e9s gyakorlati megjegyz\u00e9sek (cip\u0151, esetleges l\u00e9pcs\u0151k, k\u00fcls\u0151 \u00fatvonalak).<\/li>\n<li>Kapcsolattart\u00f3 a rendezv\u00e9ny napj\u00e1ra (nem az ifj\u00fa p\u00e1r).<\/li>\n<\/ul>\n<p>Ha a projektedet \u00e9p\u00edted \u00e9s sz\u00e9lesebb \u00fatmutat\u00f3t szeretn\u00e9l a v\u00e1laszt\u00e1sokr\u00f3l, szolg\u00e1ltat\u00f3kr\u00f3l \u00e9s a menetrendr\u0151l, itt tal\u00e1lsz hasznos \u00e1ttekint\u00e9st: <a href=\"https:\/\/chiarabevents.com\/hu\/eskuvo-szervezese\/\">Hogyan szervezz\u00fcnk esk\u00fcv\u0151t<\/a>.<\/p>\n<p><!--W4Y_BF_SUGGESTED_PRODUCTS--><\/p>\n<h2>Esk\u00fcv\u0151 szervez\u00e9se R\u00f3m\u00e1ban v\u00e1ratlan esem\u00e9nyek n\u00e9lk\u00fcl: m\u00f3dszer, rendez\u00e9s \u00e9s st\u00edlus<\/h2>\n<p>Amikor a v\u00e1ros a f\u0151szerepl\u0151, a rendez\u00e9snek l\u00e1thatatlannak, de nagyon er\u0151snek kell lennie. Egy sikeres r\u00f3mai esk\u00fcv\u0151 az eszt\u00e9tika \u00e9s a m\u0171k\u00f6d\u0151k\u00e9pess\u00e9g egyens\u00faly\u00e1b\u00f3l sz\u00fcletik: <strong>re\u00e1lis id\u0151beoszt\u00e1s<\/strong>, \u00e9rtelmes \u00e1thelyez\u00e9sek, vil\u00e1gos kommunik\u00e1ci\u00f3 a vend\u00e9gek fel\u00e9 \u00e9s egy \u00e9szrev\u00e9tlen B-terv.<\/p>\n<p>Ha szem\u00e9lyre szabott projektet szeretn\u00e9l, amely \u00f6tv\u00f6zi a st\u00edlust, a szolg\u00e1ltat\u00f3k koordin\u00e1l\u00e1s\u00e1t \u00e9s a ZTL \u00e9s transzferek g\u00f6rd\u00fcl\u00e9keny kezel\u00e9s\u00e9t, Chiara B Events minden l\u00e9p\u00e9sben t\u00e1mogat: az els\u0151 \u00f6tlett\u0151l a rendezv\u00e9ny napj\u00e1nak ir\u00e1ny\u00edt\u00e1s\u00e1ig, gondos \u00e9s \u00e9lm\u00e9nyk\u00f6zpont\u00fa megk\u00f6zel\u00edt\u00e9ssel.<\/p>\n<section class=\"w4y-bf-related-posts\"><h2>Kapcsol\u00f3d\u00f3 cikkek<\/h2><ul><li><a href=\"https:\/\/chiarabevents.com\/hu\/castelli-romani-elegans-eskuvohoz-valo-villak-es-tortenelmi-rezidenciak-roma-kozeleben\/\">Castelli Romani: eleg\u00e1ns esk\u00fcv\u0151h\u00f6z val\u00f3 vill\u00e1k \u00e9s t\u00f6rt\u00e9nelmi rezidenci\u00e1k R\u00f3ma k\u00f6zel\u00e9ben<\/a><\/li><li><a href=\"https:\/\/chiarabevents.com\/hu\/fotoengedelyek-romaban-mit-kerjunk-es-hogyan-keruljuk-el-a-problemakat-ikonikus-helyszineken\/\">Fot\u00f3enged\u00e9lyek R\u00f3m\u00e1ban: mit k\u00e9rj\u00fcnk \u00e9s hogyan ker\u00fclj\u00fck el a probl\u00e9m\u00e1kat ikonikus helysz\u00edneken<\/a><\/li><li><a href=\"https:\/\/chiarabevents.com\/hu\/eskuvo-a-lazio-videken-elegans-kertiparti-es-b-terv\/\">Esk\u00fcv\u0151 a Lazio vid\u00e9ken: eleg\u00e1ns kertiparti \u00e9s B-terv<\/a><\/li><li><a href=\"https:\/\/chiarabevents.com\/hu\/luxus-elopement-romaban-fotozasi-utvonal-a-tortenelmi-belvaros-es-a-tetoter-kozott\/\">Luxus elopement R\u00f3m\u00e1ban: fot\u00f3z\u00e1si \u00fatvonal a t\u00f6rt\u00e9nelmi belv\u00e1ros \u00e9s a tet\u0151t\u00e9r k\u00f6z\u00f6tt<\/a><\/li><li><a href=\"https:\/\/chiarabevents.com\/hu\/eskuvo-elotti-esemenyek-romaban-premium-elmenyek-nemzetkozi-vendegeknek\/\">Esk\u00fcv\u0151 el\u0151tti esem\u00e9nyek R\u00f3m\u00e1ban: pr\u00e9mium \u00e9lm\u00e9nyek nemzetk\u00f6zi vend\u00e9geknek<\/a><\/li><\/ul><\/section>\n<hr \/>\n<h2>GYIK<\/h2>\n<div class=\"w4y-faq\">\n<h3>Hogyan kezelj\u00fck a ZTL-t egy r\u00f3mai esk\u00fcv\u0151n k\u00e9s\u00e9sek n\u00e9lk\u00fcl?<\/h3>\n<p>\u00c1ll\u00edtsa be el\u0151re a logisztik\u00e1t: hat\u00e1rozza meg a pontos \u00e9rkez\u00e9si\/indul\u00e1si pontokat, ellen\u0151rizze a helysz\u00ednnel \u00e9s a besz\u00e1ll\u00edt\u00f3kkal, hogyan kezelik a hozz\u00e1f\u00e9r\u00e9seket \u00e9s az operat\u00edv meg\u00e1ll\u00f3kat, \u00e9s illesszen be pufferid\u0151ket a kulcsfontoss\u00e1g\u00fa pillanatok k\u00f6z\u00f6tt. Ha egy k\u00f6vetelm\u00e9ny a v\u00e1lasztott szolg\u00e1ltat\u00e1st\u00f3l f\u00fcgg, ellen\u0151rizze a term\u00e9k adatlapj\u00e1n vagy a besz\u00e1ll\u00edt\u00f3 dokument\u00e1ci\u00f3j\u00e1ban.<\/p>\n<h3>Mennyi id\u0151t \u00e9rdemes tervezni a cerem\u00f3nia \u00e9s a fogad\u00e1s k\u00f6z\u00f6tt R\u00f3m\u00e1ban?<\/h3>\n<p>Ez a ter\u00fclett\u0151l, az id\u0151szakt\u00f3l \u00e9s a vend\u00e9gek sz\u00e1m\u00e1t\u00f3l f\u00fcgg, de az az alapelv, hogy ne csak a t\u00e1vols\u00e1gra alapozz: vedd figyelembe a forgalmat, a cerem\u00f3nia ut\u00e1ni indul\u00e1si id\u0151ket, esetleges fot\u00f3z\u00e1st \u00e9s a helysz\u00edni fogad\u00e1si szakaszt. Tervezzen egy t\u00e1g id\u0151ablakot, \u00e9s jel\u00f6lj\u00f6n ki felel\u0151s\u00f6ket mind az indul\u00e1si ponton, mind az \u00e9rkez\u00e9sn\u00e9l.<\/p>\n<h3>Mi a legjobb megold\u00e1s a vend\u00e9gek sz\u00e1ll\u00edt\u00e1s\u00e1ra R\u00f3m\u00e1ban?<\/h3>\n<p>Gyakran m\u0171k\u00f6dik egy hibrid rendszer: transzfer\/j\u00e1rat a f\u0151bb pillanatokra (cerem\u00f3nia \u00e9s fogad\u00e1s), \u00e9s \u00f6n\u00e1ll\u00f3 \u00e9rkez\u00e9s azoknak, akik ezt prefer\u00e1lj\u00e1k, de r\u00e9szletes \u00fatmutat\u00e1ssal a bej\u00e1rat, parkol\u00f3k \u00e9s aj\u00e1nlott id\u0151pontok tekintet\u00e9ben. A c\u00e9l az, hogy cs\u00f6kkents\u00fck a vend\u00e9gek d\u00f6nt\u00e9seit \u00e9s bizonytalans\u00e1gait.<\/p>\n<h3>Hogyan ker\u00fclhetj\u00fck el, hogy a fot\u00f3k ellopj\u00e1k az id\u0151t az aperitif vagy a buli el\u0151l?<\/h3>\n<p>V\u00e1lassz n\u00e9h\u00e1ny koherens helysz\u00ednt, \u00e9s tervezd meg a fot\u00f3z\u00e1sokat egy olyan id\u0151szakra, amely nem korl\u00e1tozza a vend\u00e9gl\u00e1t\u00e1st. Helyezz el pufferid\u0151t az \u00e1thelyez\u00e9sek \u00e9s az hivatalos esem\u00e9nyek k\u00f6z\u00f6tt, \u00e9s tervezz alternat\u00edv\u00e1t, ha egy hely zs\u00fafolt vagy nehezen megk\u00f6zel\u00edthet\u0151.<\/p>\n<h3>Mit kell tartalmaznia egy j\u00f3 B-tervnek egy r\u00f3mai esk\u00fcv\u0151h\u00f6z?<\/h3>\n<p>Egy hat\u00e9kony B-terv meghat\u00e1rozza: alternat\u00edv helysz\u00ednt, a d\u00f6nt\u00e9s id\u0151pontj\u00e1t \u00e9s felel\u0151ss\u00e9g\u00e9t, a vend\u00e9g\u00e1raml\u00e1st (bej\u00e1ratok \u00e9s \u00fatvonalak) \u00e9s a berendez\u00e9sek adapt\u00e1l\u00e1s\u00e1t. Nem lehet csak egy tartal\u00e9k megold\u00e1s, hanem az esem\u00e9ny koherens v\u00e1ltozata kell, hogy legyen.<\/p>\n<h3>Milyen inform\u00e1ci\u00f3kat k\u00f6z\u00f6lj\u00fcnk a vend\u00e9gekkel a k\u00e9s\u00e9sek \u00e9s a zavarok cs\u00f6kkent\u00e9se \u00e9rdek\u00e9ben?<\/h3>\n<p>Teljes c\u00edmek, javasolt \u00e9rkez\u00e9si id\u0151k, transzferszolg\u00e1ltat\u00e1sok gy\u00fclekez\u00e9si pontjai, hozz\u00e1f\u00e9r\u00e9si\/parkol\u00e1si \u00fatmutat\u00f3k, \u00f6lt\u00f6zk\u00f6d\u00e9si el\u0151\u00edr\u00e1sok \u00e9s egy kapcsolattart\u00f3 az esem\u00e9ny napj\u00e1ra (nem az ifj\u00fa p\u00e1r). Egy esk\u00fcv\u0151i weboldal vagy egyetlen dokumentum seg\u00edt mindent k\u00f6zpontos\u00edtani.<\/p>\n<\/div>\n<p><script type=\"application\/ld+json\">{\n    \"@context\": \"https:\\\/\\\/schema.org\",\n    \"@type\": \"FAQPage\",\n    \"mainEntity\": [\n        {\n            \"@type\": \"Question\",\n            \"name\": \"Come gestire la ZTL per un matrimonio a Roma senza ritardi?\",\n            \"acceptedAnswer\": {\n                \"@type\": \"Answer\",\n                \"text\": \"Imposta la logistica in anticipo: definisci i punti esatti di arrivo\\\/partenza, verifica con location e fornitori come vengono gestiti accessi e soste operative e inserisci tempi cuscinetto tra i momenti chiave. Se un requisito dipende dal servizio scelto, verifica nella scheda prodotto o nella documentazione del fornitore.\"\n            }\n        },\n        {\n            \"@type\": \"Question\",\n            \"name\": \"Quanto tempo prevedere tra cerimonia e ricevimento a Roma?\",\n            \"acceptedAnswer\": {\n                \"@type\": \"Answer\",\n                \"text\": \"Dipende da zona, fascia oraria e numero di ospiti, ma la regola \\u00e8 non basarsi sulla sola distanza: considera traffico, tempi di uscita dalla cerimonia, eventuali foto e fase di accoglienza in location. Pianifica una finestra ampia e definisci referenti sia al punto di partenza sia all\\u2019arrivo.\"\n            }\n        },\n        {\n            \"@type\": \"Question\",\n            \"name\": \"Qual \\u00e8 la soluzione migliore per i trasferimenti ospiti a Roma?\",\n            \"acceptedAnswer\": {\n                \"@type\": \"Answer\",\n                \"text\": \"Spesso funziona un sistema ibrido: navette\\\/van per i momenti principali (cerimonia e ricevimento) e arrivi autonomi per chi preferisce, ma con indicazioni dettagliate su punto di ingresso, parcheggi e orari consigliati. L\\u2019obiettivo \\u00e8 ridurre decisioni e incertezze per gli ospiti.\"\n            }\n        },\n        {\n            \"@type\": \"Question\",\n            \"name\": \"Come evitare che le foto rubino tempo all\\u2019aperitivo o alla festa?\",\n            \"acceptedAnswer\": {\n                \"@type\": \"Answer\",\n                \"text\": \"Seleziona pochi spot coerenti e pianifica gli scatti in una fascia che non comprima l\\u2019accoglienza. Inserisci buffer tra spostamenti e momenti ufficiali e prevedi un\\u2019alternativa se un luogo \\u00e8 affollato o complesso da raggiungere.\"\n            }\n        },\n        {\n            \"@type\": \"Question\",\n            \"name\": \"Cosa deve includere un buon piano B per un wedding a Roma?\",\n            \"acceptedAnswer\": {\n                \"@type\": \"Answer\",\n                \"text\": \"Un piano B efficace definisce: spazio alternativo, tempi e responsabilit\\u00e0 della decisione, flusso ospiti (ingressi e percorsi) e adattamento degli allestimenti. Non deve essere un ripiego, ma una versione coerente dello stesso evento.\"\n            }\n        },\n        {\n            \"@type\": \"Question\",\n            \"name\": \"Quali informazioni comunicare agli ospiti per ridurre ritardi e confusione?\",\n            \"acceptedAnswer\": {\n                \"@type\": \"Answer\",\n                \"text\": \"Indirizzi completi, orari consigliati di arrivo, punti di raccolta per navette, indicazioni su accessi\\\/parcheggi, dress code e un contatto di riferimento per il giorno dell\\u2019evento (non gli sposi). Una wedding website o un documento unico aiutano a centralizzare tutto.\"\n            }\n        }\n    ]\n}<\/script><\/p>","protected":false},"excerpt":{"rendered":"<p>Logistica matrimonio Roma ZTL: cosa cambia davvero tra idea e realt\u00e0 Organizzare un wedding Roma \u00e8 un\u2019esperienza straordinaria, ma richiede una regia precisa: traffico imprevedibile, zone a accesso limitato, distanze che \u201csembrano vicine\u201d e invece rubano minuti preziosi, oltre a location con vincoli operativi specifici. La differenza tra una giornata fluida e una giornata stressante spesso non [&hellip;]<\/p>","protected":false},"author":4,"featured_media":34985,"comment_status":"closed","ping_status":"closed","sticky":false,"template":"","format":"standard","meta":{"footnotes":""},"categories":[487,486],"tags":[488,490,489],"class_list":["post-34929","post","type-post","status-publish","format-standard","has-post-thumbnail","hentry","category-roma","category-roma-lazio","tag-logistica-matrimonio-roma-ztl","tag-trasferimenti-ospiti-roma","tag-wedding-roma"],"yoast_head":"<!-- This site is optimized with the Yoast SEO Premium plugin v21.8 (Yoast SEO v27.3) - https:\/\/yoast.com\/product\/yoast-seo-premium-wordpress\/ -->\n<title>Matrimonio a Roma: ZTL, trasferimenti e tempi foto | Chiara B Eve<\/title>\n<meta name=\"description\" content=\"Guida pratica per wedding a Roma: gestione ZTL, trasferimenti ospiti, tempi realistici per foto e cerimonia. Pianifica senza stress.\" \/>\n<meta name=\"robots\" content=\"index, follow, max-snippet:-1, max-image-preview:large, max-video-preview:-1\" \/>\n<link rel=\"canonical\" href=\"https:\/\/chiarabevents.com\/hu\/eskuvo-romaban-ztl-kezeles-transzferek-es-realis-idobeosztas-fotokra-es-ceremoniara\/\" \/>\n<meta property=\"og:locale\" content=\"hu_HU\" \/>\n<meta property=\"og:type\" content=\"article\" \/>\n<meta property=\"og:title\" content=\"Matrimonio a Roma: gestione ZTL, trasferimenti e tempi realistici per foto e cerimonia\" \/>\n<meta property=\"og:description\" content=\"Guida pratica per wedding a Roma: gestione ZTL, trasferimenti ospiti, tempi realistici per foto e cerimonia. Pianifica senza stress.\" \/>\n<meta property=\"og:url\" content=\"https:\/\/chiarabevents.com\/hu\/eskuvo-romaban-ztl-kezeles-transzferek-es-realis-idobeosztas-fotokra-es-ceremoniara\/\" \/>\n<meta property=\"og:site_name\" content=\"ChiaraB Events Wedding Planner\" \/>\n<meta property=\"article:publisher\" content=\"https:\/\/www.facebook.com\/chiarabevent\" \/>\n<meta property=\"article:published_time\" content=\"2024-05-10T09:14:30+00:00\" \/>\n<meta property=\"article:modified_time\" content=\"2026-03-08T10:07:06+00:00\" \/>\n<meta property=\"og:image\" content=\"https:\/\/chiarabevents.com\/wp-content\/uploads\/2026\/03\/matrimonio-a-roma-gestione-ztl-trasferimenti-e-tempi-realistici-per-foto-e-cerimonia-featured-20260307220833.png\" \/>\n\t<meta property=\"og:image:width\" content=\"1536\" \/>\n\t<meta property=\"og:image:height\" content=\"1024\" \/>\n\t<meta property=\"og:image:type\" content=\"image\/png\" \/>\n<meta name=\"author\" content=\"ChiaraB Blog\" \/>\n<meta name=\"twitter:card\" content=\"summary_large_image\" \/>\n<meta name=\"twitter:label1\" content=\"Written by\" \/>\n\t<meta name=\"twitter:data1\" content=\"ChiaraB Blog\" \/>\n\t<meta name=\"twitter:label2\" content=\"Est. reading time\" \/>\n\t<meta name=\"twitter:data2\" content=\"13 minutes\" \/>\n<script type=\"application\/ld+json\" class=\"yoast-schema-graph\">{\"@context\":\"https:\\\/\\\/schema.org\",\"@graph\":[{\"@type\":\"Article\",\"@id\":\"https:\\\/\\\/chiarabevents.com\\\/matrimonio-a-roma-gestione-ztl-trasferimenti-e-tempi-realistici-per-foto-e-cerimonia\\\/#article\",\"isPartOf\":{\"@id\":\"https:\\\/\\\/chiarabevents.com\\\/matrimonio-a-roma-gestione-ztl-trasferimenti-e-tempi-realistici-per-foto-e-cerimonia\\\/\"},\"author\":{\"name\":\"ChiaraB Blog\",\"@id\":\"https:\\\/\\\/chiarabevents.com\\\/#\\\/schema\\\/person\\\/bbb582cfce34a973ad4463736fd0b0f4\"},\"headline\":\"Matrimonio a Roma: gestione ZTL, trasferimenti e tempi realistici per foto e cerimonia\",\"datePublished\":\"2024-05-10T09:14:30+00:00\",\"dateModified\":\"2026-03-08T10:07:06+00:00\",\"mainEntityOfPage\":{\"@id\":\"https:\\\/\\\/chiarabevents.com\\\/matrimonio-a-roma-gestione-ztl-trasferimenti-e-tempi-realistici-per-foto-e-cerimonia\\\/\"},\"wordCount\":2245,\"publisher\":{\"@id\":\"https:\\\/\\\/chiarabevents.com\\\/#organization\"},\"image\":{\"@id\":\"https:\\\/\\\/chiarabevents.com\\\/matrimonio-a-roma-gestione-ztl-trasferimenti-e-tempi-realistici-per-foto-e-cerimonia\\\/#primaryimage\"},\"thumbnailUrl\":\"https:\\\/\\\/chiarabevents.com\\\/wp-content\\\/uploads\\\/2026\\\/03\\\/matrimonio-a-roma-gestione-ztl-trasferimenti-e-tempi-realistici-per-foto-e-cerimonia-featured-20260307220833.png\",\"keywords\":[\"logistica matrimonio roma ztl\",\"trasferimenti ospiti roma\",\"wedding roma\"],\"articleSection\":[\"Roma\",\"Roma\\\/Lazio\"],\"inLanguage\":\"hu-HU\"},{\"@type\":\"WebPage\",\"@id\":\"https:\\\/\\\/chiarabevents.com\\\/matrimonio-a-roma-gestione-ztl-trasferimenti-e-tempi-realistici-per-foto-e-cerimonia\\\/\",\"url\":\"https:\\\/\\\/chiarabevents.com\\\/matrimonio-a-roma-gestione-ztl-trasferimenti-e-tempi-realistici-per-foto-e-cerimonia\\\/\",\"name\":\"Matrimonio a Roma: ZTL, trasferimenti e tempi foto | Chiara B Eve\",\"isPartOf\":{\"@id\":\"https:\\\/\\\/chiarabevents.com\\\/#website\"},\"primaryImageOfPage\":{\"@id\":\"https:\\\/\\\/chiarabevents.com\\\/matrimonio-a-roma-gestione-ztl-trasferimenti-e-tempi-realistici-per-foto-e-cerimonia\\\/#primaryimage\"},\"image\":{\"@id\":\"https:\\\/\\\/chiarabevents.com\\\/matrimonio-a-roma-gestione-ztl-trasferimenti-e-tempi-realistici-per-foto-e-cerimonia\\\/#primaryimage\"},\"thumbnailUrl\":\"https:\\\/\\\/chiarabevents.com\\\/wp-content\\\/uploads\\\/2026\\\/03\\\/matrimonio-a-roma-gestione-ztl-trasferimenti-e-tempi-realistici-per-foto-e-cerimonia-featured-20260307220833.png\",\"datePublished\":\"2024-05-10T09:14:30+00:00\",\"dateModified\":\"2026-03-08T10:07:06+00:00\",\"description\":\"Guida pratica per wedding a Roma: gestione ZTL, trasferimenti ospiti, tempi realistici per foto e cerimonia. Pianifica senza stress.\",\"breadcrumb\":{\"@id\":\"https:\\\/\\\/chiarabevents.com\\\/matrimonio-a-roma-gestione-ztl-trasferimenti-e-tempi-realistici-per-foto-e-cerimonia\\\/#breadcrumb\"},\"inLanguage\":\"hu-HU\",\"potentialAction\":[{\"@type\":\"ReadAction\",\"target\":[\"https:\\\/\\\/chiarabevents.com\\\/matrimonio-a-roma-gestione-ztl-trasferimenti-e-tempi-realistici-per-foto-e-cerimonia\\\/\"]}]},{\"@type\":\"ImageObject\",\"inLanguage\":\"hu-HU\",\"@id\":\"https:\\\/\\\/chiarabevents.com\\\/matrimonio-a-roma-gestione-ztl-trasferimenti-e-tempi-realistici-per-foto-e-cerimonia\\\/#primaryimage\",\"url\":\"https:\\\/\\\/chiarabevents.com\\\/wp-content\\\/uploads\\\/2026\\\/03\\\/matrimonio-a-roma-gestione-ztl-trasferimenti-e-tempi-realistici-per-foto-e-cerimonia-featured-20260307220833.png\",\"contentUrl\":\"https:\\\/\\\/chiarabevents.com\\\/wp-content\\\/uploads\\\/2026\\\/03\\\/matrimonio-a-roma-gestione-ztl-trasferimenti-e-tempi-realistici-per-foto-e-cerimonia-featured-20260307220833.png\",\"width\":1536,\"height\":1024,\"caption\":\"Coppia di sposi a Roma con il Vaticano sullo sfondo, durante il loro matrimonio, con attenzione alla gestione ZTL, trasferimenti e tempi realistici per foto e cerimonia.\"},{\"@type\":\"BreadcrumbList\",\"@id\":\"https:\\\/\\\/chiarabevents.com\\\/matrimonio-a-roma-gestione-ztl-trasferimenti-e-tempi-realistici-per-foto-e-cerimonia\\\/#breadcrumb\",\"itemListElement\":[{\"@type\":\"ListItem\",\"position\":1,\"name\":\"Home\",\"item\":\"https:\\\/\\\/chiarabevents.com\\\/\"},{\"@type\":\"ListItem\",\"position\":2,\"name\":\"Matrimonio a Roma: gestione ZTL, trasferimenti e tempi realistici per foto e cerimonia\"}]},{\"@type\":\"WebSite\",\"@id\":\"https:\\\/\\\/chiarabevents.com\\\/#website\",\"url\":\"https:\\\/\\\/chiarabevents.com\\\/\",\"name\":\"ChiaraB Events Wedding Planner\",\"description\":\"Un meraviglioso percorso fatto insieme\",\"publisher\":{\"@id\":\"https:\\\/\\\/chiarabevents.com\\\/#organization\"},\"potentialAction\":[{\"@type\":\"SearchAction\",\"target\":{\"@type\":\"EntryPoint\",\"urlTemplate\":\"https:\\\/\\\/chiarabevents.com\\\/?s={search_term_string}\"},\"query-input\":{\"@type\":\"PropertyValueSpecification\",\"valueRequired\":true,\"valueName\":\"search_term_string\"}}],\"inLanguage\":\"hu-HU\"},{\"@type\":\"Organization\",\"@id\":\"https:\\\/\\\/chiarabevents.com\\\/#organization\",\"name\":\"ChiaraB Events Wedding Planner\",\"url\":\"https:\\\/\\\/chiarabevents.com\\\/\",\"logo\":{\"@type\":\"ImageObject\",\"inLanguage\":\"hu-HU\",\"@id\":\"https:\\\/\\\/chiarabevents.com\\\/#\\\/schema\\\/logo\\\/image\\\/\",\"url\":\"https:\\\/\\\/chiarabevents.com\\\/wp-content\\\/uploads\\\/2023\\\/12\\\/cropped-Monogramma_chiarab.png\",\"contentUrl\":\"https:\\\/\\\/chiarabevents.com\\\/wp-content\\\/uploads\\\/2023\\\/12\\\/cropped-Monogramma_chiarab.png\",\"width\":512,\"height\":512,\"caption\":\"ChiaraB Events Wedding Planner\"},\"image\":{\"@id\":\"https:\\\/\\\/chiarabevents.com\\\/#\\\/schema\\\/logo\\\/image\\\/\"},\"sameAs\":[\"https:\\\/\\\/www.facebook.com\\\/chiarabevent\",\"https:\\\/\\\/www.instagram.com\\\/chiarab_events\\\/\"]},{\"@type\":\"Person\",\"@id\":\"https:\\\/\\\/chiarabevents.com\\\/#\\\/schema\\\/person\\\/bbb582cfce34a973ad4463736fd0b0f4\",\"name\":\"ChiaraB Blog\",\"image\":{\"@type\":\"ImageObject\",\"inLanguage\":\"hu-HU\",\"@id\":\"https:\\\/\\\/chiarabevents.com\\\/wp-content\\\/litespeed\\\/avatar\\\/1646323b4cbc3492de1328080709cacc.jpg?ver=1777061573\",\"url\":\"https:\\\/\\\/chiarabevents.com\\\/wp-content\\\/litespeed\\\/avatar\\\/1646323b4cbc3492de1328080709cacc.jpg?ver=1777061573\",\"contentUrl\":\"https:\\\/\\\/chiarabevents.com\\\/wp-content\\\/litespeed\\\/avatar\\\/1646323b4cbc3492de1328080709cacc.jpg?ver=1777061573\",\"caption\":\"ChiaraB Blog\"},\"url\":\"https:\\\/\\\/chiarabevents.com\\\/hu\\\/author\\\/chiarab-blog\\\/\"}]}<\/script>\n<!-- \/ Yoast SEO Premium plugin. -->","yoast_head_json":{"title":"Esk\u00fcv\u0151 R\u00f3m\u00e1ban: ZTL, sz\u00e1ll\u00edt\u00e1sok \u00e9s fot\u00f3z\u00e1si id\u0151k | Chiara B Eve","description":"Gyakorlati \u00fatmutat\u00f3 esk\u00fcv\u0151kh\u00f6z R\u00f3m\u00e1ban: ZTL kezel\u00e9s, vend\u00e9gsz\u00e1ll\u00edt\u00e1s, re\u00e1lis id\u0151beoszt\u00e1s fot\u00f3z\u00e1sra \u00e9s cerem\u00f3ni\u00e1ra. Tervezzen stressz n\u00e9lk\u00fcl.","robots":{"index":"index","follow":"follow","max-snippet":"max-snippet:-1","max-image-preview":"max-image-preview:large","max-video-preview":"max-video-preview:-1"},"canonical":"https:\/\/chiarabevents.com\/hu\/eskuvo-romaban-ztl-kezeles-transzferek-es-realis-idobeosztas-fotokra-es-ceremoniara\/","og_locale":"hu_HU","og_type":"article","og_title":"Matrimonio a Roma: gestione ZTL, trasferimenti e tempi realistici per foto e cerimonia","og_description":"Guida pratica per wedding a Roma: gestione ZTL, trasferimenti ospiti, tempi realistici per foto e cerimonia. Pianifica senza stress.","og_url":"https:\/\/chiarabevents.com\/hu\/eskuvo-romaban-ztl-kezeles-transzferek-es-realis-idobeosztas-fotokra-es-ceremoniara\/","og_site_name":"ChiaraB Events Wedding Planner","article_publisher":"https:\/\/www.facebook.com\/chiarabevent","article_published_time":"2024-05-10T09:14:30+00:00","article_modified_time":"2026-03-08T10:07:06+00:00","og_image":[{"width":1536,"height":1024,"url":"https:\/\/chiarabevents.com\/wp-content\/uploads\/2026\/03\/matrimonio-a-roma-gestione-ztl-trasferimenti-e-tempi-realistici-per-foto-e-cerimonia-featured-20260307220833.png","type":"image\/png"}],"author":"ChiaraB Blog","twitter_card":"summary_large_image","twitter_misc":{"Written by":"ChiaraB Blog","Est. reading time":"13 minutes"},"schema":{"@context":"https:\/\/schema.org","@graph":[{"@type":"Article","@id":"https:\/\/chiarabevents.com\/matrimonio-a-roma-gestione-ztl-trasferimenti-e-tempi-realistici-per-foto-e-cerimonia\/#article","isPartOf":{"@id":"https:\/\/chiarabevents.com\/matrimonio-a-roma-gestione-ztl-trasferimenti-e-tempi-realistici-per-foto-e-cerimonia\/"},"author":{"name":"ChiaraB Blog","@id":"https:\/\/chiarabevents.com\/#\/schema\/person\/bbb582cfce34a973ad4463736fd0b0f4"},"headline":"Matrimonio a Roma: gestione ZTL, trasferimenti e tempi realistici per foto e cerimonia","datePublished":"2024-05-10T09:14:30+00:00","dateModified":"2026-03-08T10:07:06+00:00","mainEntityOfPage":{"@id":"https:\/\/chiarabevents.com\/matrimonio-a-roma-gestione-ztl-trasferimenti-e-tempi-realistici-per-foto-e-cerimonia\/"},"wordCount":2245,"publisher":{"@id":"https:\/\/chiarabevents.com\/#organization"},"image":{"@id":"https:\/\/chiarabevents.com\/matrimonio-a-roma-gestione-ztl-trasferimenti-e-tempi-realistici-per-foto-e-cerimonia\/#primaryimage"},"thumbnailUrl":"https:\/\/chiarabevents.com\/wp-content\/uploads\/2026\/03\/matrimonio-a-roma-gestione-ztl-trasferimenti-e-tempi-realistici-per-foto-e-cerimonia-featured-20260307220833.png","keywords":["logistica matrimonio roma ztl","trasferimenti ospiti roma","wedding roma"],"articleSection":["Roma","Roma\/Lazio"],"inLanguage":"hu-HU"},{"@type":"WebPage","@id":"https:\/\/chiarabevents.com\/matrimonio-a-roma-gestione-ztl-trasferimenti-e-tempi-realistici-per-foto-e-cerimonia\/","url":"https:\/\/chiarabevents.com\/matrimonio-a-roma-gestione-ztl-trasferimenti-e-tempi-realistici-per-foto-e-cerimonia\/","name":"Esk\u00fcv\u0151 R\u00f3m\u00e1ban: ZTL, sz\u00e1ll\u00edt\u00e1sok \u00e9s fot\u00f3z\u00e1si id\u0151k | Chiara B Eve","isPartOf":{"@id":"https:\/\/chiarabevents.com\/#website"},"primaryImageOfPage":{"@id":"https:\/\/chiarabevents.com\/matrimonio-a-roma-gestione-ztl-trasferimenti-e-tempi-realistici-per-foto-e-cerimonia\/#primaryimage"},"image":{"@id":"https:\/\/chiarabevents.com\/matrimonio-a-roma-gestione-ztl-trasferimenti-e-tempi-realistici-per-foto-e-cerimonia\/#primaryimage"},"thumbnailUrl":"https:\/\/chiarabevents.com\/wp-content\/uploads\/2026\/03\/matrimonio-a-roma-gestione-ztl-trasferimenti-e-tempi-realistici-per-foto-e-cerimonia-featured-20260307220833.png","datePublished":"2024-05-10T09:14:30+00:00","dateModified":"2026-03-08T10:07:06+00:00","description":"Gyakorlati \u00fatmutat\u00f3 esk\u00fcv\u0151kh\u00f6z R\u00f3m\u00e1ban: ZTL kezel\u00e9s, vend\u00e9gsz\u00e1ll\u00edt\u00e1s, re\u00e1lis id\u0151beoszt\u00e1s fot\u00f3z\u00e1sra \u00e9s cerem\u00f3ni\u00e1ra. Tervezzen stressz n\u00e9lk\u00fcl.","breadcrumb":{"@id":"https:\/\/chiarabevents.com\/matrimonio-a-roma-gestione-ztl-trasferimenti-e-tempi-realistici-per-foto-e-cerimonia\/#breadcrumb"},"inLanguage":"hu-HU","potentialAction":[{"@type":"ReadAction","target":["https:\/\/chiarabevents.com\/matrimonio-a-roma-gestione-ztl-trasferimenti-e-tempi-realistici-per-foto-e-cerimonia\/"]}]},{"@type":"ImageObject","inLanguage":"hu-HU","@id":"https:\/\/chiarabevents.com\/matrimonio-a-roma-gestione-ztl-trasferimenti-e-tempi-realistici-per-foto-e-cerimonia\/#primaryimage","url":"https:\/\/chiarabevents.com\/wp-content\/uploads\/2026\/03\/matrimonio-a-roma-gestione-ztl-trasferimenti-e-tempi-realistici-per-foto-e-cerimonia-featured-20260307220833.png","contentUrl":"https:\/\/chiarabevents.com\/wp-content\/uploads\/2026\/03\/matrimonio-a-roma-gestione-ztl-trasferimenti-e-tempi-realistici-per-foto-e-cerimonia-featured-20260307220833.png","width":1536,"height":1024,"caption":"Coppia di sposi a Roma con il Vaticano sullo sfondo, durante il loro matrimonio, con attenzione alla gestione ZTL, trasferimenti e tempi realistici per foto e cerimonia."},{"@type":"BreadcrumbList","@id":"https:\/\/chiarabevents.com\/matrimonio-a-roma-gestione-ztl-trasferimenti-e-tempi-realistici-per-foto-e-cerimonia\/#breadcrumb","itemListElement":[{"@type":"ListItem","position":1,"name":"Home","item":"https:\/\/chiarabevents.com\/"},{"@type":"ListItem","position":2,"name":"Matrimonio a Roma: gestione ZTL, trasferimenti e tempi realistici per foto e cerimonia"}]},{"@type":"WebSite","@id":"https:\/\/chiarabevents.com\/#website","url":"https:\/\/chiarabevents.com\/","name":"ChiaraB Esem\u00e9nyek Esk\u00fcv\u0151szervez\u0151","description":"Egy csod\u00e1latos \u00fat egy\u00fctt megt\u00e9ve","publisher":{"@id":"https:\/\/chiarabevents.com\/#organization"},"potentialAction":[{"@type":"SearchAction","target":{"@type":"EntryPoint","urlTemplate":"https:\/\/chiarabevents.com\/?s={search_term_string}"},"query-input":{"@type":"PropertyValueSpecification","valueRequired":true,"valueName":"search_term_string"}}],"inLanguage":"hu-HU"},{"@type":"Organization","@id":"https:\/\/chiarabevents.com\/#organization","name":"ChiaraB Esem\u00e9nyek Esk\u00fcv\u0151szervez\u0151","url":"https:\/\/chiarabevents.com\/","logo":{"@type":"ImageObject","inLanguage":"hu-HU","@id":"https:\/\/chiarabevents.com\/#\/schema\/logo\/image\/","url":"https:\/\/chiarabevents.com\/wp-content\/uploads\/2023\/12\/cropped-Monogramma_chiarab.png","contentUrl":"https:\/\/chiarabevents.com\/wp-content\/uploads\/2023\/12\/cropped-Monogramma_chiarab.png","width":512,"height":512,"caption":"ChiaraB Events Wedding Planner"},"image":{"@id":"https:\/\/chiarabevents.com\/#\/schema\/logo\/image\/"},"sameAs":["https:\/\/www.facebook.com\/chiarabevent","https:\/\/www.instagram.com\/chiarab_events\/"]},{"@type":"Person","@id":"https:\/\/chiarabevents.com\/#\/schema\/person\/bbb582cfce34a973ad4463736fd0b0f4","name":"ChiaraB Blog","image":{"@type":"ImageObject","inLanguage":"hu-HU","@id":"https:\/\/chiarabevents.com\/wp-content\/litespeed\/avatar\/1646323b4cbc3492de1328080709cacc.jpg?ver=1777061573","url":"https:\/\/chiarabevents.com\/wp-content\/litespeed\/avatar\/1646323b4cbc3492de1328080709cacc.jpg?ver=1777061573","contentUrl":"https:\/\/chiarabevents.com\/wp-content\/litespeed\/avatar\/1646323b4cbc3492de1328080709cacc.jpg?ver=1777061573","caption":"ChiaraB Blog"},"url":"https:\/\/chiarabevents.com\/hu\/author\/chiarab-blog\/"}]}},"_links":{"self":[{"href":"https:\/\/chiarabevents.com\/hu\/wp-json\/wp\/v2\/posts\/34929","targetHints":{"allow":["GET"]}}],"collection":[{"href":"https:\/\/chiarabevents.com\/hu\/wp-json\/wp\/v2\/posts"}],"about":[{"href":"https:\/\/chiarabevents.com\/hu\/wp-json\/wp\/v2\/types\/post"}],"author":[{"embeddable":true,"href":"https:\/\/chiarabevents.com\/hu\/wp-json\/wp\/v2\/users\/4"}],"replies":[{"embeddable":true,"href":"https:\/\/chiarabevents.com\/hu\/wp-json\/wp\/v2\/comments?post=34929"}],"version-history":[{"count":2,"href":"https:\/\/chiarabevents.com\/hu\/wp-json\/wp\/v2\/posts\/34929\/revisions"}],"predecessor-version":[{"id":34994,"href":"https:\/\/chiarabevents.com\/hu\/wp-json\/wp\/v2\/posts\/34929\/revisions\/34994"}],"wp:featuredmedia":[{"embeddable":true,"href":"https:\/\/chiarabevents.com\/hu\/wp-json\/wp\/v2\/media\/34985"}],"wp:attachment":[{"href":"https:\/\/chiarabevents.com\/hu\/wp-json\/wp\/v2\/media?parent=34929"}],"wp:term":[{"taxonomy":"category","embeddable":true,"href":"https:\/\/chiarabevents.com\/hu\/wp-json\/wp\/v2\/categories?post=34929"},{"taxonomy":"post_tag","embeddable":true,"href":"https:\/\/chiarabevents.com\/hu\/wp-json\/wp\/v2\/tags?post=34929"}],"curies":[{"name":"wp","href":"https:\/\/api.w.org\/{rel}","templated":true}]}}