{"id":34938,"date":"2026-03-08T00:21:54","date_gmt":"2026-03-07T22:21:54","guid":{"rendered":"https:\/\/chiarabevents.com\/"},"modified":"2026-03-08T10:20:15","modified_gmt":"2026-03-08T08:20:15","slug":"szerzodes-a-helyszinnel-idojarasra-nyitvatartasi-idore-zenere-es-befogadokepessegre-vonatkozo-zaradekok","status":"publish","type":"post","link":"https:\/\/chiarabevents.com\/hu\/szerzodes-a-helyszinnel-idojarasra-nyitvatartasi-idore-zenere-es-befogadokepessegre-vonatkozo-zaradekok\/","title":{"rendered":"Szerz\u0151d\u00e9s a helysz\u00ednnel: id\u0151j\u00e1r\u00e1sra, nyitvatart\u00e1si id\u0151re, zen\u00e9re \u00e9s befogad\u00f3k\u00e9pess\u00e9gre vonatkoz\u00f3 z\u00e1rad\u00e9kok"},"content":{"rendered":"<h2>Esk\u00fcv\u0151i helysz\u00ednnel k\u00f6t\u00f6tt szerz\u0151d\u00e9s: z\u00e1rad\u00e9kok, amelyek elker\u00fclik a meglepet\u00e9seket (id\u0151j\u00e1r\u00e1s, id\u0151pontok, zene, befogad\u00f3k\u00e9pess\u00e9g)<\/h2>\n<p>Amikor helysz\u00ednt v\u00e1lasztunk, a lelkesed\u00e9s gyakran gyorsabb a pap\u00edrn\u00e1l. M\u00e9gis, \u00e9ppen a <strong>szerz\u0151d\u00e9sben<\/strong> d\u0151l el, hogy a nap sim\u00e1n fog-e telni, vagy az els\u0151 v\u00e1ratlan esem\u00e9nyn\u00e9l elkezd\u0151dnek a felel\u0151ss\u00e9g \u00e1th\u00e1r\u00edt\u00e1sok \u00e9s f\u00e9lre\u00e9rt\u00e9sek. Egy j\u00f3l meg\u00edrt meg\u00e1llapod\u00e1s nem arra szolg\u00e1l, hogy \u201ebizalmatlanok legy\u00fcnk\u201d a helysz\u00ednnel szemben: arra szolg\u00e1l, hogy <strong>v\u00e9dje a projektet<\/strong>, tiszt\u00e1zza az elv\u00e1r\u00e1sokat \u00e9s m\u00e9rhet\u0151v\u00e9 tegye mindk\u00e9t f\u00e9l k\u00f6telezetts\u00e9geit.<\/p>\n<p>Ebben a cikkben gyakorlati \u00e9s informat\u00edv megk\u00f6zel\u00edt\u00e9st tal\u00e1lsz a <strong>legfontosabb z\u00e1rad\u00e9kokr\u00f3l<\/strong> amelyeket ellen\u0151rizni kell: <strong>id\u0151j\u00e1r\u00e1si felt\u00e9telek<\/strong> \u00e9s B-terv, <strong>id\u0151pontokat<\/strong> fel\u00e1ll\u00edt\u00e1si id\u0151k, <strong>zene<\/strong> hanghat\u00e1r, <strong>kapacit\u00e1s<\/strong> \u00e9s a terek kezel\u00e9se. Emellett f\u00f3kuszban a <strong>foglal\u00f3 helysz\u00edn<\/strong>b\u00fcntet\u00e9sek, lemond\u00e1sok: olyan t\u00e9m\u00e1k, amelyek gyakran t\u00fal k\u00e9s\u0151n mer\u00fclnek fel, amikor az ir\u00e1nyv\u00e1lt\u00e1s k\u00f6lts\u00e9gesebb (energi\u00e1ban, nem csak k\u00f6lts\u00e9gvet\u00e9sben).<\/p>\n<h2>Mit kell tiszt\u00e1zni egy helysz\u00ednnel k\u00f6t\u00f6tt szerz\u0151d\u00e9sben: bele\u00e9rtve a szolg\u00e1ltat\u00e1sokat, tereket \u00e9s felel\u0151ss\u00e9geket<\/h2>\n<p>M\u00e9g az id\u0151j\u00e1r\u00e1sr\u00f3l vagy zen\u00e9r\u0151l val\u00f3 besz\u00e9d el\u0151tt az alap egy: a szerz\u0151d\u00e9snek \u00e9rthet\u0151en kell le\u00edrnia <strong>mit v\u00e1s\u00e1rolsz meg<\/strong> \u00e9s <strong>ki mit csin\u00e1l<\/strong>. Sok probl\u00e9ma abb\u00f3l ered, hogy \u00e1ltal\u00e1nos kifejez\u00e9seket haszn\u00e1lnak (\u201eexkluz\u00edv haszn\u00e1lat\u201d, \u201ek\u00fcls\u0151 terek\u201d, \u201est\u00e1b t\u00e1mogat\u00e1s\u201d), amelyek a gyakorlatban k\u00fcl\u00f6nb\u00f6z\u0151 m\u00f3don \u00e9rtelmezhet\u0151k.<\/p>\n<p>Ellen\u0151rizd, hogy kifejezetten szerepeljenek:<\/p>\n<ul>\n<li><strong>\u00c1tadott terek<\/strong> (termek, kertek, teraszok, cerem\u00f3nia ter\u00fcletek, fot\u00f3z\u00e1si ter\u00fcletek, szolg\u00e1ltat\u00f3 z\u00f3n\u00e1k) \u00e9s az ezekhez kapcsol\u00f3d\u00f3 korl\u00e1toz\u00e1sok.<\/li>\n<li><strong>Exkluz\u00edv vagy megosztott haszn\u00e1lat<\/strong>: ha a helysz\u00edn m\u00e1s esem\u00e9nyeket vagy vend\u00e9geket is fogad, tiszt\u00e1zni kell, mely ter\u00fcletek maradnak fenntartva \u00e9s mely id\u0151szakokban.<\/li>\n<li><strong>Tartoz\u00e9kok<\/strong> (alap berendez\u00e9sek, \u00fcl\u00e9sek, asztalok, megl\u00e9v\u0151 vil\u00e1g\u00edt\u00e1s, mosd\u00f3k, ruhat\u00e1r) \u00e9s mi marad a h\u00e1zasuland\u00f3k terh\u00e9re.<\/li>\n<li><strong>Szem\u00e9lyzet<\/strong> jelenl\u00e9te \u00e9s feladatai (nyit\u00e1s\/z\u00e1r\u00e1s, \u0151rz\u00e9s, takar\u00edt\u00e1s, biztons\u00e1g, bels\u0151 koordin\u00e1ci\u00f3).<\/li>\n<li><strong>Felel\u0151ss\u00e9gek \u00e9s biztos\u00edt\u00e1sok<\/strong>: ki felel a t\u00e1rgyakban vagy szem\u00e9lyekben keletkezett k\u00e1rok\u00e9rt, \u00e9s milyen esetekben.<\/li>\n<\/ul>\n<p>Ha a helysz\u00edn \u201ecsomagot\u201d vagy egy mell\u00e9kletet k\u00edn\u00e1l m\u0171k\u00f6d\u00e9si r\u00e9szletekkel, k\u00e9rd, hogy az <strong>szerz\u0151d\u00e9sben hivatkozva legyen<\/strong> (vagy mell\u00e9kletk\u00e9nt al\u00e1\u00edrva). Ha egy r\u00e9szlet nem biztos, haszn\u00e1lj \u00f3vatos \u00e9s ellen\u0151rizhet\u0151 megfogalmaz\u00e1st, p\u00e9ld\u00e1ul: \u201e<strong>ellen\u0151rizd a term\u00e9k adatlapj\u00e1t<\/strong>\u201d vagy a l\u00e9tes\u00edtm\u00e9ny m\u0171szaki dokumentum\u00e1ban.<\/p>\n<h2>Id\u0151j\u00e1r\u00e1si felt\u00e9telekre vonatkoz\u00f3 z\u00e1rad\u00e9kok: B-terv, d\u00f6nt\u00e9si hat\u00e1rid\u0151k \u00e9s extra k\u00f6lts\u00e9gek<\/h2>\n<p>A <strong>id\u0151j\u00e1r\u00e1si felt\u00e9telek<\/strong> ez a v\u00e1ltoz\u00f3 teszi leggyakrabban pr\u00f3b\u00e1ra a kapcsolatot a helysz\u00ednnel. Nem el\u00e9g tudni, hogy \u201evan B-terv\u201d: meg kell \u00e9rteni <strong>hogyan m\u0171k\u00f6dik<\/strong>, <strong>mikor l\u00e9p \u00e9letbe<\/strong> \u00e9s <strong>ki d\u00f6nt<\/strong>.<\/p>\n<h3>Mit kell tartalmaznia egy j\u00f3l meg\u00edrt id\u0151j\u00e1r\u00e1si z\u00e1rad\u00e9knak<\/h3>\n<p>A szerz\u0151d\u00e9sben (vagy egy m\u0171k\u00f6d\u00e9si mell\u00e9kletben) meg kell tal\u00e1lni:<\/p>\n<ul>\n<li><strong>Alternat\u00edv helysz\u00edn<\/strong> pontos azonos\u00edt\u00e1ssal (nem \u201eegy bels\u0151 terem\u201d, hanem melyik terem, milyen befogad\u00f3k\u00e9pess\u00e9ggel \u00e9s lehets\u00e9ges elrendez\u00e9ssel).<\/li>\n<li><strong>D\u00f6nt\u00e9si hat\u00e1rid\u0151k<\/strong>: mikor kell k\u00f6z\u00f6lni a v\u00e1lt\u00e1st (pl. el\u0151z\u0151 este, aznap reggel vagy egy adott id\u0151pontban).<\/li>\n<li><strong>D\u00f6nt\u00e9shoz\u00f3<\/strong>: p\u00e1r, helysz\u00edn, esk\u00fcv\u0151szervez\u0151 vagy k\u00f6z\u00f6sen meghozott d\u00f6nt\u00e9s egyeztetett krit\u00e9riumok alapj\u00e1n.<\/li>\n<li><strong>Dekor\u00e1ci\u00f3 \u00e9s logisztika<\/strong>: ki mozgatja az \u00fcl\u00e9seket, vir\u00e1gokat, berendez\u00e9seket, \u00e9s milyen id\u0151keretben.<\/li>\n<li><strong>Esetleges tov\u00e1bbi k\u00f6lts\u00e9gek<\/strong> vagy k\u00fcl\u00f6nleges felt\u00e9telek (p\u00e9ld\u00e1ul f\u0171t\u0151k\u00e9sz\u00fcl\u00e9kek, fesztiv\u00e1ls\u00e1trak, kieg\u00e9sz\u00edt\u0151 vil\u00e1g\u00edt\u00e1s eset\u00e9n). Ha nem szerepelnek, k\u00e9rd, hogy a szerz\u0151d\u00e9s al\u00e1\u00edr\u00e1sa el\u0151tt tiszt\u00e1zz\u00e1k \u0151ket.<\/li>\n<\/ul>\n<p>Egy j\u00f3 id\u0151j\u00e1r\u00e1si z\u00e1rad\u00e9k elker\u00fcli a klasszikus \u201emajd megl\u00e1tjuk\u201d helyzetet: ha az id\u0151 instabil, az \u00e9rt\u00e9k nem a t\u00f6k\u00e9letes el\u0151rejelz\u00e9s, hanem egy <strong>elj\u00e1r\u00e1s<\/strong> ami cs\u00f6kkenti a stresszt \u00e9s az improviz\u00e1ci\u00f3t.<\/p>\n<h3>K\u00fclt\u00e9ri helysz\u00ednek: a sz\u00e9l, a meleg \u00e9s az es\u0151 nem az egyetlen kock\u00e1zat<\/h3>\n<p>Amikor a <strong>id\u0151j\u00e1r\u00e1si felt\u00e9telek<\/strong>, gyakran csak az es\u0151re gondolnak. Val\u00f3j\u00e1ban a sz\u00e9l \u00e9s a meleg is vesz\u00e9lyeztetheti a szabadt\u00e9ri cerem\u00f3ni\u00e1t \u00e9s vacsor\u00e1t (mikrofonok, gyerty\u00e1k, \u00fcltet\u0151k\u00e1rty\u00e1k, vend\u00e9gek k\u00e9nyelme). A szerz\u0151d\u00e9sben m\u00e9rlegeld, hogy szerepeljenek-e m\u0171k\u00f6d\u00e9si megjegyz\u00e9sek a k\u00f6vetkez\u0151kr\u0151l:<\/p>\n<ul>\n<li><strong>\u00c1rny\u00e9kol\u00e1s<\/strong> \u00e9s fedett ter\u00fcletek.<\/li>\n<li><strong>A berendez\u00e9sek stabilit\u00e1sa<\/strong> (s\u00falyok, megengedett r\u00f6gz\u00edt\u00e9sek, tilt\u00e1sok bizonyos fel\u00fcleteken).<\/li>\n<li><strong>Talajkezel\u00e9s<\/strong> (nedves gyep, besz\u00e1ll\u00edt\u00f3i hozz\u00e1f\u00e9r\u00e9sek, magas sark\u00fa cip\u0151vel vagy mozg\u00e1skorl\u00e1tozott vend\u00e9gek sz\u00e1m\u00e1ra j\u00e1rhat\u00f3 \u00fatvonalak).<\/li>\n<\/ul>\n<h2>Id\u0151pontok \u00e9s technikai id\u0151keretek: bel\u00e9p\u00e9s, berendez\u00e9s, esem\u00e9ny v\u00e9ge \u00e9s t\u00fal\u00f3ra<\/h2>\n<p>Az id\u0151pontok az egyik leggyakoribb fesz\u00fclts\u00e9gforr\u00e1sok: nem csak az, hogy \u201emikor \u00e9r v\u00e9get\u201d, hanem <strong>mikor lehet bel\u00e9pni<\/strong>, <strong>mennyi idej\u00fck van a besz\u00e1ll\u00edt\u00f3knak<\/strong>, \u00e9s mi t\u00f6rt\u00e9nik, ha t\u00fall\u00e9pik az id\u0151t. A szerz\u0151d\u00e9sben az id\u0151pontokat technikai \u00fctemtervk\u00e9nt kell le\u00edrni, nem mondatk\u00e9nt.<\/p>\n<h3>Besz\u00e1ll\u00edt\u00f3i hozz\u00e1f\u00e9r\u00e9s \u00e9s fel\u00e1ll\u00edt\u00e1s\/bont\u00e1s id\u0151ablakai<\/h3>\n<p>K\u00e9rd, hogy jel\u00f6lj\u00e9k meg:<\/p>\n<ul>\n<li><strong>Bel\u00e9p\u00e9si id\u0151pont<\/strong> katering, vir\u00e1gk\u00f6t\u0151, vil\u00e1g\u00edt\u00e1s\/hang, fot\u00f3\/vide\u00f3, zenekar\/DJ sz\u00e1m\u00e1ra.<\/li>\n<li><strong>Rakod\u00e1si\/lerakod\u00e1si szab\u00e1lyok<\/strong> (dedik\u00e1lt bej\u00e1ratok, lift haszn\u00e1lata, j\u00e1rm\u0171korl\u00e1toz\u00e1sok, parkol\u00f3helyek).<\/li>\n<li><strong>Bont\u00e1si id\u0151k<\/strong> \u00e9s z\u00e1r\u00e1s: mi maradhat a rakt\u00e1rban \u00e9s meddig.<\/li>\n<\/ul>\n<p>Ha a helysz\u00ednnek vannak korl\u00e1toz\u00e1sai bizonyos id\u0151szakokra (p\u00e9ld\u00e1ul a szomsz\u00e9dok tiszteletben tart\u00e1sa vagy bels\u0151 ir\u00e1ny\u00edt\u00e1s miatt), hasznos, ha ezek a korl\u00e1toz\u00e1sok <strong>\u00edr\u00e1sban vannak<\/strong> \u00e9s nem sz\u00f3ban k\u00f6z\u00f6lve.<\/p>\n<h3>T\u00fal\u00f3ra: hogyan kezelj\u00fck a t\u00fall\u00e9p\u00e9st<\/h3>\n<p>A t\u00fal\u00f3ra z\u00e1rad\u00e9knak tiszt\u00e1znia kell:<\/p>\n<ul>\n<li><strong>Mikor l\u00e9p \u00e9letbe<\/strong> a t\u00fall\u00e9p\u00e9s (a meg\u00e1llapodott id\u0151n t\u00fal, egy bizonyos hat\u00e1r\u00e9rt\u00e9k felett, stb.).<\/li>\n<li><strong>Ki enged\u00e9lyezi<\/strong> \u00e9s milyen m\u00f3don (\u00fczenet, al\u00e1\u00edr\u00e1s, a felel\u0151s meger\u0151s\u00edt\u00e9se).<\/li>\n<li><strong>Mit tartalmaz<\/strong>: csak a helysz\u00edn nyit\u00e1s\u00e1t vagy a szem\u00e9lyzetet, takar\u00edt\u00e1st, biztons\u00e1got is.<\/li>\n<\/ul>\n<p>Ha az esem\u00e9nynek \u201ehossz\u00fa\u201d pillanatai vannak (parti, vacsora ut\u00e1ni esem\u00e9ny, nyitott b\u00e1r), az id\u0151pontok egy\u00e9rtelm\u0171s\u00e9ge elker\u00fcli a kapkod\u00f3 d\u00f6nt\u00e9seket, amikor a vend\u00e9gek a buli cs\u00facs\u00e1n vannak.<\/p>\n<h2>Z\u00e1rad\u00e9kok a zen\u00e9re \u00e9s sz\u00f3rakoztat\u00e1sra: hangkorl\u00e1tok, SIAE \u00e9s alternat\u00edv\u00e1k<\/h2>\n<p>A zene k\u00f6zponti \u00e9lm\u00e9ny, de a szerz\u0151d\u00e9sek egyik legk\u00e9nyesebb pontja is: egyes helysz\u00ednek pontos korl\u00e1tokat szabnak a hanger\u0151re, id\u0151pontokra, berendez\u00e9s t\u00edpus\u00e1ra vagy a hangsz\u00f3r\u00f3k elhelyez\u00e9s\u00e9re. Itt a c\u00e9l elker\u00fclni, hogy az esem\u00e9ny megkezd\u00e9se ut\u00e1n valaki azt mondja: \u201eez nem megengedett\u201d.<\/p>\n<h3>Mit \u00edrjunk le fekete-feh\u00e9ren a zen\u00e9r\u0151l \u00e9s hanger\u0151r\u0151l<\/h3>\n<ul>\n<li><strong>Id\u0151s\u00e1vok<\/strong> ahol megengedett a feler\u0151s\u00edtett zene, \u00e9s meddig.<\/li>\n<li><strong>Enged\u00e9lyezett ter\u00fcletek<\/strong> (kert, bels\u0151 terem, terasz) \u00e9s az esetleges \u00e1thelyez\u00e9sek id\u0151j\u00e1r\u00e1s eset\u00e9n.<\/li>\n<li><strong>M\u0171szaki korl\u00e1tok<\/strong> amelyeket a l\u00e9tes\u00edtm\u00e9ny el\u0151\u00edr (kever\u0151pult helye, k\u00e1belvezet\u00e9s, \u00e1ramforr\u00e1s pontok).<\/li>\n<li><strong>Alternat\u00edv\u00e1k<\/strong> ha a zen\u00e9t cs\u00f6kkenteni vagy \u00e1thelyezni kell (silent party, akusztikus szett, teremcsere): nem \u201e\u00f6tletekk\u00e9nt\u201d, hanem megval\u00f3s\u00edthat\u00f3 opci\u00f3k\u00e9nt.<\/li>\n<\/ul>\n<p>A szerz\u0151i jogokkal \u00e9s enged\u00e9lyekkel kapcsolatos k\u00f6telezetts\u00e9gek kezel\u00e9s\u00e9ben elt\u00e9r\u00e9s lehet: k\u00e9rd meg, hogy a szerz\u0151d\u00e9s hat\u00e1rozza meg <strong>ki foglalkozik vele<\/strong> (p\u00e1r, DJ\/zenekar, helysz\u00edn) \u00e9s milyen dokumentumok sz\u00fcks\u00e9gesek.<\/p>\n<h2>Kapacit\u00e1s \u00e9s elrendez\u00e9s: hogyan ker\u00fclhet\u0151k el a vit\u00e1k a vend\u00e9gek sz\u00e1m\u00e1r\u00f3l \u00e9s a terek biztons\u00e1g\u00e1r\u00f3l<\/h2>\n<p>A kapacit\u00e1s nem csak egy sz\u00e1m: az a kombin\u00e1ci\u00f3ja a <strong>elrendez\u00e9st<\/strong>, szolg\u00e1lati \u00e1raml\u00e1soknak, k\u00e9nyelemnek \u00e9s a terek haszn\u00e1lat\u00e1nak. Egy vil\u00e1gos szerz\u0151d\u00e9s elker\u00fcli az olyan f\u00e9lre\u00e9rt\u00e9seket, mint \u201eelm\u00e9letileg belef\u00e9rnek\u201d szemben a \u201egyakorlatban nem f\u00e9rnek el\u201d esettel.<\/p>\n<h3>Kapacit\u00e1s a berendez\u00e9s t\u00edpusa szerint<\/h3>\n<p>K\u00e9rd meg, hogy a helysz\u00edn jelezze a kapacit\u00e1st \u00e9s a korl\u00e1tokat:<\/p>\n<ul>\n<li><strong>Cerem\u00f3nia<\/strong> (\u00fclve, \u00e1llva, k\u00f6zponti folyos\u00f3val).<\/li>\n<li><strong>Fogad\u00e1s<\/strong> (kerek asztalok, hossz\u00fa asztalok, kever\u00e9k).<\/li>\n<li><strong>Buli<\/strong> (t\u00e1nct\u00e9r, b\u00e1rter\u00fclet, DJ\/zenekar ter\u00fclet).<\/li>\n<\/ul>\n<p>Ha a helysz\u00edn alaprajzokat vagy elrendez\u00e9si p\u00e9ld\u00e1kat biztos\u00edt, hasznos azokat csatolni vagy hivatkozni a szerz\u0151d\u00e9sben. Ellenkez\u0151 esetben egyeztess legal\u00e1bb egy <strong>referencia elrendez\u00e9st<\/strong> a minim\u00e1lis helyek megjel\u00f6l\u00e9s\u00e9vel a k\u00f6zleked\u00e9s \u00e9s szolg\u00e1ltat\u00e1s sz\u00e1m\u00e1ra.<\/p>\n<h3>Vend\u00e9gek sz\u00e1m\u00e1nak v\u00e1ltoz\u00e1sa: hat\u00e1rid\u0151k \u00e9s t\u0171r\u00e9shat\u00e1rok<\/h3>\n<p>A z\u00e1rad\u00e9knak tiszt\u00e1znia kell:<\/p>\n<ul>\n<li><strong>Mikor kell k\u00f6z\u00f6lni<\/strong> a becs\u00fclt \u00e9s mikor a v\u00e9gleges sz\u00e1mot.<\/li>\n<li><strong>Hogyan kezelj\u00fck<\/strong> a n\u00f6veked\u00e9seket vagy cs\u00f6kken\u00e9seket (k\u00fcl\u00f6n\u00f6sen, ha hat\u00e1ssal vannak a terembe, \u00fcl\u00e9sekre, logisztik\u00e1ra).<\/li>\n<li><strong>M\u0171k\u00f6d\u00e9si k\u00f6vetkezm\u00e9nyek<\/strong> ha meghaladja a tervezett kapacit\u00e1st egy adott ter\u00fcleten.<\/li>\n<\/ul>\n<h2>Helysz\u00edn foglal\u00f3: meger\u0151s\u00edt\u00e9s, lemond\u00e1s, d\u00e1tumm\u00f3dos\u00edt\u00e1s \u00e9s b\u00fcntet\u00e9sek<\/h2>\n<p>A t\u00e9m\u00e1t gyakran gyorsan kezelik, de ez a szerz\u0151d\u00e9s egyik legfontosabb r\u00e9sze. Nem csak a \u201ed\u00e1tum lefoglal\u00e1s\u00e1r\u00f3l\u201d van sz\u00f3: arr\u00f3l sz\u00f3l, hogy mi t\u00f6rt\u00e9nik, ha v\u00e1ltoznak a tervek, \u00e9s mely \u00f6sszegek maradnak visszatartva vagy ker\u00fclnek visszafizet\u00e9sre. <strong>foglal\u00f3 helysz\u00edn<\/strong> A szerz\u0151d\u00e9sben ellen\u0151rizd, hogy vil\u00e1gosan szerepeljen:<\/p>\n<p>Term\u00e9szet \u00e9s funkci\u00f3<\/p>\n<ul>\n<li><strong>Natura e funzione<\/strong> a befizetett \u00f6sszeg (foglal\u00f3, el\u0151leg, let\u00e9t): a szavak sz\u00e1m\u00edtanak \u00e9s k\u00fcl\u00f6nb\u00f6z\u0151 hat\u00e1suk van.<\/li>\n<li><strong>Fizet\u00e9si hat\u00e1rid\u0151k<\/strong> \u00e9s elfogadott m\u00f3dok.<\/li>\n<li><strong>Lemond\u00e1si felt\u00e9telek<\/strong>: milyen id\u0151tartammal \u00e9s milyen levon\u00e1sokkal.<\/li>\n<li><strong>D\u00e1tum m\u00f3dos\u00edt\u00e1sa<\/strong>: ha enged\u00e9lyezett, meddig, \u00e9s j\u00e1r-e felt\u00e9telek vagy rendelkez\u00e9sre \u00e1ll\u00e1s v\u00e1ltoz\u00e1s\u00e1val.<\/li>\n<li><strong>El\u0151re nem l\u00e1that\u00f3 okok<\/strong> \u00e9s kiv\u00e9telek kezel\u00e9se: jobb egy vil\u00e1gos szab\u00e1ly, mint egy inform\u00e1lis \u00edg\u00e9ret.<\/li>\n<\/ul>\n<p>Amikor a <strong>esk\u00fcv\u0151i helysz\u00edn szerz\u0151d\u00e9s klauzul\u00e1k<\/strong>, itt az a ter\u00fclet, ahol a pontoss\u00e1g val\u00f3ban sz\u00e1m\u00edt: egy egyszer\u0171 k\u00e9t\u00e9rtelm\u0171 mondat is ellent\u00e9tes \u00e9rtelmez\u00e9sekhez vezethet.<\/p>\n<h2>Enged\u00e9lyek, korl\u00e1toz\u00e1sok \u00e9s helysz\u00edni szab\u00e1lyok: mit kell le\u00edrni (\u00e9s mit nem)<\/h2>\n<p>Minden helysz\u00ednnek vannak bels\u0151 szab\u00e1lyai: egyesek \u00e9sszer\u0171ek \u00e9s hasznosak, m\u00e1sok korl\u00e1tozhatj\u00e1k az \u00e9lm\u00e9nyt, ha az utols\u00f3 pillanatban der\u00fclnek ki. A c\u00e9l nem az, hogy \u201emindent szerz\u0151dtess\u00fcnk\u201d, hanem hogy felt\u00e1rjuk azokat a korl\u00e1tokat, amelyek hat\u00e1ssal vannak az eszt\u00e9tik\u00e1ra, az id\u0151z\u00edt\u00e9sre \u00e9s a sz\u00f3rakoztat\u00e1sra.<\/p>\n<h3>Gyakori korl\u00e1toz\u00e1sok, amelyeket al\u00e1\u00edr\u00e1s el\u0151tt tiszt\u00e1zni kell<\/h3>\n<ul>\n<li><strong>T\u00fczek, gyerty\u00e1k, ny\u00edlt l\u00e1ngok<\/strong> \u00e9s enged\u00e9lyezett alternat\u00edv\u00e1k.<\/li>\n<li><strong>Mandul\u00e1k, rizs, szirom<\/strong>: mi enged\u00e9lyezett \u00e9s hol.<\/li>\n<li><strong>F\u00fcggesztett dekor\u00e1ci\u00f3k<\/strong>, sz\u00f6gek, szalagok, ragaszt\u00f3k: mit lehet r\u00f6gz\u00edteni \u00e9s milyen anyagokkal.<\/li>\n<li><strong>\u00c1llatok<\/strong>: bel\u00e9p\u00e9s, enged\u00e9lyezett ter\u00fcletek, felel\u0151ss\u00e9g.<\/li>\n<li><strong>Dr\u00f3nfelv\u00e9telek<\/strong>: ha enged\u00e9lyezettek \u00e9s milyen m\u0171k\u00f6d\u00e9si felt\u00e9telekkel.<\/li>\n<\/ul>\n<p>Ha a helysz\u00ednnek van szab\u00e1lyzata, k\u00e9rd el azt <strong>mell\u00e9klet<\/strong> al\u00e1\u00edrva. A \u201esz\u00f3ban k\u00f6z\u00f6lt\u201d szab\u00e1lyokat neh\u00e9z betartatni, ha t\u00f6bb szolg\u00e1ltat\u00f3 is r\u00e9szt vesz a folyamatban.<\/p>\n<h2>Vend\u00e9gkezel\u00e9s \u00e9s logisztika: transzferek, parkol\u00e1s, hozz\u00e1f\u00e9rhet\u0151s\u00e9g \u00e9s kommunik\u00e1ci\u00f3<\/h2>\n<p>Egy helysz\u00ednnel k\u00f6t\u00f6tt szerz\u0151d\u00e9s nem csup\u00e1n egy \u201ejogi\u201d dokumentum: egyben logisztikai \u00fatmutat\u00f3 is. Ha az \u00e9p\u00fclet turisztikai ter\u00fcleten, vid\u00e9ken vagy t\u00f6rt\u00e9nelmi belv\u00e1rosban tal\u00e1lhat\u00f3, a vend\u00e9gkezel\u00e9s val\u00f3di p\u00e1rhuzamos projektt\u00e9 v\u00e1lhat.<\/p>\n<h3>Sz\u00e1ll\u00edt\u00e1sok, transzferek \u00e9s parkol\u00e1s: ki koordin\u00e1l mit<\/h3>\n<p>Tiszt\u00e1zd, hogy a helysz\u00edn:<\/p>\n<ul>\n<li>Rendelkezik <strong>kijel\u00f6lt parkol\u00f3helyekkel<\/strong> vagy szerz\u0151d\u00e9ses parkol\u00f3ter\u00fcletekkel.<\/li>\n<li>Vannak korl\u00e1toz\u00e1sok a <strong>j\u00e1rm\u0171vek hozz\u00e1f\u00e9r\u00e9s\u00e9re<\/strong> (transzferek, buszok, NCC) \u00e9s meg\u00e1ll\u00f3helyekre.<\/li>\n<li>T\u00e1mogat\u00e1st ny\u00fajt <strong>ir\u00e1nyjelz\u0151 t\u00e1bl\u00e1khoz<\/strong> vagy ir\u00e1ny\u00edt\u00f3 szem\u00e9lyzethez.<\/li>\n<\/ul>\n<p>Ha k\u00fcls\u0151 vend\u00e9geket v\u00e1rsz, \u00e9p\u00edtsd be a logisztik\u00e1t az \u00e1ltal\u00e1nos szervez\u00e9si folyamatba. Egy hasznos forr\u00e1s az id\u0151z\u00edt\u00e9s \u00e9s priorit\u00e1sok meghat\u00e1roz\u00e1s\u00e1hoz a <a href=\"https:\/\/chiarabevents.com\/hu\/eskuvo-szervezese\/\">Hogyan szervezz\u00fcnk esk\u00fcv\u0151t<\/a>, \u00edgy \u00f6sszekapcsolhatod a szerz\u0151d\u00e9ses r\u00e9szt az \u00e1tfog\u00f3 tervez\u00e9ssel.<\/p>\n<h3>Vil\u00e1gos \u00fatmutat\u00e1sok \u00e9s esk\u00fcv\u0151i weboldal: k\u00e9rd\u00e9sek \u00e9s k\u00e9s\u00e9sek cs\u00f6kkent\u00e9se<\/h3>\n<p>Sok f\u00e9lre\u00e9rt\u00e9s abb\u00f3l ad\u00f3dik, hogy az inform\u00e1ci\u00f3k nincsenek \u00f6sszehangolva: id\u0151pontok, \u00f6lt\u00f6zk\u00f6d\u00e9si szab\u00e1lyok, \u00e9rkez\u00e9si pont, id\u0151j\u00e1r\u00e1s, parkol\u00e1s. B\u00e1r nem \u201eszerz\u0151d\u00e9ses k\u00e9rd\u00e9s\u201d, hasznos, ha a helysz\u00edn \u00edr\u00e1sban meger\u0151s\u00edti az alapvet\u0151 logisztikai adatokat (helyes c\u00edm, hozz\u00e1f\u00e9r\u00e9sek, esetleges korl\u00e1toz\u00e1sok). Ebb\u0151l vil\u00e1gos kommunik\u00e1ci\u00f3t \u00e9p\u00edthetsz a vend\u00e9gek sz\u00e1m\u00e1ra, elker\u00fclve az utols\u00f3 pillanatban t\u00f6rt\u00e9n\u0151 programv\u00e1ltoz\u00e1sokat.<\/p>\n<h2>\u00dati esk\u00fcv\u0151 \u00e9s dokumentumok: mikor kell nagyobb figyelem (m\u00e9g form\u00e1lis szinten is)<\/h2>\n<p>Ha nemzetk\u00f6zi vend\u00e9gekkel szervezel esk\u00fcv\u0151t, vagy ha a dokument\u00e1ci\u00f3 egy r\u00e9sze k\u00fclf\u00f6ldr\u0151l \u00e9rkezik, bizonyos formalit\u00e1sok felmer\u00fclhetnek. Technikai r\u00e9szletek n\u00e9lk\u00fcl hasznos tudni, hogy l\u00e9teznek dokumentumok hiteles\u00edt\u00e9s\u00e9re \u00e9s legaliz\u00e1l\u00e1s\u00e1ra vonatkoz\u00f3 elj\u00e1r\u00e1sok az \u00e9rintett orsz\u00e1gok szerint. \u00c1ltal\u00e1nos t\u00e1j\u00e9koz\u00f3d\u00e1shoz megtekintheted a <a href=\"https:\/\/it.wikipedia.org\/wiki\/Apostille\" target=\"_blank\" rel=\"noopener noreferrer nofollow\">R\u00e9szletes inform\u00e1ci\u00f3: Apostille (Wikipedia)<\/a>.<\/p>\n<p>Ha nem vall\u00e1si szertart\u00e1st fontolgatsz, hasznos lehet egy \u00e1ttekint\u00e9s a <a href=\"https:\/\/chiarabevents.com\/hu\/polgari-eskuvo\/\">Polg\u00e1ri esk\u00fcv\u0151: k\u00f6vetelm\u00e9nyek \u00e9s id\u0151z\u00edt\u00e9s<\/a>, hogy \u00f6sszehangold a hat\u00e1rid\u0151ket \u00e9s a logisztik\u00e1t a helysz\u00edn rendelkez\u00e9sre \u00e1ll\u00e1s\u00e1val.<\/p>\n<h2>V\u00e9gs\u0151 ellen\u0151rz\u0151 lista: mit ellen\u0151rizz al\u00e1\u00edr\u00e1s el\u0151tt<\/h2>\n<p>Al\u00e1\u00edr\u00e1s el\u0151tt sz\u00e1nj id\u0151t arra, hogy \u00fajraolvasd a szerz\u0151d\u00e9st \u00fagy, mintha egy \u201eharmadik f\u00e9l\u201d lenn\u00e9l, aki v\u00e9grehajtja az esem\u00e9nyt. Ha egy r\u00e9sz nem vil\u00e1gos, val\u00f3sz\u00edn\u0171leg az esk\u00fcv\u0151 napj\u00e1n sem lesz az.<\/p>\n<ul>\n<li><strong>Terek<\/strong>: mely ter\u00fcletek tartoznak bele \u00e9s kiz\u00e1r\u00f3lagosak.<\/li>\n<li><strong>Bel\u00e9p\u00e9si \u00e9s kil\u00e9p\u00e9si<\/strong>: bel\u00e9p\u00e9sek, fel\u00e1ll\u00edt\u00e1sok, esem\u00e9ny v\u00e9ge, t\u00fal\u00f3ra.<\/li>\n<li><strong>Zene<\/strong>: id\u0151pontok, ter\u00fcletek, korl\u00e1tok \u00e9s alternat\u00edv\u00e1k.<\/li>\n<li><strong>Kapacit\u00e1s<\/strong>: elrendez\u00e9s \u00e9s ter\u00fclet szerint, alaprajzokkal vagy referencia elrendez\u00e9sekkel.<\/li>\n<li><strong>Id\u0151j\u00e1r\u00e1si felt\u00e9telek<\/strong>: B terv meghat\u00e1rozva, id\u0151z\u00edt\u00e9s \u00e9s felel\u0151ss\u00e9gek.<\/li>\n<li><strong>Helysz\u00edn foglal\u00f3<\/strong> \u00e9s fizet\u00e9sek: hat\u00e1rid\u0151k, lemond\u00e1sok, d\u00e1tumm\u00f3dos\u00edt\u00e1sok.<\/li>\n<li><strong>Szab\u00e1lyzat<\/strong>: tilt\u00e1sok \u00e9s enged\u00e9lyek (gyerty\u00e1k, dr\u00f3nok, dekor\u00e1ci\u00f3k).<\/li>\n<li><strong>Felel\u0151ss\u00e9gek<\/strong>: k\u00e1rok, biztons\u00e1g, besz\u00e1ll\u00edt\u00f3k kezel\u00e9se.<\/li>\n<\/ul>\n<p>Ha m\u00e9g szil\u00e1rdabb megk\u00f6zel\u00edt\u00e9st szeretn\u00e9l, k\u00e9rd, hogy minden sz\u00f3ban egyeztetett pont (ak\u00e1r csak egy \u201emeger\u0151s\u00edtem\u201d e-mail) <strong>be\u00e9p\u00fclj\u00f6n<\/strong> a szerz\u0151d\u00e9sbe vagy egy al\u00e1\u00edrt mell\u00e9kletbe. Ez a legegyszer\u0171bb m\u00f3dja a sz\u00fcrke z\u00f3n\u00e1k elker\u00fcl\u00e9s\u00e9nek.<\/p>\n<p><!--W4Y_BF_SUGGESTED_PRODUCTS--><\/p>\n<h2>Hasznos linkek a szerz\u0151d\u00e9s \u00e9s a szervez\u00e9s \u00f6sszehangol\u00e1s\u00e1hoz<\/h2>\n<p>Egy j\u00f3l meg\u00edrt szerz\u0151d\u00e9s csak akkor hat\u00e9kony, ha integr\u00e1l\u00f3dik a tervez\u00e9ssel. Az id\u0151vonal, a besz\u00e1ll\u00edt\u00f3k \u00e9s a logisztika \u00f6sszehangol\u00e1s\u00e1hoz kezdhetsz a <a href=\"https:\/\/chiarabevents.com\/hu\/eskuvo-szervezese\/\">Hogyan szervezz\u00fcnk esk\u00fcv\u0151t<\/a> \u00e9s ha \u00f6nkorm\u00e1nyzati szertart\u00e1st fontolgatsz, m\u00e9lyedj el a t\u00e9m\u00e1ban <a href=\"https:\/\/chiarabevents.com\/hu\/polgari-eskuvo\/\">Polg\u00e1ri esk\u00fcv\u0151: k\u00f6vetelm\u00e9nyek \u00e9s id\u0151z\u00edt\u00e9s<\/a>.<\/p>\n<h2>Egy utols\u00f3 gyakorlati tan\u00e1cs: hagyd, hogy a szerz\u0151d\u00e9s \u00e9s a projekt ugyanazon a nyelven besz\u00e9ljenek<\/h2>\n<p>A leghat\u00e9konyabb m\u00f3dja a kezel\u00e9snek <strong>esk\u00fcv\u0151i helysz\u00edn szerz\u0151d\u00e9s klauzul\u00e1k<\/strong> hogy minden z\u00e1rad\u00e9kot egy konkr\u00e9t esem\u00e9nyv\u00e1laszt\u00e1shoz kapcsolsz: ha egy kerti vacsor\u00e1r\u00f3l \u00e1lmodsz, az id\u0151j\u00e1r\u00e1si z\u00e1rad\u00e9knak r\u00e9szletesnek kell lennie; ha hossz\u00fa bulit szeretn\u00e9l, az id\u0151pontokat \u00e9s a zen\u00e9t szigor\u00faan szab\u00e1lyozni kell; ha sok vend\u00e9ged van, a befogad\u00f3k\u00e9pess\u00e9gnek \u00e9s az elrendez\u00e9snek \u00f6sszhangban kell lennie. \u00cdgy a szerz\u0151d\u00e9s a nyugalom eszk\u00f6z\u00e9v\u00e9 v\u00e1lik, nem egy elrakand\u00f3 dokumentumm\u00e1.<\/p>\n<p><strong>Szakmai t\u00e1mogat\u00e1st szeretn\u00e9l a helysz\u00edn, a besz\u00e1ll\u00edt\u00f3k \u00e9s az id\u0151z\u00edt\u00e9s koordin\u00e1l\u00e1s\u00e1hoz, hogy semmi se maradjon a v\u00e9letlenre?<\/strong> Fedezd fel Chiara B Events er\u0151forr\u00e1sait az esk\u00fcv\u0151szervez\u00e9snek szentelt r\u00e9szben: \u00f6tleteket \u00e9s m\u00f3dszert tal\u00e1lsz, hogy az elk\u00e9pzel\u00e9seket vil\u00e1gos, eleg\u00e1ns \u00e9s megval\u00f3s\u00edthat\u00f3 tervv\u00e9 alak\u00edtsd.<\/p>\n<section class=\"w4y-bf-related-posts\"><h2>Kapcsol\u00f3d\u00f3 cikkek<\/h2><ul><li><a href=\"https:\/\/chiarabevents.com\/hu\/eskuvoi-esemenybiztositas-olaszorszagban-mit-fedez-es-mikor-erdemes\/\">Esk\u00fcv\u0151i esem\u00e9nybiztos\u00edt\u00e1s Olaszorsz\u00e1gban: mit fedez \u00e9s mikor \u00e9rdemes<\/a><\/li><li><a href=\"https:\/\/chiarabevents.com\/hu\/zene-es-siae-gyakorlati-utmutato-dj-szettekhez-elo-zenekarokhoz-es-hatterzenei-sugarzashoz\/\">Zene \u00e9s SIAE: gyakorlati \u00fatmutat\u00f3 DJ szettekhez, \u00e9l\u0151 zenekarokhoz \u00e9s h\u00e1tt\u00e9rzenei sug\u00e1rz\u00e1shoz<\/a><\/li><li><a href=\"https:\/\/chiarabevents.com\/hu\/hogyan-szervezzunk-polgari-szertartast-olaszorszagban-kulfoldiek-szamara-gyakori-hibak-es-megoldasok\/\">Hogyan szervezz\u00fcnk polg\u00e1ri szertart\u00e1st Olaszorsz\u00e1gban k\u00fclf\u00f6ldiek sz\u00e1m\u00e1ra: gyakori hib\u00e1k \u00e9s megold\u00e1sok<\/a><\/li><\/ul><\/section>\n<hr \/>\n<h2>GYIK<\/h2>\n<div class=\"w4y-faq\">\n<h3>Melyek a legfontosabb z\u00e1rad\u00e9kok egy esk\u00fcv\u0151i helysz\u00ednnel k\u00f6t\u00f6tt szerz\u0151d\u00e9sben?<\/h3>\n<p>\u00c1ltal\u00e1ban a legkritikusabbak a k\u00f6vetkez\u0151k: biztos\u00edtott helyek \u00e9s kiz\u00e1r\u00f3lagos haszn\u00e1lat, bel\u00e9p\u00e9si \u00e9s esem\u00e9nyz\u00e1r\u00e1si id\u0151pontok (t\u00fal\u00f3r\u00e1ra vonatkoz\u00f3 szab\u00e1lyokkal), id\u0151j\u00e1r\u00e1si felt\u00e9telek \u00e9s B-terv, zenei \u00e9s sz\u00f3rakoztat\u00e1si korl\u00e1toz\u00e1sok, elrendez\u00e9s szerinti befogad\u00f3k\u00e9pess\u00e9g, k\u00e1rok\u00e9rt \u00e9s biztons\u00e1g\u00e9rt val\u00f3 felel\u0151ss\u00e9g, bels\u0151 szab\u00e1lyok \u00e9s a foglal\u00f3 kezel\u00e9se lemond\u00e1sok vagy id\u0151pontv\u00e1ltoztat\u00e1sok eset\u00e9n.<\/p>\n<h3>Hogyan kell kezelni a szerz\u0151d\u00e9sben az id\u0151j\u00e1r\u00e1si felt\u00e9telekre vonatkoz\u00f3 z\u00e1rad\u00e9kot?<\/h3>\n<p>Az id\u0151j\u00e1r\u00e1si z\u00e1rad\u00e9knak pontosan meg kell hat\u00e1roznia az alternat\u00edv helysz\u00ednt, a d\u00f6nt\u00e9s meghozatal\u00e1nak hat\u00e1ridej\u00e9t, azt, hogy ki hozza meg a d\u00f6nt\u00e9st, valamint azt, hogyan kezelik a berendez\u00e9seket \u00e9s a logisztik\u00e1t. Ha tov\u00e1bbi k\u00f6lts\u00e9gek vagy felt\u00e9telek v\u00e1rhat\u00f3k (p\u00e9ld\u00e1ul fed\u00e9sek vagy f\u0171t\u00e9s eset\u00e9n), azokat jobb, ha a szerz\u0151d\u00e9s al\u00e1\u00edr\u00e1sa el\u0151tt tiszt\u00e1zz\u00e1k \u00e9s \u00edr\u00e1sban r\u00f6gz\u00edtik.<\/p>\n<h3>Foglal\u00f3 helysz\u00edne: mit kell ellen\u0151riznem, miel\u0151tt befizetem?<\/h3>\n<p>Ellen\u0151rizze, hogyan van meghat\u00e1rozva az \u00f6sszeg (foglal\u00f3, el\u0151leg vagy let\u00e9t), a hat\u00e1rid\u0151k, a lemond\u00e1si felt\u00e9telek \u00e9s az id\u0151pont m\u00f3dos\u00edt\u00e1s\u00e1nak szab\u00e1lyai. K\u00e9rje, hogy az esetleges kiv\u00e9telek vagy k\u00fcl\u00f6nleges esetek legyenek le\u00edrva a szerz\u0151d\u00e9sben vagy egy al\u00e1\u00edrt mell\u00e9kletben, elker\u00fclve a sz\u00f3beli meg\u00e1llapod\u00e1sokat.<\/p>\n<h3>Mit jelent a helysz\u00edn befogad\u00f3k\u00e9pess\u00e9ge, \u00e9s mi\u00e9rt kell megadni a kialak\u00edt\u00e1sn\u00e1l?<\/h3>\n<p>A befogad\u00f3k\u00e9pess\u00e9g att\u00f3l f\u00fcgg, hogyan vannak elrendezve az asztalok, \u00fcl\u00e9sek, t\u00e1nct\u00e9r \u00e9s a kiszolg\u00e1l\u00f3 \u00fatvonalak. A vit\u00e1k elker\u00fcl\u00e9se \u00e9rdek\u00e9ben hasznos, ha a szerz\u0151d\u00e9s (vagy egy mell\u00e9klet) megk\u00fcl\u00f6nb\u00f6zteti a befogad\u00f3k\u00e9pess\u00e9get a cerem\u00f3nia, a fogad\u00e1s \u00e9s a buli eset\u00e9ben, \u00e9s hivatkozik egy egyeztetett alaprajzra vagy elrendez\u00e9sre.<\/p>\n<h3>Hogyan kell helyesen beilleszteni a szerz\u0151d\u00e9sbe a zenei \u00e9s id\u0151korl\u00e1tokat?<\/h3>\n<p>Aj\u00e1nlott megadni az id\u0151szakokat, amikor enged\u00e9lyezett a feler\u0151s\u00edtett zene, az enged\u00e9lyezett ter\u00fcleteket, az esetleges technikai korl\u00e1tokat, amelyeket a l\u00e9tes\u00edtm\u00e9ny el\u0151\u00edr, valamint azt, hogy mi t\u00f6rt\u00e9nik id\u0151j\u00e1r\u00e1si okokb\u00f3l t\u00f6rt\u00e9n\u0151 \u00e1thelyez\u00e9s eset\u00e9n. Ha l\u00e9teznek megval\u00f3s\u00edthat\u00f3 alternat\u00edv\u00e1k (p\u00e9ld\u00e1ul \u00e1thelyez\u00e9s egy bels\u0151 terembe), jobb, ha ezeket m\u0171k\u00f6d\u00e9si opci\u00f3k\u00e9nt tervezik meg, nem pedig \u00e1ltal\u00e1nos \u00edg\u00e9retekk\u00e9nt.<\/p>\n<\/div>\n<p><script type=\"application\/ld+json\">{\n    \"@context\": \"https:\\\/\\\/schema.org\",\n    \"@type\": \"FAQPage\",\n    \"mainEntity\": [\n        {\n            \"@type\": \"Question\",\n            \"name\": \"Quali sono le clausole pi\\u00f9 importanti in un contratto con la location per matrimonio?\",\n            \"acceptedAnswer\": {\n                \"@type\": \"Answer\",\n                \"text\": \"Di solito le pi\\u00f9 critiche riguardano: spazi concessi e uso esclusivo, orari di accesso e fine evento (con regole sull\\u2019overtime), condizioni meteo e piano B, limiti su musica e intrattenimento, capienza per layout, responsabilit\\u00e0 per danni e sicurezza, regole interne e gestione della caparra con cancellazioni o spostamenti data.\"\n            }\n        },\n        {\n            \"@type\": \"Question\",\n            \"name\": \"Come va gestita nel contratto la clausola sulle condizioni meteo?\",\n            \"acceptedAnswer\": {\n                \"@type\": \"Answer\",\n                \"text\": \"La clausola meteo dovrebbe indicare lo spazio alternativo preciso, i tempi entro cui decidere lo spostamento, chi prende la decisione e come si gestiscono allestimenti e logistica. Se sono previsti costi o condizioni aggiuntive (ad esempio per coperture o riscaldamento), \\u00e8 meglio che siano chiariti e messi per iscritto prima della firma.\"\n            }\n        },\n        {\n            \"@type\": \"Question\",\n            \"name\": \"Caparra location: cosa devo controllare prima di versarla?\",\n            \"acceptedAnswer\": {\n                \"@type\": \"Answer\",\n                \"text\": \"Verifica come viene definita la somma (caparra, acconto o deposito), le scadenze, le condizioni di cancellazione e le regole per lo spostamento della data. Chiedi che eventuali eccezioni o casi particolari siano descritti nel contratto o in un allegato firmato, evitando accordi solo verbali.\"\n            }\n        },\n        {\n            \"@type\": \"Question\",\n            \"name\": \"Cosa significa capienza della location e perch\\u00e9 va specificata per layout?\",\n            \"acceptedAnswer\": {\n                \"@type\": \"Answer\",\n                \"text\": \"La capienza dipende da come vengono disposti tavoli, sedute, pista e passaggi di servizio. Per evitare contestazioni, \\u00e8 utile che il contratto (o un allegato) distingua capienza per cerimonia, ricevimento e party, e che faccia riferimento a una planimetria o a un layout concordato.\"\n            }\n        },\n        {\n            \"@type\": \"Question\",\n            \"name\": \"Come inserire correttamente nel contratto i limiti su musica e orari?\",\n            \"acceptedAnswer\": {\n                \"@type\": \"Answer\",\n                \"text\": \"\\u00c8 consigliabile indicare fasce orarie in cui \\u00e8 consentita musica amplificata, aree autorizzate, eventuali limiti tecnici richiesti dalla struttura e cosa succede in caso di spostamento per meteo. Se esistono alternative praticabili (ad esempio spostamento in una sala interna), meglio che siano previste come opzioni operative, non come promesse generiche.\"\n            }\n        }\n    ]\n}<\/script><\/p>","protected":false},"excerpt":{"rendered":"<p>Contratto con la location matrimonio: clausole che evitano sorprese (meteo, orari, musica, capienza) Quando si sceglie una location, l\u2019entusiasmo spesso corre pi\u00f9 veloce della carta. Eppure, \u00e8 proprio nel contratto che si decide se la giornata filer\u00e0 liscia o se, al primo imprevisto, inizieranno rimpalli di responsabilit\u00e0 e incomprensioni. Un accordo ben scritto non serve a \u201cdiffidare\u201d [&hellip;]<\/p>","protected":false},"author":4,"featured_media":35015,"comment_status":"closed","ping_status":"closed","sticky":false,"template":"","format":"standard","meta":{"footnotes":""},"categories":[516],"tags":[518,519,517],"class_list":["post-34938","post","type-post","status-publish","format-standard","has-post-thumbnail","hentry","category-legale","tag-caparra-location","tag-condizioni-meteo","tag-contratto-location-matrimonio-clausole"],"yoast_head":"<!-- This site is optimized with the Yoast SEO Premium plugin v21.8 (Yoast SEO v27.3) - https:\/\/yoast.com\/product\/yoast-seo-premium-wordpress\/ -->\n<title>Contratto location: clausole su meteo, orari, musica, capienza |<\/title>\n<meta name=\"description\" content=\"Guida alle clausole nel contratto location matrimonio: condizioni meteo, orari, musica, capienza, caparra e cancellazioni. Cosa verificare prima di firmare.\" \/>\n<meta name=\"robots\" content=\"index, follow, max-snippet:-1, max-image-preview:large, max-video-preview:-1\" \/>\n<link rel=\"canonical\" href=\"https:\/\/chiarabevents.com\/hu\/szerzodes-a-helyszinnel-idojarasra-nyitvatartasi-idore-zenere-es-befogadokepessegre-vonatkozo-zaradekok\/\" \/>\n<meta property=\"og:locale\" content=\"hu_HU\" \/>\n<meta property=\"og:type\" content=\"article\" \/>\n<meta property=\"og:title\" content=\"Contratto con la location: clausole su meteo, orari, musica e capienza\" \/>\n<meta property=\"og:description\" content=\"Guida alle clausole nel contratto location matrimonio: condizioni meteo, orari, musica, capienza, caparra e cancellazioni. Cosa verificare prima di firmare.\" \/>\n<meta property=\"og:url\" content=\"https:\/\/chiarabevents.com\/hu\/szerzodes-a-helyszinnel-idojarasra-nyitvatartasi-idore-zenere-es-befogadokepessegre-vonatkozo-zaradekok\/\" \/>\n<meta property=\"og:site_name\" content=\"ChiaraB Events Wedding Planner\" \/>\n<meta property=\"article:publisher\" content=\"https:\/\/www.facebook.com\/chiarabevent\" \/>\n<meta property=\"article:published_time\" content=\"2026-03-07T22:21:54+00:00\" \/>\n<meta property=\"article:modified_time\" content=\"2026-03-08T08:20:15+00:00\" \/>\n<meta property=\"og:image\" content=\"https:\/\/chiarabevents.com\/wp-content\/uploads\/2026\/03\/contratto-con-la-location-clausole-su-meteo-orari-musica-e-capienza-featured-20260307222055.png\" \/>\n\t<meta property=\"og:image:width\" content=\"1536\" \/>\n\t<meta property=\"og:image:height\" content=\"1024\" \/>\n\t<meta property=\"og:image:type\" content=\"image\/png\" \/>\n<meta name=\"author\" content=\"ChiaraB Blog\" \/>\n<meta name=\"twitter:card\" content=\"summary_large_image\" \/>\n<meta name=\"twitter:label1\" content=\"Written by\" \/>\n\t<meta name=\"twitter:data1\" content=\"ChiaraB Blog\" \/>\n\t<meta name=\"twitter:label2\" content=\"Est. reading time\" \/>\n\t<meta name=\"twitter:data2\" content=\"13 minutes\" \/>\n<script type=\"application\/ld+json\" class=\"yoast-schema-graph\">{\"@context\":\"https:\\\/\\\/schema.org\",\"@graph\":[{\"@type\":\"Article\",\"@id\":\"https:\\\/\\\/chiarabevents.com\\\/hi\\\/%e0%a4%b8%e0%a5%8d%e0%a4%a5%e0%a4%be%e0%a4%a8-%e0%a4%95%e0%a5%87-%e0%a4%b8%e0%a4%be%e0%a4%a5-%e0%a4%85%e0%a4%a8%e0%a5%81%e0%a4%ac%e0%a4%82%e0%a4%a7-%e0%a4%ae%e0%a5%8c%e0%a4%b8%e0%a4%ae-%e0%a4%b8\\\/#article\",\"isPartOf\":{\"@id\":\"https:\\\/\\\/chiarabevents.com\\\/hi\\\/%e0%a4%b8%e0%a5%8d%e0%a4%a5%e0%a4%be%e0%a4%a8-%e0%a4%95%e0%a5%87-%e0%a4%b8%e0%a4%be%e0%a4%a5-%e0%a4%85%e0%a4%a8%e0%a5%81%e0%a4%ac%e0%a4%82%e0%a4%a7-%e0%a4%ae%e0%a5%8c%e0%a4%b8%e0%a4%ae-%e0%a4%b8\\\/\"},\"author\":{\"name\":\"ChiaraB Blog\",\"@id\":\"https:\\\/\\\/chiarabevents.com\\\/#\\\/schema\\\/person\\\/bbb582cfce34a973ad4463736fd0b0f4\"},\"headline\":\"Contratto con la location: clausole su meteo, orari, musica e capienza\",\"datePublished\":\"2026-03-07T22:21:54+00:00\",\"dateModified\":\"2026-03-08T08:20:15+00:00\",\"mainEntityOfPage\":{\"@id\":\"https:\\\/\\\/chiarabevents.com\\\/hi\\\/%e0%a4%b8%e0%a5%8d%e0%a4%a5%e0%a4%be%e0%a4%a8-%e0%a4%95%e0%a5%87-%e0%a4%b8%e0%a4%be%e0%a4%a5-%e0%a4%85%e0%a4%a8%e0%a5%81%e0%a4%ac%e0%a4%82%e0%a4%a7-%e0%a4%ae%e0%a5%8c%e0%a4%b8%e0%a4%ae-%e0%a4%b8\\\/\"},\"wordCount\":2281,\"publisher\":{\"@id\":\"https:\\\/\\\/chiarabevents.com\\\/#organization\"},\"image\":{\"@id\":\"https:\\\/\\\/chiarabevents.com\\\/hi\\\/%e0%a4%b8%e0%a5%8d%e0%a4%a5%e0%a4%be%e0%a4%a8-%e0%a4%95%e0%a5%87-%e0%a4%b8%e0%a4%be%e0%a4%a5-%e0%a4%85%e0%a4%a8%e0%a5%81%e0%a4%ac%e0%a4%82%e0%a4%a7-%e0%a4%ae%e0%a5%8c%e0%a4%b8%e0%a4%ae-%e0%a4%b8\\\/#primaryimage\"},\"thumbnailUrl\":\"https:\\\/\\\/chiarabevents.com\\\/wp-content\\\/uploads\\\/2026\\\/03\\\/contratto-con-la-location-clausole-su-meteo-orari-musica-e-capienza-featured-20260307222055.png\",\"keywords\":[\"caparra location\",\"condizioni meteo\",\"contratto location matrimonio clausole\"],\"articleSection\":[\"Legale\"],\"inLanguage\":\"hu-HU\"},{\"@type\":\"WebPage\",\"@id\":\"https:\\\/\\\/chiarabevents.com\\\/hi\\\/%e0%a4%b8%e0%a5%8d%e0%a4%a5%e0%a4%be%e0%a4%a8-%e0%a4%95%e0%a5%87-%e0%a4%b8%e0%a4%be%e0%a4%a5-%e0%a4%85%e0%a4%a8%e0%a5%81%e0%a4%ac%e0%a4%82%e0%a4%a7-%e0%a4%ae%e0%a5%8c%e0%a4%b8%e0%a4%ae-%e0%a4%b8\\\/\",\"url\":\"https:\\\/\\\/chiarabevents.com\\\/hi\\\/%e0%a4%b8%e0%a5%8d%e0%a4%a5%e0%a4%be%e0%a4%a8-%e0%a4%95%e0%a5%87-%e0%a4%b8%e0%a4%be%e0%a4%a5-%e0%a4%85%e0%a4%a8%e0%a5%81%e0%a4%ac%e0%a4%82%e0%a4%a7-%e0%a4%ae%e0%a5%8c%e0%a4%b8%e0%a4%ae-%e0%a4%b8\\\/\",\"name\":\"Contratto location: clausole su meteo, orari, musica, capienza |\",\"isPartOf\":{\"@id\":\"https:\\\/\\\/chiarabevents.com\\\/#website\"},\"primaryImageOfPage\":{\"@id\":\"https:\\\/\\\/chiarabevents.com\\\/hi\\\/%e0%a4%b8%e0%a5%8d%e0%a4%a5%e0%a4%be%e0%a4%a8-%e0%a4%95%e0%a5%87-%e0%a4%b8%e0%a4%be%e0%a4%a5-%e0%a4%85%e0%a4%a8%e0%a5%81%e0%a4%ac%e0%a4%82%e0%a4%a7-%e0%a4%ae%e0%a5%8c%e0%a4%b8%e0%a4%ae-%e0%a4%b8\\\/#primaryimage\"},\"image\":{\"@id\":\"https:\\\/\\\/chiarabevents.com\\\/hi\\\/%e0%a4%b8%e0%a5%8d%e0%a4%a5%e0%a4%be%e0%a4%a8-%e0%a4%95%e0%a5%87-%e0%a4%b8%e0%a4%be%e0%a4%a5-%e0%a4%85%e0%a4%a8%e0%a5%81%e0%a4%ac%e0%a4%82%e0%a4%a7-%e0%a4%ae%e0%a5%8c%e0%a4%b8%e0%a4%ae-%e0%a4%b8\\\/#primaryimage\"},\"thumbnailUrl\":\"https:\\\/\\\/chiarabevents.com\\\/wp-content\\\/uploads\\\/2026\\\/03\\\/contratto-con-la-location-clausole-su-meteo-orari-musica-e-capienza-featured-20260307222055.png\",\"datePublished\":\"2026-03-07T22:21:54+00:00\",\"dateModified\":\"2026-03-08T08:20:15+00:00\",\"description\":\"Guida alle clausole nel contratto location matrimonio: condizioni meteo, orari, musica, capienza, caparra e cancellazioni. Cosa verificare prima di firmare.\",\"breadcrumb\":{\"@id\":\"https:\\\/\\\/chiarabevents.com\\\/hi\\\/%e0%a4%b8%e0%a5%8d%e0%a4%a5%e0%a4%be%e0%a4%a8-%e0%a4%95%e0%a5%87-%e0%a4%b8%e0%a4%be%e0%a4%a5-%e0%a4%85%e0%a4%a8%e0%a5%81%e0%a4%ac%e0%a4%82%e0%a4%a7-%e0%a4%ae%e0%a5%8c%e0%a4%b8%e0%a4%ae-%e0%a4%b8\\\/#breadcrumb\"},\"inLanguage\":\"hu-HU\",\"potentialAction\":[{\"@type\":\"ReadAction\",\"target\":[\"https:\\\/\\\/chiarabevents.com\\\/hi\\\/%e0%a4%b8%e0%a5%8d%e0%a4%a5%e0%a4%be%e0%a4%a8-%e0%a4%95%e0%a5%87-%e0%a4%b8%e0%a4%be%e0%a4%a5-%e0%a4%85%e0%a4%a8%e0%a5%81%e0%a4%ac%e0%a4%82%e0%a4%a7-%e0%a4%ae%e0%a5%8c%e0%a4%b8%e0%a4%ae-%e0%a4%b8\\\/\"]}]},{\"@type\":\"ImageObject\",\"inLanguage\":\"hu-HU\",\"@id\":\"https:\\\/\\\/chiarabevents.com\\\/hi\\\/%e0%a4%b8%e0%a5%8d%e0%a4%a5%e0%a4%be%e0%a4%a8-%e0%a4%95%e0%a5%87-%e0%a4%b8%e0%a4%be%e0%a4%a5-%e0%a4%85%e0%a4%a8%e0%a5%81%e0%a4%ac%e0%a4%82%e0%a4%a7-%e0%a4%ae%e0%a5%8c%e0%a4%b8%e0%a4%ae-%e0%a4%b8\\\/#primaryimage\",\"url\":\"https:\\\/\\\/chiarabevents.com\\\/wp-content\\\/uploads\\\/2026\\\/03\\\/contratto-con-la-location-clausole-su-meteo-orari-musica-e-capienza-featured-20260307222055.png\",\"contentUrl\":\"https:\\\/\\\/chiarabevents.com\\\/wp-content\\\/uploads\\\/2026\\\/03\\\/contratto-con-la-location-clausole-su-meteo-orari-musica-e-capienza-featured-20260307222055.png\",\"width\":1536,\"height\":1024,\"caption\":\"Due individui stanno firmando un contratto di locazione per una location di eventi, discutendo clausole su meteo, orari, musica e capienza, sotto la supervisione di un professionista.\"},{\"@type\":\"BreadcrumbList\",\"@id\":\"https:\\\/\\\/chiarabevents.com\\\/hi\\\/%e0%a4%b8%e0%a5%8d%e0%a4%a5%e0%a4%be%e0%a4%a8-%e0%a4%95%e0%a5%87-%e0%a4%b8%e0%a4%be%e0%a4%a5-%e0%a4%85%e0%a4%a8%e0%a5%81%e0%a4%ac%e0%a4%82%e0%a4%a7-%e0%a4%ae%e0%a5%8c%e0%a4%b8%e0%a4%ae-%e0%a4%b8\\\/#breadcrumb\",\"itemListElement\":[{\"@type\":\"ListItem\",\"position\":1,\"name\":\"Home\",\"item\":\"https:\\\/\\\/chiarabevents.com\\\/\"},{\"@type\":\"ListItem\",\"position\":2,\"name\":\"Contratto con la location: clausole su meteo, orari, musica e capienza\"}]},{\"@type\":\"WebSite\",\"@id\":\"https:\\\/\\\/chiarabevents.com\\\/#website\",\"url\":\"https:\\\/\\\/chiarabevents.com\\\/\",\"name\":\"ChiaraB Events Wedding Planner\",\"description\":\"Un meraviglioso percorso fatto insieme\",\"publisher\":{\"@id\":\"https:\\\/\\\/chiarabevents.com\\\/#organization\"},\"potentialAction\":[{\"@type\":\"SearchAction\",\"target\":{\"@type\":\"EntryPoint\",\"urlTemplate\":\"https:\\\/\\\/chiarabevents.com\\\/?s={search_term_string}\"},\"query-input\":{\"@type\":\"PropertyValueSpecification\",\"valueRequired\":true,\"valueName\":\"search_term_string\"}}],\"inLanguage\":\"hu-HU\"},{\"@type\":\"Organization\",\"@id\":\"https:\\\/\\\/chiarabevents.com\\\/#organization\",\"name\":\"ChiaraB Events Wedding Planner\",\"url\":\"https:\\\/\\\/chiarabevents.com\\\/\",\"logo\":{\"@type\":\"ImageObject\",\"inLanguage\":\"hu-HU\",\"@id\":\"https:\\\/\\\/chiarabevents.com\\\/#\\\/schema\\\/logo\\\/image\\\/\",\"url\":\"https:\\\/\\\/chiarabevents.com\\\/wp-content\\\/uploads\\\/2023\\\/12\\\/cropped-Monogramma_chiarab.png\",\"contentUrl\":\"https:\\\/\\\/chiarabevents.com\\\/wp-content\\\/uploads\\\/2023\\\/12\\\/cropped-Monogramma_chiarab.png\",\"width\":512,\"height\":512,\"caption\":\"ChiaraB Events Wedding Planner\"},\"image\":{\"@id\":\"https:\\\/\\\/chiarabevents.com\\\/#\\\/schema\\\/logo\\\/image\\\/\"},\"sameAs\":[\"https:\\\/\\\/www.facebook.com\\\/chiarabevent\",\"https:\\\/\\\/www.instagram.com\\\/chiarab_events\\\/\"]},{\"@type\":\"Person\",\"@id\":\"https:\\\/\\\/chiarabevents.com\\\/#\\\/schema\\\/person\\\/bbb582cfce34a973ad4463736fd0b0f4\",\"name\":\"ChiaraB Blog\",\"image\":{\"@type\":\"ImageObject\",\"inLanguage\":\"hu-HU\",\"@id\":\"https:\\\/\\\/chiarabevents.com\\\/wp-content\\\/litespeed\\\/avatar\\\/1646323b4cbc3492de1328080709cacc.jpg?ver=1777061573\",\"url\":\"https:\\\/\\\/chiarabevents.com\\\/wp-content\\\/litespeed\\\/avatar\\\/1646323b4cbc3492de1328080709cacc.jpg?ver=1777061573\",\"contentUrl\":\"https:\\\/\\\/chiarabevents.com\\\/wp-content\\\/litespeed\\\/avatar\\\/1646323b4cbc3492de1328080709cacc.jpg?ver=1777061573\",\"caption\":\"ChiaraB Blog\"},\"url\":\"https:\\\/\\\/chiarabevents.com\\\/hu\\\/author\\\/chiarab-blog\\\/\"}]}<\/script>\n<!-- \/ Yoast SEO Premium plugin. -->","yoast_head_json":{"title":"Helysz\u00edn szerz\u0151d\u00e9s: id\u0151j\u00e1r\u00e1si, nyitvatart\u00e1si, zenei, befogad\u00f3k\u00e9pess\u00e9gi z\u00e1rad\u00e9kok |","description":"\u00datmutat\u00f3 a helysz\u00edni esk\u00fcv\u0151i szerz\u0151d\u00e9s klauzul\u00e1ihoz: id\u0151j\u00e1r\u00e1si felt\u00e9telek, id\u0151pontok, zene, befogad\u00f3k\u00e9pess\u00e9g, foglal\u00f3 \u00e9s lemond\u00e1sok. Mit ellen\u0151rizz\u00fcnk al\u00e1\u00edr\u00e1s el\u0151tt.","robots":{"index":"index","follow":"follow","max-snippet":"max-snippet:-1","max-image-preview":"max-image-preview:large","max-video-preview":"max-video-preview:-1"},"canonical":"https:\/\/chiarabevents.com\/hu\/szerzodes-a-helyszinnel-idojarasra-nyitvatartasi-idore-zenere-es-befogadokepessegre-vonatkozo-zaradekok\/","og_locale":"hu_HU","og_type":"article","og_title":"Contratto con la location: clausole su meteo, orari, musica e capienza","og_description":"Guida alle clausole nel contratto location matrimonio: condizioni meteo, orari, musica, capienza, caparra e cancellazioni. Cosa verificare prima di firmare.","og_url":"https:\/\/chiarabevents.com\/hu\/szerzodes-a-helyszinnel-idojarasra-nyitvatartasi-idore-zenere-es-befogadokepessegre-vonatkozo-zaradekok\/","og_site_name":"ChiaraB Events Wedding Planner","article_publisher":"https:\/\/www.facebook.com\/chiarabevent","article_published_time":"2026-03-07T22:21:54+00:00","article_modified_time":"2026-03-08T08:20:15+00:00","og_image":[{"width":1536,"height":1024,"url":"https:\/\/chiarabevents.com\/wp-content\/uploads\/2026\/03\/contratto-con-la-location-clausole-su-meteo-orari-musica-e-capienza-featured-20260307222055.png","type":"image\/png"}],"author":"ChiaraB Blog","twitter_card":"summary_large_image","twitter_misc":{"Written by":"ChiaraB Blog","Est. reading time":"13 minutes"},"schema":{"@context":"https:\/\/schema.org","@graph":[{"@type":"Article","@id":"https:\/\/chiarabevents.com\/hi\/%e0%a4%b8%e0%a5%8d%e0%a4%a5%e0%a4%be%e0%a4%a8-%e0%a4%95%e0%a5%87-%e0%a4%b8%e0%a4%be%e0%a4%a5-%e0%a4%85%e0%a4%a8%e0%a5%81%e0%a4%ac%e0%a4%82%e0%a4%a7-%e0%a4%ae%e0%a5%8c%e0%a4%b8%e0%a4%ae-%e0%a4%b8\/#article","isPartOf":{"@id":"https:\/\/chiarabevents.com\/hi\/%e0%a4%b8%e0%a5%8d%e0%a4%a5%e0%a4%be%e0%a4%a8-%e0%a4%95%e0%a5%87-%e0%a4%b8%e0%a4%be%e0%a4%a5-%e0%a4%85%e0%a4%a8%e0%a5%81%e0%a4%ac%e0%a4%82%e0%a4%a7-%e0%a4%ae%e0%a5%8c%e0%a4%b8%e0%a4%ae-%e0%a4%b8\/"},"author":{"name":"ChiaraB Blog","@id":"https:\/\/chiarabevents.com\/#\/schema\/person\/bbb582cfce34a973ad4463736fd0b0f4"},"headline":"Contratto con la location: clausole su meteo, orari, musica e capienza","datePublished":"2026-03-07T22:21:54+00:00","dateModified":"2026-03-08T08:20:15+00:00","mainEntityOfPage":{"@id":"https:\/\/chiarabevents.com\/hi\/%e0%a4%b8%e0%a5%8d%e0%a4%a5%e0%a4%be%e0%a4%a8-%e0%a4%95%e0%a5%87-%e0%a4%b8%e0%a4%be%e0%a4%a5-%e0%a4%85%e0%a4%a8%e0%a5%81%e0%a4%ac%e0%a4%82%e0%a4%a7-%e0%a4%ae%e0%a5%8c%e0%a4%b8%e0%a4%ae-%e0%a4%b8\/"},"wordCount":2281,"publisher":{"@id":"https:\/\/chiarabevents.com\/#organization"},"image":{"@id":"https:\/\/chiarabevents.com\/hi\/%e0%a4%b8%e0%a5%8d%e0%a4%a5%e0%a4%be%e0%a4%a8-%e0%a4%95%e0%a5%87-%e0%a4%b8%e0%a4%be%e0%a4%a5-%e0%a4%85%e0%a4%a8%e0%a5%81%e0%a4%ac%e0%a4%82%e0%a4%a7-%e0%a4%ae%e0%a5%8c%e0%a4%b8%e0%a4%ae-%e0%a4%b8\/#primaryimage"},"thumbnailUrl":"https:\/\/chiarabevents.com\/wp-content\/uploads\/2026\/03\/contratto-con-la-location-clausole-su-meteo-orari-musica-e-capienza-featured-20260307222055.png","keywords":["caparra location","condizioni meteo","contratto location matrimonio clausole"],"articleSection":["Legale"],"inLanguage":"hu-HU"},{"@type":"WebPage","@id":"https:\/\/chiarabevents.com\/hi\/%e0%a4%b8%e0%a5%8d%e0%a4%a5%e0%a4%be%e0%a4%a8-%e0%a4%95%e0%a5%87-%e0%a4%b8%e0%a4%be%e0%a4%a5-%e0%a4%85%e0%a4%a8%e0%a5%81%e0%a4%ac%e0%a4%82%e0%a4%a7-%e0%a4%ae%e0%a5%8c%e0%a4%b8%e0%a4%ae-%e0%a4%b8\/","url":"https:\/\/chiarabevents.com\/hi\/%e0%a4%b8%e0%a5%8d%e0%a4%a5%e0%a4%be%e0%a4%a8-%e0%a4%95%e0%a5%87-%e0%a4%b8%e0%a4%be%e0%a4%a5-%e0%a4%85%e0%a4%a8%e0%a5%81%e0%a4%ac%e0%a4%82%e0%a4%a7-%e0%a4%ae%e0%a5%8c%e0%a4%b8%e0%a4%ae-%e0%a4%b8\/","name":"Helysz\u00edn szerz\u0151d\u00e9s: id\u0151j\u00e1r\u00e1si, nyitvatart\u00e1si, zenei, befogad\u00f3k\u00e9pess\u00e9gi z\u00e1rad\u00e9kok |","isPartOf":{"@id":"https:\/\/chiarabevents.com\/#website"},"primaryImageOfPage":{"@id":"https:\/\/chiarabevents.com\/hi\/%e0%a4%b8%e0%a5%8d%e0%a4%a5%e0%a4%be%e0%a4%a8-%e0%a4%95%e0%a5%87-%e0%a4%b8%e0%a4%be%e0%a4%a5-%e0%a4%85%e0%a4%a8%e0%a5%81%e0%a4%ac%e0%a4%82%e0%a4%a7-%e0%a4%ae%e0%a5%8c%e0%a4%b8%e0%a4%ae-%e0%a4%b8\/#primaryimage"},"image":{"@id":"https:\/\/chiarabevents.com\/hi\/%e0%a4%b8%e0%a5%8d%e0%a4%a5%e0%a4%be%e0%a4%a8-%e0%a4%95%e0%a5%87-%e0%a4%b8%e0%a4%be%e0%a4%a5-%e0%a4%85%e0%a4%a8%e0%a5%81%e0%a4%ac%e0%a4%82%e0%a4%a7-%e0%a4%ae%e0%a5%8c%e0%a4%b8%e0%a4%ae-%e0%a4%b8\/#primaryimage"},"thumbnailUrl":"https:\/\/chiarabevents.com\/wp-content\/uploads\/2026\/03\/contratto-con-la-location-clausole-su-meteo-orari-musica-e-capienza-featured-20260307222055.png","datePublished":"2026-03-07T22:21:54+00:00","dateModified":"2026-03-08T08:20:15+00:00","description":"\u00datmutat\u00f3 a helysz\u00edni esk\u00fcv\u0151i szerz\u0151d\u00e9s klauzul\u00e1ihoz: id\u0151j\u00e1r\u00e1si felt\u00e9telek, id\u0151pontok, zene, befogad\u00f3k\u00e9pess\u00e9g, foglal\u00f3 \u00e9s lemond\u00e1sok. Mit ellen\u0151rizz\u00fcnk al\u00e1\u00edr\u00e1s el\u0151tt.","breadcrumb":{"@id":"https:\/\/chiarabevents.com\/hi\/%e0%a4%b8%e0%a5%8d%e0%a4%a5%e0%a4%be%e0%a4%a8-%e0%a4%95%e0%a5%87-%e0%a4%b8%e0%a4%be%e0%a4%a5-%e0%a4%85%e0%a4%a8%e0%a5%81%e0%a4%ac%e0%a4%82%e0%a4%a7-%e0%a4%ae%e0%a5%8c%e0%a4%b8%e0%a4%ae-%e0%a4%b8\/#breadcrumb"},"inLanguage":"hu-HU","potentialAction":[{"@type":"ReadAction","target":["https:\/\/chiarabevents.com\/hi\/%e0%a4%b8%e0%a5%8d%e0%a4%a5%e0%a4%be%e0%a4%a8-%e0%a4%95%e0%a5%87-%e0%a4%b8%e0%a4%be%e0%a4%a5-%e0%a4%85%e0%a4%a8%e0%a5%81%e0%a4%ac%e0%a4%82%e0%a4%a7-%e0%a4%ae%e0%a5%8c%e0%a4%b8%e0%a4%ae-%e0%a4%b8\/"]}]},{"@type":"ImageObject","inLanguage":"hu-HU","@id":"https:\/\/chiarabevents.com\/hi\/%e0%a4%b8%e0%a5%8d%e0%a4%a5%e0%a4%be%e0%a4%a8-%e0%a4%95%e0%a5%87-%e0%a4%b8%e0%a4%be%e0%a4%a5-%e0%a4%85%e0%a4%a8%e0%a5%81%e0%a4%ac%e0%a4%82%e0%a4%a7-%e0%a4%ae%e0%a5%8c%e0%a4%b8%e0%a4%ae-%e0%a4%b8\/#primaryimage","url":"https:\/\/chiarabevents.com\/wp-content\/uploads\/2026\/03\/contratto-con-la-location-clausole-su-meteo-orari-musica-e-capienza-featured-20260307222055.png","contentUrl":"https:\/\/chiarabevents.com\/wp-content\/uploads\/2026\/03\/contratto-con-la-location-clausole-su-meteo-orari-musica-e-capienza-featured-20260307222055.png","width":1536,"height":1024,"caption":"Due individui stanno firmando un contratto di locazione per una location di eventi, discutendo clausole su meteo, orari, musica e capienza, sotto la supervisione di un professionista."},{"@type":"BreadcrumbList","@id":"https:\/\/chiarabevents.com\/hi\/%e0%a4%b8%e0%a5%8d%e0%a4%a5%e0%a4%be%e0%a4%a8-%e0%a4%95%e0%a5%87-%e0%a4%b8%e0%a4%be%e0%a4%a5-%e0%a4%85%e0%a4%a8%e0%a5%81%e0%a4%ac%e0%a4%82%e0%a4%a7-%e0%a4%ae%e0%a5%8c%e0%a4%b8%e0%a4%ae-%e0%a4%b8\/#breadcrumb","itemListElement":[{"@type":"ListItem","position":1,"name":"Home","item":"https:\/\/chiarabevents.com\/"},{"@type":"ListItem","position":2,"name":"Contratto con la location: clausole su meteo, orari, musica e capienza"}]},{"@type":"WebSite","@id":"https:\/\/chiarabevents.com\/#website","url":"https:\/\/chiarabevents.com\/","name":"ChiaraB Esem\u00e9nyek Esk\u00fcv\u0151szervez\u0151","description":"Egy csod\u00e1latos \u00fat egy\u00fctt megt\u00e9ve","publisher":{"@id":"https:\/\/chiarabevents.com\/#organization"},"potentialAction":[{"@type":"SearchAction","target":{"@type":"EntryPoint","urlTemplate":"https:\/\/chiarabevents.com\/?s={search_term_string}"},"query-input":{"@type":"PropertyValueSpecification","valueRequired":true,"valueName":"search_term_string"}}],"inLanguage":"hu-HU"},{"@type":"Organization","@id":"https:\/\/chiarabevents.com\/#organization","name":"ChiaraB Esem\u00e9nyek Esk\u00fcv\u0151szervez\u0151","url":"https:\/\/chiarabevents.com\/","logo":{"@type":"ImageObject","inLanguage":"hu-HU","@id":"https:\/\/chiarabevents.com\/#\/schema\/logo\/image\/","url":"https:\/\/chiarabevents.com\/wp-content\/uploads\/2023\/12\/cropped-Monogramma_chiarab.png","contentUrl":"https:\/\/chiarabevents.com\/wp-content\/uploads\/2023\/12\/cropped-Monogramma_chiarab.png","width":512,"height":512,"caption":"ChiaraB Events Wedding Planner"},"image":{"@id":"https:\/\/chiarabevents.com\/#\/schema\/logo\/image\/"},"sameAs":["https:\/\/www.facebook.com\/chiarabevent","https:\/\/www.instagram.com\/chiarab_events\/"]},{"@type":"Person","@id":"https:\/\/chiarabevents.com\/#\/schema\/person\/bbb582cfce34a973ad4463736fd0b0f4","name":"ChiaraB Blog","image":{"@type":"ImageObject","inLanguage":"hu-HU","@id":"https:\/\/chiarabevents.com\/wp-content\/litespeed\/avatar\/1646323b4cbc3492de1328080709cacc.jpg?ver=1777061573","url":"https:\/\/chiarabevents.com\/wp-content\/litespeed\/avatar\/1646323b4cbc3492de1328080709cacc.jpg?ver=1777061573","contentUrl":"https:\/\/chiarabevents.com\/wp-content\/litespeed\/avatar\/1646323b4cbc3492de1328080709cacc.jpg?ver=1777061573","caption":"ChiaraB Blog"},"url":"https:\/\/chiarabevents.com\/hu\/author\/chiarab-blog\/"}]}},"_links":{"self":[{"href":"https:\/\/chiarabevents.com\/hu\/wp-json\/wp\/v2\/posts\/34938","targetHints":{"allow":["GET"]}}],"collection":[{"href":"https:\/\/chiarabevents.com\/hu\/wp-json\/wp\/v2\/posts"}],"about":[{"href":"https:\/\/chiarabevents.com\/hu\/wp-json\/wp\/v2\/types\/post"}],"author":[{"embeddable":true,"href":"https:\/\/chiarabevents.com\/hu\/wp-json\/wp\/v2\/users\/4"}],"replies":[{"embeddable":true,"href":"https:\/\/chiarabevents.com\/hu\/wp-json\/wp\/v2\/comments?post=34938"}],"version-history":[{"count":2,"href":"https:\/\/chiarabevents.com\/hu\/wp-json\/wp\/v2\/posts\/34938\/revisions"}],"predecessor-version":[{"id":35027,"href":"https:\/\/chiarabevents.com\/hu\/wp-json\/wp\/v2\/posts\/34938\/revisions\/35027"}],"wp:featuredmedia":[{"embeddable":true,"href":"https:\/\/chiarabevents.com\/hu\/wp-json\/wp\/v2\/media\/35015"}],"wp:attachment":[{"href":"https:\/\/chiarabevents.com\/hu\/wp-json\/wp\/v2\/media?parent=34938"}],"wp:term":[{"taxonomy":"category","embeddable":true,"href":"https:\/\/chiarabevents.com\/hu\/wp-json\/wp\/v2\/categories?post=34938"},{"taxonomy":"post_tag","embeddable":true,"href":"https:\/\/chiarabevents.com\/hu\/wp-json\/wp\/v2\/tags?post=34938"}],"curies":[{"name":"wp","href":"https:\/\/api.w.org\/{rel}","templated":true}]}}