{"id":11732,"date":"2025-07-23T19:54:20","date_gmt":"2025-07-23T17:54:20","guid":{"rendered":"https:\/\/chiarabevents.com\/?p=11732"},"modified":"2026-03-12T10:56:54","modified_gmt":"2026-03-12T10:56:54","slug":"casar-na-ermida-dos-frades-brancos-um-local-magico-para-casamentos-de-contos-de-fadas","status":"publish","type":"post","link":"https:\/\/chiarabevents.com\/pt\/casar-na-ermida-dos-frades-brancos-um-local-magico-para-casamentos-de-contos-de-fadas\/","title":{"rendered":"Casar na Ermida dos Frades Brancos: um local m\u00e1gico para casamentos de contos de fadas"},"content":{"rendered":"<h1>Casamento na Ermida dos Frades Brancos: um lugar m\u00e1gico para casamentos de contos de fadas<\/h1>\n<h2>Introdu\u00e7\u00e3o<\/h2>\n<p>Casar no Eremo dei Frati Bianchi \u00e9 uma escolha que promete transformar o vosso dia de casamento numa experi\u00eancia extraordin\u00e1ria e inesquec\u00edvel. Aninhado na tranquilidade do campo italiano, este local encantador oferece uma combina\u00e7\u00e3o perfeita de <strong>hist\u00f3ria<\/strong>, <strong>eleg\u00e2ncia<\/strong> e <strong>serenidade<\/strong>tornando-o o local ideal para casamentos de contos de fadas.<\/p>\n<p>Neste artigo, vamos explorar as raz\u00f5es pelas quais a Ermida dos Frades Brancos \u00e9 a escolha perfeita para o seu casamento, gui\u00e1-lo atrav\u00e9s do processo de planeamento e fornecer dicas \u00fateis para tirar o m\u00e1ximo partido deste magn\u00edfico local. Vamos tamb\u00e9m descobrir as experi\u00eancias de casais que celebraram o seu <a href=\"https:\/\/chiarabevents.com\/pt\/casamento-no-lago-maggiore-um-dos-mais-belos-lagos-de-italia\/\">dia especial<\/a> neste lugar encantador.<\/p>\n<h2>Porqu\u00ea escolher a Ermida dos Frades Brancos?<\/h2>\n<h3>Um canto de hist\u00f3ria e charme<\/h3>\n<p>A Ermida dos Frades Brancos \u00e9 um antigo mosteiro que remonta ao s\u00e9culo <strong>S\u00e9culo XIII<\/strong>O hotel est\u00e1 situado num local panor\u00e2mico e tranquilo. Esta historicidade confere ao local um encanto \u00fanico, com a sua arquitetura g\u00f3tica e um ambiente sereno que convida \u00e0 reflex\u00e3o e \u00e0 beleza. O <strong>igreja<\/strong> hist\u00f3rico, o <strong>claustros<\/strong> e o <strong>jardins<\/strong> do eremit\u00e9rio criam uma atmosfera de paz e espiritualidade que torna cada casamento \u00fanico e especial.<\/p>\n<p>As suas origens religiosas conferem um significado suplementar ao vosso grande dia. O ambiente \u00edntimo e acolhedor da Ermida dos Frades Brancos \u00e9 perfeito para os casais que procuram uma celebra\u00e7\u00e3o com um toque de <strong>sagrado<\/strong> e <strong>majestade<\/strong>. Cada canto do Eremo conta hist\u00f3rias de devo\u00e7\u00e3o e beleza, criando um ambiente ideal para prometer amor eterno. <a href=\"https:\/\/chiarabevents.com\/pt\/casar-na-abadia-de-santa-helena-um-casamento-entre-a-historia-e-a-espiritualidade\/\">Casar-se na Abadia de Sant\u2019Elena<\/a> significa envolver-se numa atmosfera encantadora, onde o sagrado se funde harmoniosamente com a celebra\u00e7\u00e3o do verdadeiro amor. Os sons da natureza que rodeiam o local acrescentam uma dimens\u00e3o adicional de serenidade a este momento especial.<\/p>\n<h3>Um local vers\u00e1til para cada etapa do casamento<\/h3>\n<p>A Ermida dos Frades Brancos oferece uma vasta gama de espa\u00e7os que podem ser adaptados a qualquer parte do casamento. Imaginem trocar os vossos votos na <strong>igreja<\/strong> hist\u00f3rico, seguido de um cocktail de rece\u00e7\u00e3o no <strong>claustro<\/strong> medieval e terminar a noite com uma elegante rece\u00e7\u00e3o no <strong>jardim<\/strong> ao ar livre. Cada canto do eremo \u00e9 projetado para oferecer uma experi\u00eancia exclusiva e personalizada. Al\u00e9m disso, os espa\u00e7os flex\u00edveis e sugestivos do Eremo podem ser organizados de acordo com as suas necessidades e desejos, criando uma atmosfera \u00fanica e inesquec\u00edvel. Quer esteja procurando <a href=\"https:\/\/chiarabevents.com\/pt\/ideias-para-uma-rececao-de-casamento-em-tonnara-di-scopello\/\">ideias para uma recep\u00e7\u00e3o de casamento<\/a> \u00edntima ou uma grande festa, o nosso <a href=\"https:\/\/chiarabevents.com\/pt\/equipa\/\">equipa<\/a> est\u00e1 pronto para realizar cada um dos seus pedidos. Cada detalhe ser\u00e1 cuidado com aten\u00e7\u00e3o para tornar o seu dia especial um evento memor\u00e1vel. Al\u00e9m disso, a localiza\u00e7\u00e3o do eremo, imerso na natureza e rodeado por uma paisagem deslumbrante, torna-o <a href=\"https:\/\/chiarabevents.com\/pt\/casar-em-terrazze-di-colle-gagliardo-um-casamento-de-sonho-nas-colinas-da-umbria\/\">ideal para casamentos entre as colinas<\/a>. Os convidados poder\u00e3o desfrutar da beleza da paisagem, criando uma atmosfera rom\u00e2ntica e sugestiva para o vosso dia especial. Com a nossa aten\u00e7\u00e3o aos detalhes e o compromisso em tornar cada momento inesquec\u00edvel, o seu casamento ser\u00e1 uma experi\u00eancia para recordar para sempre.<\/p>\n<p>Os espa\u00e7os interiores e exteriores de l'Hermitage podem acolher uma variedade de <a href=\"https:\/\/chiarabevents.com\/pt\/eventos\/\">eventos<\/a>Vamos l\u00e1 <a href=\"https:\/\/chiarabevents.com\/pt\/tendencias-e-estilos\/casamentos-na-praia-dicas-para-um-evento-de-sonho\/\">casamentos<\/a> A flexibilidade dos espa\u00e7os permite criar o ambiente desejado, quer se trate de uma cerim\u00f3nia formal ou de uma rece\u00e7\u00e3o mais informal. A flexibilidade dos espa\u00e7os permite criar o ambiente desejado, quer se trate de uma cerim\u00f3nia formal ou de uma rece\u00e7\u00e3o mais informal.<\/p>\n<h3>Servi\u00e7os exclusivos para um casamento perfeito<\/h3>\n<p>Ao confiar-se ao Eremit\u00e9rio dos Frades Brancos, ter\u00e1 acesso a uma s\u00e9rie de <strong>servi\u00e7os exclusivos<\/strong> que assegurar\u00e1 que todos os pormenores do vosso casamento sejam perfeitos. O pessoal altamente qualificado est\u00e1 pronto para o ajudar a planear e a realizar o seu casamento. <a href=\"https:\/\/chiarabevents.com\/pt\/tendencias-e-estilos\/casamento-em-cefalu-o-cenario-perfeito-para-casamentos-na-sicilia\/\">sonho<\/a>.<\/p>\n<p>O <strong><a href=\"https:\/\/chiarabevents.com\/pt\/guias-e-dicas\/dicas-para-escolher-o-fornecedor-perfeito-para-o-seu-casamento-na-sicilia\/\">restaura\u00e7\u00e3o<\/a><\/strong> oferecido \u00e9 de alta qualidade, com pratos preparados por chefs experientes utilizando ingredientes frescos e locais. Poder\u00e1 trabalhar em estreita colabora\u00e7\u00e3o com a equipa de catering para criar um menu personalizado que satisfa\u00e7a os seus gostos e os dos seus convidados.<\/p>\n<p>Para al\u00e9m disso, o estabelecimento oferece ainda <strong>decora\u00e7\u00e3o<\/strong>, <strong>m\u00fasica<\/strong> e <strong>fotografia<\/strong>. Pode trabalhar com fornecedores de confian\u00e7a para personalizar todos os aspectos do seu casamento, assegurando que tudo reflecte o seu estilo e prefer\u00eancias.<\/p>\n<h2>Como organizar um casamento na Ermida dos Frades Brancos<\/h2>\n<h3>Planeamento e prepara\u00e7\u00e3o<\/h3>\n<p>O planeamento do casamento na Ermida dos Frades Brancos come\u00e7a com uma <strong>visita<\/strong> ao local. Assim, poder\u00e1 ver com os seus pr\u00f3prios olhos os espa\u00e7os dispon\u00edveis, falar com o pessoal e come\u00e7ar a planear o seu grande dia. \u00c9 aconselh\u00e1vel reservar com <strong>avan\u00e7o<\/strong> para garantir a disponibilidade da data desejada, especialmente se desejar celebrar o casamento durante o <strong>\u00e9poca alta<\/strong>.<\/p>\n<p>Durante a vossa visita, poder\u00e3o discutir as vossas necessidades e prefer\u00eancias com o pessoal da Ermida. Estes especialistas ajud\u00e1-lo-\u00e3o a planear todos os pormenores, desde a disposi\u00e7\u00e3o do espa\u00e7o at\u00e9 \u00e0 escolha dos fornecedores, para que tudo seja perfeito para o seu casamento.<\/p>\n<h3>Personalizar o evento<\/h3>\n<p>Cada casamento \u00e9 \u00fanico, e a Ermida dos Frades Brancos oferece muitas op\u00e7\u00f5es para <strong>personalizar<\/strong> o seu evento. Pode escolher o <strong>tema<\/strong> de casamento, selecionar o <strong>decora\u00e7\u00e3o<\/strong> e planear um <strong>menu<\/strong> que satisfa\u00e7a os seus gostos e os dos seus convidados.<\/p>\n<p>Se tiverem um tema espec\u00edfico em mente, a equipa do Eremo dei Frati Bianchi ter\u00e1 todo o prazer em ajud\u00e1-los a concretiz\u00e1-lo. Desde a escolha das flores aos arranjos das mesas, todos os aspectos do casamento podem ser personalizados para refletir o vosso estilo e prefer\u00eancias.<\/p>\n<h3>Log\u00edstica e alojamento<\/h3>\n<p>N\u00e3o se esque\u00e7a de considerar o <strong>log\u00edstica<\/strong> e o <strong>acordo<\/strong> para si e para os seus convidados. A Ermida dos Frades Brancos est\u00e1 situada numa zona tranquila, longe da az\u00e1fama da cidade, mas isso significa que poder\u00e1 ter de organizar transporte para os seus convidados. Consulte as op\u00e7\u00f5es de <strong>transporte<\/strong> e considerar a organiza\u00e7\u00e3o de vaiv\u00e9ns ou de transportes privados para facilitar a chegada e a partida dos h\u00f3spedes.<\/p>\n<p>Al\u00e9m disso, \u00e9 importante planear a <strong>acordo<\/strong> para os h\u00f3spedes que v\u00eam de longe. Muitos hot\u00e9is e pens\u00f5es nas proximidades oferecem alojamento confort\u00e1vel, e o pessoal da Ermida dos Frades Brancos pode dar recomenda\u00e7\u00f5es sobre onde ficar.<\/p>\n<h2>Testemunhos e experi\u00eancias<\/h2>\n<p>Os casais que escolheram a Ermida dos Frades Brancos para o seu casamento falam frequentemente de uma experi\u00eancia <strong>extraordin\u00e1rio<\/strong>. Os coment\u00e1rios elogiam a beleza do local, a efici\u00eancia do pessoal e a qualidade dos servi\u00e7os. Os coment\u00e1rios positivos sublinham como a atmosfera do local e a aten\u00e7\u00e3o aos pormenores ajudaram a criar um casamento que os participantes recordar\u00e3o para sempre.<\/p>\n<p>Pode ler alguns dos testemunhos de casais que celebraram o seu casamento em l'Hermitage dos Frades Brancos <a href=\"https:\/\/chiarabevents.com\/pt\/blogue\/\" target=\"_new\" rel=\"noopener\">aqui<\/a>. As suas experi\u00eancias dar-lhe-\u00e3o uma ideia do que pode esperar e inspir\u00e1-lo-\u00e3o no planeamento do seu evento.<\/p>\n<h2>FAQ<\/h2>\n<h3>Quanto custa o aluguer da Ermida dos Frades Brancos?<\/h3>\n<p>O custo do aluguer do Eremo dei Frati Bianchi varia em fun\u00e7\u00e3o da \u00e9poca e dos servi\u00e7os solicitados. \u00c9 aconselh\u00e1vel contactar diretamente o local para obter um or\u00e7amento detalhado e personalizado. Considerar que o investimento neste local exclusivo vale definitivamente a pena pela experi\u00eancia \u00fanica que oferece.<\/p>\n<h3>Quantos h\u00f3spedes podem ser acomodados na Ermida dos Frades Brancos?<\/h3>\n<p>A Ermida dos Frades Brancos pode acolher um n\u00famero vari\u00e1vel de convidados em fun\u00e7\u00e3o do espa\u00e7o escolhido para a cerim\u00f3nia e a rece\u00e7\u00e3o. Em geral, pode acolher at\u00e9 200 pessoas, mas \u00e9 importante confirmar o n\u00famero exato com o pessoal da ermida.<\/p>\n<h3>\u00c9 poss\u00edvel organizar uma cerim\u00f3nia religiosa na Ermida dos Frades Brancos?<\/h3>\n<p>Sim, \u00e9 poss\u00edvel organizar uma cerim\u00f3nia religiosa no interior da igreja hist\u00f3rica de l'Hermitage. O edif\u00edcio oferece um espa\u00e7o sagrado que pode ser utilizado para celebra\u00e7\u00f5es religiosas. Para pormenores espec\u00edficos, \u00e9 aconselh\u00e1vel discutir as op\u00e7\u00f5es com o pessoal da Ermida.<\/p>\n<h3>O Eremo dei Frati Bianchi oferece servi\u00e7os de catering?<\/h3>\n<p>Sim, o Eremo dei Frati Bianchi oferece servi\u00e7os de catering com pratos preparados por chefes especializados. O menu pode ser personalizado de acordo com as suas prefer\u00eancias e as necessidades alimentares dos seus convidados. O catering \u00e9 um dos aspectos distintivos da experi\u00eancia oferecida pelo Eremo.<\/p>\n<h3>Como posso reservar uma visita \u00e0 Ermida dos Frades Brancos?<\/h3>\n<p>Para reservar uma visita \u00e0 Ermida dos Frades Brancos, pode contactar diretamente o s\u00edtio atrav\u00e9s do <a href=\"https:\/\/chiarabevents.com\/pt\/blogue\/\" target=\"_new\" rel=\"noopener\">formul\u00e1rio de contacto<\/a> ou ligar para o n\u00famero fornecido no seu s\u00edtio Web oficial. A visita permitir-lhe-\u00e1 conhecer as instala\u00e7\u00f5es, falar com o pessoal e come\u00e7ar a planear o seu casamento.<\/p>\n<h2>Conclus\u00e3o<\/h2>\n<p>Casar no Eremo dei Frati Bianchi significa escolher um local que oferece n\u00e3o s\u00f3 <strong>beleza<\/strong> e <strong>eleg\u00e2ncia<\/strong>mas tamb\u00e9m uma profunda <strong>significado hist\u00f3rico<\/strong> e <strong>espiritualidade<\/strong>. Com o planeamento e a personaliza\u00e7\u00e3o adequados, o vosso casamento ser\u00e1 um verdadeiro conto de fadas. N\u00e3o hesitem em contactar Eremo dei Frati Bianchi para come\u00e7ar a planear o vosso dia especial.<\/p>\n<p>Para mais dicas e inspira\u00e7\u00e3o para o seu casamento, visite a nossa <a href=\"https:\/\/chiarabevents.com\/pt\/blogue\/\" target=\"_new\" rel=\"noopener\">Blogue de Chiara Bevents<\/a>.<\/p>","protected":false},"excerpt":{"rendered":"<p>Sposarsi all\u2019Eremo dei Frati Bianchi: una Location Magica per Nozze da Favola Introduzione Sposarsi all\u2019Eremo dei Frati Bianchi \u00e8 una scelta che promette di trasformare il giorno del tuo matrimonio in un&#8217;esperienza straordinaria e indimenticabile. Immerso nella tranquillit\u00e0 della campagna italiana, questo luogo affascinante offre una combinazione perfetta di storia, eleganza e serenit\u00e0, rendendolo la location ideale [&hellip;]<\/p>","protected":false},"author":4,"featured_media":11733,"comment_status":"closed","ping_status":"closed","sticky":false,"template":"","format":"standard","meta":{"footnotes":""},"categories":[150,149,18,145],"tags":[],"class_list":["post-11732","post","type-post","status-publish","format-standard","has-post-thumbnail","hentry","category-consigli","category-party","category-photography","category-wedding"],"yoast_head":"<!-- This site is optimized with the Yoast SEO Premium plugin v21.8 (Yoast SEO v27.3) - https:\/\/yoast.com\/product\/yoast-seo-premium-wordpress\/ -->\n<title>Sposarsi all\u2019Eremo dei Frati Bianchi - ChiaraB Events Wedding Planner<\/title>\n<meta name=\"description\" content=\"Sposarsi all\u2019Eremo dei Frati Bianchi \u00e8 una scelta che promette di trasformare il giorno del tuo matrimonio in un&#039;esperienza straordinaria\" \/>\n<meta name=\"robots\" content=\"index, follow, max-snippet:-1, max-image-preview:large, max-video-preview:-1\" \/>\n<link rel=\"canonical\" href=\"https:\/\/chiarabevents.com\/pt\/casar-na-ermida-dos-frades-brancos-um-local-magico-para-casamentos-de-contos-de-fadas\/\" \/>\n<meta property=\"og:locale\" content=\"pt_PT\" \/>\n<meta property=\"og:type\" content=\"article\" \/>\n<meta property=\"og:title\" content=\"Sposarsi all\u2019Eremo dei Frati Bianchi: una location magica per nozze da favola\" \/>\n<meta property=\"og:description\" content=\"Sposarsi all\u2019Eremo dei Frati Bianchi \u00e8 una scelta che promette di trasformare il giorno del tuo matrimonio in un&#039;esperienza straordinaria\" \/>\n<meta property=\"og:url\" content=\"https:\/\/chiarabevents.com\/pt\/casar-na-ermida-dos-frades-brancos-um-local-magico-para-casamentos-de-contos-de-fadas\/\" \/>\n<meta property=\"og:site_name\" content=\"ChiaraB Events Wedding Planner\" \/>\n<meta property=\"article:publisher\" content=\"https:\/\/www.facebook.com\/chiarabevent\" \/>\n<meta property=\"article:published_time\" content=\"2025-07-23T17:54:20+00:00\" \/>\n<meta property=\"article:modified_time\" content=\"2026-03-12T10:56:54+00:00\" \/>\n<meta property=\"og:image\" content=\"https:\/\/chiarabevents.com\/wp-content\/uploads\/2024\/09\/2150835712.jpg\" \/>\n\t<meta property=\"og:image:width\" content=\"1500\" \/>\n\t<meta property=\"og:image:height\" content=\"1053\" \/>\n\t<meta property=\"og:image:type\" content=\"image\/jpeg\" \/>\n<meta name=\"author\" content=\"ChiaraB Blog\" \/>\n<meta name=\"twitter:card\" content=\"summary_large_image\" \/>\n<meta name=\"twitter:label1\" content=\"Written by\" \/>\n\t<meta name=\"twitter:data1\" content=\"ChiaraB Blog\" \/>\n\t<meta name=\"twitter:label2\" content=\"Est. reading time\" \/>\n\t<meta name=\"twitter:data2\" content=\"7 minutes\" \/>\n<script type=\"application\/ld+json\" class=\"yoast-schema-graph\">{\"@context\":\"https:\\\/\\\/schema.org\",\"@graph\":[{\"@type\":\"Article\",\"@id\":\"https:\\\/\\\/chiarabevents.com\\\/hu\\\/eskuvo-a-feher-baratok-remeteben-varazslatos-helyszin-mesebeli-eskuvokhoz\\\/#article\",\"isPartOf\":{\"@id\":\"https:\\\/\\\/chiarabevents.com\\\/hu\\\/eskuvo-a-feher-baratok-remeteben-varazslatos-helyszin-mesebeli-eskuvokhoz\\\/\"},\"author\":{\"name\":\"ChiaraB Blog\",\"@id\":\"https:\\\/\\\/chiarabevents.com\\\/#\\\/schema\\\/person\\\/bbb582cfce34a973ad4463736fd0b0f4\"},\"headline\":\"Sposarsi all\u2019Eremo dei Frati Bianchi: una location magica per nozze da favola\",\"datePublished\":\"2025-07-23T17:54:20+00:00\",\"dateModified\":\"2026-03-12T10:56:54+00:00\",\"mainEntityOfPage\":{\"@id\":\"https:\\\/\\\/chiarabevents.com\\\/hu\\\/eskuvo-a-feher-baratok-remeteben-varazslatos-helyszin-mesebeli-eskuvokhoz\\\/\"},\"wordCount\":1426,\"publisher\":{\"@id\":\"https:\\\/\\\/chiarabevents.com\\\/#organization\"},\"image\":{\"@id\":\"https:\\\/\\\/chiarabevents.com\\\/hu\\\/eskuvo-a-feher-baratok-remeteben-varazslatos-helyszin-mesebeli-eskuvokhoz\\\/#primaryimage\"},\"thumbnailUrl\":\"https:\\\/\\\/chiarabevents.com\\\/wp-content\\\/uploads\\\/2024\\\/09\\\/2150835712.jpg\",\"articleSection\":[\"Consigli\",\"Party\",\"Photography\",\"Wedding\"],\"inLanguage\":\"pt-PT\"},{\"@type\":\"WebPage\",\"@id\":\"https:\\\/\\\/chiarabevents.com\\\/hu\\\/eskuvo-a-feher-baratok-remeteben-varazslatos-helyszin-mesebeli-eskuvokhoz\\\/\",\"url\":\"https:\\\/\\\/chiarabevents.com\\\/hu\\\/eskuvo-a-feher-baratok-remeteben-varazslatos-helyszin-mesebeli-eskuvokhoz\\\/\",\"name\":\"Sposarsi all\u2019Eremo dei Frati Bianchi - ChiaraB Events Wedding Planner\",\"isPartOf\":{\"@id\":\"https:\\\/\\\/chiarabevents.com\\\/#website\"},\"primaryImageOfPage\":{\"@id\":\"https:\\\/\\\/chiarabevents.com\\\/hu\\\/eskuvo-a-feher-baratok-remeteben-varazslatos-helyszin-mesebeli-eskuvokhoz\\\/#primaryimage\"},\"image\":{\"@id\":\"https:\\\/\\\/chiarabevents.com\\\/hu\\\/eskuvo-a-feher-baratok-remeteben-varazslatos-helyszin-mesebeli-eskuvokhoz\\\/#primaryimage\"},\"thumbnailUrl\":\"https:\\\/\\\/chiarabevents.com\\\/wp-content\\\/uploads\\\/2024\\\/09\\\/2150835712.jpg\",\"datePublished\":\"2025-07-23T17:54:20+00:00\",\"dateModified\":\"2026-03-12T10:56:54+00:00\",\"description\":\"Sposarsi all\u2019Eremo dei Frati Bianchi \u00e8 una scelta che promette di trasformare il giorno del tuo matrimonio in un'esperienza straordinaria\",\"breadcrumb\":{\"@id\":\"https:\\\/\\\/chiarabevents.com\\\/hu\\\/eskuvo-a-feher-baratok-remeteben-varazslatos-helyszin-mesebeli-eskuvokhoz\\\/#breadcrumb\"},\"inLanguage\":\"pt-PT\",\"potentialAction\":[{\"@type\":\"ReadAction\",\"target\":[\"https:\\\/\\\/chiarabevents.com\\\/hu\\\/eskuvo-a-feher-baratok-remeteben-varazslatos-helyszin-mesebeli-eskuvokhoz\\\/\"]}]},{\"@type\":\"ImageObject\",\"inLanguage\":\"pt-PT\",\"@id\":\"https:\\\/\\\/chiarabevents.com\\\/hu\\\/eskuvo-a-feher-baratok-remeteben-varazslatos-helyszin-mesebeli-eskuvokhoz\\\/#primaryimage\",\"url\":\"https:\\\/\\\/chiarabevents.com\\\/wp-content\\\/uploads\\\/2024\\\/09\\\/2150835712.jpg\",\"contentUrl\":\"https:\\\/\\\/chiarabevents.com\\\/wp-content\\\/uploads\\\/2024\\\/09\\\/2150835712.jpg\",\"width\":1500,\"height\":1053,\"caption\":\"Celebrazione di matrimonio inclusivo con coppia LGBTQ+ felice, abiti eleganti bianchi, bouquet di fiori, atmosfera di gioia e amore, organizzato da ChiaraB Events Wedding Planner.\"},{\"@type\":\"BreadcrumbList\",\"@id\":\"https:\\\/\\\/chiarabevents.com\\\/hu\\\/eskuvo-a-feher-baratok-remeteben-varazslatos-helyszin-mesebeli-eskuvokhoz\\\/#breadcrumb\",\"itemListElement\":[{\"@type\":\"ListItem\",\"position\":1,\"name\":\"Home\",\"item\":\"https:\\\/\\\/chiarabevents.com\\\/\"},{\"@type\":\"ListItem\",\"position\":2,\"name\":\"Sposarsi all\u2019Eremo dei Frati Bianchi: una location magica per nozze da favola\"}]},{\"@type\":\"WebSite\",\"@id\":\"https:\\\/\\\/chiarabevents.com\\\/#website\",\"url\":\"https:\\\/\\\/chiarabevents.com\\\/\",\"name\":\"ChiaraB Events Wedding Planner\",\"description\":\"Un meraviglioso percorso fatto insieme\",\"publisher\":{\"@id\":\"https:\\\/\\\/chiarabevents.com\\\/#organization\"},\"potentialAction\":[{\"@type\":\"SearchAction\",\"target\":{\"@type\":\"EntryPoint\",\"urlTemplate\":\"https:\\\/\\\/chiarabevents.com\\\/?s={search_term_string}\"},\"query-input\":{\"@type\":\"PropertyValueSpecification\",\"valueRequired\":true,\"valueName\":\"search_term_string\"}}],\"inLanguage\":\"pt-PT\"},{\"@type\":\"Organization\",\"@id\":\"https:\\\/\\\/chiarabevents.com\\\/#organization\",\"name\":\"ChiaraB Events Wedding Planner\",\"url\":\"https:\\\/\\\/chiarabevents.com\\\/\",\"logo\":{\"@type\":\"ImageObject\",\"inLanguage\":\"pt-PT\",\"@id\":\"https:\\\/\\\/chiarabevents.com\\\/#\\\/schema\\\/logo\\\/image\\\/\",\"url\":\"https:\\\/\\\/chiarabevents.com\\\/wp-content\\\/uploads\\\/2023\\\/12\\\/cropped-Monogramma_chiarab.png\",\"contentUrl\":\"https:\\\/\\\/chiarabevents.com\\\/wp-content\\\/uploads\\\/2023\\\/12\\\/cropped-Monogramma_chiarab.png\",\"width\":512,\"height\":512,\"caption\":\"ChiaraB Events Wedding Planner\"},\"image\":{\"@id\":\"https:\\\/\\\/chiarabevents.com\\\/#\\\/schema\\\/logo\\\/image\\\/\"},\"sameAs\":[\"https:\\\/\\\/www.facebook.com\\\/chiarabevent\",\"https:\\\/\\\/www.instagram.com\\\/chiarab_events\\\/\"]},{\"@type\":\"Person\",\"@id\":\"https:\\\/\\\/chiarabevents.com\\\/#\\\/schema\\\/person\\\/bbb582cfce34a973ad4463736fd0b0f4\",\"name\":\"ChiaraB Blog\",\"image\":{\"@type\":\"ImageObject\",\"inLanguage\":\"pt-PT\",\"@id\":\"https:\\\/\\\/chiarabevents.com\\\/wp-content\\\/litespeed\\\/avatar\\\/1646323b4cbc3492de1328080709cacc.jpg?ver=1777061573\",\"url\":\"https:\\\/\\\/chiarabevents.com\\\/wp-content\\\/litespeed\\\/avatar\\\/1646323b4cbc3492de1328080709cacc.jpg?ver=1777061573\",\"contentUrl\":\"https:\\\/\\\/chiarabevents.com\\\/wp-content\\\/litespeed\\\/avatar\\\/1646323b4cbc3492de1328080709cacc.jpg?ver=1777061573\",\"caption\":\"ChiaraB Blog\"},\"url\":\"https:\\\/\\\/chiarabevents.com\\\/pt\\\/author\\\/chiarab-blog\\\/\"}]}<\/script>\n<!-- \/ Yoast SEO Premium plugin. -->","yoast_head_json":{"title":"Casar no Eremo dei Frati Bianchi - ChiaraB Events Wedding Planner","description":"Casar na Ermida dos Frades Brancos \u00e9 uma escolha que promete transformar o dia do vosso casamento numa experi\u00eancia extraordin\u00e1ria","robots":{"index":"index","follow":"follow","max-snippet":"max-snippet:-1","max-image-preview":"max-image-preview:large","max-video-preview":"max-video-preview:-1"},"canonical":"https:\/\/chiarabevents.com\/pt\/casar-na-ermida-dos-frades-brancos-um-local-magico-para-casamentos-de-contos-de-fadas\/","og_locale":"pt_PT","og_type":"article","og_title":"Sposarsi all\u2019Eremo dei Frati Bianchi: una location magica per nozze da favola","og_description":"Sposarsi all\u2019Eremo dei Frati Bianchi \u00e8 una scelta che promette di trasformare il giorno del tuo matrimonio in un'esperienza straordinaria","og_url":"https:\/\/chiarabevents.com\/pt\/casar-na-ermida-dos-frades-brancos-um-local-magico-para-casamentos-de-contos-de-fadas\/","og_site_name":"ChiaraB Events Wedding Planner","article_publisher":"https:\/\/www.facebook.com\/chiarabevent","article_published_time":"2025-07-23T17:54:20+00:00","article_modified_time":"2026-03-12T10:56:54+00:00","og_image":[{"width":1500,"height":1053,"url":"https:\/\/chiarabevents.com\/wp-content\/uploads\/2024\/09\/2150835712.jpg","type":"image\/jpeg"}],"author":"ChiaraB Blog","twitter_card":"summary_large_image","twitter_misc":{"Written by":"ChiaraB Blog","Est. reading time":"7 minutes"},"schema":{"@context":"https:\/\/schema.org","@graph":[{"@type":"Article","@id":"https:\/\/chiarabevents.com\/hu\/eskuvo-a-feher-baratok-remeteben-varazslatos-helyszin-mesebeli-eskuvokhoz\/#article","isPartOf":{"@id":"https:\/\/chiarabevents.com\/hu\/eskuvo-a-feher-baratok-remeteben-varazslatos-helyszin-mesebeli-eskuvokhoz\/"},"author":{"name":"ChiaraB Blog","@id":"https:\/\/chiarabevents.com\/#\/schema\/person\/bbb582cfce34a973ad4463736fd0b0f4"},"headline":"Sposarsi all\u2019Eremo dei Frati Bianchi: una location magica per nozze da favola","datePublished":"2025-07-23T17:54:20+00:00","dateModified":"2026-03-12T10:56:54+00:00","mainEntityOfPage":{"@id":"https:\/\/chiarabevents.com\/hu\/eskuvo-a-feher-baratok-remeteben-varazslatos-helyszin-mesebeli-eskuvokhoz\/"},"wordCount":1426,"publisher":{"@id":"https:\/\/chiarabevents.com\/#organization"},"image":{"@id":"https:\/\/chiarabevents.com\/hu\/eskuvo-a-feher-baratok-remeteben-varazslatos-helyszin-mesebeli-eskuvokhoz\/#primaryimage"},"thumbnailUrl":"https:\/\/chiarabevents.com\/wp-content\/uploads\/2024\/09\/2150835712.jpg","articleSection":["Consigli","Party","Photography","Wedding"],"inLanguage":"pt-PT"},{"@type":"WebPage","@id":"https:\/\/chiarabevents.com\/hu\/eskuvo-a-feher-baratok-remeteben-varazslatos-helyszin-mesebeli-eskuvokhoz\/","url":"https:\/\/chiarabevents.com\/hu\/eskuvo-a-feher-baratok-remeteben-varazslatos-helyszin-mesebeli-eskuvokhoz\/","name":"Casar no Eremo dei Frati Bianchi - ChiaraB Events Wedding Planner","isPartOf":{"@id":"https:\/\/chiarabevents.com\/#website"},"primaryImageOfPage":{"@id":"https:\/\/chiarabevents.com\/hu\/eskuvo-a-feher-baratok-remeteben-varazslatos-helyszin-mesebeli-eskuvokhoz\/#primaryimage"},"image":{"@id":"https:\/\/chiarabevents.com\/hu\/eskuvo-a-feher-baratok-remeteben-varazslatos-helyszin-mesebeli-eskuvokhoz\/#primaryimage"},"thumbnailUrl":"https:\/\/chiarabevents.com\/wp-content\/uploads\/2024\/09\/2150835712.jpg","datePublished":"2025-07-23T17:54:20+00:00","dateModified":"2026-03-12T10:56:54+00:00","description":"Casar na Ermida dos Frades Brancos \u00e9 uma escolha que promete transformar o dia do vosso casamento numa experi\u00eancia extraordin\u00e1ria","breadcrumb":{"@id":"https:\/\/chiarabevents.com\/hu\/eskuvo-a-feher-baratok-remeteben-varazslatos-helyszin-mesebeli-eskuvokhoz\/#breadcrumb"},"inLanguage":"pt-PT","potentialAction":[{"@type":"ReadAction","target":["https:\/\/chiarabevents.com\/hu\/eskuvo-a-feher-baratok-remeteben-varazslatos-helyszin-mesebeli-eskuvokhoz\/"]}]},{"@type":"ImageObject","inLanguage":"pt-PT","@id":"https:\/\/chiarabevents.com\/hu\/eskuvo-a-feher-baratok-remeteben-varazslatos-helyszin-mesebeli-eskuvokhoz\/#primaryimage","url":"https:\/\/chiarabevents.com\/wp-content\/uploads\/2024\/09\/2150835712.jpg","contentUrl":"https:\/\/chiarabevents.com\/wp-content\/uploads\/2024\/09\/2150835712.jpg","width":1500,"height":1053,"caption":"Celebrazione di matrimonio inclusivo con coppia LGBTQ+ felice, abiti eleganti bianchi, bouquet di fiori, atmosfera di gioia e amore, organizzato da ChiaraB Events Wedding Planner."},{"@type":"BreadcrumbList","@id":"https:\/\/chiarabevents.com\/hu\/eskuvo-a-feher-baratok-remeteben-varazslatos-helyszin-mesebeli-eskuvokhoz\/#breadcrumb","itemListElement":[{"@type":"ListItem","position":1,"name":"Home","item":"https:\/\/chiarabevents.com\/"},{"@type":"ListItem","position":2,"name":"Sposarsi all\u2019Eremo dei Frati Bianchi: una location magica per nozze da favola"}]},{"@type":"WebSite","@id":"https:\/\/chiarabevents.com\/#website","url":"https:\/\/chiarabevents.com\/","name":"ChiaraB Events Organizador de casamentos","description":"Uma viagem maravilhosa juntos","publisher":{"@id":"https:\/\/chiarabevents.com\/#organization"},"potentialAction":[{"@type":"SearchAction","target":{"@type":"EntryPoint","urlTemplate":"https:\/\/chiarabevents.com\/?s={search_term_string}"},"query-input":{"@type":"PropertyValueSpecification","valueRequired":true,"valueName":"search_term_string"}}],"inLanguage":"pt-PT"},{"@type":"Organization","@id":"https:\/\/chiarabevents.com\/#organization","name":"ChiaraB Events Organizador de casamentos","url":"https:\/\/chiarabevents.com\/","logo":{"@type":"ImageObject","inLanguage":"pt-PT","@id":"https:\/\/chiarabevents.com\/#\/schema\/logo\/image\/","url":"https:\/\/chiarabevents.com\/wp-content\/uploads\/2023\/12\/cropped-Monogramma_chiarab.png","contentUrl":"https:\/\/chiarabevents.com\/wp-content\/uploads\/2023\/12\/cropped-Monogramma_chiarab.png","width":512,"height":512,"caption":"ChiaraB Events Wedding Planner"},"image":{"@id":"https:\/\/chiarabevents.com\/#\/schema\/logo\/image\/"},"sameAs":["https:\/\/www.facebook.com\/chiarabevent","https:\/\/www.instagram.com\/chiarab_events\/"]},{"@type":"Person","@id":"https:\/\/chiarabevents.com\/#\/schema\/person\/bbb582cfce34a973ad4463736fd0b0f4","name":"Blogue ChiaraB","image":{"@type":"ImageObject","inLanguage":"pt-PT","@id":"https:\/\/chiarabevents.com\/wp-content\/litespeed\/avatar\/1646323b4cbc3492de1328080709cacc.jpg?ver=1777061573","url":"https:\/\/chiarabevents.com\/wp-content\/litespeed\/avatar\/1646323b4cbc3492de1328080709cacc.jpg?ver=1777061573","contentUrl":"https:\/\/chiarabevents.com\/wp-content\/litespeed\/avatar\/1646323b4cbc3492de1328080709cacc.jpg?ver=1777061573","caption":"ChiaraB Blog"},"url":"https:\/\/chiarabevents.com\/pt\/author\/chiarab-blog\/"}]}},"_links":{"self":[{"href":"https:\/\/chiarabevents.com\/pt\/wp-json\/wp\/v2\/posts\/11732","targetHints":{"allow":["GET"]}}],"collection":[{"href":"https:\/\/chiarabevents.com\/pt\/wp-json\/wp\/v2\/posts"}],"about":[{"href":"https:\/\/chiarabevents.com\/pt\/wp-json\/wp\/v2\/types\/post"}],"author":[{"embeddable":true,"href":"https:\/\/chiarabevents.com\/pt\/wp-json\/wp\/v2\/users\/4"}],"replies":[{"embeddable":true,"href":"https:\/\/chiarabevents.com\/pt\/wp-json\/wp\/v2\/comments?post=11732"}],"version-history":[{"count":0,"href":"https:\/\/chiarabevents.com\/pt\/wp-json\/wp\/v2\/posts\/11732\/revisions"}],"wp:featuredmedia":[{"embeddable":true,"href":"https:\/\/chiarabevents.com\/pt\/wp-json\/wp\/v2\/media\/11733"}],"wp:attachment":[{"href":"https:\/\/chiarabevents.com\/pt\/wp-json\/wp\/v2\/media?parent=11732"}],"wp:term":[{"taxonomy":"category","embeddable":true,"href":"https:\/\/chiarabevents.com\/pt\/wp-json\/wp\/v2\/categories?post=11732"},{"taxonomy":"post_tag","embeddable":true,"href":"https:\/\/chiarabevents.com\/pt\/wp-json\/wp\/v2\/tags?post=11732"}],"curies":[{"name":"wp","href":"https:\/\/api.w.org\/{rel}","templated":true}]}}