{"id":34476,"date":"2026-03-05T21:28:53","date_gmt":"2026-03-05T19:28:53","guid":{"rendered":"https:\/\/chiarabevents.com\/"},"modified":"2026-03-11T15:20:20","modified_gmt":"2026-03-11T15:20:20","slug":"cili-eshte-koha-me-e-mire-per-te-martuar-ne-itali","status":"publish","type":"post","link":"https:\/\/chiarabevents.com\/sq\/cili-eshte-koha-me-e-mire-per-te-martuar-ne-itali\/","title":{"rendered":"Cili \u00ebsht\u00eb Koha M\u00eb e Mir\u00eb p\u00ebr t\u00eb Martuar n\u00eb Itali"},"content":{"rendered":"<h2>Pse t\u00eb zgjedh\u00ebsh periudh\u00ebn e duhur b\u00ebn v\u00ebrtet ndryshimin<\/h2>\n<p>Vendosni <strong>kur t\u00eb martoheni n\u00eb Itali<\/strong> nuk \u00ebsht\u00eb vet\u00ebm nj\u00eb \u00e7\u00ebshtje kalendari: ndikon n\u00eb atmosfer\u00eb, n\u00eb fotot, n\u00eb rehati t\u00eb mysafir\u00ebve dhe n\u00eb stilin e p\u00ebrgjithsh\u00ebm t\u00eb ngjarjes. \u201cperiudha m\u00eb e mir\u00eb\u201d varet nga ajo q\u00eb d\u00ebshiron: nj\u00eb ceremoni n\u00eb natyr\u00eb, nj\u00eb pritje intime, nj\u00eb martes\u00eb n\u00eb qytet apo n\u00eb fshat, nj\u00eb humor elegant apo m\u00eb i relaksuar. Merr parasysh edhe stin\u00ebt dhe kostot p\u00ebrkat\u00ebse, sepse <a href=\"https:\/\/chiarabevents.com\/sq\/martesa-ne-itali-vendet-me-ekskluzive-te-2025\/\">martohen n\u00eb Itali n\u00eb 2025<\/a> mund t\u00eb sjell\u00eb p\u00ebrfitime ekonomike n\u00ebse zgjidhet n\u00eb nj\u00eb periudh\u00eb m\u00eb pak t\u00eb k\u00ebrkuar. Gjithashtu, zgjedhja e dat\u00ebs mund t\u00eb ndikoj\u00eb n\u00eb disponueshm\u00ebrin\u00eb e furnizuesve dhe vendeve. Sigurohu q\u00eb dita e zgjedhur t\u00eb p\u00ebrfaq\u00ebsoj\u00eb v\u00ebrtet ju dhe vizionin tuaj p\u00ebr martes\u00ebn ideale.<\/p>\n<p>N\u00eb k\u00ebt\u00eb udh\u00ebzues do t\u00eb gjesh nj\u00eb pasqyr\u00eb t\u00eb menduar t\u00eb stin\u00ebve, me pro dhe kund\u00ebr praktik dhe ide p\u00ebr t\u00eb nd\u00ebrtuar nj\u00eb martes\u00eb koherente me iden\u00eb t\u00ebnde. N\u00ebse ende po p\u00ebrcakton drejtimin, mund t\u00eb t\u00eb ndihmoj\u00eb edhe nj\u00eb lexim mbi <a href=\"\/sq\/[LINK:URL]\/\">si t\u00eb zgjedh\u00ebsh stilin e martes\u00ebs<\/a> dhe mbi <a href=\"\/sq\/[LINK:URL]\/\">si t\u00eb organizosh axhend\u00ebn e dit\u00ebs<\/a>.<\/p>\n<h2>Pranvera: drit\u00eb e but\u00eb dhe lul\u00ebzime spektakolare<\/h2>\n<p>Pranvera shpesh lidhet me nj\u00eb energji t\u00eb re: dit\u00eb q\u00eb zgjaten, ngjyra t\u00eb fresk\u00ebta, aroma dhe lul\u00ebzime. \u00cbsht\u00eb nj\u00eb periudh\u00eb ideale n\u00ebse d\u00ebshiron nj\u00eb martes\u00eb romantike, me nj\u00eb palet\u00eb natyrale dhe nj\u00eb ndjesi leht\u00ebsie.<\/p>\n<h3>Pse ta zgjedh\u00ebsh<\/h3>\n<ul>\n<li><strong>Skena natyrore<\/strong>: kopshte, vreshta dhe kodra fillojn\u00eb t\u00eb jen\u00eb n\u00eb kulmin e pamjes vizuale.<\/li>\n<li><strong>Drit\u00eb fotogjenike<\/strong>: shpesh m\u00eb e but\u00eb se n\u00eb ver\u00eb, perfekte p\u00ebr portrete dhe detaje.<\/li>\n<li><strong>Atmosfer\u00eb elegante por jo \u201cshum\u00eb formale\u201d<\/strong>: p\u00ebrshtatet mir\u00eb p\u00ebr pritje n\u00eb natyr\u00eb dhe dekorime me lule.<\/li>\n<\/ul>\n<h3>\u00c7far\u00eb duhet t\u00eb marr\u00ebsh parasysh<\/h3>\n<p>Moti mund t\u00eb jet\u00eb i ndryshuesh\u00ebm. N\u00ebse imagjinon nj\u00eb ceremoni n\u00eb natyr\u00eb, planifiko nj\u00eb <strong>plan B t\u00eb besuesh\u00ebm<\/strong> (jo vet\u00ebm \u201cn\u00ebse bie shi ne ngushtohemi\u201d), me hap\u00ebsira dhe dekorime t\u00eb menduara q\u00eb funksionojn\u00eb v\u00ebrtet. N\u00ebse po vler\u00ebson vendndodhje me zona t\u00eb jashtme, mund t\u00eb t\u00eb jet\u00eb e dobishme nj\u00eb udh\u00ebzues mbi <a href=\"\/sq\/[LINK:URL]\/\">si t\u00eb zgjedh\u00ebsh vendndodhjen perfekte<\/a>.<\/p>\n<h2>Vera: energji, net\u00eb t\u00eb gjata dhe dasma n\u00eb natyr\u00eb<\/h2>\n<p>Vera \u00ebsht\u00eb stina e festimeve p\u00ebrjashta \u00e7do stine: dit\u00eb shum\u00eb t\u00eb gjata, mund\u00ebsi p\u00ebr t\u00eb darkuar n\u00ebn yje, ritme m\u00eb pushimore. \u00cbsht\u00eb perfekte n\u00ebse \u00ebnd\u00ebrron nj\u00eb martes\u00eb dinamike, me momente n\u00eb natyr\u00eb dhe nj\u00eb fest\u00eb q\u00eb zgjatet pa nxitim.<\/p>\n<h3>Pikat e forta<\/h3>\n<ul>\n<li><strong>Fleksibilitet maksimal i orarit<\/strong>: aperitiv\u00eb n\u00eb per\u00ebndim t\u00eb diellit, darka t\u00eb vona, festa mbr\u00ebmjesh.<\/li>\n<li><strong>Jasht\u00eb n\u00eb qend\u00ebr t\u00eb v\u00ebmendjes<\/strong>: kopshtet, tarracat, oborret dhe an\u00ebt e pishin\u00ebs b\u00ebhen skena natyrore.<\/li>\n<li><strong>Stili \u201cdestination\u201d<\/strong>: edhe pa u larguar shum\u00eb, atmosfera mund t\u00eb kujtoj\u00eb nj\u00eb mini-vakanc\u00eb.<\/li>\n<\/ul>\n<h3>Kujdes praktike<\/h3>\n<p>Temperaturat mund t\u00eb ndikojn\u00eb n\u00eb rehati. Vler\u00ebso me kujdes:<\/p>\n<ul>\n<li><strong>Orar inteligjent<\/strong>: ceremoni n\u00eb von\u00eb pasdite dhe pritje mbr\u00ebmjeje ndihmojn\u00eb t\u00eb shmangen or\u00ebt m\u00eb t\u00eb nxehta.<\/li>\n<li><strong>Zona me hije dhe ventilim<\/strong>: thelb\u00ebsore p\u00ebr mikpritje dhe mir\u00ebqenie t\u00eb mysafir\u00ebve.<\/li>\n<li><strong>Kodi i veshjes i q\u00ebndruesh\u00ebm<\/strong>: udh\u00ebzime t\u00eb qarta shmangin q\u00eb dikush t\u00eb ndihet jasht\u00eb vendit.<\/li>\n<\/ul>\n<p>N\u00ebse po nd\u00ebrton nj\u00eb p\u00ebrvoj\u00eb p\u00ebr mysafir\u00eb q\u00eb vijn\u00eb nga larg, mund t\u00eb jet\u00eb e dobishme t\u00eb p\u00ebrgatit\u00ebsh nj\u00eb faqe ose mesazh me k\u00ebshilla logjistike; gjen ide n\u00eb <a href=\"\/sq\/[LINK:URL]\/\">si t\u00eb menaxhosh mysafir\u00ebt dhe mikpritjen<\/a>.<\/p>\n<h2>Vjeshta: ngjyra intensive dhe atmosfer\u00eb sofistikuar<\/h2>\n<p>Vjeshta n\u00eb Itali ka nj\u00eb magji t\u00eb ve\u00e7ant\u00eb: drit\u00eb e ngroht\u00eb, ngjyra t\u00eb plota, nj\u00eb eleganc\u00eb natyrale q\u00eb p\u00ebrshtatet me dasma t\u00eb rafinuara dhe bashk\u00ebkohore. \u00cbsht\u00eb nj\u00eb stin\u00eb perfekte n\u00ebse t\u00eb p\u00eblqejn\u00eb paletat e ngjyrave amb\u00ebr, detajet materiale dhe nj\u00eb humor m\u00eb p\u00ebrqafues.<\/p>\n<h3>Pse shum\u00eb e konsiderojn\u00eb periudh\u00ebn m\u00eb t\u00eb mir\u00eb<\/h3>\n<ul>\n<li><strong>Paleta skenike<\/strong>: gjethet, vreshtat dhe peizazhet e art\u00eb krijojn\u00eb sfond\u00eb t\u00eb paharruesh\u00ebm.<\/li>\n<li><strong>Atmosfer\u00eb intime<\/strong>: qirinj, tekstile, drita t\u00eb ngrohta dhe vendosje t\u00eb pasura duket natyrale, jo e detyruar.<\/li>\n<li><strong>Rit\u00ebm m\u00eb i p\u00ebrqendruar<\/strong>: ideale p\u00ebr ata q\u00eb duan nj\u00eb dit\u00eb t\u00eb kuruar, me v\u00ebmendje ndaj detajeve.<\/li>\n<\/ul>\n<h3>\u00c7far\u00eb t\u00eb planifikosh<\/h3>\n<p>Dit\u00ebt b\u00ebhen m\u00eb t\u00eb shkurtra: shum\u00eb mir\u00eb p\u00ebr nj\u00eb atmosfer\u00eb mbr\u00ebmjeje, por nevojitet nj\u00eb regji e sakt\u00eb e dritave dhe koh\u00ebs. N\u00ebse d\u00ebshiron t\u00eb vler\u00ebsosh \u00e7do moment, puno mbi nj\u00eb skenar q\u00eb merr parasysh per\u00ebndimin e diellit dhe kalimet midis hap\u00ebsirave t\u00eb brendshme\/dal\u00eb jasht\u00eb. <strong>verifiko n\u00eb flet\u00ebn e produktit<\/strong> ose k\u00ebrko nj\u00eb test n\u00eb vendin e ngjarjes.<\/p>\n<h2>Dimri: eleganc\u00eb, intimitet dhe nj\u00eb estetik\u00eb jasht\u00ebzakonisht t\u00eb ve\u00e7ant\u00eb<\/h2>\n<p>Nj\u00eb dasm\u00eb dim\u00ebrore mund t\u00eb jet\u00eb befasuese: m\u00eb intime, m\u00eb kinematografike, shpesh me nj\u00eb identitet shum\u00eb t\u00eb fort\u00eb. \u00cbsht\u00eb zgjedhja e duhur n\u00ebse d\u00ebshiron nj\u00eb ngjarje q\u00eb fokusohet n\u00eb <strong>atmosfer\u00eb dhe dizajn<\/strong>, me nj\u00eb p\u00ebrvoj\u00eb t\u00eb ngroht\u00eb dhe p\u00ebrfshir\u00ebse p\u00ebr mysafir\u00ebt.<\/p>\n<h3>P\u00ebrpar\u00ebsi krijuese<\/h3>\n<ul>\n<li><strong>Stil ikonik<\/strong>: velur\u00eb, drita t\u00eb zbehta, qirinj, detaje metalike dhe paleta t\u00eb thella.<\/li>\n<li><strong>Fokus n\u00eb p\u00ebrvoj\u00ebn<\/strong>: ambientet e brendshme t\u00eb kuruara, muzika, dritat dhe momentet shoq\u00ebrore b\u00ebhen qendrore.<\/li>\n<li><strong>Foto me ndikim<\/strong>: kontraste, atmosfera mbr\u00ebmjeje dhe skenografi urbane mund t\u00eb jen\u00eb shum\u00eb moderne.<\/li>\n<\/ul>\n<h3>Kujdesje<\/h3>\n<p>N\u00eb dim\u00ebr suksesi varet shum\u00eb nga vendndodhja dhe menaxhimi i hap\u00ebsirave. Sigurohu q\u00eb p\u00ebrvoja t\u00eb jet\u00eb e rrjedhshme: hyrja, garderoba, zona e ceremonis\u00eb, aperitivi dhe festa duhet t\u00eb jen\u00eb t\u00eb menduara p\u00ebr t\u00eb shmangur \u201ckoh\u00ebt e vdekura\u201d. N\u00ebse po vler\u00ebson nj\u00eb dasm\u00eb n\u00eb qytet, mund t\u00eb marr\u00ebsh frym\u00ebzim nga <a href=\"\/sq\/[LINK:URL]\/\">ide p\u00ebr nj\u00eb dasm\u00eb elegante n\u00eb qytet<\/a>.<\/p>\n<h2>Veri, Qend\u00ebr, Jug dhe Ishuj: si ndryshon zgjedhja e periudh\u00ebs<\/h2>\n<p>Italia \u00ebsht\u00eb e gjat\u00eb dhe shum\u00eb e ndryshme: i nj\u00ebjti muaj mund t\u00eb ofroj\u00eb ndjesi t\u00eb kund\u00ebrta n\u00eb var\u00ebsi t\u00eb rajonit. P\u00ebr k\u00ebt\u00eb arsye, m\u00eb shum\u00eb sesa t\u00eb ngul\u00ebsh k\u00ebmb\u00eb p\u00ebr nj\u00eb stin\u00eb \u201ct\u00eb p\u00ebrsosur\u201d, \u00ebsht\u00eb m\u00eb mir\u00eb t\u00eb mendosh p\u00ebr <strong>klim\u00ebn, drit\u00ebn dhe stilin e vendndodhjes<\/strong>.<\/p>\n<ul>\n<li><strong>Veri i Italis\u00eb<\/strong>: pranverat dhe vjeshtat mund t\u00eb jen\u00eb t\u00eb mrekullueshme p\u00ebr ngjyra dhe drit\u00eb; gjithmon\u00eb vler\u00ebso nj\u00eb plan B t\u00eb mir\u00ebprojektuar brenda ambienteve.<\/li>\n<li><strong>Qendra e Italis\u00eb<\/strong>: shum\u00ebllojshm\u00ebri e madhe skenar\u00ebsh (kodra, fshatra, qytete arti). Pranvera dhe fillimi i vjesht\u00ebs shpesh vler\u00ebsojn\u00eb peizazhin dhe komoditetin.<\/li>\n<li><strong>Jugu dhe Ishujt<\/strong>: stin\u00ebt e mesme shum\u00eb interesante p\u00ebr dasma n\u00eb natyr\u00eb; vera \u00ebsht\u00eb perfekte n\u00ebse t\u00eb p\u00eblqejn\u00eb net\u00ebt e gjata dhe nj\u00eb atmosfer\u00eb mesdhetare.<\/li>\n<\/ul>\n<p>N\u00ebse po organizon nj\u00eb ngjarje \u201cdestination\u201d ose me mysafir\u00eb q\u00eb udh\u00ebtojn\u00eb, merr parasysh edhe p\u00ebrvoj\u00ebn e p\u00ebrgjithshme t\u00eb fundjav\u00ebs: mb\u00ebrritjet, momentet ekstra, ritmet. Nj\u00eb regji e mir\u00eb b\u00ebn q\u00eb gjith\u00e7ka t\u00eb duket natyrale dhe pa p\u00ebrpjekje.<\/p>\n<h2>Si t\u00eb zgjedh\u00ebsh periudh\u00ebn m\u00eb t\u00eb mir\u00eb bazuar n\u00eb stilin t\u00ebnd<\/h2>\n<p>Kur pyetja \u00ebsht\u00eb \u201ccila \u00ebsht\u00eb periudha m\u00eb e mir\u00eb p\u00ebr t\u2019u martuar?\u201d, p\u00ebrgjigjja m\u00eb e dobishme \u00ebsht\u00eb: <strong>ajo q\u00eb mb\u00ebshtet vizionin t\u00ebnd<\/strong>. Ja disa kombinime q\u00eb funksionojn\u00eb mir\u00eb:<\/p>\n<ul>\n<li><strong>Romantike dhe me lule<\/strong>: pranver\u00eb, me paleta t\u00eb \u00e7elura dhe dekorime t\u00eb lehta.<\/li>\n<li><strong>Fest\u00eb n\u00eb natyr\u00eb dhe atmosfer\u00eb pushimi<\/strong>: ver\u00eb, me koh\u00ebzgjatje n\u00eb mbr\u00ebmje dhe hap\u00ebsira t\u00eb jashtme protagoniste.<\/li>\n<li><strong>Elegante dhe bashk\u00ebkohore<\/strong>: vjesht\u00eb, me ngjyra intensive dhe drita t\u00eb ngrohta.<\/li>\n<li><strong>Intime dhe skenografike<\/strong>: dim\u00ebr, me dizajn, qirinj dhe ambiente t\u00eb ngrohta.<\/li>\n<\/ul>\n<p>Nj\u00eb metod\u00eb e thjesht\u00eb \u00ebsht\u00eb t\u00eb nis\u00ebsh nga tre fjal\u00eb ky\u00e7e (p.sh.: \u201cndri\u00e7uese, natyrale, joformale\u201d ose \u201csofistikuar, mbr\u00ebmjeje, p\u00ebrfshir\u00ebse\u201d) dhe t\u00eb zgjedh\u00ebsh stin\u00ebn q\u00eb i b\u00ebn m\u00eb t\u00eb lehta p\u00ebr t\u2019u arritur, pa detyrime.<\/p>\n<p><!--W4Y_BF_SUGGESTED_PRODUCTS--><\/p>\n<h2>FAQ: dyshime t\u00eb zakonshme mbi periudh\u00ebn m\u00eb t\u00eb mir\u00eb p\u00ebr t\u2019u martuar n\u00eb Itali<\/h2>\n<h3>\u00cbsht\u00eb m\u00eb mir\u00eb t\u00eb zgjidhni nj\u00eb stin\u00eb apo nj\u00eb dat\u00eb simbolike?<\/h3>\n<p>N\u00ebse data simbolike \u00ebsht\u00eb e r\u00ebnd\u00ebsishme, mund t\u00eb nd\u00ebrtoni rreth saj nj\u00eb projekt koherent. N\u00eb m\u00ebnyr\u00eb alternative, zgjedhja e stin\u00ebs m\u00eb par\u00eb ndihmon t\u00eb p\u00ebrcaktoni stilin, drit\u00ebn dhe logjistik\u00ebn m\u00eb leht\u00eb.<\/p>\n<h3>N\u00ebse dua nj\u00eb martes\u00eb n\u00eb natyr\u00eb, cila \u00ebsht\u00eb zgjedhja m\u00eb e sigurt?<\/h3>\n<p>Nuk ekziston nj\u00eb siguri absolute. Strategjia m\u00eb e mir\u00eb \u00ebsht\u00eb t\u00eb dizajnosh nj\u00eb outdoor real dhe nj\u00eb plan B po aq t\u00eb kujdessh\u00ebm, n\u00eb m\u00ebnyr\u00eb q\u00eb ngjarja t\u00eb funksionoj\u00eb n\u00eb t\u00eb dy skenar\u00ebt.<\/p>\n<h3>Cili \u00ebsht\u00eb periudha m\u00eb e mir\u00eb p\u00ebr foto t\u00eb ndritshme dhe natyrale?<\/h3>\n<p>Pranvera dhe fillimi i vjesht\u00ebs shpesh ofrojn\u00eb nj\u00eb drit\u00eb t\u00eb but\u00eb dhe t\u00eb k\u00ebndshme. N\u00eb ver\u00eb, organizimi i ceremonive m\u00eb von\u00eb mund t\u00eb ndihmoj\u00eb p\u00ebr t\u00eb marr\u00eb nj\u00eb drit\u00eb m\u00eb \u201cgolden\u201d.<\/p>\n<h3>Si t\u00eb shmangni q\u00eb mysafir\u00ebt t\u00eb vuajn\u00eb nga nxeht\u00ebsia ose t\u00eb ftohtit?<\/h3>\n<p>Puno n\u00eb orare, hap\u00ebsira dhe rehati: hije dhe ventilim n\u00eb muajt e nxeht\u00eb, ambiente t\u00eb brendshme t\u00eb organizuara mir\u00eb n\u00eb muajt e ftoht\u00eb. Edhe udh\u00ebzimet e qarta p\u00ebr kodin e veshjes b\u00ebjn\u00eb ndryshimin.<\/p>\n<h2>D\u00ebshiron t\u00eb transformosh stin\u00ebn e zgjedhur n\u00eb nj\u00eb projekt koherent?<\/h2>\n<p>N\u00ebse ke identifikuar periudh\u00ebn ideale, hapi tjet\u00ebr \u00ebsht\u00eb t\u00eb nd\u00ebrtohesh nj\u00eb dasm\u00eb harmonike n\u00eb \u00e7do detaj: atmosfer\u00eb, paleta, lule, mise en place dhe regjia e dit\u00ebs. Zbulo p\u00ebrzgjedhjen e frym\u00ebzimeve dhe sh\u00ebrbimeve t\u00eb firmosura <a href=\"\/sq\/[LINK:URL]\/\">Chiara B Events<\/a> dhe vizito <a href=\"\/sq\/[LINK:URL]\/\">kategorin\u00eb e dedikuar p\u00ebr dasmat<\/a> p\u00ebr t\u00eb filluar t\u00eb jap\u00ebsh form\u00eb vizionit t\u00ebnd.<\/p>\n<hr \/>\n<h2>FAQ<\/h2>\n<div class=\"w4y-faq\">\n<h3>\u00cbsht\u00eb m\u00eb mir\u00eb t\u00eb zgjidhni nj\u00eb stin\u00eb apo nj\u00eb dat\u00eb simbolike?<\/h3>\n<p>N\u00ebse data simbolike \u00ebsht\u00eb e r\u00ebnd\u00ebsishme, mund t\u00eb nd\u00ebrtoni rreth saj nj\u00eb projekt koherent. N\u00eb m\u00ebnyr\u00eb alternative, zgjedhja e stin\u00ebs m\u00eb par\u00eb ndihmon t\u00eb p\u00ebrcaktoni stilin, drit\u00ebn dhe logjistik\u00ebn m\u00eb leht\u00eb.<\/p>\n<h3>N\u00ebse dua nj\u00eb martes\u00eb n\u00eb natyr\u00eb, cila \u00ebsht\u00eb zgjedhja m\u00eb e sigurt?<\/h3>\n<p>Nuk ekziston nj\u00eb siguri absolute. Strategjia m\u00eb e mir\u00eb \u00ebsht\u00eb t\u00eb dizajnosh nj\u00eb outdoor real dhe nj\u00eb plan B po aq t\u00eb kujdessh\u00ebm, n\u00eb m\u00ebnyr\u00eb q\u00eb ngjarja t\u00eb funksionoj\u00eb n\u00eb t\u00eb dy skenar\u00ebt.<\/p>\n<h3>Cili \u00ebsht\u00eb periudha m\u00eb e mir\u00eb p\u00ebr foto t\u00eb ndritshme dhe natyrale?<\/h3>\n<p>Pranvera dhe fillimi i vjesht\u00ebs shpesh ofrojn\u00eb nj\u00eb drit\u00eb t\u00eb but\u00eb dhe t\u00eb k\u00ebndshme. N\u00eb ver\u00eb, organizimi i ceremonive m\u00eb von\u00eb mund t\u00eb ndihmoj\u00eb p\u00ebr t\u00eb marr\u00eb nj\u00eb drit\u00eb m\u00eb \u201cgolden\u201d.<\/p>\n<h3>Si t\u00eb shmangni q\u00eb mysafir\u00ebt t\u00eb vuajn\u00eb nga nxeht\u00ebsia ose t\u00eb ftohtit?<\/h3>\n<p>Puno n\u00eb orare, hap\u00ebsira dhe rehati: hije dhe ventilim n\u00eb muajt e nxeht\u00eb, ambiente t\u00eb brendshme t\u00eb organizuara mir\u00eb n\u00eb muajt e ftoht\u00eb. Edhe udh\u00ebzimet e qarta p\u00ebr kodin e veshjes b\u00ebjn\u00eb ndryshimin.<\/p>\n<\/div>\n<p><script type=\"application\/ld+json\">{\n    \"@context\": \"https:\\\/\\\/schema.org\",\n    \"@type\": \"FAQPage\",\n    \"mainEntity\": [\n        {\n            \"@type\": \"Question\",\n            \"name\": \"\\u00c8 meglio scegliere una stagione o una data simbolica?\",\n            \"acceptedAnswer\": {\n                \"@type\": \"Answer\",\n                \"text\": \"Se la data simbolica \\u00e8 importante, puoi costruire attorno ad essa un progetto coerente. In alternativa, scegliere la stagione prima aiuta a definire stile, luce e logistica con pi\\u00f9 facilit\\u00e0.\"\n            }\n        },\n        {\n            \"@type\": \"Question\",\n            \"name\": \"Se voglio un matrimonio all\\u2019aperto, qual \\u00e8 la scelta pi\\u00f9 sicura?\",\n            \"acceptedAnswer\": {\n                \"@type\": \"Answer\",\n                \"text\": \"Non esiste una certezza assoluta. La strategia migliore \\u00e8 progettare un outdoor reale e un piano B altrettanto curato, cos\\u00ec l\\u2019evento funziona in entrambi gli scenari.\"\n            }\n        },\n        {\n            \"@type\": \"Question\",\n            \"name\": \"Qual \\u00e8 il periodo migliore per foto luminose e naturali?\",\n            \"acceptedAnswer\": {\n                \"@type\": \"Answer\",\n                \"text\": \"Primavera e inizio autunno offrono spesso una luce morbida e piacevole. In estate, puntare su cerimonie pi\\u00f9 tarde pu\\u00f2 aiutare a ottenere una luce pi\\u00f9 \\u201cgolden\\u201d.\"\n            }\n        },\n        {\n            \"@type\": \"Question\",\n            \"name\": \"Come evitare che gli ospiti soffrano il caldo o il freddo?\",\n            \"acceptedAnswer\": {\n                \"@type\": \"Answer\",\n                \"text\": \"Lavora su orari, spazi e comfort: ombra e ventilazione nei mesi caldi, ambienti interni ben organizzati nei mesi freddi. Anche indicazioni di dress code chiare fanno la differenza.\"\n            }\n        }\n    ]\n}<\/script><\/p>","protected":false},"excerpt":{"rendered":"<p>Perch\u00e9 scegliere il periodo giusto fa davvero la differenza Decidere quando sposarsi in Italia non \u00e8 solo una questione di calendario: incide sull\u2019atmosfera, sulle foto, sul comfort degli ospiti e sullo stile complessivo dell\u2019evento. Il \u201cperiodo migliore\u201d dipende da ci\u00f2 che desideri: una cerimonia all\u2019aperto, un ricevimento intimo, un matrimonio in citt\u00e0 o in campagna, un mood [&hellip;]<\/p>","protected":false},"author":4,"featured_media":34479,"comment_status":"closed","ping_status":"closed","sticky":false,"template":"","format":"standard","meta":{"footnotes":""},"categories":[150,145],"tags":[],"class_list":["post-34476","post","type-post","status-publish","format-standard","has-post-thumbnail","hentry","category-consigli","category-wedding"],"yoast_head":"<!-- This site is optimized with the Yoast SEO Premium plugin v21.8 (Yoast SEO v27.3) - https:\/\/yoast.com\/product\/yoast-seo-premium-wordpress\/ -->\n<title>Qual \u00e8 il Periodo Migliore per Sposarsi in Italia | Chiara B Even<\/title>\n<meta name=\"description\" content=\"Scopri il periodo migliore per sposarsi in Italia: pro e contro di ogni stagione, idee di stile e consigli pratici per scegliere la data perfetta.\" \/>\n<meta name=\"robots\" content=\"index, follow, max-snippet:-1, max-image-preview:large, max-video-preview:-1\" \/>\n<link rel=\"canonical\" href=\"https:\/\/chiarabevents.com\/sq\/cili-eshte-koha-me-e-mire-per-te-martuar-ne-itali\/\" \/>\n<meta property=\"og:locale\" content=\"sq_AL\" \/>\n<meta property=\"og:type\" content=\"article\" \/>\n<meta property=\"og:title\" content=\"Qual \u00e8 il Periodo Migliore per Sposarsi in Italia\" \/>\n<meta property=\"og:description\" content=\"Scopri il periodo migliore per sposarsi in Italia: pro e contro di ogni stagione, idee di stile e consigli pratici per scegliere la data perfetta.\" \/>\n<meta property=\"og:url\" content=\"https:\/\/chiarabevents.com\/sq\/cili-eshte-koha-me-e-mire-per-te-martuar-ne-itali\/\" \/>\n<meta property=\"og:site_name\" content=\"ChiaraB Events Wedding Planner\" \/>\n<meta property=\"article:publisher\" content=\"https:\/\/www.facebook.com\/chiarabevent\" \/>\n<meta property=\"article:published_time\" content=\"2026-03-05T19:28:53+00:00\" \/>\n<meta property=\"article:modified_time\" content=\"2026-03-11T15:20:20+00:00\" \/>\n<meta property=\"og:image\" content=\"https:\/\/chiarabevents.com\/wp-content\/uploads\/2026\/03\/13naxftumna.jpg\" \/>\n\t<meta property=\"og:image:width\" content=\"1600\" \/>\n\t<meta property=\"og:image:height\" content=\"1067\" \/>\n\t<meta property=\"og:image:type\" content=\"image\/jpeg\" \/>\n<meta name=\"author\" content=\"ChiaraB Blog\" \/>\n<meta name=\"twitter:card\" content=\"summary_large_image\" \/>\n<meta name=\"twitter:label1\" content=\"Written by\" \/>\n\t<meta name=\"twitter:data1\" content=\"ChiaraB Blog\" \/>\n\t<meta name=\"twitter:label2\" content=\"Est. reading time\" \/>\n\t<meta name=\"twitter:data2\" content=\"8 minutes\" \/>\n<script type=\"application\/ld+json\" class=\"yoast-schema-graph\">{\"@context\":\"https:\\\/\\\/schema.org\",\"@graph\":[{\"@type\":\"Article\",\"@id\":\"https:\\\/\\\/chiarabevents.com\\\/nl\\\/wat-is-de-beste-periode-om-te-trouwen-in-italie\\\/#article\",\"isPartOf\":{\"@id\":\"https:\\\/\\\/chiarabevents.com\\\/nl\\\/wat-is-de-beste-periode-om-te-trouwen-in-italie\\\/\"},\"author\":{\"name\":\"ChiaraB Blog\",\"@id\":\"https:\\\/\\\/chiarabevents.com\\\/#\\\/schema\\\/person\\\/bbb582cfce34a973ad4463736fd0b0f4\"},\"headline\":\"Qual \u00e8 il Periodo Migliore per Sposarsi in Italia\",\"datePublished\":\"2026-03-05T19:28:53+00:00\",\"dateModified\":\"2026-03-11T15:20:20+00:00\",\"mainEntityOfPage\":{\"@id\":\"https:\\\/\\\/chiarabevents.com\\\/nl\\\/wat-is-de-beste-periode-om-te-trouwen-in-italie\\\/\"},\"wordCount\":1387,\"publisher\":{\"@id\":\"https:\\\/\\\/chiarabevents.com\\\/#organization\"},\"image\":{\"@id\":\"https:\\\/\\\/chiarabevents.com\\\/nl\\\/wat-is-de-beste-periode-om-te-trouwen-in-italie\\\/#primaryimage\"},\"thumbnailUrl\":\"https:\\\/\\\/chiarabevents.com\\\/wp-content\\\/uploads\\\/2026\\\/03\\\/13naxftumna.jpg\",\"articleSection\":[\"Consigli\",\"Wedding\"],\"inLanguage\":\"sq\"},{\"@type\":\"WebPage\",\"@id\":\"https:\\\/\\\/chiarabevents.com\\\/nl\\\/wat-is-de-beste-periode-om-te-trouwen-in-italie\\\/\",\"url\":\"https:\\\/\\\/chiarabevents.com\\\/nl\\\/wat-is-de-beste-periode-om-te-trouwen-in-italie\\\/\",\"name\":\"Qual \u00e8 il Periodo Migliore per Sposarsi in Italia | Chiara B Even\",\"isPartOf\":{\"@id\":\"https:\\\/\\\/chiarabevents.com\\\/#website\"},\"primaryImageOfPage\":{\"@id\":\"https:\\\/\\\/chiarabevents.com\\\/nl\\\/wat-is-de-beste-periode-om-te-trouwen-in-italie\\\/#primaryimage\"},\"image\":{\"@id\":\"https:\\\/\\\/chiarabevents.com\\\/nl\\\/wat-is-de-beste-periode-om-te-trouwen-in-italie\\\/#primaryimage\"},\"thumbnailUrl\":\"https:\\\/\\\/chiarabevents.com\\\/wp-content\\\/uploads\\\/2026\\\/03\\\/13naxftumna.jpg\",\"datePublished\":\"2026-03-05T19:28:53+00:00\",\"dateModified\":\"2026-03-11T15:20:20+00:00\",\"description\":\"Scopri il periodo migliore per sposarsi in Italia: pro e contro di ogni stagione, idee di stile e consigli pratici per scegliere la data perfetta.\",\"breadcrumb\":{\"@id\":\"https:\\\/\\\/chiarabevents.com\\\/nl\\\/wat-is-de-beste-periode-om-te-trouwen-in-italie\\\/#breadcrumb\"},\"inLanguage\":\"sq\",\"potentialAction\":[{\"@type\":\"ReadAction\",\"target\":[\"https:\\\/\\\/chiarabevents.com\\\/nl\\\/wat-is-de-beste-periode-om-te-trouwen-in-italie\\\/\"]}]},{\"@type\":\"ImageObject\",\"inLanguage\":\"sq\",\"@id\":\"https:\\\/\\\/chiarabevents.com\\\/nl\\\/wat-is-de-beste-periode-om-te-trouwen-in-italie\\\/#primaryimage\",\"url\":\"https:\\\/\\\/chiarabevents.com\\\/wp-content\\\/uploads\\\/2026\\\/03\\\/13naxftumna.jpg\",\"contentUrl\":\"https:\\\/\\\/chiarabevents.com\\\/wp-content\\\/uploads\\\/2026\\\/03\\\/13naxftumna.jpg\",\"width\":1600,\"height\":1067,\"caption\":\"periodo migliore per sposarsi in Italia\"},{\"@type\":\"BreadcrumbList\",\"@id\":\"https:\\\/\\\/chiarabevents.com\\\/nl\\\/wat-is-de-beste-periode-om-te-trouwen-in-italie\\\/#breadcrumb\",\"itemListElement\":[{\"@type\":\"ListItem\",\"position\":1,\"name\":\"Home\",\"item\":\"https:\\\/\\\/chiarabevents.com\\\/\"},{\"@type\":\"ListItem\",\"position\":2,\"name\":\"Qual \u00e8 il Periodo Migliore per Sposarsi in Italia\"}]},{\"@type\":\"WebSite\",\"@id\":\"https:\\\/\\\/chiarabevents.com\\\/#website\",\"url\":\"https:\\\/\\\/chiarabevents.com\\\/\",\"name\":\"ChiaraB Events Wedding Planner\",\"description\":\"Un meraviglioso percorso fatto insieme\",\"publisher\":{\"@id\":\"https:\\\/\\\/chiarabevents.com\\\/#organization\"},\"potentialAction\":[{\"@type\":\"SearchAction\",\"target\":{\"@type\":\"EntryPoint\",\"urlTemplate\":\"https:\\\/\\\/chiarabevents.com\\\/?s={search_term_string}\"},\"query-input\":{\"@type\":\"PropertyValueSpecification\",\"valueRequired\":true,\"valueName\":\"search_term_string\"}}],\"inLanguage\":\"sq\"},{\"@type\":\"Organization\",\"@id\":\"https:\\\/\\\/chiarabevents.com\\\/#organization\",\"name\":\"ChiaraB Events Wedding Planner\",\"url\":\"https:\\\/\\\/chiarabevents.com\\\/\",\"logo\":{\"@type\":\"ImageObject\",\"inLanguage\":\"sq\",\"@id\":\"https:\\\/\\\/chiarabevents.com\\\/#\\\/schema\\\/logo\\\/image\\\/\",\"url\":\"https:\\\/\\\/chiarabevents.com\\\/wp-content\\\/uploads\\\/2023\\\/12\\\/cropped-Monogramma_chiarab.png\",\"contentUrl\":\"https:\\\/\\\/chiarabevents.com\\\/wp-content\\\/uploads\\\/2023\\\/12\\\/cropped-Monogramma_chiarab.png\",\"width\":512,\"height\":512,\"caption\":\"ChiaraB Events Wedding Planner\"},\"image\":{\"@id\":\"https:\\\/\\\/chiarabevents.com\\\/#\\\/schema\\\/logo\\\/image\\\/\"},\"sameAs\":[\"https:\\\/\\\/www.facebook.com\\\/chiarabevent\",\"https:\\\/\\\/www.instagram.com\\\/chiarab_events\\\/\"]},{\"@type\":\"Person\",\"@id\":\"https:\\\/\\\/chiarabevents.com\\\/#\\\/schema\\\/person\\\/bbb582cfce34a973ad4463736fd0b0f4\",\"name\":\"ChiaraB Blog\",\"image\":{\"@type\":\"ImageObject\",\"inLanguage\":\"sq\",\"@id\":\"https:\\\/\\\/chiarabevents.com\\\/wp-content\\\/litespeed\\\/avatar\\\/1646323b4cbc3492de1328080709cacc.jpg?ver=1777061573\",\"url\":\"https:\\\/\\\/chiarabevents.com\\\/wp-content\\\/litespeed\\\/avatar\\\/1646323b4cbc3492de1328080709cacc.jpg?ver=1777061573\",\"contentUrl\":\"https:\\\/\\\/chiarabevents.com\\\/wp-content\\\/litespeed\\\/avatar\\\/1646323b4cbc3492de1328080709cacc.jpg?ver=1777061573\",\"caption\":\"ChiaraB Blog\"},\"url\":\"https:\\\/\\\/chiarabevents.com\\\/sq\\\/author\\\/chiarab-blog\\\/\"}]}<\/script>\n<!-- \/ Yoast SEO Premium plugin. -->","yoast_head_json":{"title":"Cili \u00ebsht\u00eb Koha M\u00eb e Mir\u00eb p\u00ebr t\u00eb Martuar n\u00eb Itali | Chiara B Even","description":"Zbuloni periudh\u00ebn m\u00eb t\u00eb mir\u00eb p\u00ebr t'u martuar n\u00eb Itali: pro dhe kund\u00ebr t\u00eb \u00e7do stine, ide stili dhe k\u00ebshilla praktike p\u00ebr t\u00eb zgjedhur dat\u00ebn perfekte.","robots":{"index":"index","follow":"follow","max-snippet":"max-snippet:-1","max-image-preview":"max-image-preview:large","max-video-preview":"max-video-preview:-1"},"canonical":"https:\/\/chiarabevents.com\/sq\/cili-eshte-koha-me-e-mire-per-te-martuar-ne-itali\/","og_locale":"sq_AL","og_type":"article","og_title":"Qual \u00e8 il Periodo Migliore per Sposarsi in Italia","og_description":"Scopri il periodo migliore per sposarsi in Italia: pro e contro di ogni stagione, idee di stile e consigli pratici per scegliere la data perfetta.","og_url":"https:\/\/chiarabevents.com\/sq\/cili-eshte-koha-me-e-mire-per-te-martuar-ne-itali\/","og_site_name":"ChiaraB Events Wedding Planner","article_publisher":"https:\/\/www.facebook.com\/chiarabevent","article_published_time":"2026-03-05T19:28:53+00:00","article_modified_time":"2026-03-11T15:20:20+00:00","og_image":[{"width":1600,"height":1067,"url":"https:\/\/chiarabevents.com\/wp-content\/uploads\/2026\/03\/13naxftumna.jpg","type":"image\/jpeg"}],"author":"ChiaraB Blog","twitter_card":"summary_large_image","twitter_misc":{"Written by":"ChiaraB Blog","Est. reading time":"8 minutes"},"schema":{"@context":"https:\/\/schema.org","@graph":[{"@type":"Article","@id":"https:\/\/chiarabevents.com\/nl\/wat-is-de-beste-periode-om-te-trouwen-in-italie\/#article","isPartOf":{"@id":"https:\/\/chiarabevents.com\/nl\/wat-is-de-beste-periode-om-te-trouwen-in-italie\/"},"author":{"name":"ChiaraB Blog","@id":"https:\/\/chiarabevents.com\/#\/schema\/person\/bbb582cfce34a973ad4463736fd0b0f4"},"headline":"Qual \u00e8 il Periodo Migliore per Sposarsi in Italia","datePublished":"2026-03-05T19:28:53+00:00","dateModified":"2026-03-11T15:20:20+00:00","mainEntityOfPage":{"@id":"https:\/\/chiarabevents.com\/nl\/wat-is-de-beste-periode-om-te-trouwen-in-italie\/"},"wordCount":1387,"publisher":{"@id":"https:\/\/chiarabevents.com\/#organization"},"image":{"@id":"https:\/\/chiarabevents.com\/nl\/wat-is-de-beste-periode-om-te-trouwen-in-italie\/#primaryimage"},"thumbnailUrl":"https:\/\/chiarabevents.com\/wp-content\/uploads\/2026\/03\/13naxftumna.jpg","articleSection":["Consigli","Wedding"],"inLanguage":"sq"},{"@type":"WebPage","@id":"https:\/\/chiarabevents.com\/nl\/wat-is-de-beste-periode-om-te-trouwen-in-italie\/","url":"https:\/\/chiarabevents.com\/nl\/wat-is-de-beste-periode-om-te-trouwen-in-italie\/","name":"Cili \u00ebsht\u00eb Koha M\u00eb e Mir\u00eb p\u00ebr t\u00eb Martuar n\u00eb Itali | Chiara B Even","isPartOf":{"@id":"https:\/\/chiarabevents.com\/#website"},"primaryImageOfPage":{"@id":"https:\/\/chiarabevents.com\/nl\/wat-is-de-beste-periode-om-te-trouwen-in-italie\/#primaryimage"},"image":{"@id":"https:\/\/chiarabevents.com\/nl\/wat-is-de-beste-periode-om-te-trouwen-in-italie\/#primaryimage"},"thumbnailUrl":"https:\/\/chiarabevents.com\/wp-content\/uploads\/2026\/03\/13naxftumna.jpg","datePublished":"2026-03-05T19:28:53+00:00","dateModified":"2026-03-11T15:20:20+00:00","description":"Zbuloni periudh\u00ebn m\u00eb t\u00eb mir\u00eb p\u00ebr t'u martuar n\u00eb Itali: pro dhe kund\u00ebr t\u00eb \u00e7do stine, ide stili dhe k\u00ebshilla praktike p\u00ebr t\u00eb zgjedhur dat\u00ebn perfekte.","breadcrumb":{"@id":"https:\/\/chiarabevents.com\/nl\/wat-is-de-beste-periode-om-te-trouwen-in-italie\/#breadcrumb"},"inLanguage":"sq","potentialAction":[{"@type":"ReadAction","target":["https:\/\/chiarabevents.com\/nl\/wat-is-de-beste-periode-om-te-trouwen-in-italie\/"]}]},{"@type":"ImageObject","inLanguage":"sq","@id":"https:\/\/chiarabevents.com\/nl\/wat-is-de-beste-periode-om-te-trouwen-in-italie\/#primaryimage","url":"https:\/\/chiarabevents.com\/wp-content\/uploads\/2026\/03\/13naxftumna.jpg","contentUrl":"https:\/\/chiarabevents.com\/wp-content\/uploads\/2026\/03\/13naxftumna.jpg","width":1600,"height":1067,"caption":"periodo migliore per sposarsi in Italia"},{"@type":"BreadcrumbList","@id":"https:\/\/chiarabevents.com\/nl\/wat-is-de-beste-periode-om-te-trouwen-in-italie\/#breadcrumb","itemListElement":[{"@type":"ListItem","position":1,"name":"Home","item":"https:\/\/chiarabevents.com\/"},{"@type":"ListItem","position":2,"name":"Qual \u00e8 il Periodo Migliore per Sposarsi in Italia"}]},{"@type":"WebSite","@id":"https:\/\/chiarabevents.com\/#website","url":"https:\/\/chiarabevents.com\/","name":"ChiaraB Events Organizatore Dasmash","description":"Nj\u00eb rrug\u00ebtim i mrekulluesh\u00ebm i b\u00ebr\u00eb s\u00eb bashku","publisher":{"@id":"https:\/\/chiarabevents.com\/#organization"},"potentialAction":[{"@type":"SearchAction","target":{"@type":"EntryPoint","urlTemplate":"https:\/\/chiarabevents.com\/?s={search_term_string}"},"query-input":{"@type":"PropertyValueSpecification","valueRequired":true,"valueName":"search_term_string"}}],"inLanguage":"sq"},{"@type":"Organization","@id":"https:\/\/chiarabevents.com\/#organization","name":"ChiaraB Events Organizatore Dasmash","url":"https:\/\/chiarabevents.com\/","logo":{"@type":"ImageObject","inLanguage":"sq","@id":"https:\/\/chiarabevents.com\/#\/schema\/logo\/image\/","url":"https:\/\/chiarabevents.com\/wp-content\/uploads\/2023\/12\/cropped-Monogramma_chiarab.png","contentUrl":"https:\/\/chiarabevents.com\/wp-content\/uploads\/2023\/12\/cropped-Monogramma_chiarab.png","width":512,"height":512,"caption":"ChiaraB Events Wedding Planner"},"image":{"@id":"https:\/\/chiarabevents.com\/#\/schema\/logo\/image\/"},"sameAs":["https:\/\/www.facebook.com\/chiarabevent","https:\/\/www.instagram.com\/chiarab_events\/"]},{"@type":"Person","@id":"https:\/\/chiarabevents.com\/#\/schema\/person\/bbb582cfce34a973ad4463736fd0b0f4","name":"ChiaraB Blog","image":{"@type":"ImageObject","inLanguage":"sq","@id":"https:\/\/chiarabevents.com\/wp-content\/litespeed\/avatar\/1646323b4cbc3492de1328080709cacc.jpg?ver=1777061573","url":"https:\/\/chiarabevents.com\/wp-content\/litespeed\/avatar\/1646323b4cbc3492de1328080709cacc.jpg?ver=1777061573","contentUrl":"https:\/\/chiarabevents.com\/wp-content\/litespeed\/avatar\/1646323b4cbc3492de1328080709cacc.jpg?ver=1777061573","caption":"ChiaraB Blog"},"url":"https:\/\/chiarabevents.com\/sq\/author\/chiarab-blog\/"}]}},"_links":{"self":[{"href":"https:\/\/chiarabevents.com\/sq\/wp-json\/wp\/v2\/posts\/34476","targetHints":{"allow":["GET"]}}],"collection":[{"href":"https:\/\/chiarabevents.com\/sq\/wp-json\/wp\/v2\/posts"}],"about":[{"href":"https:\/\/chiarabevents.com\/sq\/wp-json\/wp\/v2\/types\/post"}],"author":[{"embeddable":true,"href":"https:\/\/chiarabevents.com\/sq\/wp-json\/wp\/v2\/users\/4"}],"replies":[{"embeddable":true,"href":"https:\/\/chiarabevents.com\/sq\/wp-json\/wp\/v2\/comments?post=34476"}],"version-history":[{"count":3,"href":"https:\/\/chiarabevents.com\/sq\/wp-json\/wp\/v2\/posts\/34476\/revisions"}],"predecessor-version":[{"id":34480,"href":"https:\/\/chiarabevents.com\/sq\/wp-json\/wp\/v2\/posts\/34476\/revisions\/34480"}],"wp:featuredmedia":[{"embeddable":true,"href":"https:\/\/chiarabevents.com\/sq\/wp-json\/wp\/v2\/media\/34479"}],"wp:attachment":[{"href":"https:\/\/chiarabevents.com\/sq\/wp-json\/wp\/v2\/media?parent=34476"}],"wp:term":[{"taxonomy":"category","embeddable":true,"href":"https:\/\/chiarabevents.com\/sq\/wp-json\/wp\/v2\/categories?post=34476"},{"taxonomy":"post_tag","embeddable":true,"href":"https:\/\/chiarabevents.com\/sq\/wp-json\/wp\/v2\/tags?post=34476"}],"curies":[{"name":"wp","href":"https:\/\/api.w.org\/{rel}","templated":true}]}}